{"id":18847,"date":"2021-02-13T16:27:49","date_gmt":"2021-02-13T16:27:49","guid":{"rendered":"https:\/\/larevistadigital.com.ar\/blog\/?p=18847"},"modified":"2021-02-13T16:27:49","modified_gmt":"2021-02-13T16:27:49","slug":"brandsen-un-delibery-fue-embestido-por-una-moto-que-se-fugo-esta-en-grave-estado","status":"publish","type":"post","link":"https:\/\/larevistadigital.com.ar\/blog\/brandsen-un-delibery-fue-embestido-por-una-moto-que-se-fugo-esta-en-grave-estado\/","title":{"rendered":"BRANDSEN: UN DELIBERY FUE EMBESTIDO POR UNA MOTO QUE SE FUG\u00d3. EST\u00c1 EN GRAVE ESTADO"},"content":{"rendered":"<section class=\"social-sharing-top\">\n<h2 class=\"facebook-share\"><strong>Ocurri\u00f3 en pleno centro de la ciudad. El motociclista tras darse a la fuga, perdi\u00f3 el control de su moto y tuvo que ser atendido por el SAME.<\/strong><\/h2>\n<\/section>\n<p><strong>BRANDSEN &#8211;<\/strong> Un joven de 18 a\u00f1os, que presta servicio como delivery para \u00abQuick\u00bb, debi\u00f3 que ser traslado de urgencia al hospital local, luego de haber sido embestido por un motociclista que se dio a la fuga, en la esquina de Pueyrredon y Av. Las Heras.<\/p>\n<p>El impacto fue de tal magnitud,\u00a0<strong>que el chico fue arrastrado junto a su bicicleta unos 20 metros.<\/strong><\/p>\n<p>El conductor de la moto, un joven de 19 a\u00f1os, tras escapar del hecho,\u00a0<strong>se le rompi\u00f3 el veh\u00edculo en la esquina de Saenz Pe\u00f1a y Beruti, por lo que perdi\u00f3 el control, despist\u00f3 y tambi\u00e9n necesit\u00f3 asistencia del SAME.<\/strong><\/p>\n<p>En ambos lugares trabaj\u00f3 la polic\u00eda comunal y cient\u00edfica.<\/p>\n<p>fuente DLN<\/p>\n","protected":false},"excerpt":{"rendered":"<div class=\"mh-excerpt\"><p>Ocurri\u00f3 en pleno centro de la ciudad. El motociclista tras darse a la fuga, perdi\u00f3 el control de su moto y tuvo que ser atendido por el SAME. BRANDSEN &#8211; Un joven de 18 a\u00f1os, <a class=\"mh-excerpt-more\" href=\"https:\/\/larevistadigital.com.ar\/blog\/brandsen-un-delibery-fue-embestido-por-una-moto-que-se-fugo-esta-en-grave-estado\/\" title=\"BRANDSEN: UN DELIBERY FUE EMBESTIDO POR UNA MOTO QUE SE FUG\u00d3. EST\u00c1 EN GRAVE ESTADO\">[Leer M\u00e1s]<\/a><\/p>\n<\/div>","protected":false},"author":3,"featured_media":18848,"comment_status":"open","ping_status":"open","sticky":false,"template":"","format":"standard","meta":{"_jetpack_memberships_contains_paid_content":false,"footnotes":"","jetpack_publicize_message":"","jetpack_publicize_feature_enabled":true,"jetpack_social_post_already_shared":true,"jetpack_social_options":{"image_generator_settings":{"template":"highway","default_image_id":0,"font":"","enabled":false},"version":2}},"categories":[51],"tags":[],"class_list":{"0":"post-18847","1":"post","2":"type-post","3":"status-publish","4":"format-standard","5":"has-post-thumbnail","7":"category-regionales"},"jetpack_publicize_connections":[],"jetpack_featured_media_url":"https:\/\/i0.wp.com\/larevistadigital.com.ar\/blog\/wp-content\/uploads\/20210213_124423_wm-2048x1152-1.jpg?fit=2048%2C1152&ssl=1","jetpack_sharing_enabled":true,"jetpack_shortlink":"https:\/\/wp.me\/p8qtrQ-4TZ","jetpack-related-posts":[{"id":17209,"url":"https:\/\/larevistadigital.com.ar\/blog\/brandsen-menor-motociclista-escapo-de-la-policia-cayo-al-suelo-y-dejo-su-vehiculo-luego-fue-imputado-por-resistencia-a-la-autoridad\/","url_meta":{"origin":18847,"position":0},"title":"BRANDSEN: MENOR MOTOCICLISTA ESCAP\u00d3 DE LA POLIC\u00cdA, CAY\u00d3 AL SUELO Y DEJ\u00d3 SU VEH\u00cdCULO: LUEGO FUE IMPUTADO POR RESISTENCIA A LA AUTORIDAD","author":"Alejandro Sosa Ruda","date":"25 octubre, 2020","format":false,"excerpt":"Efectivos de la Estaci\u00f3n de Polic\u00eda Comunal Brandsen demoraron anoche a un motociclista de 16 a\u00f1os al que cuando se quiso identificar se dio a la fuga, cay\u00f3 al suelo y abandon\u00f3 su motoveh\u00edculo. Todo comenz\u00f3 cuando un numerario de esta dependencia, a bordo de una moto policial, intent\u00f3 detener\u2026","rel":"","context":"En \u00abPOLICIALES\u00bb","block_context":{"text":"POLICIALES","link":"https:\/\/larevistadigital.com.ar\/blog\/category\/policiales\/"},"img":{"alt_text":"","src":"https:\/\/i0.wp.com\/larevistadigital.com.ar\/blog\/wp-content\/uploads\/2017\/10\/movil-policial-camioneta_02-10-2015.jpg?fit=800%2C476&ssl=1&resize=350%2C200","width":350,"height":200,"srcset":"https:\/\/i0.wp.com\/larevistadigital.com.ar\/blog\/wp-content\/uploads\/2017\/10\/movil-policial-camioneta_02-10-2015.jpg?fit=800%2C476&ssl=1&resize=350%2C200 1x, https:\/\/i0.wp.com\/larevistadigital.com.ar\/blog\/wp-content\/uploads\/2017\/10\/movil-policial-camioneta_02-10-2015.jpg?fit=800%2C476&ssl=1&resize=525%2C300 1.5x, https:\/\/i0.wp.com\/larevistadigital.com.ar\/blog\/wp-content\/uploads\/2017\/10\/movil-policial-camioneta_02-10-2015.jpg?fit=800%2C476&ssl=1&resize=700%2C400 2x"},"classes":[]},{"id":24639,"url":"https:\/\/larevistadigital.com.ar\/blog\/brandsen-terrible-perdio-el-control-de-su-auto-y-se-incrusto-contra-un-supermercado\/","url_meta":{"origin":18847,"position":1},"title":"BRANDSEN: \u00a1TERRIBLE! PERDI\u00d3 EL CONTROL DE SU AUTO Y SE INCRUST\u00d3 CONTRA UN SUPERMERCADO","author":"Alejandro Sosa Ruda","date":"18 marzo, 2022","format":false,"excerpt":"Ocurri\u00f3 en pleno centro de la ciudad. La camioneta era conducida por una mujer mayor de edad. BRANDSEN -\u00a0 En la tarde de este martes 15 de marzo se produjo un impactante choque en la esquina de Av. Saenz Pe\u00f1a y Paso de la localidad bonaerense de Brandsen. Por causas\u2026","rel":"","context":"En \u00abREGIONALES\u00bb","block_context":{"text":"REGIONALES","link":"https:\/\/larevistadigital.com.ar\/blog\/category\/regionales\/"},"img":{"alt_text":"","src":"https:\/\/i0.wp.com\/larevistadigital.com.ar\/blog\/wp-content\/uploads\/20220315_183312-2048x1152-1.jpg?fit=1200%2C675&ssl=1&resize=350%2C200","width":350,"height":200,"srcset":"https:\/\/i0.wp.com\/larevistadigital.com.ar\/blog\/wp-content\/uploads\/20220315_183312-2048x1152-1.jpg?fit=1200%2C675&ssl=1&resize=350%2C200 1x, https:\/\/i0.wp.com\/larevistadigital.com.ar\/blog\/wp-content\/uploads\/20220315_183312-2048x1152-1.jpg?fit=1200%2C675&ssl=1&resize=525%2C300 1.5x, https:\/\/i0.wp.com\/larevistadigital.com.ar\/blog\/wp-content\/uploads\/20220315_183312-2048x1152-1.jpg?fit=1200%2C675&ssl=1&resize=700%2C400 2x, https:\/\/i0.wp.com\/larevistadigital.com.ar\/blog\/wp-content\/uploads\/20220315_183312-2048x1152-1.jpg?fit=1200%2C675&ssl=1&resize=1050%2C600 3x"},"classes":[]},{"id":40120,"url":"https:\/\/larevistadigital.com.ar\/blog\/san-clemente-joven-de-26-anos-murio-tras-caer-de-su-moto\/","url_meta":{"origin":18847,"position":2},"title":"San Clemente: joven de 26 a\u00f1os muri\u00f3 tras caer de su moto","author":"Alejandro Sosa Ruda","date":"23 junio, 2025","format":false,"excerpt":"El hecho ocurri\u00f3 en la madrugada del s\u00e1bado en Costanera y calle 4. Sal\u00eda de una cervecer\u00eda y perdi\u00f3 el control del rodado. 23 de Junio de 2025 SAN CLEMENTE -\u00a0 El s\u00e1bado por la madrugada, San Clemente del Tuy\u00fa fue escenario de una nueva tragedia vial. Un joven de\u2026","rel":"","context":"En \u00abPOLICIALES\u00bb","block_context":{"text":"POLICIALES","link":"https:\/\/larevistadigital.com.ar\/blog\/category\/policiales\/"},"img":{"alt_text":"","src":"https:\/\/i0.wp.com\/larevistadigital.com.ar\/blog\/wp-content\/uploads\/f9a5afe159fc11f4d072f6da7bc3ebcaa78c0cf2.jpg?fit=1140%2C760&ssl=1&resize=350%2C200","width":350,"height":200,"srcset":"https:\/\/i0.wp.com\/larevistadigital.com.ar\/blog\/wp-content\/uploads\/f9a5afe159fc11f4d072f6da7bc3ebcaa78c0cf2.jpg?fit=1140%2C760&ssl=1&resize=350%2C200 1x, https:\/\/i0.wp.com\/larevistadigital.com.ar\/blog\/wp-content\/uploads\/f9a5afe159fc11f4d072f6da7bc3ebcaa78c0cf2.jpg?fit=1140%2C760&ssl=1&resize=525%2C300 1.5x, https:\/\/i0.wp.com\/larevistadigital.com.ar\/blog\/wp-content\/uploads\/f9a5afe159fc11f4d072f6da7bc3ebcaa78c0cf2.jpg?fit=1140%2C760&ssl=1&resize=700%2C400 2x, https:\/\/i0.wp.com\/larevistadigital.com.ar\/blog\/wp-content\/uploads\/f9a5afe159fc11f4d072f6da7bc3ebcaa78c0cf2.jpg?fit=1140%2C760&ssl=1&resize=1050%2C600 3x"},"classes":[]},{"id":40036,"url":"https:\/\/larevistadigital.com.ar\/blog\/mar-del-plata-un-joven-motociclista-murio-tras-chocar-en-una-zona-en-reparacion-en-la-avenida-independencia\/","url_meta":{"origin":18847,"position":3},"title":"Mar del Plata: Un joven motociclista muri\u00f3 tras chocar en una zona en reparaci\u00f3n en la avenida Independencia","author":"Alejandro Sosa Ruda","date":"9 junio, 2025","format":false,"excerpt":"Ten\u00eda 21 a\u00f1os y viajaba con su pareja, que result\u00f3 gravemente herida. El accidente ocurri\u00f3 en un tramo con obras viales y desniveles. Investigan si eso provoc\u00f3 el siniestro. 09 de Junio de 2025 MAR DEL PLATA\u00a0 -\u00a0 \u00a0Una nueva tragedia vial sacudi\u00f3 a la ciudad este lunes por la\u2026","rel":"","context":"En \u00abPOLICIALES\u00bb","block_context":{"text":"POLICIALES","link":"https:\/\/larevistadigital.com.ar\/blog\/category\/policiales\/"},"img":{"alt_text":"","src":"https:\/\/i0.wp.com\/larevistadigital.com.ar\/blog\/wp-content\/uploads\/Captura-de-pantalla-2025-06-09-225730.jpg?fit=805%2C391&ssl=1&resize=350%2C200","width":350,"height":200,"srcset":"https:\/\/i0.wp.com\/larevistadigital.com.ar\/blog\/wp-content\/uploads\/Captura-de-pantalla-2025-06-09-225730.jpg?fit=805%2C391&ssl=1&resize=350%2C200 1x, https:\/\/i0.wp.com\/larevistadigital.com.ar\/blog\/wp-content\/uploads\/Captura-de-pantalla-2025-06-09-225730.jpg?fit=805%2C391&ssl=1&resize=525%2C300 1.5x, https:\/\/i0.wp.com\/larevistadigital.com.ar\/blog\/wp-content\/uploads\/Captura-de-pantalla-2025-06-09-225730.jpg?fit=805%2C391&ssl=1&resize=700%2C400 2x"},"classes":[]},{"id":24232,"url":"https:\/\/larevistadigital.com.ar\/blog\/mar-del-plata-un-motociclista-en-grave-estado-luego-de-chocar-contra-un-auto\/","url_meta":{"origin":18847,"position":4},"title":"MAR DEL PLATA: UN MOTOCICLISTA EN GRAVE ESTADO LUEGO DE CHOCAR CONTRA UN AUTO","author":"Alejandro Sosa Ruda","date":"27 febrero, 2022","format":false,"excerpt":"El joven, de 22 a\u00f1os se encuentra en terapia intensiva del Hospital Interzonal, mientras que su acompa\u00f1ante, una mujer de 24 a\u00f1os, tambi\u00e9n est\u00e1 internada, pero estable. El hecho ocurri\u00f3 esta madrugada en Independencia y Garay. MAR DEL PLATA -\u00a0 Un\u00a0motociclista de 22 a\u00f1os\u00a0se encuentra internado en grave estado en\u2026","rel":"","context":"En \u00abPOLICIALES\u00bb","block_context":{"text":"POLICIALES","link":"https:\/\/larevistadigital.com.ar\/blog\/category\/policiales\/"},"img":{"alt_text":"","src":"https:\/\/i0.wp.com\/larevistadigital.com.ar\/blog\/wp-content\/uploads\/Captura-de-pantalla-2022-02-27-122414.jpg?fit=1011%2C490&ssl=1&resize=350%2C200","width":350,"height":200,"srcset":"https:\/\/i0.wp.com\/larevistadigital.com.ar\/blog\/wp-content\/uploads\/Captura-de-pantalla-2022-02-27-122414.jpg?fit=1011%2C490&ssl=1&resize=350%2C200 1x, https:\/\/i0.wp.com\/larevistadigital.com.ar\/blog\/wp-content\/uploads\/Captura-de-pantalla-2022-02-27-122414.jpg?fit=1011%2C490&ssl=1&resize=525%2C300 1.5x, https:\/\/i0.wp.com\/larevistadigital.com.ar\/blog\/wp-content\/uploads\/Captura-de-pantalla-2022-02-27-122414.jpg?fit=1011%2C490&ssl=1&resize=700%2C400 2x"},"classes":[]},{"id":11444,"url":"https:\/\/larevistadigital.com.ar\/blog\/terrible-accidente-en-la-ruta-29\/","url_meta":{"origin":18847,"position":5},"title":"TERRIBLE ACCIDENTE EN LA RUTA 29","author":"Alejandro Sosa Ruda","date":"22 julio, 2019","format":false,"excerpt":"Ocurri\u00f3 a la altura del kil\u00f3metro 7. Ambos veh\u00edculos circulaban en direcci\u00f3n a Jeppener Pasadas las 5:30 horas de este domingo 21 Julio, se produjo un impactante choque en ruta 29 a la altura del kil\u00f3metro 7 de la ciudad de Brandsen. Seg\u00fan informaron fuentes extraoficiales, un auto modelo Renault\u2026","rel":"","context":"En \u00abDESTACADAS\u00bb","block_context":{"text":"DESTACADAS","link":"https:\/\/larevistadigital.com.ar\/blog\/category\/destacadas\/"},"img":{"alt_text":"","src":"https:\/\/i0.wp.com\/larevistadigital.com.ar\/blog\/wp-content\/uploads\/1563710013460_wm.jpg?fit=1024%2C575&ssl=1&resize=350%2C200","width":350,"height":200,"srcset":"https:\/\/i0.wp.com\/larevistadigital.com.ar\/blog\/wp-content\/uploads\/1563710013460_wm.jpg?fit=1024%2C575&ssl=1&resize=350%2C200 1x, https:\/\/i0.wp.com\/larevistadigital.com.ar\/blog\/wp-content\/uploads\/1563710013460_wm.jpg?fit=1024%2C575&ssl=1&resize=525%2C300 1.5x, https:\/\/i0.wp.com\/larevistadigital.com.ar\/blog\/wp-content\/uploads\/1563710013460_wm.jpg?fit=1024%2C575&ssl=1&resize=700%2C400 2x"},"classes":[]}],"_links":{"self":[{"href":"https:\/\/larevistadigital.com.ar\/blog\/wp-json\/wp\/v2\/posts\/18847","targetHints":{"allow":["GET"]}}],"collection":[{"href":"https:\/\/larevistadigital.com.ar\/blog\/wp-json\/wp\/v2\/posts"}],"about":[{"href":"https:\/\/larevistadigital.com.ar\/blog\/wp-json\/wp\/v2\/types\/post"}],"author":[{"embeddable":true,"href":"https:\/\/larevistadigital.com.ar\/blog\/wp-json\/wp\/v2\/users\/3"}],"replies":[{"embeddable":true,"href":"https:\/\/larevistadigital.com.ar\/blog\/wp-json\/wp\/v2\/comments?post=18847"}],"version-history":[{"count":1,"href":"https:\/\/larevistadigital.com.ar\/blog\/wp-json\/wp\/v2\/posts\/18847\/revisions"}],"predecessor-version":[{"id":18849,"href":"https:\/\/larevistadigital.com.ar\/blog\/wp-json\/wp\/v2\/posts\/18847\/revisions\/18849"}],"wp:featuredmedia":[{"embeddable":true,"href":"https:\/\/larevistadigital.com.ar\/blog\/wp-json\/wp\/v2\/media\/18848"}],"wp:attachment":[{"href":"https:\/\/larevistadigital.com.ar\/blog\/wp-json\/wp\/v2\/media?parent=18847"}],"wp:term":[{"taxonomy":"category","embeddable":true,"href":"https:\/\/larevistadigital.com.ar\/blog\/wp-json\/wp\/v2\/categories?post=18847"},{"taxonomy":"post_tag","embeddable":true,"href":"https:\/\/larevistadigital.com.ar\/blog\/wp-json\/wp\/v2\/tags?post=18847"}],"curies":[{"name":"wp","href":"https:\/\/api.w.org\/{rel}","templated":true}]}}