{"id":18850,"date":"2021-02-14T20:52:39","date_gmt":"2021-02-14T20:52:39","guid":{"rendered":"https:\/\/larevistadigital.com.ar\/blog\/?p=18850"},"modified":"2021-02-14T20:52:39","modified_gmt":"2021-02-14T20:52:39","slug":"primicia-absoluta-otro-pase-del-ano-santiago-muscarello-piensa-seriamente-en-pasar-a-la-campora","status":"publish","type":"post","link":"https:\/\/larevistadigital.com.ar\/blog\/primicia-absoluta-otro-pase-del-ano-santiago-muscarello-piensa-seriamente-en-pasar-a-la-campora\/","title":{"rendered":"PRIMICIA ABSOLUTA! \u00bfOTRO PASE DEL A\u00d1O? SANTIAGO MUSCARELLO PIENSA SERIAMENTE EN PASAR A LA C\u00c1MPORA"},"content":{"rendered":"<p>Hay cosas, que aunque parezcan imposibles, la pol\u00edtica nos ha demostrado que no es as\u00ed. Y las situaciones de ingratitud, o falta de valoraci\u00f3n lamentablemente en el \u00e1mbito pol\u00edtico son moneda corriente. Sobre todo en el gobierno local, donde m\u00e1s de una voz se ha alzado en varias oportunidades, quej\u00e1ndose de palabras incumplidas, promesas que quedan en la nada, acuerdos violados y m\u00e1s.<\/p>\n<blockquote>\n<h3>En tal sentido, es que <strong>Santiago Muscarello<\/strong>,\u00a0hoy a cargo del ANSES, y trabajando Ad Honorem en el Cementerio local, est\u00e1 no solo molesto, sino que adem\u00e1s eval\u00faa seriamente la posibilidad de abandonar el espacio que lidera <strong>Javier Gast\u00f3n<\/strong> y pasarse a las filas de la C\u00e1mpora.<\/h3>\n<\/blockquote>\n<p>As\u00ed, estar\u00edamos en presencia de una de las consecuencias directas del pase de<strong> Gabriel Macchi<\/strong> a un cargo nacional, y qui\u00e9n sabe que otras puedan ocurrir como \u00abefecto domin\u00f3\u00bb&#8230;<\/p>\n<h3><strong>De hecho, a esta noticia que confirmamos por tres fuentes cercanas a Muscarello, se suma una nota de su autor\u00eda en donde se refiera al asunto que a continuaci\u00f3n reproducimos:<\/strong><\/h3>\n<p><em><b>Compa\u00f1eros&#8230; estuve pensando&#8230; analizando&#8230;y escuchando algunas propuestas&#8230;mi conclusi\u00f3n es que para algunos del ejecutivo&#8230;.es m\u00e1s importante los votos de Machi, y su situaci\u00f3n econ\u00f3mica que m\u00ed lealtad y compromiso hasta la fecha&#8230;.puse en la balanza que no solo me he bancado muchas cosas, sino que hasta les trabajo gratis&#8230; indudablemente solo yo deber\u00e9 de pensar y hacer algo por el bienestar de m\u00ed familia&#8230;as\u00ed que dejare de pertenecer al espacio&#8230;.seguir\u00e9 el frente de \u2026y en un tiempo que veremos cu\u00e1l es&#8230;me incorporar\u00e9 en otro espacio&#8230; acompa\u00f1ando al gobierno nacional y provincial&#8230;y en el orden local estaremos supeditados a ciertos acuerdos&#8230; seguramente en alg\u00fan otro momento nos cruzaremos en un mismo espacio&#8230;donde seamos todos reconocidos y respetados&#8230;de la misma manera&#8230;ya dije todo lo que tenia que decir por las redes sociales para que les llegue el msj de m\u00ed descontento. Por lo tanto me retirare de las chicanas y dem\u00e1s yerbas.. abrazoo grande.<\/b><\/em><\/p>\n<h3>Tambi\u00e9n lo anticip\u00f3 en su perfil de Facebook&#8230;<\/h3>\n<p><img data-recalc-dims=\"1\" loading=\"lazy\" decoding=\"async\" class=\"size-full wp-image-18851 aligncenter\" src=\"https:\/\/i0.wp.com\/larevistadigital.com.ar\/blog\/wp-content\/uploads\/Captura-8.png?resize=777%2C722&#038;ssl=1\" alt=\"\" width=\"777\" height=\"722\" srcset=\"https:\/\/i0.wp.com\/larevistadigital.com.ar\/blog\/wp-content\/uploads\/Captura-8.png?w=777&amp;ssl=1 777w, https:\/\/i0.wp.com\/larevistadigital.com.ar\/blog\/wp-content\/uploads\/Captura-8.png?resize=300%2C279&amp;ssl=1 300w, https:\/\/i0.wp.com\/larevistadigital.com.ar\/blog\/wp-content\/uploads\/Captura-8.png?resize=768%2C714&amp;ssl=1 768w\" sizes=\"auto, (max-width: 777px) 100vw, 777px\" \/><\/p>\n<h3><strong>LOS MOTIVOS:<\/strong><\/h3>\n<p>Desde su asunci\u00f3n con Secretario de Seguridad, <strong>Muscarello<\/strong> tuvo problemas \u00abinternos\u00bb dentro del mismo gabinete. Siempre fue leal y defensor de <strong>Gast\u00f3n<\/strong>, pero muchos no lo quer\u00edan, entre otras cosas porque nunca se lo consider\u00f3 como \u00abverde puro\u00bb ya que no pertenec\u00eda al partido de Unidad por Chascom\u00fas. Tuvo roces, discusiones y sobre todo una mala relaci\u00f3n con el Secretario de Prensa, y turismo <strong>Leandro Otondo<\/strong>.<\/p>\n<p>Entre esas cosas que con el tiempo han ido ocurriendo, <strong>Muscarello<\/strong> tom\u00f3 el nombramiento de <strong>Macchi<\/strong> en Ferocarriles como otra cachetada del gobierno de <strong>Gast\u00f3n<\/strong>, y al parecer, fue la definitiva.<\/p>\n<p>Se sinti\u00f3 traicionado ya que \u00e9l mismo hab\u00eda pedido ese lugar en ferrrocarriles, y consideraba que luego de una gesti\u00f3n muy buena en Seguridad (nunca se supo a ciencia cierta el motivo por el cual no continu\u00f3) y su lealtad a la causa, se hab\u00eda ganado el derecho. Pero siempre fue ignorado al respecto.\u00a0 Por eso al enterarse del acuerdo y nombramiento de <strong>Macchi<\/strong>, estall\u00f3 de furia. Incluso, hay quienes comentan una discusi\u00f3n muy fuerte con el secretario de gobierno, <strong>Cipriano P\u00e9rez del Cerro<\/strong> en la que poco habr\u00eda faltado para irse a las manos.<\/p>\n<p>El lugar elegido ser\u00eda La C\u00e1mpora, lo que ser\u00eda tambi\u00e9n una \u00abdevoluci\u00f3n de gentilezas\u00bb por parte del diputado Cote Rossi al intendente Gast\u00f3n, luego de la \u00abtraici\u00f3n\u00bb del Gabriel Macchi.<\/p>\n<p>Esto seguramente no quedar\u00e1 as\u00ed. Y mucho menos en un a\u00f1o electoral. Estaremos atentos&#8230;<\/p>\n<p>&nbsp;<\/p>\n<p>&nbsp;<\/p>\n","protected":false},"excerpt":{"rendered":"<div class=\"mh-excerpt\"><p>Hay cosas, que aunque parezcan imposibles, la pol\u00edtica nos ha demostrado que no es as\u00ed. Y las situaciones de ingratitud, o falta de valoraci\u00f3n lamentablemente en el \u00e1mbito pol\u00edtico son moneda corriente. Sobre todo en <a class=\"mh-excerpt-more\" href=\"https:\/\/larevistadigital.com.ar\/blog\/primicia-absoluta-otro-pase-del-ano-santiago-muscarello-piensa-seriamente-en-pasar-a-la-campora\/\" title=\"PRIMICIA ABSOLUTA! \u00bfOTRO PASE DEL A\u00d1O? SANTIAGO MUSCARELLO PIENSA SERIAMENTE EN PASAR A LA C\u00c1MPORA\">[Leer M\u00e1s]<\/a><\/p>\n<\/div>","protected":false},"author":3,"featured_media":18852,"comment_status":"open","ping_status":"open","sticky":false,"template":"","format":"standard","meta":{"_jetpack_memberships_contains_paid_content":false,"footnotes":"","jetpack_publicize_message":"","jetpack_publicize_feature_enabled":true,"jetpack_social_post_already_shared":true,"jetpack_social_options":{"image_generator_settings":{"template":"highway","default_image_id":0,"font":"","enabled":false},"version":2}},"categories":[41],"tags":[],"class_list":{"0":"post-18850","1":"post","2":"type-post","3":"status-publish","4":"format-standard","5":"has-post-thumbnail","7":"category-destacadas"},"jetpack_publicize_connections":[],"jetpack_featured_media_url":"https:\/\/i0.wp.com\/larevistadigital.com.ar\/blog\/wp-content\/uploads\/PASE-MUSCARELLO.jpg?fit=800%2C460&ssl=1","jetpack_sharing_enabled":true,"jetpack_shortlink":"https:\/\/wp.me\/p8qtrQ-4U2","jetpack-related-posts":[{"id":21214,"url":"https:\/\/larevistadigital.com.ar\/blog\/cambios-en-el-gabinete-de-gaston-volveria-santiago-muscarello-como-secretario-de-seguridad-a-donde-iria-lucas-funes\/","url_meta":{"origin":18850,"position":0},"title":"\u00bfCAMBIOS EN EL GABINETE DE GAST\u00d3N? \u00bfVOLVER\u00cdA SANTIAGO MUSCARELLO COMO SECRETARIO DE SEGURIDAD? \u00bfA D\u00d3NDE IR\u00cdA LUCAS FUNES?","author":"Alejandro Sosa Ruda","date":"21 julio, 2021","format":false,"excerpt":"CHASCOM\u00daS - En el fragor de las compulsas, roscas e idas y vueltas de la pol\u00edtica a una semana del cierre de listas, son muchos los rumores, y trascendidos que se pueden escuchar en todas las ciudades, y Chascom\u00fas no es la excepci\u00f3n. En ese sentido, hay nombres que se\u2026","rel":"","context":"En \u00abDESTACADAS\u00bb","block_context":{"text":"DESTACADAS","link":"https:\/\/larevistadigital.com.ar\/blog\/category\/destacadas\/"},"img":{"alt_text":"","src":"https:\/\/i0.wp.com\/larevistadigital.com.ar\/blog\/wp-content\/uploads\/SANTIAGO-SEC-SEGURIDAD.jpg?fit=900%2C1093&ssl=1&resize=350%2C200","width":350,"height":200,"srcset":"https:\/\/i0.wp.com\/larevistadigital.com.ar\/blog\/wp-content\/uploads\/SANTIAGO-SEC-SEGURIDAD.jpg?fit=900%2C1093&ssl=1&resize=350%2C200 1x, https:\/\/i0.wp.com\/larevistadigital.com.ar\/blog\/wp-content\/uploads\/SANTIAGO-SEC-SEGURIDAD.jpg?fit=900%2C1093&ssl=1&resize=525%2C300 1.5x, https:\/\/i0.wp.com\/larevistadigital.com.ar\/blog\/wp-content\/uploads\/SANTIAGO-SEC-SEGURIDAD.jpg?fit=900%2C1093&ssl=1&resize=700%2C400 2x"},"classes":[]},{"id":13289,"url":"https:\/\/larevistadigital.com.ar\/blog\/santiago-muscarello-deja-la-secretaria-de-seguridad\/","url_meta":{"origin":18850,"position":1},"title":"SANTIAGO MUSCARELLO DEJA LA SECRETAR\u00cdA DE SEGURIDAD","author":"Alejandro Sosa Ruda","date":"20 noviembre, 2019","format":false,"excerpt":"Luego de que se comentara en los corrillos del municipio, tuvimos la posibilidad de confirmar que el Secretario de Seguridad de Chascom\u00fas, Santiago Muscarello, dejar\u00e1 su cargo en el gobierno de Javier Gast\u00f3n. Muscarello, ha sido probablemente el que tom\u00f3 el lugar m\u00e1s complicado y pol\u00e9mico del gabinete de Gast\u00f3n,\u2026","rel":"","context":"En \u00abCHASCOM\u00daS\u00bb","block_context":{"text":"CHASCOM\u00daS","link":"https:\/\/larevistadigital.com.ar\/blog\/category\/chascomus\/"},"img":{"alt_text":"","src":"https:\/\/i0.wp.com\/larevistadigital.com.ar\/blog\/wp-content\/uploads\/13048224_112024182536057_8330470218689631906_o-1.jpg?fit=960%2C575&ssl=1&resize=350%2C200","width":350,"height":200,"srcset":"https:\/\/i0.wp.com\/larevistadigital.com.ar\/blog\/wp-content\/uploads\/13048224_112024182536057_8330470218689631906_o-1.jpg?fit=960%2C575&ssl=1&resize=350%2C200 1x, https:\/\/i0.wp.com\/larevistadigital.com.ar\/blog\/wp-content\/uploads\/13048224_112024182536057_8330470218689631906_o-1.jpg?fit=960%2C575&ssl=1&resize=525%2C300 1.5x, https:\/\/i0.wp.com\/larevistadigital.com.ar\/blog\/wp-content\/uploads\/13048224_112024182536057_8330470218689631906_o-1.jpg?fit=960%2C575&ssl=1&resize=700%2C400 2x"},"classes":[]},{"id":24863,"url":"https:\/\/larevistadigital.com.ar\/blog\/ranchos-santiago-muscarello-es-el-nuevo-secretario-de-seguridad\/","url_meta":{"origin":18850,"position":2},"title":"RANCHOS: SANTIAGO MUSCARELLO ES EL NUEVO SECRETARIO DE SEGURIDAD","author":"Alejandro Sosa Ruda","date":"28 marzo, 2022","format":false,"excerpt":"RANCHOS -\u00a0 El dirigente peronista y jefe de Anses de Chascom\u00fas Santiago Muscarello es el nuevo secretario de seguridad del municipio de General Paz,\u00a0luego de haberlo sido en Chascom\u00fas durante la primera gesti\u00f3n del intendente Javier Gast\u00f3n. Al parecer entre otras cosas los\u00a0 \u00faltimos hechos de inseguridad en Ranchos, han\u2026","rel":"","context":"En \u00abRANCHOS\u00bb","block_context":{"text":"RANCHOS","link":"https:\/\/larevistadigital.com.ar\/blog\/category\/ranchos\/"},"img":{"alt_text":"","src":"https:\/\/i0.wp.com\/larevistadigital.com.ar\/blog\/wp-content\/uploads\/Captura-de-pantalla-2022-03-28-130145.jpg?fit=742%2C586&ssl=1&resize=350%2C200","width":350,"height":200,"srcset":"https:\/\/i0.wp.com\/larevistadigital.com.ar\/blog\/wp-content\/uploads\/Captura-de-pantalla-2022-03-28-130145.jpg?fit=742%2C586&ssl=1&resize=350%2C200 1x, https:\/\/i0.wp.com\/larevistadigital.com.ar\/blog\/wp-content\/uploads\/Captura-de-pantalla-2022-03-28-130145.jpg?fit=742%2C586&ssl=1&resize=525%2C300 1.5x, https:\/\/i0.wp.com\/larevistadigital.com.ar\/blog\/wp-content\/uploads\/Captura-de-pantalla-2022-03-28-130145.jpg?fit=742%2C586&ssl=1&resize=700%2C400 2x"},"classes":[]},{"id":6076,"url":"https:\/\/larevistadigital.com.ar\/blog\/chascomus-santiago-muscarello-se-reunio-con-el-fiscal-robert\/","url_meta":{"origin":18850,"position":3},"title":"CHASCOM\u00daS: SANTIAGO MUSCARELLO SE REUNI\u00d3 CON EL FISCAL ROBERT","author":"Alejandro Sosa Ruda","date":"27 julio, 2018","format":false,"excerpt":"El Fiscal Jonathan Robert, titular de la Unidad Funcional de Instrucci\u00f3n Descentralizada N\u00ba 10, visit\u00f3 el Centro de Monitoreo local y se reuni\u00f3 con el Secretario Municipal de Seguridad Ciudadana, Santiago Muscarello, tratando el aporte que el Municipio realiza para esclarecer delitos. Robert se\u00f1al\u00f3 que la labor diaria de observaci\u00f3n\u2026","rel":"","context":"En \u00abCHASCOM\u00daS\u00bb","block_context":{"text":"CHASCOM\u00daS","link":"https:\/\/larevistadigital.com.ar\/blog\/category\/chascomus\/"},"img":{"alt_text":"","src":"https:\/\/i0.wp.com\/larevistadigital.com.ar\/blog\/wp-content\/uploads\/2018\/07\/muscarello_27dejuliode2108_elfuerte.jpg?fit=737%2C415&ssl=1&resize=350%2C200","width":350,"height":200,"srcset":"https:\/\/i0.wp.com\/larevistadigital.com.ar\/blog\/wp-content\/uploads\/2018\/07\/muscarello_27dejuliode2108_elfuerte.jpg?fit=737%2C415&ssl=1&resize=350%2C200 1x, https:\/\/i0.wp.com\/larevistadigital.com.ar\/blog\/wp-content\/uploads\/2018\/07\/muscarello_27dejuliode2108_elfuerte.jpg?fit=737%2C415&ssl=1&resize=525%2C300 1.5x, https:\/\/i0.wp.com\/larevistadigital.com.ar\/blog\/wp-content\/uploads\/2018\/07\/muscarello_27dejuliode2108_elfuerte.jpg?fit=737%2C415&ssl=1&resize=700%2C400 2x"},"classes":[]},{"id":2390,"url":"https:\/\/larevistadigital.com.ar\/blog\/marcelo-muscarello-nadie-resiste-un-archivo-y-yo-tampoco-pero-al-menos-no-soy-hipocrita\/","url_meta":{"origin":18850,"position":4},"title":"MARCELO MUSCARELLO:\u201d NADIE RESISTE UN ARCHIVO, Y YO TAMPOCO, PERO AL MENOS NO SOY HIP\u00d3CRITA\u201d","author":"Alejandro Sosa Ruda","date":"12 junio, 2017","format":false,"excerpt":"En un muy completo y jugoso reportaje con los periodistas Alberto Morel y Mart\u00edn Palmero, el presidente del PJ y hoy referente del randazzismo, Marcelo Muscarello se refiri\u00f3 al proceder de La C\u00e1mpora, a su visi\u00f3n del futuro del partido, su relaci\u00f3n con Randazzo y lo que se viene, hablando\u2026","rel":"","context":"En \u00abCHASCOM\u00daS\u00bb","block_context":{"text":"CHASCOM\u00daS","link":"https:\/\/larevistadigital.com.ar\/blog\/category\/chascomus\/"},"img":{"alt_text":"","src":"https:\/\/i0.wp.com\/larevistadigital.com.ar\/blog\/wp-content\/uploads\/2017\/06\/WhatsApp-Image-2017-06-08-at-17.13.59-1-1.jpeg?fit=1200%2C675&ssl=1&resize=350%2C200","width":350,"height":200,"srcset":"https:\/\/i0.wp.com\/larevistadigital.com.ar\/blog\/wp-content\/uploads\/2017\/06\/WhatsApp-Image-2017-06-08-at-17.13.59-1-1.jpeg?fit=1200%2C675&ssl=1&resize=350%2C200 1x, https:\/\/i0.wp.com\/larevistadigital.com.ar\/blog\/wp-content\/uploads\/2017\/06\/WhatsApp-Image-2017-06-08-at-17.13.59-1-1.jpeg?fit=1200%2C675&ssl=1&resize=525%2C300 1.5x, https:\/\/i0.wp.com\/larevistadigital.com.ar\/blog\/wp-content\/uploads\/2017\/06\/WhatsApp-Image-2017-06-08-at-17.13.59-1-1.jpeg?fit=1200%2C675&ssl=1&resize=700%2C400 2x, https:\/\/i0.wp.com\/larevistadigital.com.ar\/blog\/wp-content\/uploads\/2017\/06\/WhatsApp-Image-2017-06-08-at-17.13.59-1-1.jpeg?fit=1200%2C675&ssl=1&resize=1050%2C600 3x"},"classes":[]},{"id":15136,"url":"https:\/\/larevistadigital.com.ar\/blog\/santiago-muscarello-seria-el-proximo-jefe-designado-de-anses-chascomus\/","url_meta":{"origin":18850,"position":5},"title":"SANTIAGO MUSCARELLO SER\u00cdA EL PR\u00d3XIMO JEFE DESIGNADO DE ANSES CHASCOM\u00daS","author":"Alejandro Sosa Ruda","date":"8 mayo, 2020","format":false,"excerpt":"Luego de las escaramuzas protagonizadas por distintos actores del peronismo, agrupados en el \"Frente de Todos\", y en los distintos distritos a la hora de repartir los cargos en las distintas oficinas p\u00fablicas como PAMI, ANS\u00c9S, DESARROLLO SOCIAL, TRABAJO, etc. parece que las cosas se van definiendo, no sin dejar\u2026","rel":"","context":"En \u00abDESTACADAS\u00bb","block_context":{"text":"DESTACADAS","link":"https:\/\/larevistadigital.com.ar\/blog\/category\/destacadas\/"},"img":{"alt_text":"","src":"https:\/\/i0.wp.com\/larevistadigital.com.ar\/blog\/wp-content\/uploads\/13048224_112024182536057_8330470218689631906_o-2.jpg?fit=1200%2C720&ssl=1&resize=350%2C200","width":350,"height":200,"srcset":"https:\/\/i0.wp.com\/larevistadigital.com.ar\/blog\/wp-content\/uploads\/13048224_112024182536057_8330470218689631906_o-2.jpg?fit=1200%2C720&ssl=1&resize=350%2C200 1x, https:\/\/i0.wp.com\/larevistadigital.com.ar\/blog\/wp-content\/uploads\/13048224_112024182536057_8330470218689631906_o-2.jpg?fit=1200%2C720&ssl=1&resize=525%2C300 1.5x, https:\/\/i0.wp.com\/larevistadigital.com.ar\/blog\/wp-content\/uploads\/13048224_112024182536057_8330470218689631906_o-2.jpg?fit=1200%2C720&ssl=1&resize=700%2C400 2x, https:\/\/i0.wp.com\/larevistadigital.com.ar\/blog\/wp-content\/uploads\/13048224_112024182536057_8330470218689631906_o-2.jpg?fit=1200%2C720&ssl=1&resize=1050%2C600 3x"},"classes":[]}],"_links":{"self":[{"href":"https:\/\/larevistadigital.com.ar\/blog\/wp-json\/wp\/v2\/posts\/18850","targetHints":{"allow":["GET"]}}],"collection":[{"href":"https:\/\/larevistadigital.com.ar\/blog\/wp-json\/wp\/v2\/posts"}],"about":[{"href":"https:\/\/larevistadigital.com.ar\/blog\/wp-json\/wp\/v2\/types\/post"}],"author":[{"embeddable":true,"href":"https:\/\/larevistadigital.com.ar\/blog\/wp-json\/wp\/v2\/users\/3"}],"replies":[{"embeddable":true,"href":"https:\/\/larevistadigital.com.ar\/blog\/wp-json\/wp\/v2\/comments?post=18850"}],"version-history":[{"count":1,"href":"https:\/\/larevistadigital.com.ar\/blog\/wp-json\/wp\/v2\/posts\/18850\/revisions"}],"predecessor-version":[{"id":18853,"href":"https:\/\/larevistadigital.com.ar\/blog\/wp-json\/wp\/v2\/posts\/18850\/revisions\/18853"}],"wp:featuredmedia":[{"embeddable":true,"href":"https:\/\/larevistadigital.com.ar\/blog\/wp-json\/wp\/v2\/media\/18852"}],"wp:attachment":[{"href":"https:\/\/larevistadigital.com.ar\/blog\/wp-json\/wp\/v2\/media?parent=18850"}],"wp:term":[{"taxonomy":"category","embeddable":true,"href":"https:\/\/larevistadigital.com.ar\/blog\/wp-json\/wp\/v2\/categories?post=18850"},{"taxonomy":"post_tag","embeddable":true,"href":"https:\/\/larevistadigital.com.ar\/blog\/wp-json\/wp\/v2\/tags?post=18850"}],"curies":[{"name":"wp","href":"https:\/\/api.w.org\/{rel}","templated":true}]}}