{"id":18854,"date":"2021-02-15T15:51:24","date_gmt":"2021-02-15T15:51:24","guid":{"rendered":"https:\/\/larevistadigital.com.ar\/blog\/?p=18854"},"modified":"2021-02-15T15:51:24","modified_gmt":"2021-02-15T15:51:24","slug":"lezama-acuerdos-entre-la-campora-y-cambiemos","status":"publish","type":"post","link":"https:\/\/larevistadigital.com.ar\/blog\/lezama-acuerdos-entre-la-campora-y-cambiemos\/","title":{"rendered":"LEZAMA: \u00bfACUERDOS ENTRE LA C\u00c1MPORA Y CAMBIEMOS?"},"content":{"rendered":"<p><strong>LEZAMA &#8211;<\/strong> Vecinos lezamenses se comunicaron con nuestra redacci\u00f3n, manifestando que en la tarde de este viernes llamo poderosamente la atenci\u00f3n de quienes circulaban por el lugar, ver un cami\u00f3n de la municipalidad de Lezama y varios trabajadores municipales de la mencionada localidad realizar horas extras en un local partidario llamado \u00abEl Galp\u00f3n\u00bb, ubicado en el barrio el tero.<\/p>\n<blockquote>\n<h3>All\u00ed se pudo ver y verificar por posteos en redes sociales, como los recursos econ\u00f3micos y humanos del municipio a cargo del Intendente <strong>Arnaldo Harispe<\/strong>, estuvieron destinados en la tarde de hoy a descargar chapas, tirantes y diversos materiales en la organizaci\u00f3n de Lezama a cargo de <strong>Mariela Breard<\/strong>.<\/h3>\n<\/blockquote>\n<p><img data-recalc-dims=\"1\" loading=\"lazy\" decoding=\"async\" class=\"size-full wp-image-18856 aligncenter\" src=\"https:\/\/i0.wp.com\/larevistadigital.com.ar\/blog\/wp-content\/uploads\/WhatsApp-Image-2021-02-13-at-12.49.33-1.jpeg?resize=720%2C927&#038;ssl=1\" alt=\"\" width=\"720\" height=\"927\" srcset=\"https:\/\/i0.wp.com\/larevistadigital.com.ar\/blog\/wp-content\/uploads\/WhatsApp-Image-2021-02-13-at-12.49.33-1.jpeg?w=720&amp;ssl=1 720w, https:\/\/i0.wp.com\/larevistadigital.com.ar\/blog\/wp-content\/uploads\/WhatsApp-Image-2021-02-13-at-12.49.33-1.jpeg?resize=233%2C300&amp;ssl=1 233w\" sizes=\"auto, (max-width: 720px) 100vw, 720px\" \/><\/p>\n<p>Parecieran haber quedado atr\u00e1s los cruces entre el diputado Jos\u00e9 Ignacio Cote Rossi, referente camporista de la secci\u00f3n y el intendente por atropellos con los trabajadores de inspector\u00eda del distrito al querer ingresar al mismo en plena pandemia.<\/p>\n<blockquote>\n<h3>Al parecer las relaciones y\/o pactos han cambiado bastante, ya que seg\u00fan dichos han sido varias las puertas que el intendente y su gabinete ha podido abrir por diversos contactos con la organizaci\u00f3n.<\/h3>\n<\/blockquote>\n","protected":false},"excerpt":{"rendered":"<div class=\"mh-excerpt\"><p>LEZAMA &#8211; Vecinos lezamenses se comunicaron con nuestra redacci\u00f3n, manifestando que en la tarde de este viernes llamo poderosamente la atenci\u00f3n de quienes circulaban por el lugar, ver un cami\u00f3n de la municipalidad de Lezama <a class=\"mh-excerpt-more\" href=\"https:\/\/larevistadigital.com.ar\/blog\/lezama-acuerdos-entre-la-campora-y-cambiemos\/\" title=\"LEZAMA: \u00bfACUERDOS ENTRE LA C\u00c1MPORA Y CAMBIEMOS?\">[Leer M\u00e1s]<\/a><\/p>\n<\/div>","protected":false},"author":3,"featured_media":18855,"comment_status":"open","ping_status":"open","sticky":false,"template":"","format":"standard","meta":{"_jetpack_memberships_contains_paid_content":false,"footnotes":"","jetpack_publicize_message":"","jetpack_publicize_feature_enabled":true,"jetpack_social_post_already_shared":true,"jetpack_social_options":{"image_generator_settings":{"template":"highway","default_image_id":0,"font":"","enabled":false},"version":2}},"categories":[7,12,51],"tags":[],"class_list":{"0":"post-18854","1":"post","2":"type-post","3":"status-publish","4":"format-standard","5":"has-post-thumbnail","7":"category-lezama","8":"category-politica","9":"category-regionales"},"jetpack_publicize_connections":[],"jetpack_featured_media_url":"https:\/\/i0.wp.com\/larevistadigital.com.ar\/blog\/wp-content\/uploads\/WhatsApp-Image-2021-02-13-at-12.49.32.jpeg?fit=720%2C960&ssl=1","jetpack_sharing_enabled":true,"jetpack_shortlink":"https:\/\/wp.me\/p8qtrQ-4U6","jetpack-related-posts":[{"id":10018,"url":"https:\/\/larevistadigital.com.ar\/blog\/lezama-por-concurso-se-cubrira-el-cargo-de-secretario-tecnico-del-consejo-escolar-de-lezama\/","url_meta":{"origin":18854,"position":0},"title":"LEZAMA: POR CONCURSO SE CUBRIR\u00c1 EL CARGO DE SECRETARIO T\u00c9CNICO DEL CONSEJO ESCOLAR DE LEZAMA","author":"Alejandro Sosa Ruda","date":"6 mayo, 2019","format":false,"excerpt":"La inscripci\u00f3n comienza este Lunes 6 y finalizar\u00e1 el viernes 10 de mayo. Es la primera vez en 12 a\u00f1os que se acceder\u00e1 a estos espacios por concurso en la provincia. Consejo Escolar de Lezama informa que por Resoluci\u00f3n RESFC-2019-1052-GDEBA-DGCYE se llama a Concurso P\u00fablico y Abierto de Oposici\u00f3n y\u2026","rel":"","context":"En \u00abLEZAMA\u00bb","block_context":{"text":"LEZAMA","link":"https:\/\/larevistadigital.com.ar\/blog\/category\/lezama\/"},"img":{"alt_text":"","src":"https:\/\/i0.wp.com\/larevistadigital.com.ar\/blog\/wp-content\/uploads\/2019\/05\/59894475_1453156631543700_7741494335597707264_o.jpg?fit=1200%2C674&ssl=1&resize=350%2C200","width":350,"height":200,"srcset":"https:\/\/i0.wp.com\/larevistadigital.com.ar\/blog\/wp-content\/uploads\/2019\/05\/59894475_1453156631543700_7741494335597707264_o.jpg?fit=1200%2C674&ssl=1&resize=350%2C200 1x, https:\/\/i0.wp.com\/larevistadigital.com.ar\/blog\/wp-content\/uploads\/2019\/05\/59894475_1453156631543700_7741494335597707264_o.jpg?fit=1200%2C674&ssl=1&resize=525%2C300 1.5x, https:\/\/i0.wp.com\/larevistadigital.com.ar\/blog\/wp-content\/uploads\/2019\/05\/59894475_1453156631543700_7741494335597707264_o.jpg?fit=1200%2C674&ssl=1&resize=700%2C400 2x, https:\/\/i0.wp.com\/larevistadigital.com.ar\/blog\/wp-content\/uploads\/2019\/05\/59894475_1453156631543700_7741494335597707264_o.jpg?fit=1200%2C674&ssl=1&resize=1050%2C600 3x"},"classes":[]},{"id":19495,"url":"https:\/\/larevistadigital.com.ar\/blog\/el-temporal-en-lezama\/","url_meta":{"origin":18854,"position":1},"title":"EL TEMPORAL EN LEZAMA","author":"Alejandro Sosa Ruda","date":"28 marzo, 2021","format":false,"excerpt":"LEZAMA - Seg\u00fan informaron los Bomberos Voluntarios de Lezama, esta tarde cayeron 68 mm que, sumados a los 40 que que llovi\u00f3 durante la ma\u00f1ana, generaron el anegamieto de calles y muchas viviendas fueron afectadas por el ingreso de agua. Hay que agregar que, Lezama es una de las localidades\u2026","rel":"","context":"En \u00abLEZAMA\u00bb","block_context":{"text":"LEZAMA","link":"https:\/\/larevistadigital.com.ar\/blog\/category\/lezama\/"},"img":{"alt_text":"","src":"https:\/\/i0.wp.com\/larevistadigital.com.ar\/blog\/wp-content\/uploads\/164865677_1445289399151911_7404351214508165210_n.jpg?fit=720%2C614&ssl=1&resize=350%2C200","width":350,"height":200,"srcset":"https:\/\/i0.wp.com\/larevistadigital.com.ar\/blog\/wp-content\/uploads\/164865677_1445289399151911_7404351214508165210_n.jpg?fit=720%2C614&ssl=1&resize=350%2C200 1x, https:\/\/i0.wp.com\/larevistadigital.com.ar\/blog\/wp-content\/uploads\/164865677_1445289399151911_7404351214508165210_n.jpg?fit=720%2C614&ssl=1&resize=525%2C300 1.5x, https:\/\/i0.wp.com\/larevistadigital.com.ar\/blog\/wp-content\/uploads\/164865677_1445289399151911_7404351214508165210_n.jpg?fit=720%2C614&ssl=1&resize=700%2C400 2x"},"classes":[]},{"id":8737,"url":"https:\/\/larevistadigital.com.ar\/blog\/lezama-se-cubrira-en-marzo-el-cargo-de-cocinero-para-el-nuevo-servicio-de-comedor-escolar-de-el-destino\/","url_meta":{"origin":18854,"position":2},"title":"LEZAMA: SE CUBRIR\u00c1 EN MARZO EL CARGO DE COCINERO PARA EL NUEVO SERVICIO DE COMEDOR ESCOLAR DE \u201cEL DESTINO\u201d","author":"Alejandro Sosa Ruda","date":"26 febrero, 2019","format":false,"excerpt":"El Consejo Escolar de Lezama comunica que el d\u00eda 19 de marzo, a las 14 horas, se realizar\u00e1 en el edificio (Blandengues 271) Ronda de Titulares de auxiliares para cubrir el cargo creado de cocinero para la EP N\u00b0 7 del paraje \"El Destino\". Los interesados deber\u00e1n concurrir con fotocopia\u2026","rel":"","context":"En \u00abLEZAMA\u00bb","block_context":{"text":"LEZAMA","link":"https:\/\/larevistadigital.com.ar\/blog\/category\/lezama\/"},"img":{"alt_text":"","src":"https:\/\/i0.wp.com\/larevistadigital.com.ar\/blog\/wp-content\/uploads\/2019\/02\/Screenshot_4.jpg?fit=728%2C478&ssl=1&resize=350%2C200","width":350,"height":200,"srcset":"https:\/\/i0.wp.com\/larevistadigital.com.ar\/blog\/wp-content\/uploads\/2019\/02\/Screenshot_4.jpg?fit=728%2C478&ssl=1&resize=350%2C200 1x, https:\/\/i0.wp.com\/larevistadigital.com.ar\/blog\/wp-content\/uploads\/2019\/02\/Screenshot_4.jpg?fit=728%2C478&ssl=1&resize=525%2C300 1.5x, https:\/\/i0.wp.com\/larevistadigital.com.ar\/blog\/wp-content\/uploads\/2019\/02\/Screenshot_4.jpg?fit=728%2C478&ssl=1&resize=700%2C400 2x"},"classes":[]},{"id":4191,"url":"https:\/\/larevistadigital.com.ar\/blog\/lezama-asumieron-los-nuevos-ediles\/","url_meta":{"origin":18854,"position":3},"title":"LEZAMA: ASUMIERON LOS NUEVOS EDILES","author":"Alejandro Sosa Ruda","date":"12 diciembre, 2017","format":false,"excerpt":"Como en los otros distritos, asumieron en Lezama los concejales electos en octubre pasado, adem\u00e1s de elegir las nuevas autoridades del Concejo Deliberante. En primer lugar, se realiz\u00f3 el acto de reconocimiento a los Concejales que terminaron su mandato, siendo los mismos,\u00a0\u00a0Mar\u00eda Gabriela Blanco (renov\u00f3 su Banca) y Mat\u00edas Mognone\u2026","rel":"","context":"En \u00abLEZAMA\u00bb","block_context":{"text":"LEZAMA","link":"https:\/\/larevistadigital.com.ar\/blog\/category\/lezama\/"},"img":{"alt_text":"","src":"https:\/\/i0.wp.com\/larevistadigital.com.ar\/blog\/wp-content\/uploads\/2017\/12\/4iv9v.jpg?fit=600%2C595&ssl=1&resize=350%2C200","width":350,"height":200,"srcset":"https:\/\/i0.wp.com\/larevistadigital.com.ar\/blog\/wp-content\/uploads\/2017\/12\/4iv9v.jpg?fit=600%2C595&ssl=1&resize=350%2C200 1x, https:\/\/i0.wp.com\/larevistadigital.com.ar\/blog\/wp-content\/uploads\/2017\/12\/4iv9v.jpg?fit=600%2C595&ssl=1&resize=525%2C300 1.5x"},"classes":[]},{"id":12829,"url":"https:\/\/larevistadigital.com.ar\/blog\/personal-del-cpr-lezama-secuestro-redes\/","url_meta":{"origin":18854,"position":4},"title":"PERSONAL DEL CPR LEZAMA SECUESTR\u00d3 REDES","author":"Alejandro Sosa Ruda","date":"27 octubre, 2019","format":false,"excerpt":"Inform\u00f3 Personal del Comando de Prevenci\u00f3n Rural de Lezama a cargo del Oficial Principal Mandril, en recorrida de prevenci\u00f3n y disuasi\u00f3n de delitos, que procedieron al secuestro de 75 metros de red que se encontraba dividida en tres tramos en el R\u00edo Salado, jurisdicci\u00f3n del partido de Lezama. Fueron identificados\u2026","rel":"","context":"En \u00abLEZAMA\u00bb","block_context":{"text":"LEZAMA","link":"https:\/\/larevistadigital.com.ar\/blog\/category\/lezama\/"},"img":{"alt_text":"","src":"https:\/\/i0.wp.com\/larevistadigital.com.ar\/blog\/wp-content\/uploads\/secuestro-cpr-lezama-750x375.jpg?fit=750%2C375&ssl=1&resize=350%2C200","width":350,"height":200,"srcset":"https:\/\/i0.wp.com\/larevistadigital.com.ar\/blog\/wp-content\/uploads\/secuestro-cpr-lezama-750x375.jpg?fit=750%2C375&ssl=1&resize=350%2C200 1x, https:\/\/i0.wp.com\/larevistadigital.com.ar\/blog\/wp-content\/uploads\/secuestro-cpr-lezama-750x375.jpg?fit=750%2C375&ssl=1&resize=525%2C300 1.5x, https:\/\/i0.wp.com\/larevistadigital.com.ar\/blog\/wp-content\/uploads\/secuestro-cpr-lezama-750x375.jpg?fit=750%2C375&ssl=1&resize=700%2C400 2x"},"classes":[]},{"id":29642,"url":"https:\/\/larevistadigital.com.ar\/blog\/lezama-encuentran-sin-vida-a-un-joven-de\/","url_meta":{"origin":18854,"position":5},"title":"LEZAMA: ENCUENTRAN SIN VIDA A UN JOVEN DE","author":"Alejandro Sosa Ruda","date":"26 diciembre, 2022","format":false,"excerpt":"Una lamentable noticia que ha conmocionado a la ciudad... 26 de diciembre de 2022 LEZAMA -\u00a0\u00a0Para los nativos de la localidad bonaerense de Lezama, est\u00e1 navidad fue diferente. Una triste noticia, conmocion\u00f3 y llen\u00f3 de pesar a los vecinos. Se trat\u00f3 del hallazgo sin vida de un joven de 20\u2026","rel":"","context":"En \u00abDESTACADAS\u00bb","block_context":{"text":"DESTACADAS","link":"https:\/\/larevistadigital.com.ar\/blog\/category\/destacadas\/"},"img":{"alt_text":"","src":"https:\/\/i0.wp.com\/larevistadigital.com.ar\/blog\/wp-content\/uploads\/Captura-de-pantalla-2022-12-26-122107.jpg?fit=966%2C525&ssl=1&resize=350%2C200","width":350,"height":200,"srcset":"https:\/\/i0.wp.com\/larevistadigital.com.ar\/blog\/wp-content\/uploads\/Captura-de-pantalla-2022-12-26-122107.jpg?fit=966%2C525&ssl=1&resize=350%2C200 1x, https:\/\/i0.wp.com\/larevistadigital.com.ar\/blog\/wp-content\/uploads\/Captura-de-pantalla-2022-12-26-122107.jpg?fit=966%2C525&ssl=1&resize=525%2C300 1.5x, https:\/\/i0.wp.com\/larevistadigital.com.ar\/blog\/wp-content\/uploads\/Captura-de-pantalla-2022-12-26-122107.jpg?fit=966%2C525&ssl=1&resize=700%2C400 2x"},"classes":[]}],"_links":{"self":[{"href":"https:\/\/larevistadigital.com.ar\/blog\/wp-json\/wp\/v2\/posts\/18854","targetHints":{"allow":["GET"]}}],"collection":[{"href":"https:\/\/larevistadigital.com.ar\/blog\/wp-json\/wp\/v2\/posts"}],"about":[{"href":"https:\/\/larevistadigital.com.ar\/blog\/wp-json\/wp\/v2\/types\/post"}],"author":[{"embeddable":true,"href":"https:\/\/larevistadigital.com.ar\/blog\/wp-json\/wp\/v2\/users\/3"}],"replies":[{"embeddable":true,"href":"https:\/\/larevistadigital.com.ar\/blog\/wp-json\/wp\/v2\/comments?post=18854"}],"version-history":[{"count":2,"href":"https:\/\/larevistadigital.com.ar\/blog\/wp-json\/wp\/v2\/posts\/18854\/revisions"}],"predecessor-version":[{"id":18858,"href":"https:\/\/larevistadigital.com.ar\/blog\/wp-json\/wp\/v2\/posts\/18854\/revisions\/18858"}],"wp:featuredmedia":[{"embeddable":true,"href":"https:\/\/larevistadigital.com.ar\/blog\/wp-json\/wp\/v2\/media\/18855"}],"wp:attachment":[{"href":"https:\/\/larevistadigital.com.ar\/blog\/wp-json\/wp\/v2\/media?parent=18854"}],"wp:term":[{"taxonomy":"category","embeddable":true,"href":"https:\/\/larevistadigital.com.ar\/blog\/wp-json\/wp\/v2\/categories?post=18854"},{"taxonomy":"post_tag","embeddable":true,"href":"https:\/\/larevistadigital.com.ar\/blog\/wp-json\/wp\/v2\/tags?post=18854"}],"curies":[{"name":"wp","href":"https:\/\/api.w.org\/{rel}","templated":true}]}}