{"id":18859,"date":"2021-02-15T15:44:08","date_gmt":"2021-02-15T15:44:08","guid":{"rendered":"https:\/\/larevistadigital.com.ar\/blog\/?p=18859"},"modified":"2021-02-15T15:44:08","modified_gmt":"2021-02-15T15:44:08","slug":"anoche-un-micro-despisto-en-la-ruta-2-en-el-km-138","status":"publish","type":"post","link":"https:\/\/larevistadigital.com.ar\/blog\/anoche-un-micro-despisto-en-la-ruta-2-en-el-km-138\/","title":{"rendered":"ANOCHE UN MICRO DESPIST\u00d3 EN LA RUTA 2 EN EL KM.138"},"content":{"rendered":"<p><strong>CHASCOM\u00daS &#8211;<\/strong> Anoche, a las 0:36 hs. los Bomberos Voluntarios de Chascom\u00fas dieron aviso de un siniestro ocurrido en el kil\u00f3metro 138 de la ruta 2.<\/p>\n<p>A\u00fan se desconocen las causas que tuvieron como consecuencia que el conductor del micro pierda el control del mismo y termine despistando, quedando milagrosamente sin volcar, pero deteniendo su marcha a varios metros de la cinta asf\u00e1ltica y quedando pr\u00e1cticamente pegado al alambrado.<\/p>\n<p>El portal Infozona, tuvo acceso a informaci\u00f3n que afirma que en el micro que se dirig\u00eda a CABA viajaban 37 personas, que afortunadamente no sufrieron lesiones.<\/p>\n<p>fuente e imagen: infozona<\/p>\n<p>&nbsp;<\/p>\n","protected":false},"excerpt":{"rendered":"<div class=\"mh-excerpt\"><p>CHASCOM\u00daS &#8211; Anoche, a las 0:36 hs. los Bomberos Voluntarios de Chascom\u00fas dieron aviso de un siniestro ocurrido en el kil\u00f3metro 138 de la ruta 2. A\u00fan se desconocen las causas que tuvieron como consecuencia <a class=\"mh-excerpt-more\" href=\"https:\/\/larevistadigital.com.ar\/blog\/anoche-un-micro-despisto-en-la-ruta-2-en-el-km-138\/\" title=\"ANOCHE UN MICRO DESPIST\u00d3 EN LA RUTA 2 EN EL KM.138\">[Leer M\u00e1s]<\/a><\/p>\n<\/div>","protected":false},"author":3,"featured_media":18860,"comment_status":"open","ping_status":"open","sticky":false,"template":"","format":"standard","meta":{"_jetpack_memberships_contains_paid_content":false,"footnotes":"","jetpack_publicize_message":"","jetpack_publicize_feature_enabled":true,"jetpack_social_post_already_shared":true,"jetpack_social_options":{"image_generator_settings":{"template":"highway","default_image_id":0,"font":"","enabled":false},"version":2}},"categories":[6],"tags":[],"class_list":{"0":"post-18859","1":"post","2":"type-post","3":"status-publish","4":"format-standard","5":"has-post-thumbnail","7":"category-chascomus"},"jetpack_publicize_connections":[],"jetpack_featured_media_url":"https:\/\/i0.wp.com\/larevistadigital.com.ar\/blog\/wp-content\/uploads\/Captura-9.png?fit=1120%2C666&ssl=1","jetpack_sharing_enabled":true,"jetpack_shortlink":"https:\/\/wp.me\/p8qtrQ-4Ub","jetpack-related-posts":[{"id":23797,"url":"https:\/\/larevistadigital.com.ar\/blog\/por-la-madrugada-vuelco-de-un-camion-en-el-kilometro-97-de-la-ruta-2\/","url_meta":{"origin":18859,"position":0},"title":"POR LA MADRUGADA: VUELCO DE UN CAMI\u00d3N EN EL KIL\u00d3METRO 97 DE LA RUTA 2","author":"Alejandro Sosa Ruda","date":"3 febrero, 2022","format":false,"excerpt":"CHASCOM\u00daS -\u00a0 Anoche, exactamente a las 04:39 hs., nos lleg\u00f3 por whatsapp el aviso de los Bomberos Voluntarios de una intervenci\u00f3n por un accidente en la ruta 2 a la altura del kil\u00f3metro 97. Al llegar al lugar, se encontraron con un cami\u00f3n que volc\u00f3, luego de que su conductor\u2026","rel":"","context":"En \u00abINTERES GENERAL\u00bb","block_context":{"text":"INTERES GENERAL","link":"https:\/\/larevistadigital.com.ar\/blog\/category\/interes-general\/"},"img":{"alt_text":"","src":"https:\/\/i0.wp.com\/larevistadigital.com.ar\/blog\/wp-content\/uploads\/Captura-de-pantalla-2022-02-03-110751.jpg?fit=1117%2C573&ssl=1&resize=350%2C200","width":350,"height":200,"srcset":"https:\/\/i0.wp.com\/larevistadigital.com.ar\/blog\/wp-content\/uploads\/Captura-de-pantalla-2022-02-03-110751.jpg?fit=1117%2C573&ssl=1&resize=350%2C200 1x, https:\/\/i0.wp.com\/larevistadigital.com.ar\/blog\/wp-content\/uploads\/Captura-de-pantalla-2022-02-03-110751.jpg?fit=1117%2C573&ssl=1&resize=525%2C300 1.5x, https:\/\/i0.wp.com\/larevistadigital.com.ar\/blog\/wp-content\/uploads\/Captura-de-pantalla-2022-02-03-110751.jpg?fit=1117%2C573&ssl=1&resize=700%2C400 2x, https:\/\/i0.wp.com\/larevistadigital.com.ar\/blog\/wp-content\/uploads\/Captura-de-pantalla-2022-02-03-110751.jpg?fit=1117%2C573&ssl=1&resize=1050%2C600 3x"},"classes":[]},{"id":17921,"url":"https:\/\/larevistadigital.com.ar\/blog\/video-incendio-hace-instantes-en-ruta-20-y-acceso-a-chascomus\/","url_meta":{"origin":18859,"position":1},"title":"[VIDEO] INCENDIO HACE INSTANTES EN RUTA 20 Y ACCESO A CHASCOM\u00daS","author":"Alejandro Sosa Ruda","date":"1 diciembre, 2020","format":false,"excerpt":"Maximiliano Rodriguez, de \"El Drone TV\" hizo llegar al grupo de Prensa de Chascom\u00fas, un impresionante video que muestra el incendio ocurrido hace instantes, donde un veh\u00edculo, al parecer un colectivo se prendi\u00f3 fuego, quedando reducido a cenizas. El micro, como se aprecia en la foto de portada, que fue\u2026","rel":"","context":"En \u00abINTERES GENERAL\u00bb","block_context":{"text":"INTERES GENERAL","link":"https:\/\/larevistadigital.com.ar\/blog\/category\/interes-general\/"},"img":{"alt_text":"","src":"https:\/\/i0.wp.com\/larevistadigital.com.ar\/blog\/wp-content\/uploads\/WhatsApp-Image-2020-12-01-at-16.13.06.jpeg?fit=900%2C1200&ssl=1&resize=350%2C200","width":350,"height":200,"srcset":"https:\/\/i0.wp.com\/larevistadigital.com.ar\/blog\/wp-content\/uploads\/WhatsApp-Image-2020-12-01-at-16.13.06.jpeg?fit=900%2C1200&ssl=1&resize=350%2C200 1x, https:\/\/i0.wp.com\/larevistadigital.com.ar\/blog\/wp-content\/uploads\/WhatsApp-Image-2020-12-01-at-16.13.06.jpeg?fit=900%2C1200&ssl=1&resize=525%2C300 1.5x, https:\/\/i0.wp.com\/larevistadigital.com.ar\/blog\/wp-content\/uploads\/WhatsApp-Image-2020-12-01-at-16.13.06.jpeg?fit=900%2C1200&ssl=1&resize=700%2C400 2x"},"classes":[]},{"id":19210,"url":"https:\/\/larevistadigital.com.ar\/blog\/choque-de-frente-en-la-ruta-2\/","url_meta":{"origin":18859,"position":2},"title":"CHOQUE DE FRENTE EN LA RUTA 2","author":"Alejandro Sosa Ruda","date":"8 marzo, 2021","format":false,"excerpt":"CHASCOM\u00daS - Los Bomberos Voluntarios de Chascom\u00fas, informaron acerca de su salida a las 17:39 hs.\u00a0 con motivo de un accidente ocurrido en la ruta 2, en el km 125. Al arribar al lugar, se encontraron con un tremendo choque frontal, con la particularidad que ambos veh\u00edculos estaban ubicados en\u2026","rel":"","context":"En \u00abINTERES GENERAL\u00bb","block_context":{"text":"INTERES GENERAL","link":"https:\/\/larevistadigital.com.ar\/blog\/category\/interes-general\/"},"img":{"alt_text":"","src":"https:\/\/i0.wp.com\/larevistadigital.com.ar\/blog\/wp-content\/uploads\/Captura-24.png?fit=1139%2C639&ssl=1&resize=350%2C200","width":350,"height":200,"srcset":"https:\/\/i0.wp.com\/larevistadigital.com.ar\/blog\/wp-content\/uploads\/Captura-24.png?fit=1139%2C639&ssl=1&resize=350%2C200 1x, https:\/\/i0.wp.com\/larevistadigital.com.ar\/blog\/wp-content\/uploads\/Captura-24.png?fit=1139%2C639&ssl=1&resize=525%2C300 1.5x, https:\/\/i0.wp.com\/larevistadigital.com.ar\/blog\/wp-content\/uploads\/Captura-24.png?fit=1139%2C639&ssl=1&resize=700%2C400 2x, https:\/\/i0.wp.com\/larevistadigital.com.ar\/blog\/wp-content\/uploads\/Captura-24.png?fit=1139%2C639&ssl=1&resize=1050%2C600 3x"},"classes":[]},{"id":19471,"url":"https:\/\/larevistadigital.com.ar\/blog\/galeria-de-fotos-chascomus-las-lluvias-provocaron-desastres-de-distinta-magnitud\/","url_meta":{"origin":18859,"position":3},"title":"[GALER\u00cdA DE FOTOS Y VIDEO] CHASCOM\u00daS: LAS LLUVIAS PROVOCARON DESASTRES DE DISTINTA MAGNITUD","author":"Alejandro Sosa Ruda","date":"28 marzo, 2021","format":false,"excerpt":"CHASCOMUS -\u00a0 Las lluvias que cayeron desde ayer, y se mantuvieron en casi toda la jornada de hoy, provocaron da\u00f1os en distintos lugares de la ciudad, adem\u00e1s de que en la zona de la ruta provoc\u00f3 la voladura de techos en la estaci\u00f3n de Servicio Shell conocida como El Campanario,\u2026","rel":"","context":"En \u00abCHASCOM\u00daS\u00bb","block_context":{"text":"CHASCOM\u00daS","link":"https:\/\/larevistadigital.com.ar\/blog\/category\/chascomus\/"},"img":{"alt_text":"","src":"https:\/\/i0.wp.com\/larevistadigital.com.ar\/blog\/wp-content\/uploads\/TECHO-VOLADO-MEXICO-Y-GENERAL-PAZ.jpeg?fit=720%2C960&ssl=1&resize=350%2C200","width":350,"height":200,"srcset":"https:\/\/i0.wp.com\/larevistadigital.com.ar\/blog\/wp-content\/uploads\/TECHO-VOLADO-MEXICO-Y-GENERAL-PAZ.jpeg?fit=720%2C960&ssl=1&resize=350%2C200 1x, https:\/\/i0.wp.com\/larevistadigital.com.ar\/blog\/wp-content\/uploads\/TECHO-VOLADO-MEXICO-Y-GENERAL-PAZ.jpeg?fit=720%2C960&ssl=1&resize=525%2C300 1.5x, https:\/\/i0.wp.com\/larevistadigital.com.ar\/blog\/wp-content\/uploads\/TECHO-VOLADO-MEXICO-Y-GENERAL-PAZ.jpeg?fit=720%2C960&ssl=1&resize=700%2C400 2x"},"classes":[]},{"id":34453,"url":"https:\/\/larevistadigital.com.ar\/blog\/un-micro-fue-consumido-por-las-llamas-en-plena-ruta-11\/","url_meta":{"origin":18859,"position":4},"title":"UN MICRO FUE CONSUMIDO POR LAS LLAMAS EN PLENA RUTA 11","author":"Alejandro Sosa Ruda","date":"8 noviembre, 2023","format":false,"excerpt":"Ocurri\u00f3 en el kil\u00f3metro 370, a la altura de Punta M\u00e9danos. Los 5 pasajeros y el chofer resultaron ilesos. 8 de Noviembre de 2023 PUNTA M\u00c9DANOS -\u00a0 \u00a0 Un micro de dos pisos de larga distancia se incendi\u00f3 el martes por la tarde en la Ruta Provincial N\u00ba 11, en\u2026","rel":"","context":"En \u00abREGIONALES\u00bb","block_context":{"text":"REGIONALES","link":"https:\/\/larevistadigital.com.ar\/blog\/category\/regionales\/"},"img":{"alt_text":"","src":"https:\/\/i0.wp.com\/larevistadigital.com.ar\/blog\/wp-content\/uploads\/20231108165533_micro.png?fit=880%2C512&ssl=1&resize=350%2C200","width":350,"height":200,"srcset":"https:\/\/i0.wp.com\/larevistadigital.com.ar\/blog\/wp-content\/uploads\/20231108165533_micro.png?fit=880%2C512&ssl=1&resize=350%2C200 1x, https:\/\/i0.wp.com\/larevistadigital.com.ar\/blog\/wp-content\/uploads\/20231108165533_micro.png?fit=880%2C512&ssl=1&resize=525%2C300 1.5x, https:\/\/i0.wp.com\/larevistadigital.com.ar\/blog\/wp-content\/uploads\/20231108165533_micro.png?fit=880%2C512&ssl=1&resize=700%2C400 2x"},"classes":[]},{"id":14584,"url":"https:\/\/larevistadigital.com.ar\/blog\/vuelca-micro-en-ruta-2-a-la-altura-del-puente-samborombon-hasta-el-momento-hay-2-muertos\/","url_meta":{"origin":18859,"position":5},"title":"VUELCA MICRO EN RUTA 2 A LA ALTURA DEL PUENTE SAMBOROMBON. HASTA EL MOMENTO HAY 2 MUERTOS","author":"Alejandro Sosa Ruda","date":"4 febrero, 2020","format":false,"excerpt":"Un micro, perteneciente a la empresa V\u00eda Bariloche, volc\u00f3 aproximadamente a las 6 de la ma\u00f1ana en la ruta 2, mano a Capital Federal, sobre el puente del r\u00edo Samboromb\u00f3n a la altura del kil\u00f3metro 93. En principio de hablaba de 13 heridos, cinco de ellos de gravedad que fueron\u2026","rel":"","context":"En \u00abDESTACADAS\u00bb","block_context":{"text":"DESTACADAS","link":"https:\/\/larevistadigital.com.ar\/blog\/category\/destacadas\/"},"img":{"alt_text":"","src":"https:\/\/i0.wp.com\/larevistadigital.com.ar\/blog\/wp-content\/uploads\/0037365036.jpg?fit=1140%2C640&ssl=1&resize=350%2C200","width":350,"height":200,"srcset":"https:\/\/i0.wp.com\/larevistadigital.com.ar\/blog\/wp-content\/uploads\/0037365036.jpg?fit=1140%2C640&ssl=1&resize=350%2C200 1x, https:\/\/i0.wp.com\/larevistadigital.com.ar\/blog\/wp-content\/uploads\/0037365036.jpg?fit=1140%2C640&ssl=1&resize=525%2C300 1.5x, https:\/\/i0.wp.com\/larevistadigital.com.ar\/blog\/wp-content\/uploads\/0037365036.jpg?fit=1140%2C640&ssl=1&resize=700%2C400 2x, https:\/\/i0.wp.com\/larevistadigital.com.ar\/blog\/wp-content\/uploads\/0037365036.jpg?fit=1140%2C640&ssl=1&resize=1050%2C600 3x"},"classes":[]}],"_links":{"self":[{"href":"https:\/\/larevistadigital.com.ar\/blog\/wp-json\/wp\/v2\/posts\/18859","targetHints":{"allow":["GET"]}}],"collection":[{"href":"https:\/\/larevistadigital.com.ar\/blog\/wp-json\/wp\/v2\/posts"}],"about":[{"href":"https:\/\/larevistadigital.com.ar\/blog\/wp-json\/wp\/v2\/types\/post"}],"author":[{"embeddable":true,"href":"https:\/\/larevistadigital.com.ar\/blog\/wp-json\/wp\/v2\/users\/3"}],"replies":[{"embeddable":true,"href":"https:\/\/larevistadigital.com.ar\/blog\/wp-json\/wp\/v2\/comments?post=18859"}],"version-history":[{"count":1,"href":"https:\/\/larevistadigital.com.ar\/blog\/wp-json\/wp\/v2\/posts\/18859\/revisions"}],"predecessor-version":[{"id":18861,"href":"https:\/\/larevistadigital.com.ar\/blog\/wp-json\/wp\/v2\/posts\/18859\/revisions\/18861"}],"wp:featuredmedia":[{"embeddable":true,"href":"https:\/\/larevistadigital.com.ar\/blog\/wp-json\/wp\/v2\/media\/18860"}],"wp:attachment":[{"href":"https:\/\/larevistadigital.com.ar\/blog\/wp-json\/wp\/v2\/media?parent=18859"}],"wp:term":[{"taxonomy":"category","embeddable":true,"href":"https:\/\/larevistadigital.com.ar\/blog\/wp-json\/wp\/v2\/categories?post=18859"},{"taxonomy":"post_tag","embeddable":true,"href":"https:\/\/larevistadigital.com.ar\/blog\/wp-json\/wp\/v2\/tags?post=18859"}],"curies":[{"name":"wp","href":"https:\/\/api.w.org\/{rel}","templated":true}]}}