{"id":18863,"date":"2021-02-15T16:57:21","date_gmt":"2021-02-15T16:57:21","guid":{"rendered":"https:\/\/larevistadigital.com.ar\/blog\/?p=18863"},"modified":"2021-02-15T16:57:21","modified_gmt":"2021-02-15T16:57:21","slug":"impresionante-vuelco-en-sierra-de-los-padres","status":"publish","type":"post","link":"https:\/\/larevistadigital.com.ar\/blog\/impresionante-vuelco-en-sierra-de-los-padres\/","title":{"rendered":"IMPRESIONANTE VUELCO EN SIERRA DE LOS PADRES"},"content":{"rendered":"<h2 class=\"intro\">Ocurri\u00f3 esta ma\u00f1ana en Varetto y De la Reducci\u00f3n. Pese a la espectacularidad del siniestro no se registraron heridos de gravedad.<\/h2>\n<p><strong>MAR DEL PLATA &#8211;<\/strong> Un impactante siniestro \u00a0se registr\u00f3 alrededor de las 7 de la ma\u00f1ana cuando, por motivos que son materia de investigaci\u00f3n el conductor de un veh\u00edculo particular perdi\u00f3 el control de su veh\u00edculo en Calle Varetto y calle de la Reducci\u00f3n y volc\u00f3.<\/p>\n<p>Pese a la espectacularidad del impacto, fuentes consultadas por 0223 indicaron que el conductor del rodado se encuentra \u201cconsciente y l\u00facido\u201d y para salir, necesit\u00f3 ayuda de los bomberos que, junto a personal policial cortaron por unas horas el tr\u00e1nsito en el mencionado sector de la ciudad.<\/p>\n<p>fuente 0223<\/p>\n","protected":false},"excerpt":{"rendered":"<div class=\"mh-excerpt\"><p>Ocurri\u00f3 esta ma\u00f1ana en Varetto y De la Reducci\u00f3n. Pese a la espectacularidad del siniestro no se registraron heridos de gravedad. MAR DEL PLATA &#8211; Un impactante siniestro \u00a0se registr\u00f3 alrededor de las 7 de <a class=\"mh-excerpt-more\" href=\"https:\/\/larevistadigital.com.ar\/blog\/impresionante-vuelco-en-sierra-de-los-padres\/\" title=\"IMPRESIONANTE VUELCO EN SIERRA DE LOS PADRES\">[Leer M\u00e1s]<\/a><\/p>\n<\/div>","protected":false},"author":3,"featured_media":18864,"comment_status":"open","ping_status":"open","sticky":false,"template":"","format":"standard","meta":{"_jetpack_memberships_contains_paid_content":false,"footnotes":"","jetpack_publicize_message":"","jetpack_publicize_feature_enabled":true,"jetpack_social_post_already_shared":true,"jetpack_social_options":{"image_generator_settings":{"template":"highway","default_image_id":0,"font":"","enabled":false},"version":2}},"categories":[51],"tags":[],"class_list":{"0":"post-18863","1":"post","2":"type-post","3":"status-publish","4":"format-standard","5":"has-post-thumbnail","7":"category-regionales"},"jetpack_publicize_connections":[],"jetpack_featured_media_url":"https:\/\/i0.wp.com\/larevistadigital.com.ar\/blog\/wp-content\/uploads\/Captura-2-1.png?fit=997%2C550&ssl=1","jetpack_sharing_enabled":true,"jetpack_shortlink":"https:\/\/wp.me\/p8qtrQ-4Uf","jetpack-related-posts":[{"id":45038,"url":"https:\/\/larevistadigital.com.ar\/blog\/impactante-choque-en-mar-del-plata-un-hombre-murio-tras-incrustarse-contra-un-paredon\/","url_meta":{"origin":18863,"position":0},"title":"Impactante choque en Mar del Plata: un hombre muri\u00f3 tras incrustarse contra un pared\u00f3n","author":"Alejandro Sosa Ruda","date":"10 abril, 2026","format":false,"excerpt":"El violento siniestro ocurri\u00f3 en Diagonal Gasc\u00f3n y Sicilia. El conductor qued\u00f3 atrapado y el veh\u00edculo lleg\u00f3 a incendiarse. 10 de abril de 2026 MAR DEL PLATA -\u00a0 \u00a0Un tr\u00e1gico accidente sacudi\u00f3 a Mar del Plata en la madrugada, cuando un hombre perdi\u00f3 la vida tras protagonizar un violento choque\u2026","rel":"","context":"En \u00abPOLICIALES\u00bb","block_context":{"text":"POLICIALES","link":"https:\/\/larevistadigital.com.ar\/blog\/category\/policiales\/"},"img":{"alt_text":"","src":"https:\/\/i0.wp.com\/larevistadigital.com.ar\/blog\/wp-content\/uploads\/Captura-de-pantalla-2026-04-10-130607.jpg?fit=624%2C356&ssl=1&resize=350%2C200","width":350,"height":200,"srcset":"https:\/\/i0.wp.com\/larevistadigital.com.ar\/blog\/wp-content\/uploads\/Captura-de-pantalla-2026-04-10-130607.jpg?fit=624%2C356&ssl=1&resize=350%2C200 1x, https:\/\/i0.wp.com\/larevistadigital.com.ar\/blog\/wp-content\/uploads\/Captura-de-pantalla-2026-04-10-130607.jpg?fit=624%2C356&ssl=1&resize=525%2C300 1.5x"},"classes":[]},{"id":29585,"url":"https:\/\/larevistadigital.com.ar\/blog\/fatal-accidente-en-la-autopista-la-plata-buenos-aires\/","url_meta":{"origin":18863,"position":1},"title":"FATAL ACCIDENTE EN LA AUTOPISTA LA PLATA-BUENOS AIRES","author":"Alejandro Sosa Ruda","date":"23 diciembre, 2022","format":false,"excerpt":"Ocurri\u00f3 en la autopista La Plata - Buenos Aires y hubo una persona fallecida. 23 de diciembre de 2022 Un accidente con un fatal desenlace se produjo hoy por la ma\u00f1ana, cuando un autom\u00f3vil impact\u00f3 contra un cami\u00f3n de volquetes que estaba detenido en la Autopista La Plata - Buenos\u2026","rel":"","context":"En \u00abDESTACADAS\u00bb","block_context":{"text":"DESTACADAS","link":"https:\/\/larevistadigital.com.ar\/blog\/category\/destacadas\/"},"img":{"alt_text":"","src":"https:\/\/i0.wp.com\/larevistadigital.com.ar\/blog\/wp-content\/uploads\/ACCIDENTE-AUTOPISTA-LP-BA.jpg?fit=900%2C562&ssl=1&resize=350%2C200","width":350,"height":200,"srcset":"https:\/\/i0.wp.com\/larevistadigital.com.ar\/blog\/wp-content\/uploads\/ACCIDENTE-AUTOPISTA-LP-BA.jpg?fit=900%2C562&ssl=1&resize=350%2C200 1x, https:\/\/i0.wp.com\/larevistadigital.com.ar\/blog\/wp-content\/uploads\/ACCIDENTE-AUTOPISTA-LP-BA.jpg?fit=900%2C562&ssl=1&resize=525%2C300 1.5x, https:\/\/i0.wp.com\/larevistadigital.com.ar\/blog\/wp-content\/uploads\/ACCIDENTE-AUTOPISTA-LP-BA.jpg?fit=900%2C562&ssl=1&resize=700%2C400 2x"},"classes":[]},{"id":12739,"url":"https:\/\/larevistadigital.com.ar\/blog\/mar-del-plata-auto-se-estrella-brutalmente-contra-columna-hay-tres-heridos\/","url_meta":{"origin":18863,"position":2},"title":"MAR DEL PLATA: AUTO SE ESTRELLA BRUTALMENTE CONTRA COLUMNA: HAY TRES HERIDOS","author":"Alejandro Sosa Ruda","date":"21 octubre, 2019","format":false,"excerpt":"Ocurri\u00f3 esta ma\u00f1ana en Champagnat y Beruti. En el veh\u00edculo iban tres j\u00f3venes de 19, 20 y 21 a\u00f1os, que debieron ser hospitalizados. En el interior del auto encontraron vino en tetrabrik. Un espectacular siniestro vial ocurri\u00f3 esta ma\u00f1ana en inmediaciones a la\u00a0avenida Champagnat a la altura de Beruti, cuando\u2026","rel":"","context":"En \u00abPOLICIALES\u00bb","block_context":{"text":"POLICIALES","link":"https:\/\/larevistadigital.com.ar\/blog\/category\/policiales\/"},"img":{"alt_text":"","src":"https:\/\/i0.wp.com\/larevistadigital.com.ar\/blog\/wp-content\/uploads\/1571662503161.jpg?fit=654%2C368&ssl=1&resize=350%2C200","width":350,"height":200,"srcset":"https:\/\/i0.wp.com\/larevistadigital.com.ar\/blog\/wp-content\/uploads\/1571662503161.jpg?fit=654%2C368&ssl=1&resize=350%2C200 1x, https:\/\/i0.wp.com\/larevistadigital.com.ar\/blog\/wp-content\/uploads\/1571662503161.jpg?fit=654%2C368&ssl=1&resize=525%2C300 1.5x"},"classes":[]},{"id":27837,"url":"https:\/\/larevistadigital.com.ar\/blog\/mar-del-plata-murio-al-chocar-con-un-paredon-doa-acompanantes-resultaron-internados\/","url_meta":{"origin":18863,"position":3},"title":"MAR DEL PLATA: MURI\u00d3 AL CHOCAR CON UN PARED\u00d3N. DOA ACOMPA\u00d1ANTES RESULTARON INTERNADOS","author":"Alejandro Sosa Ruda","date":"18 septiembre, 2022","format":false,"excerpt":"El siniestro sucedi\u00f3 hace instantes en Galicia y V\u00e9rtiz. El conductor del\u00a0Fiat Duna ten\u00eda 23 a\u00f1os. 18 de septiembre de 2022 El\u00a0conductor\u00a0de un auto\u00a0Fiat Duna\u00a0muri\u00f3\u00a0esta ma\u00f1ana\u00a0tras chocar contra el pared\u00f3n de una casa\u00a0en\u00a0Galicia y V\u00e9rtiz\u00a0mientras que sus dos acompa\u00f1antes fueron trasladados por el Same al Hospital Interzonal General de Agudos\u2026","rel":"","context":"En \u00abPOLICIALES\u00bb","block_context":{"text":"POLICIALES","link":"https:\/\/larevistadigital.com.ar\/blog\/category\/policiales\/"},"img":{"alt_text":"","src":"https:\/\/i0.wp.com\/larevistadigital.com.ar\/blog\/wp-content\/uploads\/Captura-de-pantalla-2022-09-18-122057.jpg?fit=808%2C372&ssl=1&resize=350%2C200","width":350,"height":200,"srcset":"https:\/\/i0.wp.com\/larevistadigital.com.ar\/blog\/wp-content\/uploads\/Captura-de-pantalla-2022-09-18-122057.jpg?fit=808%2C372&ssl=1&resize=350%2C200 1x, https:\/\/i0.wp.com\/larevistadigital.com.ar\/blog\/wp-content\/uploads\/Captura-de-pantalla-2022-09-18-122057.jpg?fit=808%2C372&ssl=1&resize=525%2C300 1.5x, https:\/\/i0.wp.com\/larevistadigital.com.ar\/blog\/wp-content\/uploads\/Captura-de-pantalla-2022-09-18-122057.jpg?fit=808%2C372&ssl=1&resize=700%2C400 2x"},"classes":[]},{"id":21978,"url":"https:\/\/larevistadigital.com.ar\/blog\/murio-un-conductor-al-irse-del-camino-y-salir-despedido-de-su-auto\/","url_meta":{"origin":18863,"position":4},"title":"MURI\u00d3 UN CONDUCTOR AL IRSE DEL CAMINO Y SALIR DESPEDIDO DE SU AUTO","author":"Alejandro Sosa Ruda","date":"15 septiembre, 2021","format":false,"excerpt":"El hecho se produjo cerca de las 7, cuando el conductor de una camioneta se despist\u00f3 y sali\u00f3 despedido del veh\u00edculo. Ocurri\u00f3 a la altura del camping La Serranita. Un\u00a0hombre muri\u00f3\u00a0este mi\u00e9rcoles durante la madrugada en un siniestro vial en la\u00a0ruta 226, a la altura del\u00a0camping La Serranita, seg\u00fan confirmaron\u2026","rel":"","context":"En \u00abPOLICIALES\u00bb","block_context":{"text":"POLICIALES","link":"https:\/\/larevistadigital.com.ar\/blog\/category\/policiales\/"},"img":{"alt_text":"","src":"https:\/\/i0.wp.com\/larevistadigital.com.ar\/blog\/wp-content\/uploads\/Captura-29.png?fit=899%2C521&ssl=1&resize=350%2C200","width":350,"height":200,"srcset":"https:\/\/i0.wp.com\/larevistadigital.com.ar\/blog\/wp-content\/uploads\/Captura-29.png?fit=899%2C521&ssl=1&resize=350%2C200 1x, https:\/\/i0.wp.com\/larevistadigital.com.ar\/blog\/wp-content\/uploads\/Captura-29.png?fit=899%2C521&ssl=1&resize=525%2C300 1.5x, https:\/\/i0.wp.com\/larevistadigital.com.ar\/blog\/wp-content\/uploads\/Captura-29.png?fit=899%2C521&ssl=1&resize=700%2C400 2x"},"classes":[]},{"id":24790,"url":"https:\/\/larevistadigital.com.ar\/blog\/volco-un-camion-en-la-ruta-88\/","url_meta":{"origin":18863,"position":5},"title":"VOLC\u00d3 UN CAMI\u00d3N EN LA RUTA 88","author":"Alejandro Sosa Ruda","date":"25 marzo, 2022","format":false,"excerpt":"Ocurri\u00f3 este viernes cerca del mediod\u00eda. Por el impacto, el chofer sufri\u00f3 lesiones leves. MAR DEL PLATA -\u00a0 Un cami\u00f3n mercedes Benz 1114 volc\u00f3 este viernes cerca de las 11hs en el Km 8.5 de la ruta 88 por circunstancias que a\u00fan son materia de investigaci\u00f3n. Producto del siniestro el\u2026","rel":"","context":"En \u00abPOLICIALES\u00bb","block_context":{"text":"POLICIALES","link":"https:\/\/larevistadigital.com.ar\/blog\/category\/policiales\/"},"img":{"alt_text":"","src":"https:\/\/i0.wp.com\/larevistadigital.com.ar\/blog\/wp-content\/uploads\/Captura-de-pantalla-2022-03-25-141723.jpg?fit=898%2C512&ssl=1&resize=350%2C200","width":350,"height":200,"srcset":"https:\/\/i0.wp.com\/larevistadigital.com.ar\/blog\/wp-content\/uploads\/Captura-de-pantalla-2022-03-25-141723.jpg?fit=898%2C512&ssl=1&resize=350%2C200 1x, https:\/\/i0.wp.com\/larevistadigital.com.ar\/blog\/wp-content\/uploads\/Captura-de-pantalla-2022-03-25-141723.jpg?fit=898%2C512&ssl=1&resize=525%2C300 1.5x, https:\/\/i0.wp.com\/larevistadigital.com.ar\/blog\/wp-content\/uploads\/Captura-de-pantalla-2022-03-25-141723.jpg?fit=898%2C512&ssl=1&resize=700%2C400 2x"},"classes":[]}],"_links":{"self":[{"href":"https:\/\/larevistadigital.com.ar\/blog\/wp-json\/wp\/v2\/posts\/18863","targetHints":{"allow":["GET"]}}],"collection":[{"href":"https:\/\/larevistadigital.com.ar\/blog\/wp-json\/wp\/v2\/posts"}],"about":[{"href":"https:\/\/larevistadigital.com.ar\/blog\/wp-json\/wp\/v2\/types\/post"}],"author":[{"embeddable":true,"href":"https:\/\/larevistadigital.com.ar\/blog\/wp-json\/wp\/v2\/users\/3"}],"replies":[{"embeddable":true,"href":"https:\/\/larevistadigital.com.ar\/blog\/wp-json\/wp\/v2\/comments?post=18863"}],"version-history":[{"count":1,"href":"https:\/\/larevistadigital.com.ar\/blog\/wp-json\/wp\/v2\/posts\/18863\/revisions"}],"predecessor-version":[{"id":18865,"href":"https:\/\/larevistadigital.com.ar\/blog\/wp-json\/wp\/v2\/posts\/18863\/revisions\/18865"}],"wp:featuredmedia":[{"embeddable":true,"href":"https:\/\/larevistadigital.com.ar\/blog\/wp-json\/wp\/v2\/media\/18864"}],"wp:attachment":[{"href":"https:\/\/larevistadigital.com.ar\/blog\/wp-json\/wp\/v2\/media?parent=18863"}],"wp:term":[{"taxonomy":"category","embeddable":true,"href":"https:\/\/larevistadigital.com.ar\/blog\/wp-json\/wp\/v2\/categories?post=18863"},{"taxonomy":"post_tag","embeddable":true,"href":"https:\/\/larevistadigital.com.ar\/blog\/wp-json\/wp\/v2\/tags?post=18863"}],"curies":[{"name":"wp","href":"https:\/\/api.w.org\/{rel}","templated":true}]}}