{"id":18866,"date":"2021-02-15T17:04:28","date_gmt":"2021-02-15T17:04:28","guid":{"rendered":"https:\/\/larevistadigital.com.ar\/blog\/?p=18866"},"modified":"2021-02-15T17:04:28","modified_gmt":"2021-02-15T17:04:28","slug":"insolito-aparece-una-escultura-en-la-costa-y-buscan-al-artista","status":"publish","type":"post","link":"https:\/\/larevistadigital.com.ar\/blog\/insolito-aparece-una-escultura-en-la-costa-y-buscan-al-artista\/","title":{"rendered":"INS\u00d3LITO: APARECE UNA ESCULTURA EN LA COSTA, Y BUSCAN AL ARTISTA"},"content":{"rendered":"<h2 class=\"intro\">Est\u00e1 emplazada en la zona de Playa Chica. El Municipio convocar\u00e1 al autor para regularizar la situaci\u00f3n.<\/h2>\n<p><strong>MAR DEL PLATA &#8211;<\/strong> A ra\u00edz de la\u00a0<strong>aparici\u00f3n de una escultura de una mujer<\/strong> en un sector del paseo costero de Mar del Plata, la Municipalidad de General Pueyrred\u00f3n anunci\u00f3 que\u00a0convocar\u00e1 p\u00fablicamente al artista para que inicie el proceso formal con el objetivo de lograr la autorizaci\u00f3n para emplazar la obra.<\/p>\n<p>La Comisi\u00f3n de Monumentos y Esculturas, dependiente de la Secretar\u00eda de Cultura, ser\u00e1 la encargada de hacer la convocatoria oficial en los pr\u00f3ximos d\u00edas, luego de la misteriosa instalaci\u00f3n de la obra ocurrida en las \u00faltimas 48 horas en la zona de Playa Chica.<\/p>\n<p>El secretario de Cultura,<strong>\u00a0Carlos Balmaceda<\/strong>, explic\u00f3 que <strong><em>\u201chay otras experiencias en el mundo, de artistas que realizan este tipo de intervenciones como forma de promoci\u00f3n\u201d. \u00abNos interesa acompa\u00f1arlo en el proceso para\u00a0regularizar la situaci\u00f3n,\u00a0que tenga la autorizaci\u00f3n formal para emplazar esta u otras obras\u201d<\/em><\/strong>, asegur\u00f3.<\/p>\n<p><strong><em>\u201cExiste un procedimiento para instalar obras de este tipo en nuestra ciudad, que tiene por objetivo cuidar el espacio p\u00fablico y el patrimonio de General Pueyrredon y es importante que lo respetemos\u201d<\/em><\/strong>, recalc\u00f3 el funcionario.<\/p>\n<p>Por su parte, la directora de Restauraci\u00f3n y Monumentos del Municipio,<strong>\u00a0Costanza Adhiecci<\/strong>, que tambi\u00e9n integra la Comisi\u00f3n, se present\u00f3 en el lugar y pudo constatar que se trata de una obra de cemento\u201d.<\/p>\n<p>publicado en 0223<\/p>\n","protected":false},"excerpt":{"rendered":"<div class=\"mh-excerpt\"><p>Est\u00e1 emplazada en la zona de Playa Chica. El Municipio convocar\u00e1 al autor para regularizar la situaci\u00f3n. MAR DEL PLATA &#8211; A ra\u00edz de la\u00a0aparici\u00f3n de una escultura de una mujer en un sector del <a class=\"mh-excerpt-more\" href=\"https:\/\/larevistadigital.com.ar\/blog\/insolito-aparece-una-escultura-en-la-costa-y-buscan-al-artista\/\" title=\"INS\u00d3LITO: APARECE UNA ESCULTURA EN LA COSTA, Y BUSCAN AL ARTISTA\">[Leer M\u00e1s]<\/a><\/p>\n<\/div>","protected":false},"author":3,"featured_media":18867,"comment_status":"open","ping_status":"open","sticky":false,"template":"","format":"standard","meta":{"_jetpack_memberships_contains_paid_content":false,"footnotes":"","jetpack_publicize_message":"","jetpack_publicize_feature_enabled":true,"jetpack_social_post_already_shared":true,"jetpack_social_options":{"image_generator_settings":{"template":"highway","default_image_id":0,"font":"","enabled":false},"version":2}},"categories":[11,51],"tags":[],"class_list":{"0":"post-18866","1":"post","2":"type-post","3":"status-publish","4":"format-standard","5":"has-post-thumbnail","7":"category-curiosas","8":"category-regionales"},"jetpack_publicize_connections":[],"jetpack_featured_media_url":"https:\/\/i0.wp.com\/larevistadigital.com.ar\/blog\/wp-content\/uploads\/Captura-10.png?fit=1002%2C477&ssl=1","jetpack_sharing_enabled":true,"jetpack_shortlink":"https:\/\/wp.me\/p8qtrQ-4Ui","jetpack-related-posts":[{"id":38748,"url":"https:\/\/larevistadigital.com.ar\/blog\/mar-del-plata-aparecio-un-cadaver-sin-identificar-entre-las-rocas-de-playa-chica\/","url_meta":{"origin":18866,"position":0},"title":"Mar del Plata: Apareci\u00f3 un cadaver sin identificar entre las rocas de Playa Chica","author":"Alejandro Sosa Ruda","date":"19 febrero, 2025","format":false,"excerpt":"Lo encontraron frente al parque San Mart\u00edn ayer por la noche, a ra\u00edz de un llamado al 911. A\u00fan no se estableci\u00f3 la identidad 19 de Febrero de 2025 MAR DEL PLATA\u00a0 -\u00a0 en la zona de Playa Chica de\u00a0Mar del Plata, en Castelli y la costa, hallaron un cuerpo\u2026","rel":"","context":"En \u00abPOLICIALES\u00bb","block_context":{"text":"POLICIALES","link":"https:\/\/larevistadigital.com.ar\/blog\/category\/policiales\/"},"img":{"alt_text":"","src":"https:\/\/i0.wp.com\/larevistadigital.com.ar\/blog\/wp-content\/uploads\/69368fdaabb7496923f8632848030968cc097ca9.png?fit=1140%2C646&ssl=1&resize=350%2C200","width":350,"height":200,"srcset":"https:\/\/i0.wp.com\/larevistadigital.com.ar\/blog\/wp-content\/uploads\/69368fdaabb7496923f8632848030968cc097ca9.png?fit=1140%2C646&ssl=1&resize=350%2C200 1x, https:\/\/i0.wp.com\/larevistadigital.com.ar\/blog\/wp-content\/uploads\/69368fdaabb7496923f8632848030968cc097ca9.png?fit=1140%2C646&ssl=1&resize=525%2C300 1.5x, https:\/\/i0.wp.com\/larevistadigital.com.ar\/blog\/wp-content\/uploads\/69368fdaabb7496923f8632848030968cc097ca9.png?fit=1140%2C646&ssl=1&resize=700%2C400 2x, https:\/\/i0.wp.com\/larevistadigital.com.ar\/blog\/wp-content\/uploads\/69368fdaabb7496923f8632848030968cc097ca9.png?fit=1140%2C646&ssl=1&resize=1050%2C600 3x"},"classes":[]},{"id":10002,"url":"https:\/\/larevistadigital.com.ar\/blog\/mar-del-plata-un-muerto-en-tragico-accidente-en-playa-chica\/","url_meta":{"origin":18866,"position":1},"title":"MAR DEL PLATA: UN MUERTO EN TR\u00c1GICO ACCIDENTE EN PLAYA CHICA","author":"Alejandro Sosa Ruda","date":"5 mayo, 2019","format":false,"excerpt":"Un hombre falleci\u00f3 esta madrugada en el paseo costero luego de que la motocicleta en la que viajaba como acompa\u00f1ante se despistara y fuera impactada por al menos dos veh\u00edculos. Seg\u00fan inform\u00f3 el Diario La Capital, el siniestro se produjo a las 6.45 en la curva de la zona de\u2026","rel":"","context":"En \u00abPOLICIALES\u00bb","block_context":{"text":"POLICIALES","link":"https:\/\/larevistadigital.com.ar\/blog\/category\/policiales\/"},"img":{"alt_text":"","src":"https:\/\/i0.wp.com\/larevistadigital.com.ar\/blog\/wp-content\/uploads\/2019\/05\/Screenshot_1-4.jpg?fit=964%2C633&ssl=1&resize=350%2C200","width":350,"height":200,"srcset":"https:\/\/i0.wp.com\/larevistadigital.com.ar\/blog\/wp-content\/uploads\/2019\/05\/Screenshot_1-4.jpg?fit=964%2C633&ssl=1&resize=350%2C200 1x, https:\/\/i0.wp.com\/larevistadigital.com.ar\/blog\/wp-content\/uploads\/2019\/05\/Screenshot_1-4.jpg?fit=964%2C633&ssl=1&resize=525%2C300 1.5x, https:\/\/i0.wp.com\/larevistadigital.com.ar\/blog\/wp-content\/uploads\/2019\/05\/Screenshot_1-4.jpg?fit=964%2C633&ssl=1&resize=700%2C400 2x"},"classes":[]},{"id":43584,"url":"https:\/\/larevistadigital.com.ar\/blog\/mar-del-plata-un-auto-atropello-a-un-turista-en-playa-chica-el-conductor-tiene-17-anos\/","url_meta":{"origin":18866,"position":2},"title":"Mar del Plata: Un auto atropell\u00f3 a un turista en Playa Chica: el conductor tiene 17 a\u00f1os","author":"Alejandro Sosa Ruda","date":"24 enero, 2026","format":false,"excerpt":"El hecho ocurri\u00f3 durante la madrugada del s\u00e1bado en el paseo costero. La v\u00edctima, de 22 a\u00f1os y oriunda de Tucum\u00e1n, sufri\u00f3 una herida en la cabeza y debi\u00f3 ser hospitalizada. 24 de enero de 2026 CHASCOM\u00daS -\u00a0 \u00a0Un violento siniestro vial se registr\u00f3 en la madrugada de este s\u00e1bado\u2026","rel":"","context":"En \u00abPOLICIALES\u00bb","block_context":{"text":"POLICIALES","link":"https:\/\/larevistadigital.com.ar\/blog\/category\/policiales\/"},"img":{"alt_text":"","src":"https:\/\/i0.wp.com\/larevistadigital.com.ar\/blog\/wp-content\/uploads\/Captura-de-pantalla-2026-01-24-123424.jpg?fit=821%2C339&ssl=1&resize=350%2C200","width":350,"height":200,"srcset":"https:\/\/i0.wp.com\/larevistadigital.com.ar\/blog\/wp-content\/uploads\/Captura-de-pantalla-2026-01-24-123424.jpg?fit=821%2C339&ssl=1&resize=350%2C200 1x, https:\/\/i0.wp.com\/larevistadigital.com.ar\/blog\/wp-content\/uploads\/Captura-de-pantalla-2026-01-24-123424.jpg?fit=821%2C339&ssl=1&resize=525%2C300 1.5x, https:\/\/i0.wp.com\/larevistadigital.com.ar\/blog\/wp-content\/uploads\/Captura-de-pantalla-2026-01-24-123424.jpg?fit=821%2C339&ssl=1&resize=700%2C400 2x"},"classes":[]},{"id":31000,"url":"https:\/\/larevistadigital.com.ar\/blog\/mar-del-plata-turistas-encontraron-el-cadaver-de-un-hombre-que-se-habia-tirado-al-mar\/","url_meta":{"origin":18866,"position":3},"title":"MAR DEL PLATA: TURISTAS ENCONTRARON EL CADAVER DE UN HOMBRE QUE SE HAB\u00cdA TIRADO AL MAR","author":"Alejandro Sosa Ruda","date":"12 abril, 2023","format":false,"excerpt":"MAR DEL PLATA -\u00a0 Luego de m\u00e1s de 24 hs. de b\u00fasqueda, finalmente encontraron en Mar del Plata el cuerpo de un hombre de 33 a\u00f1os de edad, que el d\u00eda viernes a la madrugada se arroj\u00f3 al mar para escapar de la polic\u00eda, que lo persegu\u00eda por el robo\u2026","rel":"","context":"En \u00abPOLICIALES\u00bb","block_context":{"text":"POLICIALES","link":"https:\/\/larevistadigital.com.ar\/blog\/category\/policiales\/"},"img":{"alt_text":"","src":"https:\/\/i0.wp.com\/larevistadigital.com.ar\/blog\/wp-content\/uploads\/fotojet_x98x_1.jpg_1833193316.jpg?fit=720%2C406&ssl=1&resize=350%2C200","width":350,"height":200,"srcset":"https:\/\/i0.wp.com\/larevistadigital.com.ar\/blog\/wp-content\/uploads\/fotojet_x98x_1.jpg_1833193316.jpg?fit=720%2C406&ssl=1&resize=350%2C200 1x, https:\/\/i0.wp.com\/larevistadigital.com.ar\/blog\/wp-content\/uploads\/fotojet_x98x_1.jpg_1833193316.jpg?fit=720%2C406&ssl=1&resize=525%2C300 1.5x, https:\/\/i0.wp.com\/larevistadigital.com.ar\/blog\/wp-content\/uploads\/fotojet_x98x_1.jpg_1833193316.jpg?fit=720%2C406&ssl=1&resize=700%2C400 2x"},"classes":[]},{"id":26536,"url":"https:\/\/larevistadigital.com.ar\/blog\/video-mar-del-plata-el-show-de-dos-ballenas-en-playa-grande\/","url_meta":{"origin":18866,"position":4},"title":"[VIDEO] MAR DEL PLATA: EL SHOW DE DOS BALLENAS EN PLAYA GRANDE","author":"Alejandro Sosa Ruda","date":"13 julio, 2022","format":false,"excerpt":"MAR DEL PLATA -\u00a0 Dos ballenas\u00a0aparecieron este martes a la tarde en la zona de\u00a0Playa Grande\u00a0y desplegaron su show. Las im\u00e1genes las captur\u00f3 el realizador audiovisual\u00a0Juanchi Ugalde, quien esper\u00f3 durante un tiempo largo que los animales marinos aparecieran en el mar abierto. Una vez que lo hicieron,\u00a0desde su dron grab\u00f3\u2026","rel":"","context":"En \u00abREGIONALES\u00bb","block_context":{"text":"REGIONALES","link":"https:\/\/larevistadigital.com.ar\/blog\/category\/regionales\/"},"img":{"alt_text":"","src":"https:\/\/i0.wp.com\/larevistadigital.com.ar\/blog\/wp-content\/uploads\/ballenas.png?fit=807%2C441&ssl=1&resize=350%2C200","width":350,"height":200,"srcset":"https:\/\/i0.wp.com\/larevistadigital.com.ar\/blog\/wp-content\/uploads\/ballenas.png?fit=807%2C441&ssl=1&resize=350%2C200 1x, https:\/\/i0.wp.com\/larevistadigital.com.ar\/blog\/wp-content\/uploads\/ballenas.png?fit=807%2C441&ssl=1&resize=525%2C300 1.5x, https:\/\/i0.wp.com\/larevistadigital.com.ar\/blog\/wp-content\/uploads\/ballenas.png?fit=807%2C441&ssl=1&resize=700%2C400 2x"},"classes":[]},{"id":33829,"url":"https:\/\/larevistadigital.com.ar\/blog\/mar-del-plata-denuncian-ola-de-robos-en-la-zona-de-playa-grande\/","url_meta":{"origin":18866,"position":5},"title":"MAR DEL PLATA: DENUNCIAN OLA DE ROBOS EN LA ZONA DE PLAYA GRANDE","author":"Alejandro Sosa Ruda","date":"5 octubre, 2023","format":false,"excerpt":"Varios hechos ocurrieron en las \u00faltimas horas donde se violentaron autos y comercios. 05 de octubre de 2023 MAR DEL PLATA -\u00a0 La zona de\u00a0Playa Grande\u00a0ha experimentado una semana marcada por una serie de incidentes delictivos que han generado creciente preocupaci\u00f3n entre los vecinos y comerciantes. Entre otros hechos, durante\u2026","rel":"","context":"En \u00abPOLICIALES\u00bb","block_context":{"text":"POLICIALES","link":"https:\/\/larevistadigital.com.ar\/blog\/category\/policiales\/"},"img":{"alt_text":"","src":"https:\/\/i0.wp.com\/larevistadigital.com.ar\/blog\/wp-content\/uploads\/Captura-de-pantalla-2023-10-05-115123.png?fit=802%2C457&ssl=1&resize=350%2C200","width":350,"height":200,"srcset":"https:\/\/i0.wp.com\/larevistadigital.com.ar\/blog\/wp-content\/uploads\/Captura-de-pantalla-2023-10-05-115123.png?fit=802%2C457&ssl=1&resize=350%2C200 1x, https:\/\/i0.wp.com\/larevistadigital.com.ar\/blog\/wp-content\/uploads\/Captura-de-pantalla-2023-10-05-115123.png?fit=802%2C457&ssl=1&resize=525%2C300 1.5x, https:\/\/i0.wp.com\/larevistadigital.com.ar\/blog\/wp-content\/uploads\/Captura-de-pantalla-2023-10-05-115123.png?fit=802%2C457&ssl=1&resize=700%2C400 2x"},"classes":[]}],"_links":{"self":[{"href":"https:\/\/larevistadigital.com.ar\/blog\/wp-json\/wp\/v2\/posts\/18866","targetHints":{"allow":["GET"]}}],"collection":[{"href":"https:\/\/larevistadigital.com.ar\/blog\/wp-json\/wp\/v2\/posts"}],"about":[{"href":"https:\/\/larevistadigital.com.ar\/blog\/wp-json\/wp\/v2\/types\/post"}],"author":[{"embeddable":true,"href":"https:\/\/larevistadigital.com.ar\/blog\/wp-json\/wp\/v2\/users\/3"}],"replies":[{"embeddable":true,"href":"https:\/\/larevistadigital.com.ar\/blog\/wp-json\/wp\/v2\/comments?post=18866"}],"version-history":[{"count":1,"href":"https:\/\/larevistadigital.com.ar\/blog\/wp-json\/wp\/v2\/posts\/18866\/revisions"}],"predecessor-version":[{"id":18868,"href":"https:\/\/larevistadigital.com.ar\/blog\/wp-json\/wp\/v2\/posts\/18866\/revisions\/18868"}],"wp:featuredmedia":[{"embeddable":true,"href":"https:\/\/larevistadigital.com.ar\/blog\/wp-json\/wp\/v2\/media\/18867"}],"wp:attachment":[{"href":"https:\/\/larevistadigital.com.ar\/blog\/wp-json\/wp\/v2\/media?parent=18866"}],"wp:term":[{"taxonomy":"category","embeddable":true,"href":"https:\/\/larevistadigital.com.ar\/blog\/wp-json\/wp\/v2\/categories?post=18866"},{"taxonomy":"post_tag","embeddable":true,"href":"https:\/\/larevistadigital.com.ar\/blog\/wp-json\/wp\/v2\/tags?post=18866"}],"curies":[{"name":"wp","href":"https:\/\/api.w.org\/{rel}","templated":true}]}}