{"id":18869,"date":"2021-02-15T19:08:24","date_gmt":"2021-02-15T19:08:24","guid":{"rendered":"https:\/\/larevistadigital.com.ar\/blog\/?p=18869"},"modified":"2021-02-15T19:08:24","modified_gmt":"2021-02-15T19:08:24","slug":"murio-por-coronavirus-leopoldo-jacinto-luque","status":"publish","type":"post","link":"https:\/\/larevistadigital.com.ar\/blog\/murio-por-coronavirus-leopoldo-jacinto-luque\/","title":{"rendered":"MURI\u00d3 POR CORONAVIRUS LEOPOLDO JACINTO LUQUE"},"content":{"rendered":"<h2>El excampe\u00f3n mundial se encontraba internado en la Cl\u00ednica de Cuyo<\/h2>\n<p>El exfutbolista y campe\u00f3n mundial de f\u00fatbol de 1978 con la Selecci\u00f3n Argentina, Leopoldo Jacinto Luque, falleci\u00f3 esta tarde luego de cursar una internaci\u00f3n debido al coronavirus, cuadro que fue complic\u00e1ndose paulatinamente.<\/p>\n<p>NOTICIA EN DESARROLLO<\/p>\n","protected":false},"excerpt":{"rendered":"<div class=\"mh-excerpt\"><p>El excampe\u00f3n mundial se encontraba internado en la Cl\u00ednica de Cuyo El exfutbolista y campe\u00f3n mundial de f\u00fatbol de 1978 con la Selecci\u00f3n Argentina, Leopoldo Jacinto Luque, falleci\u00f3 esta tarde luego de cursar una internaci\u00f3n <a class=\"mh-excerpt-more\" href=\"https:\/\/larevistadigital.com.ar\/blog\/murio-por-coronavirus-leopoldo-jacinto-luque\/\" title=\"MURI\u00d3 POR CORONAVIRUS LEOPOLDO JACINTO LUQUE\">[Leer M\u00e1s]<\/a><\/p>\n<\/div>","protected":false},"author":3,"featured_media":18870,"comment_status":"open","ping_status":"open","sticky":false,"template":"","format":"standard","meta":{"_jetpack_memberships_contains_paid_content":false,"footnotes":"","jetpack_publicize_message":"","jetpack_publicize_feature_enabled":true,"jetpack_social_post_already_shared":true,"jetpack_social_options":{"image_generator_settings":{"template":"highway","default_image_id":0,"font":"","enabled":false},"version":2}},"categories":[8,50],"tags":[],"class_list":{"0":"post-18869","1":"post","2":"type-post","3":"status-publish","4":"format-standard","5":"has-post-thumbnail","7":"category-deportes","8":"category-interes-general"},"jetpack_publicize_connections":[],"jetpack_featured_media_url":"https:\/\/i0.wp.com\/larevistadigital.com.ar\/blog\/wp-content\/uploads\/af3ed452cd72c6744c503fc60399f06f.jpg?fit=640%2C853&ssl=1","jetpack_sharing_enabled":true,"jetpack_shortlink":"https:\/\/wp.me\/p8qtrQ-4Ul","jetpack-related-posts":[{"id":45146,"url":"https:\/\/larevistadigital.com.ar\/blog\/muerte-de-maradona-sorpresiva-declaracion-del-neurocirujano-leopoldo-luque-en-el-juicio\/","url_meta":{"origin":18869,"position":0},"title":"Muerte de Maradona: sorpresiva declaraci\u00f3n del neurocirujano Leopoldo Luque en el juicio","author":"Alejandro Sosa Ruda","date":"16 abril, 2026","format":false,"excerpt":"En la segunda audiencia del proceso iniciado d\u00edas atr\u00e1s, el neurocirujano y m\u00e9dico de cabecera de Diego Maradona se present\u00f3 ante el Tribunal Oral en lo Criminal N\u00b07 de San Isidro. 16 de abril de 2026 La segunda audiencia del juicio por la muerte de Diego Maradona estuvo atravesada por\u00a0la\u2026","rel":"","context":"En \u00abINTERES GENERAL\u00bb","block_context":{"text":"INTERES GENERAL","link":"https:\/\/larevistadigital.com.ar\/blog\/category\/interes-general\/"},"img":{"alt_text":"","src":"https:\/\/i0.wp.com\/larevistadigital.com.ar\/blog\/wp-content\/uploads\/Captura-de-pantalla-2026-04-16-192340.jpg?fit=622%2C489&ssl=1&resize=350%2C200","width":350,"height":200,"srcset":"https:\/\/i0.wp.com\/larevistadigital.com.ar\/blog\/wp-content\/uploads\/Captura-de-pantalla-2026-04-16-192340.jpg?fit=622%2C489&ssl=1&resize=350%2C200 1x, https:\/\/i0.wp.com\/larevistadigital.com.ar\/blog\/wp-content\/uploads\/Captura-de-pantalla-2026-04-16-192340.jpg?fit=622%2C489&ssl=1&resize=525%2C300 1.5x"},"classes":[]},{"id":20917,"url":"https:\/\/larevistadigital.com.ar\/blog\/leyenda-del-boxeo-argentino-murio-en-mar-del-plata-el-ex-campeon-mundial-sergio-victor-palma\/","url_meta":{"origin":18869,"position":1},"title":"LEYENDA DEL BOXEO ARGENTINO: MURI\u00d3 EN MAR DEL PLATA EL EX CAMPE\u00d3N MUNDIAL SERGIO V\u00cdCTOR PALMA","author":"Alejandro Sosa Ruda","date":"28 junio, 2021","format":false,"excerpt":"Ten\u00eda 65 a\u00f1os y hab\u00eda sido internado con coronavirus varios d\u00edas atr\u00e1s. Viv\u00eda en esta ciudad desde 2013. Fue el primer boxeador argentino en consagrarse campe\u00f3n mundial en Estados Unidos. MAR DEL PLATA - El ex campe\u00f3n del mundo de boxeo, Sergio V\u00edctor Palma, falleci\u00f3 este lunes a los 65\u2026","rel":"","context":"En \u00abINTERES GENERAL\u00bb","block_context":{"text":"INTERES GENERAL","link":"https:\/\/larevistadigital.com.ar\/blog\/category\/interes-general\/"},"img":{"alt_text":"","src":"https:\/\/i0.wp.com\/larevistadigital.com.ar\/blog\/wp-content\/uploads\/sergio-victor-palma-1.jpg?fit=1200%2C900&ssl=1&resize=350%2C200","width":350,"height":200,"srcset":"https:\/\/i0.wp.com\/larevistadigital.com.ar\/blog\/wp-content\/uploads\/sergio-victor-palma-1.jpg?fit=1200%2C900&ssl=1&resize=350%2C200 1x, https:\/\/i0.wp.com\/larevistadigital.com.ar\/blog\/wp-content\/uploads\/sergio-victor-palma-1.jpg?fit=1200%2C900&ssl=1&resize=525%2C300 1.5x, https:\/\/i0.wp.com\/larevistadigital.com.ar\/blog\/wp-content\/uploads\/sergio-victor-palma-1.jpg?fit=1200%2C900&ssl=1&resize=700%2C400 2x, https:\/\/i0.wp.com\/larevistadigital.com.ar\/blog\/wp-content\/uploads\/sergio-victor-palma-1.jpg?fit=1200%2C900&ssl=1&resize=1050%2C600 3x"},"classes":[]},{"id":20038,"url":"https:\/\/larevistadigital.com.ar\/blog\/la-reaccion-que-tuvo-veronica-ojeda-al-leer-el-informe-de-la-junta-medica-sobre-la-muerte-de-maradona\/","url_meta":{"origin":18869,"position":2},"title":"LA REACCI\u00d3N QUE TUVO VER\u00d3NICA OJEDA AL LEER EL INFORME DE LA JUNTA M\u00c9DICA SOBRE LA MUERTE DE MARADONA","author":"Alejandro Sosa Ruda","date":"3 mayo, 2021","format":false,"excerpt":"La madre del hijo menor del jugador est\u00e1 consternada por los resultados de la investigaci\u00f3n. Seg\u00fan trascendi\u00f3, la muerte del \u00eddolo podr\u00eda haberse evitado con una buena atenci\u00f3n m\u00e9dica. El equipo m\u00e9dico de\u00a0Diego Maradona, encabezado por\u00a0Leopoldo Luque\u00a0y la psiquiatra\u00a0Agustina Cosachov\u00a0actu\u00f3 de manera \"inadecuada, deficiente y temeraria\", seg\u00fan determin\u00f3 el informe\u2026","rel":"","context":"En \u00abINTERES GENERAL\u00bb","block_context":{"text":"INTERES GENERAL","link":"https:\/\/larevistadigital.com.ar\/blog\/category\/interes-general\/"},"img":{"alt_text":"","src":"https:\/\/i0.wp.com\/larevistadigital.com.ar\/blog\/wp-content\/uploads\/unnamed-file.jpg?fit=730%2C430&ssl=1&resize=350%2C200","width":350,"height":200,"srcset":"https:\/\/i0.wp.com\/larevistadigital.com.ar\/blog\/wp-content\/uploads\/unnamed-file.jpg?fit=730%2C430&ssl=1&resize=350%2C200 1x, https:\/\/i0.wp.com\/larevistadigital.com.ar\/blog\/wp-content\/uploads\/unnamed-file.jpg?fit=730%2C430&ssl=1&resize=525%2C300 1.5x, https:\/\/i0.wp.com\/larevistadigital.com.ar\/blog\/wp-content\/uploads\/unnamed-file.jpg?fit=730%2C430&ssl=1&resize=700%2C400 2x"},"classes":[]},{"id":26464,"url":"https:\/\/larevistadigital.com.ar\/blog\/mar-del-plata-fue-detenido-por-dispararle-en-la-cara-a-su-ex-pareja\/","url_meta":{"origin":18869,"position":3},"title":"MAR DEL PLATA: FUE DETENIDO POR DISPARARLE EN LA CARA A SU EX PAREJA","author":"Alejandro Sosa Ruda","date":"11 julio, 2022","format":false,"excerpt":"Ocurri\u00f3 el domingo a la noche en Avenida Jacinto Peralta Ramos y Puan. La v\u00edctima tiene 36 a\u00f1os y qued\u00f3 internada en el Hospital Interzonal, mientras que el agresor, de 75, fue imputado por \"homicidio en grado de tentativa\". MAR DEL PLATA -\u00a0 Un hombre de 75 a\u00f1os\u00a0fue detenido el\u2026","rel":"","context":"En \u00abPOLICIALES\u00bb","block_context":{"text":"POLICIALES","link":"https:\/\/larevistadigital.com.ar\/blog\/category\/policiales\/"},"img":{"alt_text":"","src":"https:\/\/i0.wp.com\/larevistadigital.com.ar\/blog\/wp-content\/uploads\/Captura-de-pantalla-2022-07-11-114528.png?fit=618%2C455&ssl=1&resize=350%2C200","width":350,"height":200,"srcset":"https:\/\/i0.wp.com\/larevistadigital.com.ar\/blog\/wp-content\/uploads\/Captura-de-pantalla-2022-07-11-114528.png?fit=618%2C455&ssl=1&resize=350%2C200 1x, https:\/\/i0.wp.com\/larevistadigital.com.ar\/blog\/wp-content\/uploads\/Captura-de-pantalla-2022-07-11-114528.png?fit=618%2C455&ssl=1&resize=525%2C300 1.5x"},"classes":[]},{"id":45083,"url":"https:\/\/larevistadigital.com.ar\/blog\/el-juicio-por-la-muerte-de-diego-maradona-vuelve-a-empezar-nuevo-proceso-mas-testigos-y-la-misma-pregunta-de-fondo\/","url_meta":{"origin":18869,"position":4},"title":"El juicio por la muerte de Diego Maradona vuelve a empezar: nuevo proceso, m\u00e1s testigos y la misma pregunta de fondo","author":"Alejandro Sosa Ruda","date":"12 abril, 2026","format":false,"excerpt":"Tras la anulaci\u00f3n por un esc\u00e1ndalo judicial, el debate se reinicia en San Isidro con estrategias renovadas y una fuerte expectativa sobre las responsabilidades en la muerte del \u00eddolo. 12 de abril de 2026 El juicio por la muerte de Diego Maradona comenzar\u00e1 nuevamente desde cero este martes en los\u2026","rel":"","context":"En \u00abINTERES GENERAL\u00bb","block_context":{"text":"INTERES GENERAL","link":"https:\/\/larevistadigital.com.ar\/blog\/category\/interes-general\/"},"img":{"alt_text":"","src":"https:\/\/i0.wp.com\/larevistadigital.com.ar\/blog\/wp-content\/uploads\/Captura-de-pantalla-2026-04-12-224841.jpg?fit=788%2C522&ssl=1&resize=350%2C200","width":350,"height":200,"srcset":"https:\/\/i0.wp.com\/larevistadigital.com.ar\/blog\/wp-content\/uploads\/Captura-de-pantalla-2026-04-12-224841.jpg?fit=788%2C522&ssl=1&resize=350%2C200 1x, https:\/\/i0.wp.com\/larevistadigital.com.ar\/blog\/wp-content\/uploads\/Captura-de-pantalla-2026-04-12-224841.jpg?fit=788%2C522&ssl=1&resize=525%2C300 1.5x, https:\/\/i0.wp.com\/larevistadigital.com.ar\/blog\/wp-content\/uploads\/Captura-de-pantalla-2026-04-12-224841.jpg?fit=788%2C522&ssl=1&resize=700%2C400 2x"},"classes":[]},{"id":33230,"url":"https:\/\/larevistadigital.com.ar\/blog\/vuelta-al-barbijo-la-oms-advierte-por-una-nueva-ola-de-covid-19\/","url_meta":{"origin":18869,"position":5},"title":"\u00bfVUELTA AL BARBIJO?: LA OMS ADVIERTE POR UNA NUEVA OLA DE COVID 19","author":"Alejandro Sosa Ruda","date":"3 septiembre, 2023","format":false,"excerpt":"Entre el 31 de julio y el 27 de agosto se han notificado a la Organizaci\u00f3n Mundial de la Salud (OMS) m\u00e1s de 1,4 millones de casos nuevos de covid-19, lo que supone un aumento del 38 % respecto a los 28 d\u00edas previos. Corea del Sur es el pa\u00eds\u2026","rel":"","context":"En \u00abINTERES GENERAL\u00bb","block_context":{"text":"INTERES GENERAL","link":"https:\/\/larevistadigital.com.ar\/blog\/category\/interes-general\/"},"img":{"alt_text":"","src":"https:\/\/i0.wp.com\/larevistadigital.com.ar\/blog\/wp-content\/uploads\/20230903161432_oms-alertaa-covid-bondi.jpg?fit=880%2C512&ssl=1&resize=350%2C200","width":350,"height":200,"srcset":"https:\/\/i0.wp.com\/larevistadigital.com.ar\/blog\/wp-content\/uploads\/20230903161432_oms-alertaa-covid-bondi.jpg?fit=880%2C512&ssl=1&resize=350%2C200 1x, https:\/\/i0.wp.com\/larevistadigital.com.ar\/blog\/wp-content\/uploads\/20230903161432_oms-alertaa-covid-bondi.jpg?fit=880%2C512&ssl=1&resize=525%2C300 1.5x, https:\/\/i0.wp.com\/larevistadigital.com.ar\/blog\/wp-content\/uploads\/20230903161432_oms-alertaa-covid-bondi.jpg?fit=880%2C512&ssl=1&resize=700%2C400 2x"},"classes":[]}],"_links":{"self":[{"href":"https:\/\/larevistadigital.com.ar\/blog\/wp-json\/wp\/v2\/posts\/18869","targetHints":{"allow":["GET"]}}],"collection":[{"href":"https:\/\/larevistadigital.com.ar\/blog\/wp-json\/wp\/v2\/posts"}],"about":[{"href":"https:\/\/larevistadigital.com.ar\/blog\/wp-json\/wp\/v2\/types\/post"}],"author":[{"embeddable":true,"href":"https:\/\/larevistadigital.com.ar\/blog\/wp-json\/wp\/v2\/users\/3"}],"replies":[{"embeddable":true,"href":"https:\/\/larevistadigital.com.ar\/blog\/wp-json\/wp\/v2\/comments?post=18869"}],"version-history":[{"count":2,"href":"https:\/\/larevistadigital.com.ar\/blog\/wp-json\/wp\/v2\/posts\/18869\/revisions"}],"predecessor-version":[{"id":18872,"href":"https:\/\/larevistadigital.com.ar\/blog\/wp-json\/wp\/v2\/posts\/18869\/revisions\/18872"}],"wp:featuredmedia":[{"embeddable":true,"href":"https:\/\/larevistadigital.com.ar\/blog\/wp-json\/wp\/v2\/media\/18870"}],"wp:attachment":[{"href":"https:\/\/larevistadigital.com.ar\/blog\/wp-json\/wp\/v2\/media?parent=18869"}],"wp:term":[{"taxonomy":"category","embeddable":true,"href":"https:\/\/larevistadigital.com.ar\/blog\/wp-json\/wp\/v2\/categories?post=18869"},{"taxonomy":"post_tag","embeddable":true,"href":"https:\/\/larevistadigital.com.ar\/blog\/wp-json\/wp\/v2\/tags?post=18869"}],"curies":[{"name":"wp","href":"https:\/\/api.w.org\/{rel}","templated":true}]}}