{"id":18897,"date":"2021-02-17T19:06:04","date_gmt":"2021-02-17T19:06:04","guid":{"rendered":"https:\/\/larevistadigital.com.ar\/blog\/?p=18897"},"modified":"2021-02-17T19:06:04","modified_gmt":"2021-02-17T19:06:04","slug":"increible-durante-la-manana-dos-autos-cayeron-por-la-misma-bajada-en-punta-mogotes","status":"publish","type":"post","link":"https:\/\/larevistadigital.com.ar\/blog\/increible-durante-la-manana-dos-autos-cayeron-por-la-misma-bajada-en-punta-mogotes\/","title":{"rendered":"INCRE\u00cdBLE: DURANTE LA MA\u00d1ANA, DOS AUTOS CAYERON POR LA MISMA BAJADA EN PUNTA MOGOTES"},"content":{"rendered":"<h2 class=\"intro\">Ocurri\u00f3 este mi\u00e9rcoles en Avenida de los Trabajadores al 4600. Colocar\u00e1n un guardrail para evitar mayores accidentes.<\/h2>\n<p><strong>MAR DEL PLATA &#8211; <\/strong>El barrio de\u00a0<strong>Punta Mogotes<\/strong>\u00a0de Mar del Plata fue epicentro de un ins\u00f3lito episodio: en horas de la ma\u00f1ana de este mi\u00e9rcoles,\u00a0<strong>dos autos\u00a0protagonizaron dos siniestros viales distintos<\/strong>\u00a0en la misma bajada &#8211; que estaba\u00a0mal se\u00f1alizada ubicada sobre\u00a0Avenida de los Trabajadores al 4600.<\/p>\n<blockquote>\n<h3>Los accidentes ocurrieron este mi\u00e9rcoles con apenas horas de diferencia cuando dos veh\u00edculos que circulaban por las calles de Punta Mogotes\u00a0<strong>intentaron retomar por la avenida en sentido hacia el Puerto.<\/strong><\/h3>\n<\/blockquote>\n<p>El primero de ellos ocurri\u00f3 en horas de la ma\u00f1ana y tuvo como protagonista a un Volkswagen Gol que intent\u00f3\u00a0<strong>descender por la bajada peatonal<\/strong>\u00a0que no esta se\u00f1alizada con un\u00a0guardrail. Luego,\u00a0<strong>el accidente se replic\u00f3 en las primeras horas de la tarde de forma id\u00e9ntica<\/strong>\u00a0con un\u00a0Chevrolet Cruze.<\/p>\n<blockquote>\n<h3>Ambos accidentes motivaron la intervenci\u00f3n de personal de Defensa Civil y afortunadamente no revistieron heridas de consideraci\u00f3n entre los automovilistas. Fuentes oficiales y testigos confiaron a\u00a0<strong>0223<\/strong>\u00a0en que no es la primera vez que ocurre un hecho de estas caracter\u00edsticas.<\/h3>\n<\/blockquote>\n<p>A ra\u00edz de los reiterados accidentes que ocurren en el lugar, Defensa Civil y el \u00e1rea de Tr\u00e1nsito de la Municipalidad de General Pueyrredon acordaron colocar un\u00a0guardrail el pr\u00f3ximo jueves para evitar nuevos accidentes y mayores tragedias.<\/p>\n","protected":false},"excerpt":{"rendered":"<div class=\"mh-excerpt\"><p>Ocurri\u00f3 este mi\u00e9rcoles en Avenida de los Trabajadores al 4600. Colocar\u00e1n un guardrail para evitar mayores accidentes. MAR DEL PLATA &#8211; El barrio de\u00a0Punta Mogotes\u00a0de Mar del Plata fue epicentro de un ins\u00f3lito episodio: en <a class=\"mh-excerpt-more\" href=\"https:\/\/larevistadigital.com.ar\/blog\/increible-durante-la-manana-dos-autos-cayeron-por-la-misma-bajada-en-punta-mogotes\/\" title=\"INCRE\u00cdBLE: DURANTE LA MA\u00d1ANA, DOS AUTOS CAYERON POR LA MISMA BAJADA EN PUNTA MOGOTES\">[Leer M\u00e1s]<\/a><\/p>\n<\/div>","protected":false},"author":3,"featured_media":18898,"comment_status":"open","ping_status":"open","sticky":false,"template":"","format":"standard","meta":{"_jetpack_memberships_contains_paid_content":false,"footnotes":"","jetpack_publicize_message":"","jetpack_publicize_feature_enabled":true,"jetpack_social_post_already_shared":true,"jetpack_social_options":{"image_generator_settings":{"template":"highway","default_image_id":0,"font":"","enabled":false},"version":2}},"categories":[51],"tags":[],"class_list":{"0":"post-18897","1":"post","2":"type-post","3":"status-publish","4":"format-standard","5":"has-post-thumbnail","7":"category-regionales"},"jetpack_publicize_connections":[],"jetpack_featured_media_url":"https:\/\/i0.wp.com\/larevistadigital.com.ar\/blog\/wp-content\/uploads\/Captura-13.png?fit=999%2C561&ssl=1","jetpack_sharing_enabled":true,"jetpack_shortlink":"https:\/\/wp.me\/p8qtrQ-4UN","jetpack-related-posts":[{"id":14258,"url":"https:\/\/larevistadigital.com.ar\/blog\/mar-del-plata-violento-vuelco-en-punta-mogotes-con-tres-hospitalizados\/","url_meta":{"origin":18897,"position":0},"title":"MAR DEL PLATA: VIOLENTO VUELCO EN PUNTA MOGOTES CON TRES HOSPITALIZADOS","author":"Alejandro Sosa Ruda","date":"19 enero, 2020","format":false,"excerpt":"El siniestro se registr\u00f3 alrededor de las 9 sobre Avenida de Los Trabajadores al 1500.\u00a0 Tres personas trasladadas al Hospital Interzonal General de Agudos (Higa) fue el saldo que dej\u00f3 un impactante vuelco que\u00a0se registr\u00f3 en horas de la ma\u00f1ana de este domingo en la zona de Punta Mogotes. El\u2026","rel":"","context":"En \u00abPOLICIALES\u00bb","block_context":{"text":"POLICIALES","link":"https:\/\/larevistadigital.com.ar\/blog\/category\/policiales\/"},"img":{"alt_text":"","src":"https:\/\/i0.wp.com\/larevistadigital.com.ar\/blog\/wp-content\/uploads\/1579438155619.jpeg?fit=790%2C444&ssl=1&resize=350%2C200","width":350,"height":200,"srcset":"https:\/\/i0.wp.com\/larevistadigital.com.ar\/blog\/wp-content\/uploads\/1579438155619.jpeg?fit=790%2C444&ssl=1&resize=350%2C200 1x, https:\/\/i0.wp.com\/larevistadigital.com.ar\/blog\/wp-content\/uploads\/1579438155619.jpeg?fit=790%2C444&ssl=1&resize=525%2C300 1.5x, https:\/\/i0.wp.com\/larevistadigital.com.ar\/blog\/wp-content\/uploads\/1579438155619.jpeg?fit=790%2C444&ssl=1&resize=700%2C400 2x"},"classes":[]},{"id":8018,"url":"https:\/\/larevistadigital.com.ar\/blog\/mar-del-plata-turista-muere-ahogado-en-punta-mogotes\/","url_meta":{"origin":18897,"position":1},"title":"MAR DEL PLATA: TURISTA MUERE AHOGADO EN PUNTA MOGOTES","author":"Alejandro Sosa Ruda","date":"28 enero, 2019","format":false,"excerpt":"Un turista de aproximadamente 40 a\u00f1os muri\u00f3 ahogado este lunes por la tarde a la altura de los balnearios 2 y 3 de Punta Mogotes. El hombre fue socorrido en primera instancia por guardavidas y luego fue trasladado de urgencia al Hospital Interzonal General de Agudos (Higa), donde finalmente falleci\u00f3.\u2026","rel":"","context":"En \u00abPOLICIALES\u00bb","block_context":{"text":"POLICIALES","link":"https:\/\/larevistadigital.com.ar\/blog\/category\/policiales\/"},"img":{"alt_text":"","src":"https:\/\/i0.wp.com\/larevistadigital.com.ar\/blog\/wp-content\/uploads\/2019\/01\/Playa-Verano-temporada-2017-Punta-Mogotes-Carpas-4283.jpg?fit=1200%2C732&ssl=1&resize=350%2C200","width":350,"height":200,"srcset":"https:\/\/i0.wp.com\/larevistadigital.com.ar\/blog\/wp-content\/uploads\/2019\/01\/Playa-Verano-temporada-2017-Punta-Mogotes-Carpas-4283.jpg?fit=1200%2C732&ssl=1&resize=350%2C200 1x, https:\/\/i0.wp.com\/larevistadigital.com.ar\/blog\/wp-content\/uploads\/2019\/01\/Playa-Verano-temporada-2017-Punta-Mogotes-Carpas-4283.jpg?fit=1200%2C732&ssl=1&resize=525%2C300 1.5x, https:\/\/i0.wp.com\/larevistadigital.com.ar\/blog\/wp-content\/uploads\/2019\/01\/Playa-Verano-temporada-2017-Punta-Mogotes-Carpas-4283.jpg?fit=1200%2C732&ssl=1&resize=700%2C400 2x, https:\/\/i0.wp.com\/larevistadigital.com.ar\/blog\/wp-content\/uploads\/2019\/01\/Playa-Verano-temporada-2017-Punta-Mogotes-Carpas-4283.jpg?fit=1200%2C732&ssl=1&resize=1050%2C600 3x"},"classes":[]},{"id":18642,"url":"https:\/\/larevistadigital.com.ar\/blog\/mardel-dos-fiestas-clandestinas-simultaneas-con-500-personas-en-cada-una-el-descontrol-en-punta-mogotes\/","url_meta":{"origin":18897,"position":2},"title":"MARDEL: DOS FIESTAS CLANDESTINAS SIMULT\u00c1NEAS CON 500 PERSONAS EN CADA UNA. EL DESCONTROL EN PUNTA MOGOTES","author":"Alejandro Sosa Ruda","date":"15 enero, 2021","format":false,"excerpt":"Dos j\u00f3venes rosarinos alquilaron un chalet en Punta Mogotes. Uno la planta de arriba y otro la de abajo. La justicia los imput\u00f3 por organizar fiestas clandestinas y ahora ser\u00e1n indagados. Dos j\u00f3venes rosarinos\u00a0enfrentan una\u00a0causa judicial\u00a0por la organizaci\u00f3n de fiestas clandestinas en un inmueble alquilado en la\u00a0zona de Punta Mogotes,\u00a0una\u2026","rel":"","context":"En \u00abPOLICIALES\u00bb","block_context":{"text":"POLICIALES","link":"https:\/\/larevistadigital.com.ar\/blog\/category\/policiales\/"},"img":{"alt_text":"","src":"https:\/\/i0.wp.com\/larevistadigital.com.ar\/blog\/wp-content\/uploads\/Screenshot_1-198.jpg?fit=1003%2C566&ssl=1&resize=350%2C200","width":350,"height":200,"srcset":"https:\/\/i0.wp.com\/larevistadigital.com.ar\/blog\/wp-content\/uploads\/Screenshot_1-198.jpg?fit=1003%2C566&ssl=1&resize=350%2C200 1x, https:\/\/i0.wp.com\/larevistadigital.com.ar\/blog\/wp-content\/uploads\/Screenshot_1-198.jpg?fit=1003%2C566&ssl=1&resize=525%2C300 1.5x, https:\/\/i0.wp.com\/larevistadigital.com.ar\/blog\/wp-content\/uploads\/Screenshot_1-198.jpg?fit=1003%2C566&ssl=1&resize=700%2C400 2x"},"classes":[]},{"id":23103,"url":"https:\/\/larevistadigital.com.ar\/blog\/mar-del-plata-se-ahogo-un-hombre-en-uno-de-los-balnearios-de-punta-mogotes\/","url_meta":{"origin":18897,"position":3},"title":"MAR DEL PLATA: SE AHOG\u00d3 UN HOMBRE EN UNO DE LOS BALNEARIOS DE PUNTA MOGOTES","author":"Alejandro Sosa Ruda","date":"29 diciembre, 2021","format":false,"excerpt":"Era un hombre de aproximadamente 70 a\u00f1os que se hallaba en la zona p\u00fablica cercana al balneario N\u00b05 de Mogotes. MAR DEL PLATA -\u00a0 Un hombre de avanzada edad falleci\u00f3 esta tarde ahogado en uno de los balnearios de Punta Mogotes en circunstancias que ahora investigan las autoridades judiciales y\u2026","rel":"","context":"En \u00abPOLICIALES\u00bb","block_context":{"text":"POLICIALES","link":"https:\/\/larevistadigital.com.ar\/blog\/category\/policiales\/"},"img":{"alt_text":"","src":"https:\/\/i0.wp.com\/larevistadigital.com.ar\/blog\/wp-content\/uploads\/punta-mogotes-1.jpg?fit=1010%2C615&ssl=1&resize=350%2C200","width":350,"height":200,"srcset":"https:\/\/i0.wp.com\/larevistadigital.com.ar\/blog\/wp-content\/uploads\/punta-mogotes-1.jpg?fit=1010%2C615&ssl=1&resize=350%2C200 1x, https:\/\/i0.wp.com\/larevistadigital.com.ar\/blog\/wp-content\/uploads\/punta-mogotes-1.jpg?fit=1010%2C615&ssl=1&resize=525%2C300 1.5x, https:\/\/i0.wp.com\/larevistadigital.com.ar\/blog\/wp-content\/uploads\/punta-mogotes-1.jpg?fit=1010%2C615&ssl=1&resize=700%2C400 2x"},"classes":[]},{"id":18217,"url":"https:\/\/larevistadigital.com.ar\/blog\/encuentran-huesos-humanos-en-una-playa-de-punta-mogotes-atencion-la-nota-contiene-la-imagen-que-podria-herir-la-sensibilidad-de-algunas-personas\/","url_meta":{"origin":18897,"position":4},"title":"ENCUENTRAN HUESOS HUMANOS EN UNA PLAYA DE PUNTA MOGOTES (ATENCI\u00d3N: LA NOTA CONTIENE LA IMAGEN, QUE PODR\u00cdA HERIR LA SENSIBILIDAD DE ALGUNAS PERSONAS)","author":"Alejandro Sosa Ruda","date":"18 diciembre, 2020","format":false,"excerpt":"El hallazgo ocurri\u00f3 esta ma\u00f1ana y ser\u00edan de alguna extremidad humano, La zona qued\u00f3 resguardada e investigan el origen de los huesos. Una d\u00eda de playa en Punta Mogotes tuvo un resultado inesperado para un grupo de personas que hallaron huesos aparentemente humanos y, ante tan macabra situaci\u00f3n, llamaron a\u2026","rel":"","context":"En \u00abPOLICIALES\u00bb","block_context":{"text":"POLICIALES","link":"https:\/\/larevistadigital.com.ar\/blog\/category\/policiales\/"},"img":{"alt_text":"","src":"https:\/\/i0.wp.com\/larevistadigital.com.ar\/blog\/wp-content\/uploads\/punta-mogotes.jpg?fit=1200%2C675&ssl=1&resize=350%2C200","width":350,"height":200,"srcset":"https:\/\/i0.wp.com\/larevistadigital.com.ar\/blog\/wp-content\/uploads\/punta-mogotes.jpg?fit=1200%2C675&ssl=1&resize=350%2C200 1x, https:\/\/i0.wp.com\/larevistadigital.com.ar\/blog\/wp-content\/uploads\/punta-mogotes.jpg?fit=1200%2C675&ssl=1&resize=525%2C300 1.5x, https:\/\/i0.wp.com\/larevistadigital.com.ar\/blog\/wp-content\/uploads\/punta-mogotes.jpg?fit=1200%2C675&ssl=1&resize=700%2C400 2x, https:\/\/i0.wp.com\/larevistadigital.com.ar\/blog\/wp-content\/uploads\/punta-mogotes.jpg?fit=1200%2C675&ssl=1&resize=1050%2C600 3x"},"classes":[]},{"id":22927,"url":"https:\/\/larevistadigital.com.ar\/blog\/mar-del-plata-choque-y-vuelco-en-colon-y-guemes\/","url_meta":{"origin":18897,"position":5},"title":"MAR DEL PLATA: CHOQUE Y VUELCO EN COL\u00d3N Y G\u00dcEMES","author":"Alejandro Sosa Ruda","date":"8 diciembre, 2021","format":false,"excerpt":"El siniestro vial se produjo durante las primeras horas de la ma\u00f1ana de este mi\u00e9rcoles. Un fuerte\u00a0choque y vuelco\u00a0se produjo durante las primeras horas de la ma\u00f1ana de este mi\u00e9rcoles en la zona de la avenida\u00a0Col\u00f3n a la altura de la calle G\u00fcemes:\u00a0el conductor de un auto perdi\u00f3 el control\u2026","rel":"","context":"En \u00abPOLICIALES\u00bb","block_context":{"text":"POLICIALES","link":"https:\/\/larevistadigital.com.ar\/blog\/category\/policiales\/"},"img":{"alt_text":"","src":"https:\/\/i0.wp.com\/larevistadigital.com.ar\/blog\/wp-content\/uploads\/choque-guemes-y-colon-dic-2021.jpg?fit=770%2C433&ssl=1&resize=350%2C200","width":350,"height":200,"srcset":"https:\/\/i0.wp.com\/larevistadigital.com.ar\/blog\/wp-content\/uploads\/choque-guemes-y-colon-dic-2021.jpg?fit=770%2C433&ssl=1&resize=350%2C200 1x, https:\/\/i0.wp.com\/larevistadigital.com.ar\/blog\/wp-content\/uploads\/choque-guemes-y-colon-dic-2021.jpg?fit=770%2C433&ssl=1&resize=525%2C300 1.5x, https:\/\/i0.wp.com\/larevistadigital.com.ar\/blog\/wp-content\/uploads\/choque-guemes-y-colon-dic-2021.jpg?fit=770%2C433&ssl=1&resize=700%2C400 2x"},"classes":[]}],"_links":{"self":[{"href":"https:\/\/larevistadigital.com.ar\/blog\/wp-json\/wp\/v2\/posts\/18897","targetHints":{"allow":["GET"]}}],"collection":[{"href":"https:\/\/larevistadigital.com.ar\/blog\/wp-json\/wp\/v2\/posts"}],"about":[{"href":"https:\/\/larevistadigital.com.ar\/blog\/wp-json\/wp\/v2\/types\/post"}],"author":[{"embeddable":true,"href":"https:\/\/larevistadigital.com.ar\/blog\/wp-json\/wp\/v2\/users\/3"}],"replies":[{"embeddable":true,"href":"https:\/\/larevistadigital.com.ar\/blog\/wp-json\/wp\/v2\/comments?post=18897"}],"version-history":[{"count":1,"href":"https:\/\/larevistadigital.com.ar\/blog\/wp-json\/wp\/v2\/posts\/18897\/revisions"}],"predecessor-version":[{"id":18899,"href":"https:\/\/larevistadigital.com.ar\/blog\/wp-json\/wp\/v2\/posts\/18897\/revisions\/18899"}],"wp:featuredmedia":[{"embeddable":true,"href":"https:\/\/larevistadigital.com.ar\/blog\/wp-json\/wp\/v2\/media\/18898"}],"wp:attachment":[{"href":"https:\/\/larevistadigital.com.ar\/blog\/wp-json\/wp\/v2\/media?parent=18897"}],"wp:term":[{"taxonomy":"category","embeddable":true,"href":"https:\/\/larevistadigital.com.ar\/blog\/wp-json\/wp\/v2\/categories?post=18897"},{"taxonomy":"post_tag","embeddable":true,"href":"https:\/\/larevistadigital.com.ar\/blog\/wp-json\/wp\/v2\/tags?post=18897"}],"curies":[{"name":"wp","href":"https:\/\/api.w.org\/{rel}","templated":true}]}}