{"id":189,"date":"2017-02-12T02:26:37","date_gmt":"2017-02-12T02:26:37","guid":{"rendered":"https:\/\/larevistadigital.com.ar\/blog\/?p=189"},"modified":"2017-02-12T02:26:37","modified_gmt":"2017-02-12T02:26:37","slug":"autoridades-municipales-manifestaron-apoyo-la-subsecretaria-seguridad","status":"publish","type":"post","link":"https:\/\/larevistadigital.com.ar\/blog\/autoridades-municipales-manifestaron-apoyo-la-subsecretaria-seguridad\/","title":{"rendered":"Autoridades municipales manifestaron su apoyo a la Subsecretaria de Seguridad"},"content":{"rendered":"<p>El Intendente de Lezama, Arnaldo Harispe y todos los integrantes de su gabinete de colaboradores desean expresar su total apoyo y colaboraci\u00f3n a la Subsecretaria de Seguridad del Municipio, Sra. Pamela Ferreyra, que d\u00edas pasados fue embestida por un motociclista cuando desempe\u00f1aba tareas preventivas en el tr\u00e1nsito urbano.<\/p>\n<p>Las autoridades repudian este tipo de acciones que atentan contra la integridad f\u00edsica del personal de seguridad y de toda la comunidad de Lezama, en virtud de que cada control se realiza para ordenar la forma en que transitan los vecinos, a favor de la seguridad de todos, incluso de los que sistem\u00e1ticamente violan las normas de tr\u00e1nsito.<\/p>\n<p>Se debe tener en cuenta en cuenta que as\u00ed como <strong><em>la seguridad la hacemos entre todos\u2026<\/em><\/strong>cada mala maniobra tiene consecuencias sobre uno mismo y su entorno.<\/p>\n<p><a href=\"https:\/\/i0.wp.com\/larevistadigital.com.ar\/blog\/wp-content\/uploads\/2017\/02\/PAMELA-FERREYRA.jpg?ssl=1\"><img data-recalc-dims=\"1\" loading=\"lazy\" decoding=\"async\" class=\"alignnone size-medium wp-image-190\" src=\"https:\/\/i0.wp.com\/larevistadigital.com.ar\/blog\/wp-content\/uploads\/2017\/02\/PAMELA-FERREYRA.jpg?resize=300%2C215&#038;ssl=1\" alt=\"\" width=\"300\" height=\"215\" srcset=\"https:\/\/i0.wp.com\/larevistadigital.com.ar\/blog\/wp-content\/uploads\/2017\/02\/PAMELA-FERREYRA.jpg?resize=300%2C215&amp;ssl=1 300w, https:\/\/i0.wp.com\/larevistadigital.com.ar\/blog\/wp-content\/uploads\/2017\/02\/PAMELA-FERREYRA.jpg?resize=768%2C551&amp;ssl=1 768w, https:\/\/i0.wp.com\/larevistadigital.com.ar\/blog\/wp-content\/uploads\/2017\/02\/PAMELA-FERREYRA.jpg?w=821&amp;ssl=1 821w\" sizes=\"auto, (max-width: 300px) 100vw, 300px\" \/><\/a><\/p>\n","protected":false},"excerpt":{"rendered":"<div class=\"mh-excerpt\"><p>El Intendente de Lezama, Arnaldo Harispe y todos los integrantes de su gabinete de colaboradores desean expresar su total apoyo y colaboraci\u00f3n a la Subsecretaria de Seguridad del Municipio, Sra. Pamela Ferreyra, que d\u00edas pasados <a class=\"mh-excerpt-more\" href=\"https:\/\/larevistadigital.com.ar\/blog\/autoridades-municipales-manifestaron-apoyo-la-subsecretaria-seguridad\/\" title=\"Autoridades municipales manifestaron su apoyo a la Subsecretaria de Seguridad\">[Leer M\u00e1s]<\/a><\/p>\n<\/div>","protected":false},"author":2,"featured_media":190,"comment_status":"open","ping_status":"open","sticky":false,"template":"","format":"standard","meta":{"_jetpack_memberships_contains_paid_content":false,"footnotes":"","jetpack_publicize_message":"","jetpack_publicize_feature_enabled":true,"jetpack_social_post_already_shared":false,"jetpack_social_options":{"image_generator_settings":{"template":"highway","default_image_id":0,"font":"","enabled":false},"version":2}},"categories":[7],"tags":[],"class_list":{"0":"post-189","1":"post","2":"type-post","3":"status-publish","4":"format-standard","5":"has-post-thumbnail","7":"category-lezama"},"jetpack_publicize_connections":[],"jetpack_featured_media_url":"https:\/\/i0.wp.com\/larevistadigital.com.ar\/blog\/wp-content\/uploads\/2017\/02\/PAMELA-FERREYRA.jpg?fit=821%2C589&ssl=1","jetpack_sharing_enabled":true,"jetpack_shortlink":"https:\/\/wp.me\/p8qtrQ-33","jetpack-related-posts":[{"id":10901,"url":"https:\/\/larevistadigital.com.ar\/blog\/lezama-fue-sede-de-las-jornadas-de-seguridad-en-el-transito\/","url_meta":{"origin":189,"position":0},"title":"LEZAMA FUE SEDE DE LAS JORNADAS DE SEGURIDAD EN EL TR\u00c1NSITO","author":"Alejandro Sosa Ruda","date":"28 junio, 2019","format":false,"excerpt":"Durante las jornadas del martes 25 y mi\u00e9rcoles 26 de junio, en el Quincho del Club Independiente, Lezama fue el municipio anfitri\u00f3n para el desarrollo de una capacitaci\u00f3n integral destinada a integrantes de las fuerzas de seguridad que intervienen en el tr\u00e1nsito urbano y rural. La coordinaci\u00f3n de la actividad\u2026","rel":"","context":"En \u00abLEZAMA\u00bb","block_context":{"text":"LEZAMA","link":"https:\/\/larevistadigital.com.ar\/blog\/category\/lezama\/"},"img":{"alt_text":"","src":"https:\/\/i0.wp.com\/larevistadigital.com.ar\/blog\/wp-content\/uploads\/65022076_1489156487943714_8726208621492305920_o.jpg?fit=1200%2C802&ssl=1&resize=350%2C200","width":350,"height":200,"srcset":"https:\/\/i0.wp.com\/larevistadigital.com.ar\/blog\/wp-content\/uploads\/65022076_1489156487943714_8726208621492305920_o.jpg?fit=1200%2C802&ssl=1&resize=350%2C200 1x, https:\/\/i0.wp.com\/larevistadigital.com.ar\/blog\/wp-content\/uploads\/65022076_1489156487943714_8726208621492305920_o.jpg?fit=1200%2C802&ssl=1&resize=525%2C300 1.5x, https:\/\/i0.wp.com\/larevistadigital.com.ar\/blog\/wp-content\/uploads\/65022076_1489156487943714_8726208621492305920_o.jpg?fit=1200%2C802&ssl=1&resize=700%2C400 2x, https:\/\/i0.wp.com\/larevistadigital.com.ar\/blog\/wp-content\/uploads\/65022076_1489156487943714_8726208621492305920_o.jpg?fit=1200%2C802&ssl=1&resize=1050%2C600 3x"},"classes":[]},{"id":9206,"url":"https:\/\/larevistadigital.com.ar\/blog\/lezama-cambios-en-la-cupula-policial\/","url_meta":{"origin":189,"position":1},"title":"LEZAMA: CAMBIOS EN LA C\u00daPULA POLICIAL","author":"Alejandro Sosa Ruda","date":"19 marzo, 2019","format":false,"excerpt":"Se entreg\u00f3 un reconocimiento al Comisario Inspector Mart\u00edn Toffan\u00edn, que a partir de ahora cumplir\u00e1 funciones en una Direcci\u00f3n de la Polic\u00eda Vial. Arr\u00faa y Medley ser\u00e1n las autoridades de la Comisar\u00eda y la Jefatura de Polic\u00eda, respectivamente. En la ma\u00f1ana de ayer el Intendente Municipal Arnaldo Harispe puso en\u2026","rel":"","context":"En \u00abLEZAMA\u00bb","block_context":{"text":"LEZAMA","link":"https:\/\/larevistadigital.com.ar\/blog\/category\/lezama\/"},"img":{"alt_text":"","src":"https:\/\/i0.wp.com\/larevistadigital.com.ar\/blog\/wp-content\/uploads\/2019\/03\/53722928_1423761111149919_6746160025804210176_o.jpg?fit=1200%2C740&ssl=1&resize=350%2C200","width":350,"height":200,"srcset":"https:\/\/i0.wp.com\/larevistadigital.com.ar\/blog\/wp-content\/uploads\/2019\/03\/53722928_1423761111149919_6746160025804210176_o.jpg?fit=1200%2C740&ssl=1&resize=350%2C200 1x, https:\/\/i0.wp.com\/larevistadigital.com.ar\/blog\/wp-content\/uploads\/2019\/03\/53722928_1423761111149919_6746160025804210176_o.jpg?fit=1200%2C740&ssl=1&resize=525%2C300 1.5x, https:\/\/i0.wp.com\/larevistadigital.com.ar\/blog\/wp-content\/uploads\/2019\/03\/53722928_1423761111149919_6746160025804210176_o.jpg?fit=1200%2C740&ssl=1&resize=700%2C400 2x, https:\/\/i0.wp.com\/larevistadigital.com.ar\/blog\/wp-content\/uploads\/2019\/03\/53722928_1423761111149919_6746160025804210176_o.jpg?fit=1200%2C740&ssl=1&resize=1050%2C600 3x"},"classes":[]},{"id":15969,"url":"https:\/\/larevistadigital.com.ar\/blog\/lezama-mas-de-80-empleados-de-obras-y-servicios-recibieron-calzado-de-seguridad\/","url_meta":{"origin":189,"position":2},"title":"LEZAMA: M\u00c1S DE 80 EMPLEADOS DE OBRAS Y SERVICIOS RECIBIERON CALZADO DE SEGURIDAD","author":"Alejandro Sosa Ruda","date":"12 agosto, 2020","format":false,"excerpt":"El intendente municipal Arnaldo Harispe y el jefe de Personal Diego Laborde entregaron esta ma\u00f1ana calzado de trabajo a la totalidad de los empleados del \u00e1rea Obras y Servicios del municipio. Son m\u00e1s de 80 los agentes municipales que recibieron, en el palacio municipal, el calzado acorde a las normas\u2026","rel":"","context":"En \u00abLEZAMA\u00bb","block_context":{"text":"LEZAMA","link":"https:\/\/larevistadigital.com.ar\/blog\/category\/lezama\/"},"img":{"alt_text":"","src":"https:\/\/i0.wp.com\/larevistadigital.com.ar\/blog\/wp-content\/uploads\/117124793_1836379656554727_3435127818548014605_o.jpg?fit=650%2C1005&ssl=1&resize=350%2C200","width":350,"height":200,"srcset":"https:\/\/i0.wp.com\/larevistadigital.com.ar\/blog\/wp-content\/uploads\/117124793_1836379656554727_3435127818548014605_o.jpg?fit=650%2C1005&ssl=1&resize=350%2C200 1x, https:\/\/i0.wp.com\/larevistadigital.com.ar\/blog\/wp-content\/uploads\/117124793_1836379656554727_3435127818548014605_o.jpg?fit=650%2C1005&ssl=1&resize=525%2C300 1.5x"},"classes":[]},{"id":29909,"url":"https:\/\/larevistadigital.com.ar\/blog\/actuaciones-policiales-de-otras-localidades-que-terminan-o-incluyen-a-lezama-que-pasa-con-la-seguridad\/","url_meta":{"origin":189,"position":3},"title":"ACTUACIONES POLICIALES DE OTRAS LOCALIDADES QUE TERMINAN O INCLUYEN A LEZAMA&#8230; \u00bfQU\u00c9 PASA CON LA SEGURIDAD?","author":"Alejandro Sosa Ruda","date":"1 febrero, 2023","format":false,"excerpt":"La polic\u00eda de Castelli allan\u00f3 tres lugares en su ciudad, y cinco en Lezama. La Comunal de Chascom\u00fas poco antes de fin de a\u00f1o, recuper\u00f3 una moto en Lezama... \u00bfQu\u00e9 pasa en Lezama con\u00a0 los controles y el manejo de la seguridad? 1 de febrero de 2023 Durante la jornada\u2026","rel":"","context":"En \u00abINTERES GENERAL\u00bb","block_context":{"text":"INTERES GENERAL","link":"https:\/\/larevistadigital.com.ar\/blog\/category\/interes-general\/"},"img":{"alt_text":"","src":"https:\/\/i0.wp.com\/larevistadigital.com.ar\/blog\/wp-content\/uploads\/1620734310362-1.jpg?fit=1200%2C594&ssl=1&resize=350%2C200","width":350,"height":200,"srcset":"https:\/\/i0.wp.com\/larevistadigital.com.ar\/blog\/wp-content\/uploads\/1620734310362-1.jpg?fit=1200%2C594&ssl=1&resize=350%2C200 1x, https:\/\/i0.wp.com\/larevistadigital.com.ar\/blog\/wp-content\/uploads\/1620734310362-1.jpg?fit=1200%2C594&ssl=1&resize=525%2C300 1.5x, https:\/\/i0.wp.com\/larevistadigital.com.ar\/blog\/wp-content\/uploads\/1620734310362-1.jpg?fit=1200%2C594&ssl=1&resize=700%2C400 2x, https:\/\/i0.wp.com\/larevistadigital.com.ar\/blog\/wp-content\/uploads\/1620734310362-1.jpg?fit=1200%2C594&ssl=1&resize=1050%2C600 3x"},"classes":[]},{"id":9935,"url":"https:\/\/larevistadigital.com.ar\/blog\/lezama-vuelve-a-ser-las-21-horas-el-horario-limite-para-la-venta-de-bebidas-alcoholicas\/","url_meta":{"origin":189,"position":4},"title":"LEZAMA: VUELVE A SER LAS 21 HORAS EL HORARIO L\u00cdMITE PARA LA VENTA DE BEBIDAS ALCOH\u00d3LICAS","author":"Alejandro Sosa Ruda","date":"2 mayo, 2019","format":false,"excerpt":"La Subsecretar\u00eda de Seguridad del municipio informa a los comerciantes y consumidores que, cumplido el plazo de vigencia de la modificaci\u00f3n a la ley 11.825 (30\/4\/19), el horario l\u00edmite de venta y expendio de bebidas alcoh\u00f3licas vuelve a ser las 21 horas. Seg\u00fan la normativa, a partir de la 0\u2026","rel":"","context":"En \u00abLEZAMA\u00bb","block_context":{"text":"LEZAMA","link":"https:\/\/larevistadigital.com.ar\/blog\/category\/lezama\/"},"img":{"alt_text":"","src":"https:\/\/i0.wp.com\/larevistadigital.com.ar\/blog\/wp-content\/uploads\/2019\/05\/59295113_1449332018592828_5515173899999903744_n.jpg?fit=617%2C433&ssl=1&resize=350%2C200","width":350,"height":200,"srcset":"https:\/\/i0.wp.com\/larevistadigital.com.ar\/blog\/wp-content\/uploads\/2019\/05\/59295113_1449332018592828_5515173899999903744_n.jpg?fit=617%2C433&ssl=1&resize=350%2C200 1x, https:\/\/i0.wp.com\/larevistadigital.com.ar\/blog\/wp-content\/uploads\/2019\/05\/59295113_1449332018592828_5515173899999903744_n.jpg?fit=617%2C433&ssl=1&resize=525%2C300 1.5x"},"classes":[]},{"id":5332,"url":"https:\/\/larevistadigital.com.ar\/blog\/policia-comunal-aprehendio-a-2-vecinos-de-pila-con-pedido-de-captura\/","url_meta":{"origin":189,"position":5},"title":"Polic\u00eda Comunal aprehendi\u00f3 a 2 vecinos de Pila con Pedido de Captura","author":"admin","date":"28 marzo, 2018","format":false,"excerpt":"nform\u00f3 la Subsecretar\u00eda de Seguridad de Lezama que el s\u00e1bado pr\u00f3ximo pasado, siendo alrededor de las 6,05 horas, se procedi\u00f3 a identificar a dos personas masculinas mayores de edad desconocidos, oriundas de la ciudad de Pila. Cursados sus datos personales al Centro de Despachos Chascom\u00fas, se constat\u00f3 que uno de\u2026","rel":"","context":"En \u00abLEZAMA\u00bb","block_context":{"text":"LEZAMA","link":"https:\/\/larevistadigital.com.ar\/blog\/category\/lezama\/"},"img":{"alt_text":"","src":"https:\/\/i0.wp.com\/larevistadigital.com.ar\/blog\/wp-content\/uploads\/2018\/03\/movil-policia-comunal-lezama-1024x768.jpg?fit=1024%2C768&ssl=1&resize=350%2C200","width":350,"height":200,"srcset":"https:\/\/i0.wp.com\/larevistadigital.com.ar\/blog\/wp-content\/uploads\/2018\/03\/movil-policia-comunal-lezama-1024x768.jpg?fit=1024%2C768&ssl=1&resize=350%2C200 1x, https:\/\/i0.wp.com\/larevistadigital.com.ar\/blog\/wp-content\/uploads\/2018\/03\/movil-policia-comunal-lezama-1024x768.jpg?fit=1024%2C768&ssl=1&resize=525%2C300 1.5x, https:\/\/i0.wp.com\/larevistadigital.com.ar\/blog\/wp-content\/uploads\/2018\/03\/movil-policia-comunal-lezama-1024x768.jpg?fit=1024%2C768&ssl=1&resize=700%2C400 2x"},"classes":[]}],"_links":{"self":[{"href":"https:\/\/larevistadigital.com.ar\/blog\/wp-json\/wp\/v2\/posts\/189","targetHints":{"allow":["GET"]}}],"collection":[{"href":"https:\/\/larevistadigital.com.ar\/blog\/wp-json\/wp\/v2\/posts"}],"about":[{"href":"https:\/\/larevistadigital.com.ar\/blog\/wp-json\/wp\/v2\/types\/post"}],"author":[{"embeddable":true,"href":"https:\/\/larevistadigital.com.ar\/blog\/wp-json\/wp\/v2\/users\/2"}],"replies":[{"embeddable":true,"href":"https:\/\/larevistadigital.com.ar\/blog\/wp-json\/wp\/v2\/comments?post=189"}],"version-history":[{"count":1,"href":"https:\/\/larevistadigital.com.ar\/blog\/wp-json\/wp\/v2\/posts\/189\/revisions"}],"predecessor-version":[{"id":191,"href":"https:\/\/larevistadigital.com.ar\/blog\/wp-json\/wp\/v2\/posts\/189\/revisions\/191"}],"wp:featuredmedia":[{"embeddable":true,"href":"https:\/\/larevistadigital.com.ar\/blog\/wp-json\/wp\/v2\/media\/190"}],"wp:attachment":[{"href":"https:\/\/larevistadigital.com.ar\/blog\/wp-json\/wp\/v2\/media?parent=189"}],"wp:term":[{"taxonomy":"category","embeddable":true,"href":"https:\/\/larevistadigital.com.ar\/blog\/wp-json\/wp\/v2\/categories?post=189"},{"taxonomy":"post_tag","embeddable":true,"href":"https:\/\/larevistadigital.com.ar\/blog\/wp-json\/wp\/v2\/tags?post=189"}],"curies":[{"name":"wp","href":"https:\/\/api.w.org\/{rel}","templated":true}]}}