{"id":18955,"date":"2021-02-22T17:33:24","date_gmt":"2021-02-22T17:33:24","guid":{"rendered":"https:\/\/larevistadigital.com.ar\/blog\/?p=18955"},"modified":"2021-02-22T17:34:15","modified_gmt":"2021-02-22T17:34:15","slug":"jose-ochoa-solicito-la-banca-abierta-para-tratar-el-tema-de-los-15-minutos-del-estacionamiento-medido-y-el-proyecto-de-seguridad","status":"publish","type":"post","link":"https:\/\/larevistadigital.com.ar\/blog\/jose-ochoa-solicito-la-banca-abierta-para-tratar-el-tema-de-los-15-minutos-del-estacionamiento-medido-y-el-proyecto-de-seguridad\/","title":{"rendered":"JOS\u00c9 OCHOA, SOLICIT\u00d3 LA BANCA ABIERTA PARA TRATAR EL TEMA DE LOS 15 MINUTOS DEL ESTACIONAMIENTO MEDIDO, Y EL PROYECTO DE SEGURIDAD"},"content":{"rendered":"<p>Desde hace tiempo, el prestigioso abogado y Presidente del partido vecinalista \u00abJuntos por Chascom\u00fas\u00bb Jos\u00e9 Ignacio Ochoa, se viene preparando para afrontar las responsabilidades de conducir un municipio. As\u00ed lo hizo, y nunca se detuvo, porque con confianza cree firmemente que en alg\u00fan momento de su vida, conseguir\u00e1 ocupar ese cargo y cumplir con el sue\u00f1o de mejorar la ciudad en todos los aspectos.<\/p>\n<blockquote>\n<h3>Mientras tanto, desde su partido, trabajan de manera cotidiana en los distintos problemas y necesidades de los vecinos de Chascom\u00fas, tomando como prioritario el problema de la inseguridad que ha ido creciendo de manera lamentable, y muy progresiva, pero sin dejar de reparar en otras situaciones que hoy suceden, que son verdaderamente inaceptables por lo injustas, e inclusive arbitrarias,<\/h3>\n<\/blockquote>\n<p>Particularmente, es lo que sucede con la incre\u00edble eliminaci\u00f3n de los 15 minutos de tolerancia para que uno pueda ir al lugar adecuado y abonar el estacionamiento medido, lo que convierte el sistema en una verdadera \u00abcaza dentro del gallinero\u00bb, ya que en caso de haber un inspector cerca no hay tiempo y al volver al auto, uno se encuentra con la multa.<\/p>\n<blockquote>\n<h3>\u00bfQu\u00e9 objeto tiene semejante decisi\u00f3n? \u00bfCu\u00e1l es la explicaci\u00f3n l\u00f3gica para que se haya eliminado ese tiempo de gracia?. Solo evidencia que el objeto es recaudar, y tomar al vecino desprevenido.<\/h3>\n<\/blockquote>\n<p>Por ese motivo, <strong>Ochoa<\/strong> y su partido <strong>\u00abJuntos por Chascom\u00fas\u00bb<\/strong> tomaron en principio la iniciativa a trav\u00e9s del sitio \u00abChange org\u00bb de juntar firmas para que esto se revierta, y la respuesta de la gente no se hizo esperar.<\/p>\n<blockquote>\n<h3>Pero la cosa, no qued\u00f3 ah\u00ed.<strong> Ochoa<\/strong> solicit\u00f3 la #Banca Abierta\u00bb y elabor\u00f3 una ordenanza en la que no solo se exige la restauraci\u00f3n de los minutos de tolerancia, sino que contempla otros temas que no se han tenido en cuenta, evidenciando que se legisla con la mente puesta en la recaudaci\u00f3n, y no en \u00abordenar el tr\u00e1nsito\u00bb o mejorar la vida de los vecinos.<\/h3>\n<\/blockquote>\n<p>Nos referimos a que por ejemplo no se cobre estacionamiento medido durante los d\u00edas de lluvia, o a que se arme una comisi\u00f3n de seguimiento y se estudie el resultado, y en qu\u00e9 se us\u00f3 el ingreso por el estacionamiento medido en el plazo de un a\u00f1o, a efectos de contemplar con claridad los alcances del mismo y los progresos o inversiones que permiti\u00f3 realizar.<\/p>\n<p>Lamentablemente, a\u00fan no ha recibido respuesta alguna&#8230;<\/p>\n<h3>LAS NOTAS PRESENTADAS:<\/h3>\n<p><img data-recalc-dims=\"1\" loading=\"lazy\" decoding=\"async\" class=\"size-full wp-image-18956 aligncenter\" src=\"https:\/\/i0.wp.com\/larevistadigital.com.ar\/blog\/wp-content\/uploads\/NOTA-CONCEJO-e1614014230723.jpg?resize=761%2C1110&#038;ssl=1\" alt=\"\" width=\"761\" height=\"1110\" srcset=\"https:\/\/i0.wp.com\/larevistadigital.com.ar\/blog\/wp-content\/uploads\/NOTA-CONCEJO-e1614014230723.jpg?w=761&amp;ssl=1 761w, https:\/\/i0.wp.com\/larevistadigital.com.ar\/blog\/wp-content\/uploads\/NOTA-CONCEJO-e1614014230723.jpg?resize=206%2C300&amp;ssl=1 206w, https:\/\/i0.wp.com\/larevistadigital.com.ar\/blog\/wp-content\/uploads\/NOTA-CONCEJO-e1614014230723.jpg?resize=702%2C1024&amp;ssl=1 702w\" sizes=\"auto, (max-width: 761px) 100vw, 761px\" \/><\/p>\n<p>&nbsp;<\/p>\n<p><img data-recalc-dims=\"1\" loading=\"lazy\" decoding=\"async\" class=\"size-full wp-image-18957 aligncenter\" src=\"https:\/\/i0.wp.com\/larevistadigital.com.ar\/blog\/wp-content\/uploads\/ANEXO-ORDENANZA-e1614014329743.jpg?resize=825%2C963&#038;ssl=1\" alt=\"\" width=\"825\" height=\"963\" srcset=\"https:\/\/i0.wp.com\/larevistadigital.com.ar\/blog\/wp-content\/uploads\/ANEXO-ORDENANZA-e1614014329743.jpg?w=825&amp;ssl=1 825w, https:\/\/i0.wp.com\/larevistadigital.com.ar\/blog\/wp-content\/uploads\/ANEXO-ORDENANZA-e1614014329743.jpg?resize=257%2C300&amp;ssl=1 257w, https:\/\/i0.wp.com\/larevistadigital.com.ar\/blog\/wp-content\/uploads\/ANEXO-ORDENANZA-e1614014329743.jpg?resize=768%2C896&amp;ssl=1 768w\" sizes=\"auto, (max-width: 825px) 100vw, 825px\" \/><\/p>\n<p><img data-recalc-dims=\"1\" loading=\"lazy\" decoding=\"async\" class=\"size-full wp-image-18958 aligncenter\" src=\"https:\/\/i0.wp.com\/larevistadigital.com.ar\/blog\/wp-content\/uploads\/ORDENANZA-e1614014406383.jpg?resize=800%2C1190&#038;ssl=1\" alt=\"\" width=\"800\" height=\"1190\" srcset=\"https:\/\/i0.wp.com\/larevistadigital.com.ar\/blog\/wp-content\/uploads\/ORDENANZA-e1614014406383.jpg?w=800&amp;ssl=1 800w, https:\/\/i0.wp.com\/larevistadigital.com.ar\/blog\/wp-content\/uploads\/ORDENANZA-e1614014406383.jpg?resize=202%2C300&amp;ssl=1 202w, https:\/\/i0.wp.com\/larevistadigital.com.ar\/blog\/wp-content\/uploads\/ORDENANZA-e1614014406383.jpg?resize=688%2C1024&amp;ssl=1 688w, https:\/\/i0.wp.com\/larevistadigital.com.ar\/blog\/wp-content\/uploads\/ORDENANZA-e1614014406383.jpg?resize=768%2C1142&amp;ssl=1 768w\" sizes=\"auto, (max-width: 800px) 100vw, 800px\" \/><\/p>\n<p><strong>NOTA ENVIADA AL PRESIDENTE DEL CONCEJO<\/strong><\/p>\n<p><img data-recalc-dims=\"1\" loading=\"lazy\" decoding=\"async\" class=\"size-full wp-image-18959 aligncenter\" src=\"https:\/\/i0.wp.com\/larevistadigital.com.ar\/blog\/wp-content\/uploads\/NOTA-LLARRAMENDY-e1614014513126.jpg?resize=796%2C1107&#038;ssl=1\" alt=\"\" width=\"796\" height=\"1107\" srcset=\"https:\/\/i0.wp.com\/larevistadigital.com.ar\/blog\/wp-content\/uploads\/NOTA-LLARRAMENDY-e1614014513126.jpg?w=796&amp;ssl=1 796w, https:\/\/i0.wp.com\/larevistadigital.com.ar\/blog\/wp-content\/uploads\/NOTA-LLARRAMENDY-e1614014513126.jpg?resize=216%2C300&amp;ssl=1 216w, https:\/\/i0.wp.com\/larevistadigital.com.ar\/blog\/wp-content\/uploads\/NOTA-LLARRAMENDY-e1614014513126.jpg?resize=736%2C1024&amp;ssl=1 736w, https:\/\/i0.wp.com\/larevistadigital.com.ar\/blog\/wp-content\/uploads\/NOTA-LLARRAMENDY-e1614014513126.jpg?resize=768%2C1068&amp;ssl=1 768w\" sizes=\"auto, (max-width: 796px) 100vw, 796px\" \/><\/p>\n","protected":false},"excerpt":{"rendered":"<div class=\"mh-excerpt\"><p>Desde hace tiempo, el prestigioso abogado y Presidente del partido vecinalista \u00abJuntos por Chascom\u00fas\u00bb Jos\u00e9 Ignacio Ochoa, se viene preparando para afrontar las responsabilidades de conducir un municipio. As\u00ed lo hizo, y nunca se detuvo, <a class=\"mh-excerpt-more\" href=\"https:\/\/larevistadigital.com.ar\/blog\/jose-ochoa-solicito-la-banca-abierta-para-tratar-el-tema-de-los-15-minutos-del-estacionamiento-medido-y-el-proyecto-de-seguridad\/\" title=\"JOS\u00c9 OCHOA, SOLICIT\u00d3 LA BANCA ABIERTA PARA TRATAR EL TEMA DE LOS 15 MINUTOS DEL ESTACIONAMIENTO MEDIDO, Y EL PROYECTO DE SEGURIDAD\">[Leer M\u00e1s]<\/a><\/p>\n<\/div>","protected":false},"author":3,"featured_media":18960,"comment_status":"open","ping_status":"open","sticky":false,"template":"","format":"standard","meta":{"_jetpack_memberships_contains_paid_content":false,"footnotes":"","jetpack_publicize_message":"","jetpack_publicize_feature_enabled":true,"jetpack_social_post_already_shared":true,"jetpack_social_options":{"image_generator_settings":{"template":"highway","default_image_id":0,"font":"","enabled":false},"version":2}},"categories":[50,23],"tags":[],"class_list":{"0":"post-18955","1":"post","2":"type-post","3":"status-publish","4":"format-standard","5":"has-post-thumbnail","7":"category-interes-general","8":"category-politica-local"},"jetpack_publicize_connections":[],"jetpack_featured_media_url":"https:\/\/i0.wp.com\/larevistadigital.com.ar\/blog\/wp-content\/uploads\/ochoa-foto.jpg?fit=800%2C937&ssl=1","jetpack_sharing_enabled":true,"jetpack_shortlink":"https:\/\/wp.me\/p8qtrQ-4VJ","jetpack-related-posts":[{"id":2531,"url":"https:\/\/larevistadigital.com.ar\/blog\/chascomus-jose-ochoa-presento-la-lista-en-la-que-debuta-con-su-partido-juntos-por-chascomus\/","url_meta":{"origin":18955,"position":0},"title":"CHASCOM\u00daS: JOS\u00c9 OCHOA PRESENT\u00d3 LA LISTA EN LA QUE DEBUTA CON SU PARTIDO \u201cJUNTOS POR CHASCOMUS\u201d","author":"Alejandro Sosa Ruda","date":"26 junio, 2017","format":false,"excerpt":"Lleg\u00f3 el momento de tomar decisiones, y as\u00ed lo hizo el abogado Jos\u00e9 Ochoa, quien seguramente cansado de los desaires y promesas incumplidas, dej\u00f3 las filas del Frente Renovador, y fund\u00f3 su propio partido: \u201cJUNTOS POR CHASCOM\u00daS\u201d. De esta forma, dio por terminada una relaci\u00f3n que comenz\u00f3 hace un poco\u2026","rel":"","context":"En \u00abCHASCOM\u00daS\u00bb","block_context":{"text":"CHASCOM\u00daS","link":"https:\/\/larevistadigital.com.ar\/blog\/category\/chascomus\/"},"img":{"alt_text":"","src":"https:\/\/i0.wp.com\/larevistadigital.com.ar\/blog\/wp-content\/uploads\/2017\/06\/DSC_0258.jpg?fit=1200%2C652&ssl=1&resize=350%2C200","width":350,"height":200,"srcset":"https:\/\/i0.wp.com\/larevistadigital.com.ar\/blog\/wp-content\/uploads\/2017\/06\/DSC_0258.jpg?fit=1200%2C652&ssl=1&resize=350%2C200 1x, https:\/\/i0.wp.com\/larevistadigital.com.ar\/blog\/wp-content\/uploads\/2017\/06\/DSC_0258.jpg?fit=1200%2C652&ssl=1&resize=525%2C300 1.5x, https:\/\/i0.wp.com\/larevistadigital.com.ar\/blog\/wp-content\/uploads\/2017\/06\/DSC_0258.jpg?fit=1200%2C652&ssl=1&resize=700%2C400 2x, https:\/\/i0.wp.com\/larevistadigital.com.ar\/blog\/wp-content\/uploads\/2017\/06\/DSC_0258.jpg?fit=1200%2C652&ssl=1&resize=1050%2C600 3x"},"classes":[]},{"id":21734,"url":"https:\/\/larevistadigital.com.ar\/blog\/moujan-y-ochoa-piden-debatir-con-precandidatos-de-otras-listas-antes-de-las-paso\/","url_meta":{"origin":18955,"position":1},"title":"MOUJAN Y OCHOA PIDEN DEBATIR CON PRECANDIDATOS DE OTRAS LISTAS ANTES DE LAS PASO","author":"Alejandro Sosa Ruda","date":"27 agosto, 2021","format":false,"excerpt":"Los pre candidatos de \"Juntos por Chascom\u00fas\" Laura Moujan, y Jos\u00e9 Ignacio Ochoa, proponen que se realice un debate p\u00fablico con los primeros y segundos candidatos de las otras listas que competir\u00e1n en las pr\u00f3ximas PASO de septiembre. CHASCOM\u00daS - Desde Juntos Por Chascom\u00fas piden que se lleve adelante un\u2026","rel":"","context":"En \u00abCHASCOM\u00daS\u00bb","block_context":{"text":"CHASCOM\u00daS","link":"https:\/\/larevistadigital.com.ar\/blog\/category\/chascomus\/"},"img":{"alt_text":"","src":"https:\/\/i0.wp.com\/larevistadigital.com.ar\/blog\/wp-content\/uploads\/MOUJAN-OCHOA.jpg?fit=900%2C449&ssl=1&resize=350%2C200","width":350,"height":200,"srcset":"https:\/\/i0.wp.com\/larevistadigital.com.ar\/blog\/wp-content\/uploads\/MOUJAN-OCHOA.jpg?fit=900%2C449&ssl=1&resize=350%2C200 1x, https:\/\/i0.wp.com\/larevistadigital.com.ar\/blog\/wp-content\/uploads\/MOUJAN-OCHOA.jpg?fit=900%2C449&ssl=1&resize=525%2C300 1.5x, https:\/\/i0.wp.com\/larevistadigital.com.ar\/blog\/wp-content\/uploads\/MOUJAN-OCHOA.jpg?fit=900%2C449&ssl=1&resize=700%2C400 2x"},"classes":[]},{"id":3402,"url":"https:\/\/larevistadigital.com.ar\/blog\/chascomus-jose-ochoa-sostuvo-que-ferrante-y-francese-se-fueron-al-mazo\/","url_meta":{"origin":18955,"position":2},"title":"CHASCOM\u00daS: DEBATE CANCELADO. JOS\u00c9 OCHOA SOSTUVO QUE FERRANTE Y FRANCESE \u00abSE FUERON AL MAZO\u00bb","author":"Alejandro Sosa Ruda","date":"7 octubre, 2017","format":false,"excerpt":"Desde el partido pol\u00edtico \u201cJuntos por Chascom\u00fas\u201d, se ha emitido un comunicado firmado por su presidente, el abogado Jos\u00e9 Ignacio Ochoa, en el que lamentan profundamente que se haya cancelado el debate que estaba previsto para el d\u00eda 9 de octubre a las 19 horas en el Teatro Municipal Brazzola.\u2026","rel":"","context":"En \u00abDESTACADAS\u00bb","block_context":{"text":"DESTACADAS","link":"https:\/\/larevistadigital.com.ar\/blog\/category\/destacadas\/"},"img":{"alt_text":"","src":"https:\/\/i0.wp.com\/larevistadigital.com.ar\/blog\/wp-content\/uploads\/2017\/10\/DEBATE_CANCELADO.jpg?fit=1200%2C675&ssl=1&resize=350%2C200","width":350,"height":200,"srcset":"https:\/\/i0.wp.com\/larevistadigital.com.ar\/blog\/wp-content\/uploads\/2017\/10\/DEBATE_CANCELADO.jpg?fit=1200%2C675&ssl=1&resize=350%2C200 1x, https:\/\/i0.wp.com\/larevistadigital.com.ar\/blog\/wp-content\/uploads\/2017\/10\/DEBATE_CANCELADO.jpg?fit=1200%2C675&ssl=1&resize=525%2C300 1.5x, https:\/\/i0.wp.com\/larevistadigital.com.ar\/blog\/wp-content\/uploads\/2017\/10\/DEBATE_CANCELADO.jpg?fit=1200%2C675&ssl=1&resize=700%2C400 2x, https:\/\/i0.wp.com\/larevistadigital.com.ar\/blog\/wp-content\/uploads\/2017\/10\/DEBATE_CANCELADO.jpg?fit=1200%2C675&ssl=1&resize=1050%2C600 3x"},"classes":[]},{"id":23140,"url":"https:\/\/larevistadigital.com.ar\/blog\/el-doctor-jose-ochoa-elevo-una-nota-al-intendente-para-que-se-arreglen-los-caminos-rurales\/","url_meta":{"origin":18955,"position":3},"title":"EL DOCTOR JOS\u00c9 OCHOA ELEV\u00d3 UNA NOTA AL INTENDENTE PARA QUE SE ARREGLEN LOS CAMINOS RURALES","author":"Alejandro Sosa Ruda","date":"1 enero, 2022","format":false,"excerpt":"CHASCOM\u00daS -\u00a0\u00a0D\u00edas atr\u00e1s, el reconocido abogado, Jos\u00e9 Ignacio Ochoa, quien a su vez es presidente del partido vecinalista \"Juntos por Chascom\u00fas\", entreg\u00f3 una nota en la Municipalidad de Chascom\u00fas, dirigida al intendente Javier Gast\u00f3n, donde reclam\u00f3 que se comiencen a realizar trabajos en los caminos rurales del distrito. En la\u2026","rel":"","context":"En \u00abINTERES GENERAL\u00bb","block_context":{"text":"INTERES GENERAL","link":"https:\/\/larevistadigital.com.ar\/blog\/category\/interes-general\/"},"img":{"alt_text":"","src":"https:\/\/i0.wp.com\/larevistadigital.com.ar\/blog\/wp-content\/uploads\/185554815_2963310813950317_4727558591835632181_n.jpg?fit=640%2C360&ssl=1&resize=350%2C200","width":350,"height":200,"srcset":"https:\/\/i0.wp.com\/larevistadigital.com.ar\/blog\/wp-content\/uploads\/185554815_2963310813950317_4727558591835632181_n.jpg?fit=640%2C360&ssl=1&resize=350%2C200 1x, https:\/\/i0.wp.com\/larevistadigital.com.ar\/blog\/wp-content\/uploads\/185554815_2963310813950317_4727558591835632181_n.jpg?fit=640%2C360&ssl=1&resize=525%2C300 1.5x"},"classes":[]},{"id":21273,"url":"https:\/\/larevistadigital.com.ar\/blog\/ochoa-sorprendio-con-una-lista-encabezada-por-laura-moujan\/","url_meta":{"origin":18955,"position":4},"title":"OCHOA SORPRENDI\u00d3 CON UNA LISTA ENCABEZADA POR LAURA MOUJAN","author":"Alejandro Sosa Ruda","date":"26 julio, 2021","format":false,"excerpt":"El abogado chascomunense y Presidente del partido vecinalista \"Juntos por Chascom\u00fas\", Jos\u00e9 Ignacio Ochoa, finalmente difundi\u00f3 una lista que ha sorprendido no solo porque no es encabezada por \u00e9l mismo, sino que adem\u00e1s por la incorporaci\u00f3n de la profesora Laura Moujan encabezando la lista de su partido Juntos Por Chascom\u00fas,\u2026","rel":"","context":"En \u00abDESTACADAS\u00bb","block_context":{"text":"DESTACADAS","link":"https:\/\/larevistadigital.com.ar\/blog\/category\/destacadas\/"},"img":{"alt_text":"","src":"https:\/\/i0.wp.com\/larevistadigital.com.ar\/blog\/wp-content\/uploads\/Moujan-y-Ochoa.jpg?fit=1088%2C560&ssl=1&resize=350%2C200","width":350,"height":200,"srcset":"https:\/\/i0.wp.com\/larevistadigital.com.ar\/blog\/wp-content\/uploads\/Moujan-y-Ochoa.jpg?fit=1088%2C560&ssl=1&resize=350%2C200 1x, https:\/\/i0.wp.com\/larevistadigital.com.ar\/blog\/wp-content\/uploads\/Moujan-y-Ochoa.jpg?fit=1088%2C560&ssl=1&resize=525%2C300 1.5x, https:\/\/i0.wp.com\/larevistadigital.com.ar\/blog\/wp-content\/uploads\/Moujan-y-Ochoa.jpg?fit=1088%2C560&ssl=1&resize=700%2C400 2x, https:\/\/i0.wp.com\/larevistadigital.com.ar\/blog\/wp-content\/uploads\/Moujan-y-Ochoa.jpg?fit=1088%2C560&ssl=1&resize=1050%2C600 3x"},"classes":[]},{"id":3479,"url":"https:\/\/larevistadigital.com.ar\/blog\/chascomus-jose-ochoa-aseguro-que-si-es-electo-concejal-tiene-la-solucion-para-implementar-el-transporte-publico\/","url_meta":{"origin":18955,"position":5},"title":"CHASCOM\u00daS: JOS\u00c9 OCHOA ASEGUR\u00d3 QUE SI ES ELECTO CONCEJAL, TIENE LA SOLUCI\u00d3N PARA IMPLEMENTAR EL TRANSPORTE P\u00daBLICO","author":"Alejandro Sosa Ruda","date":"12 octubre, 2017","format":false,"excerpt":"Jos\u00e9 Ochoa, candidato a concejal por el partido Juntos por Chascom\u00fas, asegur\u00f3 que tiene el proyecto que solucionar\u00eda de una vez por todas uno de los problemas m\u00e1s grandes y de m\u00e1s larga data en la ciudad: El transporte p\u00fablico. Ochoa, dijo que su proyecto de transporte p\u00fablico municipal se\u2026","rel":"","context":"En \u00abDESTACADAS\u00bb","block_context":{"text":"DESTACADAS","link":"https:\/\/larevistadigital.com.ar\/blog\/category\/destacadas\/"},"img":{"alt_text":"","src":"https:\/\/i0.wp.com\/larevistadigital.com.ar\/blog\/wp-content\/uploads\/2017\/10\/CHASCOSUBE.jpg?fit=1200%2C630&ssl=1&resize=350%2C200","width":350,"height":200,"srcset":"https:\/\/i0.wp.com\/larevistadigital.com.ar\/blog\/wp-content\/uploads\/2017\/10\/CHASCOSUBE.jpg?fit=1200%2C630&ssl=1&resize=350%2C200 1x, https:\/\/i0.wp.com\/larevistadigital.com.ar\/blog\/wp-content\/uploads\/2017\/10\/CHASCOSUBE.jpg?fit=1200%2C630&ssl=1&resize=525%2C300 1.5x, https:\/\/i0.wp.com\/larevistadigital.com.ar\/blog\/wp-content\/uploads\/2017\/10\/CHASCOSUBE.jpg?fit=1200%2C630&ssl=1&resize=700%2C400 2x, https:\/\/i0.wp.com\/larevistadigital.com.ar\/blog\/wp-content\/uploads\/2017\/10\/CHASCOSUBE.jpg?fit=1200%2C630&ssl=1&resize=1050%2C600 3x"},"classes":[]}],"_links":{"self":[{"href":"https:\/\/larevistadigital.com.ar\/blog\/wp-json\/wp\/v2\/posts\/18955","targetHints":{"allow":["GET"]}}],"collection":[{"href":"https:\/\/larevistadigital.com.ar\/blog\/wp-json\/wp\/v2\/posts"}],"about":[{"href":"https:\/\/larevistadigital.com.ar\/blog\/wp-json\/wp\/v2\/types\/post"}],"author":[{"embeddable":true,"href":"https:\/\/larevistadigital.com.ar\/blog\/wp-json\/wp\/v2\/users\/3"}],"replies":[{"embeddable":true,"href":"https:\/\/larevistadigital.com.ar\/blog\/wp-json\/wp\/v2\/comments?post=18955"}],"version-history":[{"count":2,"href":"https:\/\/larevistadigital.com.ar\/blog\/wp-json\/wp\/v2\/posts\/18955\/revisions"}],"predecessor-version":[{"id":18962,"href":"https:\/\/larevistadigital.com.ar\/blog\/wp-json\/wp\/v2\/posts\/18955\/revisions\/18962"}],"wp:featuredmedia":[{"embeddable":true,"href":"https:\/\/larevistadigital.com.ar\/blog\/wp-json\/wp\/v2\/media\/18960"}],"wp:attachment":[{"href":"https:\/\/larevistadigital.com.ar\/blog\/wp-json\/wp\/v2\/media?parent=18955"}],"wp:term":[{"taxonomy":"category","embeddable":true,"href":"https:\/\/larevistadigital.com.ar\/blog\/wp-json\/wp\/v2\/categories?post=18955"},{"taxonomy":"post_tag","embeddable":true,"href":"https:\/\/larevistadigital.com.ar\/blog\/wp-json\/wp\/v2\/tags?post=18955"}],"curies":[{"name":"wp","href":"https:\/\/api.w.org\/{rel}","templated":true}]}}