{"id":18963,"date":"2021-02-22T18:06:27","date_gmt":"2021-02-22T18:06:27","guid":{"rendered":"https:\/\/larevistadigital.com.ar\/blog\/?p=18963"},"modified":"2021-02-22T18:06:27","modified_gmt":"2021-02-22T18:06:27","slug":"chascomus-se-piden-informes-y-presiciones-acerca-de-la-vacunacion","status":"publish","type":"post","link":"https:\/\/larevistadigital.com.ar\/blog\/chascomus-se-piden-informes-y-presiciones-acerca-de-la-vacunacion\/","title":{"rendered":"CHASCOM\u00daS: SE PIDEN INFORMES Y PRESICIONES ACERCA DE LA VACUNACI\u00d3N"},"content":{"rendered":"<p>Luego del may\u00fasculo esc\u00e1ndalo protagonizado por el renunciado Ministro de Salud, <strong>Gin\u00e9s Gonzalez Garc\u00eda<\/strong>, y las situaciones denunciadas en distintos lugares, donde las autoridades de turno han privilegiado de manera insensata, ilegal e irresponsable a amigos y distintos personajes pol\u00edticos, los distritos han puesto en la mira el desarrollo de las distintas etapas de vacunaci\u00f3n, y circulan todo tipo de versiones que hablan acerca del tema.<\/p>\n<blockquote>\n<h3>Chascom\u00fas, no ha sido la excepci\u00f3n respecto de los rumores que aseguran que habr\u00eda sucedido lo mismo, nombrando a distintos personajes familiares y funcionarios del gobierno local, por lo que lo m\u00e1s atinado, ser\u00eda que se brinde informaci\u00f3n clara, concreta y fidedigna al respecto, con las correspondientes listas de quienes han sido vacunados.<\/h3>\n<\/blockquote>\n<p>En este marco, y sobre la base que est\u00e1n recibiendo consultas, comentarios e inquietudes de vecinos de Chascom\u00fas, y que para responderlas certeramente necesitan contar con informaci\u00f3n detallada de fuentes oficiales, los bloques de concejales de la UCR y Cambiemos Chascom\u00fas presentaron un proyecto de comunicaci\u00f3n, que fue aprobado en la \u00faltima sesi\u00f3n del Cuerpo Deliberativo, que dice los siguiente:<\/p>\n<p><strong>Art\u00edculo 1\u00b0: Requi\u00e9rase al Departamento Ejecutivo remita de manera urgente la siguiente informaci\u00f3n:<\/strong><\/p>\n<p><em><strong>a.- Indique cantidad de dosis que se recibieron en la ciudad de Chascom\u00fas al d\u00eda de contestar la presente.<\/strong><\/em><\/p>\n<p><em><strong>b.- Envi\u00e9 copia documentada de los registros del listado de las personas que accedieron a la vacuna SPUTINK-V.<\/strong><\/em><\/p>\n<p><em><strong>c.- Informe cantidad de vacunatorios con los que cuenta Chascom\u00fas y su localizaci\u00f3n.<\/strong><\/em><\/p>\n<p><em><strong>d.- Indique si se va a contar con personal extra proporcionado por otra jurisdicci\u00f3n.<\/strong><\/em><\/p>\n<p><em><strong>e.- En caso afirmativo, indique si poseen formaci\u00f3n profesional.<\/strong><\/em><\/p>\n<p><em><strong>f.- Indique como es el procedimiento de arribo de las vacunas, empresa que las distribuye, responsable de su recepci\u00f3n, del control de mantener la cadena de fr\u00edo, etc.<\/strong><\/em><\/p>\n<p><em><strong>g.- Indique como va hacer la vacunaci\u00f3n para las personas alojadas en geri\u00e1tricos.- h.- Consigne que geri\u00e1tricos est\u00e1n alcanzados.<\/strong><\/em><\/p>\n<p><em><strong>i.- Indique cantidad de dosis pendiente de entrega.<\/strong><\/em><\/p>\n<p><em><strong>j.- Informe si hubo casos de personas que recibieron la vacuna y hayan sufrido alg\u00fan cuadro que requiri\u00f3 su internaci\u00f3n y\/o atenci\u00f3n domiciliaria.<\/strong><\/em><\/p>\n<p><strong>Art\u00edculo 2\u00b0: Determinase que, aprobada esta comunicaci\u00f3n, la respuesta documentada del Departamento Ejecutivo deber\u00e1 ser elevada a este cuerpo en el t\u00e9rmino de cinco (5) d\u00edas a partir de su ingreso formal al ejecutivo municipal.<\/strong><\/p>\n<p><img data-recalc-dims=\"1\" loading=\"lazy\" decoding=\"async\" class=\"size-full wp-image-18965 aligncenter\" src=\"https:\/\/i0.wp.com\/larevistadigital.com.ar\/blog\/wp-content\/uploads\/WhatsApp-Image-2021-02-22-at-13.10.41.jpeg?resize=719%2C1156&#038;ssl=1\" alt=\"\" width=\"719\" height=\"1156\" srcset=\"https:\/\/i0.wp.com\/larevistadigital.com.ar\/blog\/wp-content\/uploads\/WhatsApp-Image-2021-02-22-at-13.10.41.jpeg?w=719&amp;ssl=1 719w, https:\/\/i0.wp.com\/larevistadigital.com.ar\/blog\/wp-content\/uploads\/WhatsApp-Image-2021-02-22-at-13.10.41.jpeg?resize=187%2C300&amp;ssl=1 187w, https:\/\/i0.wp.com\/larevistadigital.com.ar\/blog\/wp-content\/uploads\/WhatsApp-Image-2021-02-22-at-13.10.41.jpeg?resize=637%2C1024&amp;ssl=1 637w\" sizes=\"auto, (max-width: 719px) 100vw, 719px\" \/><\/p>\n<p><img data-recalc-dims=\"1\" loading=\"lazy\" decoding=\"async\" class=\"size-full wp-image-18966 aligncenter\" src=\"https:\/\/i0.wp.com\/larevistadigital.com.ar\/blog\/wp-content\/uploads\/WhatsApp-Image-2021-02-22-at-13.10.42.jpeg?resize=687%2C627&#038;ssl=1\" alt=\"\" width=\"687\" height=\"627\" srcset=\"https:\/\/i0.wp.com\/larevistadigital.com.ar\/blog\/wp-content\/uploads\/WhatsApp-Image-2021-02-22-at-13.10.42.jpeg?w=687&amp;ssl=1 687w, https:\/\/i0.wp.com\/larevistadigital.com.ar\/blog\/wp-content\/uploads\/WhatsApp-Image-2021-02-22-at-13.10.42.jpeg?resize=300%2C274&amp;ssl=1 300w\" sizes=\"auto, (max-width: 687px) 100vw, 687px\" \/><\/p>\n","protected":false},"excerpt":{"rendered":"<div class=\"mh-excerpt\"><p>Luego del may\u00fasculo esc\u00e1ndalo protagonizado por el renunciado Ministro de Salud, Gin\u00e9s Gonzalez Garc\u00eda, y las situaciones denunciadas en distintos lugares, donde las autoridades de turno han privilegiado de manera insensata, ilegal e irresponsable a <a class=\"mh-excerpt-more\" href=\"https:\/\/larevistadigital.com.ar\/blog\/chascomus-se-piden-informes-y-presiciones-acerca-de-la-vacunacion\/\" title=\"CHASCOM\u00daS: SE PIDEN INFORMES Y PRESICIONES ACERCA DE LA VACUNACI\u00d3N\">[Leer M\u00e1s]<\/a><\/p>\n<\/div>","protected":false},"author":3,"featured_media":18967,"comment_status":"open","ping_status":"open","sticky":false,"template":"","format":"standard","meta":{"_jetpack_memberships_contains_paid_content":false,"footnotes":"","jetpack_publicize_message":"","jetpack_publicize_feature_enabled":true,"jetpack_social_post_already_shared":true,"jetpack_social_options":{"image_generator_settings":{"template":"highway","default_image_id":0,"font":"","enabled":false},"version":2}},"categories":[50,23],"tags":[],"class_list":{"0":"post-18963","1":"post","2":"type-post","3":"status-publish","4":"format-standard","5":"has-post-thumbnail","7":"category-interes-general","8":"category-politica-local"},"jetpack_publicize_connections":[],"jetpack_featured_media_url":"https:\/\/i0.wp.com\/larevistadigital.com.ar\/blog\/wp-content\/uploads\/3180.jpg?fit=1004%2C566&ssl=1","jetpack_sharing_enabled":true,"jetpack_shortlink":"https:\/\/wp.me\/p8qtrQ-4VR","jetpack-related-posts":[{"id":19593,"url":"https:\/\/larevistadigital.com.ar\/blog\/cipriano-perez-del-cerro-contesto-el-reclamo-de-un-vecino-acerca-de-la-vacunacion-en-chascomus\/","url_meta":{"origin":18963,"position":0},"title":"CIPRIANO P\u00c9REZ DEL CERRO CONTEST\u00d3 EL RECLAMO DE UN VECINO, ACERCA DE LA VACUNACI\u00d3N EN CHASCOM\u00daS","author":"Alejandro Sosa Ruda","date":"3 abril, 2021","format":false,"excerpt":"CHASCOM\u00daS - Luego de las distintas situaciones que se han vivido a nivel nacional y que se han replicado en todo el pa\u00eds respecto de la vergonzosa falta de \u00e9tica y moral respecto de la vacunaci\u00f3n bautizada como VIP, que costaron la renuncia del Ministro de Salud de la Naci\u00f3n,\u2026","rel":"","context":"En \u00abINTERES GENERAL\u00bb","block_context":{"text":"INTERES GENERAL","link":"https:\/\/larevistadigital.com.ar\/blog\/category\/interes-general\/"},"img":{"alt_text":"","src":"https:\/\/i0.wp.com\/larevistadigital.com.ar\/blog\/wp-content\/uploads\/arton188925.jpg?fit=1200%2C656&ssl=1&resize=350%2C200","width":350,"height":200,"srcset":"https:\/\/i0.wp.com\/larevistadigital.com.ar\/blog\/wp-content\/uploads\/arton188925.jpg?fit=1200%2C656&ssl=1&resize=350%2C200 1x, https:\/\/i0.wp.com\/larevistadigital.com.ar\/blog\/wp-content\/uploads\/arton188925.jpg?fit=1200%2C656&ssl=1&resize=525%2C300 1.5x, https:\/\/i0.wp.com\/larevistadigital.com.ar\/blog\/wp-content\/uploads\/arton188925.jpg?fit=1200%2C656&ssl=1&resize=700%2C400 2x, https:\/\/i0.wp.com\/larevistadigital.com.ar\/blog\/wp-content\/uploads\/arton188925.jpg?fit=1200%2C656&ssl=1&resize=1050%2C600 3x"},"classes":[]},{"id":20655,"url":"https:\/\/larevistadigital.com.ar\/blog\/la-ucr-de-chascomus-pide-que-se-investigue-la-presunta-vacunacion-vip\/","url_meta":{"origin":18963,"position":1},"title":"LA UCR DE CHASCOM\u00daS PIDE QUE SE INVESTIGUE LA PRESUNTA VACUNACI\u00d3N VIP","author":"Alejandro Sosa Ruda","date":"7 junio, 2021","format":false,"excerpt":"Luego de la aparici\u00f3n en distintos medios, incluyendo los m\u00e1s importantes de alcance nacional, a ra\u00edz de un art\u00edculo publicado en la p\u00e1gina web realpolitik.com.ar, desde la Uni\u00f3n C\u00edvica Radical, emitieron un comunicado y una denuncia penal contra la administraci\u00f3n municipal que encabeza el intendente\u00a0 Javier Gast\u00f3n, pidiendo adem\u00e1s las\u2026","rel":"","context":"En \u00abCHASCOM\u00daS\u00bb","block_context":{"text":"CHASCOM\u00daS","link":"https:\/\/larevistadigital.com.ar\/blog\/category\/chascomus\/"},"img":{"alt_text":"","src":"https:\/\/i0.wp.com\/larevistadigital.com.ar\/blog\/wp-content\/uploads\/ucr_elfuerte-02deoctubre.jpg?fit=737%2C415&ssl=1&resize=350%2C200","width":350,"height":200,"srcset":"https:\/\/i0.wp.com\/larevistadigital.com.ar\/blog\/wp-content\/uploads\/ucr_elfuerte-02deoctubre.jpg?fit=737%2C415&ssl=1&resize=350%2C200 1x, https:\/\/i0.wp.com\/larevistadigital.com.ar\/blog\/wp-content\/uploads\/ucr_elfuerte-02deoctubre.jpg?fit=737%2C415&ssl=1&resize=525%2C300 1.5x, https:\/\/i0.wp.com\/larevistadigital.com.ar\/blog\/wp-content\/uploads\/ucr_elfuerte-02deoctubre.jpg?fit=737%2C415&ssl=1&resize=700%2C400 2x"},"classes":[]},{"id":41374,"url":"https:\/\/larevistadigital.com.ar\/blog\/chascomus-te-informamos-en-detalle-sobre-la-campana-de-vacunacion-en-los-barrios\/","url_meta":{"origin":18963,"position":2},"title":"Chascom\u00fas: Te informamos en detalle sobre la campa\u00f1a de vacunaci\u00f3n en los barrios","author":"Alejandro Sosa Ruda","date":"10 septiembre, 2025","format":false,"excerpt":"Una nueva oportunidad para completar el calendario obligatorio para ni\u00f1os, adolescentes y adultos. 10 de Septiembre de 20254 CHASCOM\u00daS\u00a0 -\u00a0 \u00a0La campa\u00f1a de vacunaci\u00f3n masiva contin\u00faa en distintos Centros de Atenci\u00f3n Primaria, con el prop\u00f3sito de facilitar el acceso para que vecinos y vecinas completen el esquema obligatorio, fundamentalmente, ni\u00f1os\u2026","rel":"","context":"En \u00abCHASCOM\u00daS\u00bb","block_context":{"text":"CHASCOM\u00daS","link":"https:\/\/larevistadigital.com.ar\/blog\/category\/chascomus\/"},"img":{"alt_text":"","src":"https:\/\/i0.wp.com\/larevistadigital.com.ar\/blog\/wp-content\/uploads\/68c1a96eb024c.png?fit=668%2C445&ssl=1&resize=350%2C200","width":350,"height":200,"srcset":"https:\/\/i0.wp.com\/larevistadigital.com.ar\/blog\/wp-content\/uploads\/68c1a96eb024c.png?fit=668%2C445&ssl=1&resize=350%2C200 1x, https:\/\/i0.wp.com\/larevistadigital.com.ar\/blog\/wp-content\/uploads\/68c1a96eb024c.png?fit=668%2C445&ssl=1&resize=525%2C300 1.5x"},"classes":[]},{"id":32061,"url":"https:\/\/larevistadigital.com.ar\/blog\/chascomus-intensos-operativos-en-zona-rural-accesos-a-la-ciudad-y-estacion-ferroautomotor-por-el-fin-de-semana-largo\/","url_meta":{"origin":18963,"position":3},"title":"CHASCOM\u00daS: INTENSOS OPERATIVOS EN ZONA RURAL, ACCESOS A LA CIUDAD Y ESTACI\u00d3N FERROAUTOMOTOR, POR EL FIN DE SEMANA LARGO.","author":"Alejandro Sosa Ruda","date":"17 junio, 2023","format":false,"excerpt":"Si bien los operativos se realizan con regularidad, se han visto intensificados por el fin de semana largo. 17 de junio de 2023 CHASCOM\u00daS -\u00a0 La Secretar\u00eda de Seguridad, ha tomado la firme decisi\u00f3n de intensificar las tareas de prevenci\u00f3n, con operativos en distintos lugares del distrito, tal como lo\u2026","rel":"","context":"En \u00abDESTACADAS\u00bb","block_context":{"text":"DESTACADAS","link":"https:\/\/larevistadigital.com.ar\/blog\/category\/destacadas\/"},"img":{"alt_text":"","src":"https:\/\/i0.wp.com\/larevistadigital.com.ar\/blog\/wp-content\/uploads\/WhatsApp-Image-2023-06-17-at-11.16.23.jpeg?fit=1200%2C674&ssl=1&resize=350%2C200","width":350,"height":200,"srcset":"https:\/\/i0.wp.com\/larevistadigital.com.ar\/blog\/wp-content\/uploads\/WhatsApp-Image-2023-06-17-at-11.16.23.jpeg?fit=1200%2C674&ssl=1&resize=350%2C200 1x, https:\/\/i0.wp.com\/larevistadigital.com.ar\/blog\/wp-content\/uploads\/WhatsApp-Image-2023-06-17-at-11.16.23.jpeg?fit=1200%2C674&ssl=1&resize=525%2C300 1.5x, https:\/\/i0.wp.com\/larevistadigital.com.ar\/blog\/wp-content\/uploads\/WhatsApp-Image-2023-06-17-at-11.16.23.jpeg?fit=1200%2C674&ssl=1&resize=700%2C400 2x, https:\/\/i0.wp.com\/larevistadigital.com.ar\/blog\/wp-content\/uploads\/WhatsApp-Image-2023-06-17-at-11.16.23.jpeg?fit=1200%2C674&ssl=1&resize=1050%2C600 3x"},"classes":[]},{"id":18553,"url":"https:\/\/larevistadigital.com.ar\/blog\/galeria-de-fotos-la-tormenta-en-chascomus-en-imagenes\/","url_meta":{"origin":18963,"position":4},"title":"GALER\u00cdA DE FOTOS: LA TORMENTA EN CHASCOM\u00daS, EN IM\u00c1GENES","author":"Alejandro Sosa Ruda","date":"12 enero, 2021","format":false,"excerpt":"Luego de la fuerte tormenta que azot\u00f3 la ciudad de Chascom\u00fas, nos han llegado una gran cantidad de imagenes que muestran los destrozos que ocasion\u00f3 en distintos lugares de la ciudad, que a\u00fan hoy, martes 12 de diciembre siguen siendo atendidos por defensa civil, y distintos sectores del municipio. Aqu\u00ed\u2026","rel":"","context":"En \u00abDESTACADAS\u00bb","block_context":{"text":"DESTACADAS","link":"https:\/\/larevistadigital.com.ar\/blog\/category\/destacadas\/"},"img":{"alt_text":"","src":"https:\/\/i0.wp.com\/larevistadigital.com.ar\/blog\/wp-content\/uploads\/WhatsApp-Image-2021-01-11-at-10.15.06-1.jpeg?fit=1200%2C675&ssl=1&resize=350%2C200","width":350,"height":200,"srcset":"https:\/\/i0.wp.com\/larevistadigital.com.ar\/blog\/wp-content\/uploads\/WhatsApp-Image-2021-01-11-at-10.15.06-1.jpeg?fit=1200%2C675&ssl=1&resize=350%2C200 1x, https:\/\/i0.wp.com\/larevistadigital.com.ar\/blog\/wp-content\/uploads\/WhatsApp-Image-2021-01-11-at-10.15.06-1.jpeg?fit=1200%2C675&ssl=1&resize=525%2C300 1.5x, https:\/\/i0.wp.com\/larevistadigital.com.ar\/blog\/wp-content\/uploads\/WhatsApp-Image-2021-01-11-at-10.15.06-1.jpeg?fit=1200%2C675&ssl=1&resize=700%2C400 2x, https:\/\/i0.wp.com\/larevistadigital.com.ar\/blog\/wp-content\/uploads\/WhatsApp-Image-2021-01-11-at-10.15.06-1.jpeg?fit=1200%2C675&ssl=1&resize=1050%2C600 3x"},"classes":[]},{"id":43534,"url":"https:\/\/larevistadigital.com.ar\/blog\/chascomus-este-viernes-continua-la-campana-de-vacunacion-gratuita-en-los-barrios\/","url_meta":{"origin":18963,"position":5},"title":"Chascom\u00fas: Este viernes contin\u00faa la campa\u00f1a de vacunaci\u00f3n gratuita en los barrios","author":"Alejandro Sosa Ruda","date":"22 enero, 2026","format":false,"excerpt":"En esta oportunidad, la actividad se concentrar\u00e1 en el CIC \u201cDr. Quint\u00edn\u201d del barrio 30 de Mayo. 22 de enero de 2026 CHASCOM\u00daS -\u00a0 \u00a0 En la jornada de este viernes 23 de enero, la Campa\u00f1a de Vacunaci\u00f3n en los barrios propuesta por la Municipalidad de Chascom\u00fas, continuar\u00e1 de 10\u2026","rel":"","context":"En \u00abCHASCOM\u00daS\u00bb","block_context":{"text":"CHASCOM\u00daS","link":"https:\/\/larevistadigital.com.ar\/blog\/category\/chascomus\/"},"img":{"alt_text":"","src":"https:\/\/i0.wp.com\/larevistadigital.com.ar\/blog\/wp-content\/uploads\/69725e1b4429c.png?fit=668%2C445&ssl=1&resize=350%2C200","width":350,"height":200,"srcset":"https:\/\/i0.wp.com\/larevistadigital.com.ar\/blog\/wp-content\/uploads\/69725e1b4429c.png?fit=668%2C445&ssl=1&resize=350%2C200 1x, https:\/\/i0.wp.com\/larevistadigital.com.ar\/blog\/wp-content\/uploads\/69725e1b4429c.png?fit=668%2C445&ssl=1&resize=525%2C300 1.5x"},"classes":[]}],"_links":{"self":[{"href":"https:\/\/larevistadigital.com.ar\/blog\/wp-json\/wp\/v2\/posts\/18963","targetHints":{"allow":["GET"]}}],"collection":[{"href":"https:\/\/larevistadigital.com.ar\/blog\/wp-json\/wp\/v2\/posts"}],"about":[{"href":"https:\/\/larevistadigital.com.ar\/blog\/wp-json\/wp\/v2\/types\/post"}],"author":[{"embeddable":true,"href":"https:\/\/larevistadigital.com.ar\/blog\/wp-json\/wp\/v2\/users\/3"}],"replies":[{"embeddable":true,"href":"https:\/\/larevistadigital.com.ar\/blog\/wp-json\/wp\/v2\/comments?post=18963"}],"version-history":[{"count":1,"href":"https:\/\/larevistadigital.com.ar\/blog\/wp-json\/wp\/v2\/posts\/18963\/revisions"}],"predecessor-version":[{"id":18968,"href":"https:\/\/larevistadigital.com.ar\/blog\/wp-json\/wp\/v2\/posts\/18963\/revisions\/18968"}],"wp:featuredmedia":[{"embeddable":true,"href":"https:\/\/larevistadigital.com.ar\/blog\/wp-json\/wp\/v2\/media\/18967"}],"wp:attachment":[{"href":"https:\/\/larevistadigital.com.ar\/blog\/wp-json\/wp\/v2\/media?parent=18963"}],"wp:term":[{"taxonomy":"category","embeddable":true,"href":"https:\/\/larevistadigital.com.ar\/blog\/wp-json\/wp\/v2\/categories?post=18963"},{"taxonomy":"post_tag","embeddable":true,"href":"https:\/\/larevistadigital.com.ar\/blog\/wp-json\/wp\/v2\/tags?post=18963"}],"curies":[{"name":"wp","href":"https:\/\/api.w.org\/{rel}","templated":true}]}}