{"id":18969,"date":"2021-02-22T18:30:03","date_gmt":"2021-02-22T18:30:03","guid":{"rendered":"https:\/\/larevistadigital.com.ar\/blog\/?p=18969"},"modified":"2021-02-22T18:30:03","modified_gmt":"2021-02-22T18:30:03","slug":"los-hornos-ataco-con-un-machete-a-su-ex-y-amenazo-con-matar-a-su-hijo-para-huir-de-la-policia","status":"publish","type":"post","link":"https:\/\/larevistadigital.com.ar\/blog\/los-hornos-ataco-con-un-machete-a-su-ex-y-amenazo-con-matar-a-su-hijo-para-huir-de-la-policia\/","title":{"rendered":"LOS HORNOS: ATAC\u00d3 CON UN MACHETE A SU EX, Y AMENAZ\u00d3 CON MATAR A SU HIJO PARA HU\u00cdR DE LA POLIC\u00cdA"},"content":{"rendered":"<h2 class=\"negrita\">Ocurri\u00f3 en 162 bis y 63. El hombre estaba fuera de s\u00ed y ahora qued\u00f3 a disposici\u00f3n de la justicia. Todos los heridos terminaron en el hospital.<\/h2>\n<p><strong>LA PLATA &#8211;<\/strong> Un hombre de 36 a\u00f1os\u00a0fue detenido en\u00a0las \u00faltimas horas por la Polic\u00eda\u00a0luego de ingresar a la casa de su ex pareja, a quien lastim\u00f3 con un machete y cuellos de botellas. Tambi\u00e9n atac\u00f3 a\u00a0sus dos ex cu\u00f1ados y\u00a0<strong>para evitar ser atrapado utiliz\u00f3 como escudo humano\u00a0a uno de sus cuatro hijos<\/strong>. Ocurri\u00f3 en Los Hornos.<\/p>\n<p>Los hechos ocurrieron en un domicilio ubicado en la calle 162 bis y 63, lugar donde llegaron los m\u00f3viles del Comando Patrulla La Plata y de la Comisar\u00eda Tercera a ra\u00edz de un llamado al 911.\u00a0<strong>\u00abAl arribar observamos mucha gente en la puerta y nos informaron que un hombre, muy agresivo y fuera de s\u00ed, estaba agrediendo a su ex pareja de 31 a\u00f1os dentro de ese inmueble en presencia de sus cuatro hijos de entre 9 a 14 a\u00f1os\u00bb<\/strong>, explic\u00f3 uno de los efectivos.<\/p>\n<blockquote>\n<h3><strong>\u00abAnte los desesperados gritos de ayuda de parte de la mujer, entramos y vimos que estaba retenida en el suelo con el agresor,\u00a0que llevaba un arma blanca y dos cuellos de botella\u00bb<\/strong>, indic\u00f3 la misma fuente. De acuerdo a lo se\u00f1alado, mientras se hac\u00edan los intentos para que el hombre se entregara, su ex pareja logr\u00f3 liberarse\u00a0y escap\u00f3 hacia donde estaba la Polic\u00eda.<\/h3>\n<\/blockquote>\n<p>Luego, para evitar ser detenido\u00a0tom\u00f3 de escudo humano\u00a0a uno de sus cuatro hijos, a quien amenazaba con matarlo si la Polic\u00eda no sal\u00eda de la casa. Tras varios minutos de extrema tensi\u00f3n, el hombre se entreg\u00f3 y fue derivado a la seccional Tercera. La mujer fue atendida y derivada al hospital San Mart\u00edn por los golpes y los cortes recibidos.<\/p>\n<p>Adem\u00e1s, averiguaciones posteriores determinaron que al momento de ingresar a la casa el imputado hiri\u00f3 a ex su cu\u00f1ada y a su ex cu\u00f1ado, quienes sufrieron heridas cortantes y\u00a0tambi\u00e9n fueron atendidos por los m\u00e9dicos. Por otra parte, se inform\u00f3 que el hombre ten\u00eda restricci\u00f3n perimetral y antecedentes de violencia contra su familia. Qued\u00f3 a disposici\u00f3n de la UFI N 8 de La Plata.<\/p>\n<p>publicado en 0221<\/p>\n","protected":false},"excerpt":{"rendered":"<div class=\"mh-excerpt\"><p>Ocurri\u00f3 en 162 bis y 63. El hombre estaba fuera de s\u00ed y ahora qued\u00f3 a disposici\u00f3n de la justicia. Todos los heridos terminaron en el hospital. LA PLATA &#8211; Un hombre de 36 a\u00f1os\u00a0fue <a class=\"mh-excerpt-more\" href=\"https:\/\/larevistadigital.com.ar\/blog\/los-hornos-ataco-con-un-machete-a-su-ex-y-amenazo-con-matar-a-su-hijo-para-huir-de-la-policia\/\" title=\"LOS HORNOS: ATAC\u00d3 CON UN MACHETE A SU EX, Y AMENAZ\u00d3 CON MATAR A SU HIJO PARA HU\u00cdR DE LA POLIC\u00cdA\">[Leer M\u00e1s]<\/a><\/p>\n<\/div>","protected":false},"author":3,"featured_media":18970,"comment_status":"open","ping_status":"open","sticky":false,"template":"","format":"standard","meta":{"_jetpack_memberships_contains_paid_content":false,"footnotes":"","jetpack_publicize_message":"","jetpack_publicize_feature_enabled":true,"jetpack_social_post_already_shared":true,"jetpack_social_options":{"image_generator_settings":{"template":"highway","default_image_id":0,"font":"","enabled":false},"version":2}},"categories":[44,51],"tags":[],"class_list":{"0":"post-18969","1":"post","2":"type-post","3":"status-publish","4":"format-standard","5":"has-post-thumbnail","7":"category-policiales","8":"category-regionales"},"jetpack_publicize_connections":[],"jetpack_featured_media_url":"https:\/\/i0.wp.com\/larevistadigital.com.ar\/blog\/wp-content\/uploads\/1614004440819.jpeg?fit=720%2C1280&ssl=1","jetpack_sharing_enabled":true,"jetpack_shortlink":"https:\/\/wp.me\/p8qtrQ-4VX","jetpack-related-posts":[{"id":36516,"url":"https:\/\/larevistadigital.com.ar\/blog\/la-plata-un-hombre-mato-a-otro-en-una-pelea-en-la-megatoma-de-los-hornos\/","url_meta":{"origin":18969,"position":0},"title":"LA PLATA: UN HOMBRE MAT\u00d3 A OTRO EN UNA PELEA EN LA MEGATOMA DE LOS HORNOS","author":"Alejandro Sosa Ruda","date":"1 julio, 2024","format":false,"excerpt":"Seis hombres discutieron en La Plata, en el interior de una casilla en la megatoma de Los Hornos, hasta que uno de ellos sac\u00f3 un cuchillo y apu\u00f1al\u00f3 al otro. 01 de Julio de 2024 LA PLATA -\u00a0 \u00a0Un hombre apu\u00f1al\u00f3 a otro en medio de una disputa desatada dentro\u2026","rel":"","context":"En \u00abPOLICIALES\u00bb","block_context":{"text":"POLICIALES","link":"https:\/\/larevistadigital.com.ar\/blog\/category\/policiales\/"},"img":{"alt_text":"","src":"https:\/\/i0.wp.com\/larevistadigital.com.ar\/blog\/wp-content\/uploads\/Captura-de-pantalla-2024-07-01-091912.png?fit=899%2C496&ssl=1&resize=350%2C200","width":350,"height":200,"srcset":"https:\/\/i0.wp.com\/larevistadigital.com.ar\/blog\/wp-content\/uploads\/Captura-de-pantalla-2024-07-01-091912.png?fit=899%2C496&ssl=1&resize=350%2C200 1x, https:\/\/i0.wp.com\/larevistadigital.com.ar\/blog\/wp-content\/uploads\/Captura-de-pantalla-2024-07-01-091912.png?fit=899%2C496&ssl=1&resize=525%2C300 1.5x, https:\/\/i0.wp.com\/larevistadigital.com.ar\/blog\/wp-content\/uploads\/Captura-de-pantalla-2024-07-01-091912.png?fit=899%2C496&ssl=1&resize=700%2C400 2x"},"classes":[]},{"id":25145,"url":"https:\/\/larevistadigital.com.ar\/blog\/mar-del-plata-un-perro-ataco-al-suyo-quiso-defenderlo-y-le-mordieron-la-cara\/","url_meta":{"origin":18969,"position":1},"title":"MAR DEL PLATA: UN PERRO ATAC\u00d3 AL SUYO, QUISO DEFENDERLO Y LE MORDIERON LA CARA","author":"Alejandro Sosa Ruda","date":"18 abril, 2022","format":false,"excerpt":"MAR DEL PLATA -\u00a0 Una mujer de 36 a\u00f1os\u00a0fue mordida en la cara por un perro ayer a la tarde al intentar defender a su mascota y tuvo que ser atendida por personal m\u00e9dico en la Cl\u00ednica Pueyrredon. El hecho ocurri\u00f3 ayer a la tarde cuando la mujer paseaba a\u2026","rel":"","context":"En \u00abREGIONALES\u00bb","block_context":{"text":"REGIONALES","link":"https:\/\/larevistadigital.com.ar\/blog\/category\/regionales\/"},"img":{"alt_text":"","src":"https:\/\/i0.wp.com\/larevistadigital.com.ar\/blog\/wp-content\/uploads\/Puey-02-1024x683-1.jpg?fit=1024%2C683&ssl=1&resize=350%2C200","width":350,"height":200,"srcset":"https:\/\/i0.wp.com\/larevistadigital.com.ar\/blog\/wp-content\/uploads\/Puey-02-1024x683-1.jpg?fit=1024%2C683&ssl=1&resize=350%2C200 1x, https:\/\/i0.wp.com\/larevistadigital.com.ar\/blog\/wp-content\/uploads\/Puey-02-1024x683-1.jpg?fit=1024%2C683&ssl=1&resize=525%2C300 1.5x, https:\/\/i0.wp.com\/larevistadigital.com.ar\/blog\/wp-content\/uploads\/Puey-02-1024x683-1.jpg?fit=1024%2C683&ssl=1&resize=700%2C400 2x"},"classes":[]},{"id":34399,"url":"https:\/\/larevistadigital.com.ar\/blog\/la-plata-ataco-a-su-novia-y-le-corto-el-cuello-con-un-tenedor\/","url_meta":{"origin":18969,"position":2},"title":"LA PLATA: ATAC\u00d3 A SU NOVIA, Y LE CORT\u00d3 EL CUELLO CON UN TENEDOR","author":"Alejandro Sosa Ruda","date":"6 noviembre, 2023","format":false,"excerpt":"Sufri\u00f3 cortes, golpes y cachetazos hasta que logr\u00f3 llamar a la polic\u00eda de La Plata. El agresor qued\u00f3 detenido por lesiones en contexto de violencia de g\u00e9nero. 6 de Noviembre de 2023 LA PLATA -\u00a0 Un hombre fue detenido por agredir salvajemente a su pareja en La Plata. La v\u00edctima\u2026","rel":"","context":"En \u00abPOLICIALES\u00bb","block_context":{"text":"POLICIALES","link":"https:\/\/larevistadigital.com.ar\/blog\/category\/policiales\/"},"img":{"alt_text":"","src":"https:\/\/i0.wp.com\/larevistadigital.com.ar\/blog\/wp-content\/uploads\/Captura-de-pantalla-2023-11-06-232613.png?fit=887%2C446&ssl=1&resize=350%2C200","width":350,"height":200,"srcset":"https:\/\/i0.wp.com\/larevistadigital.com.ar\/blog\/wp-content\/uploads\/Captura-de-pantalla-2023-11-06-232613.png?fit=887%2C446&ssl=1&resize=350%2C200 1x, https:\/\/i0.wp.com\/larevistadigital.com.ar\/blog\/wp-content\/uploads\/Captura-de-pantalla-2023-11-06-232613.png?fit=887%2C446&ssl=1&resize=525%2C300 1.5x, https:\/\/i0.wp.com\/larevistadigital.com.ar\/blog\/wp-content\/uploads\/Captura-de-pantalla-2023-11-06-232613.png?fit=887%2C446&ssl=1&resize=700%2C400 2x"},"classes":[]},{"id":20592,"url":"https:\/\/larevistadigital.com.ar\/blog\/ataco-con-un-cinto-a-sus-hijas-de-11-y-14-anos-terminaron-internadas\/","url_meta":{"origin":18969,"position":3},"title":"ATAC\u00d3 CON UN CINTO A SUS HIJAS DE 11 Y 14 A\u00d1OS: TERMINARON INTERNADAS","author":"Alejandro Sosa Ruda","date":"1 junio, 2021","format":false,"excerpt":"Ocurri\u00f3 durante las \u00faltimas horas en 524 entre 29 y 30. Las v\u00edctimas fueron derivadas al hospital de Ni\u00f1os con diversas heridas. El implicado qued\u00f3 detenido. TOLOSA - Un hombre de 43 a\u00f1os golpe\u00f3 a sus dos hijas de 11 y 14 a\u00f1os con un cinto, les ocasion\u00f3 heridas en\u2026","rel":"","context":"En \u00abPOLICIALES\u00bb","block_context":{"text":"POLICIALES","link":"https:\/\/larevistadigital.com.ar\/blog\/category\/policiales\/"},"img":{"alt_text":"","src":"https:\/\/i0.wp.com\/larevistadigital.com.ar\/blog\/wp-content\/uploads\/1536159960264.jpeg?fit=1064%2C708&ssl=1&resize=350%2C200","width":350,"height":200,"srcset":"https:\/\/i0.wp.com\/larevistadigital.com.ar\/blog\/wp-content\/uploads\/1536159960264.jpeg?fit=1064%2C708&ssl=1&resize=350%2C200 1x, https:\/\/i0.wp.com\/larevistadigital.com.ar\/blog\/wp-content\/uploads\/1536159960264.jpeg?fit=1064%2C708&ssl=1&resize=525%2C300 1.5x, https:\/\/i0.wp.com\/larevistadigital.com.ar\/blog\/wp-content\/uploads\/1536159960264.jpeg?fit=1064%2C708&ssl=1&resize=700%2C400 2x, https:\/\/i0.wp.com\/larevistadigital.com.ar\/blog\/wp-content\/uploads\/1536159960264.jpeg?fit=1064%2C708&ssl=1&resize=1050%2C600 3x"},"classes":[]},{"id":34396,"url":"https:\/\/larevistadigital.com.ar\/blog\/la-plata-un-empleado-municipal-murio-de-un-disparo\/","url_meta":{"origin":18969,"position":4},"title":"LA PLATA: UN EMPLEADO MUNICIPAL MURI\u00d3 DE UN DISPARO","author":"Alejandro Sosa Ruda","date":"6 noviembre, 2023","format":false,"excerpt":"Ocurri\u00f3 este lunes en Los Hornos. Trabajaba como empleado municipal y, seg\u00fan se inform\u00f3, se habr\u00eda quitado la vida en su casa. 6 de noviembre de 2023 LA PLATA\u00a0 -\u00a0 \u00a0Un hombre de\u00a055 a\u00f1os se dispar\u00f3 en el interior de su vivienda en La Plata\u00a0y falleci\u00f3.\u00a0Estaba junto a su familia\u00a0cuando\u2026","rel":"","context":"En \u00abPOLICIALES\u00bb","block_context":{"text":"POLICIALES","link":"https:\/\/larevistadigital.com.ar\/blog\/category\/policiales\/"},"img":{"alt_text":"","src":"https:\/\/i0.wp.com\/larevistadigital.com.ar\/blog\/wp-content\/uploads\/Captura-de-pantalla-2023-11-06-232124.png?fit=889%2C448&ssl=1&resize=350%2C200","width":350,"height":200,"srcset":"https:\/\/i0.wp.com\/larevistadigital.com.ar\/blog\/wp-content\/uploads\/Captura-de-pantalla-2023-11-06-232124.png?fit=889%2C448&ssl=1&resize=350%2C200 1x, https:\/\/i0.wp.com\/larevistadigital.com.ar\/blog\/wp-content\/uploads\/Captura-de-pantalla-2023-11-06-232124.png?fit=889%2C448&ssl=1&resize=525%2C300 1.5x, https:\/\/i0.wp.com\/larevistadigital.com.ar\/blog\/wp-content\/uploads\/Captura-de-pantalla-2023-11-06-232124.png?fit=889%2C448&ssl=1&resize=700%2C400 2x"},"classes":[]},{"id":42128,"url":"https:\/\/larevistadigital.com.ar\/blog\/violento-robo-a-jubilados-en-los-hornos-los-ataron-y-escaparon-con-su-auto-y-dinero\/","url_meta":{"origin":18969,"position":5},"title":"Violento robo a jubilados en Los Hornos: los ataron y escaparon con su auto y dinero","author":"Alejandro Sosa Ruda","date":"20 octubre, 2025","format":false,"excerpt":"Tres delincuentes encapuchados irrumpieron en plena madrugada en la vivienda del matrimonio, los amenazaron con armas y se llevaron joyas, dinero y el veh\u00edculo familiar. 20 de Octubre de 2025 LA PLATA -\u00a0 \u00a0Un violento robo a mano armada conmocion\u00f3 al barrio Los Hornos, en La Plata, durante la madrugada\u2026","rel":"","context":"En \u00abPOLICIALES\u00bb","block_context":{"text":"POLICIALES","link":"https:\/\/larevistadigital.com.ar\/blog\/category\/policiales\/"},"img":{"alt_text":"POLIC\u00cdA","src":"https:\/\/i0.wp.com\/larevistadigital.com.ar\/blog\/wp-content\/uploads\/POLICIA-3.jpg?fit=880%2C512&ssl=1&resize=350%2C200","width":350,"height":200,"srcset":"https:\/\/i0.wp.com\/larevistadigital.com.ar\/blog\/wp-content\/uploads\/POLICIA-3.jpg?fit=880%2C512&ssl=1&resize=350%2C200 1x, https:\/\/i0.wp.com\/larevistadigital.com.ar\/blog\/wp-content\/uploads\/POLICIA-3.jpg?fit=880%2C512&ssl=1&resize=525%2C300 1.5x, https:\/\/i0.wp.com\/larevistadigital.com.ar\/blog\/wp-content\/uploads\/POLICIA-3.jpg?fit=880%2C512&ssl=1&resize=700%2C400 2x"},"classes":[]}],"_links":{"self":[{"href":"https:\/\/larevistadigital.com.ar\/blog\/wp-json\/wp\/v2\/posts\/18969","targetHints":{"allow":["GET"]}}],"collection":[{"href":"https:\/\/larevistadigital.com.ar\/blog\/wp-json\/wp\/v2\/posts"}],"about":[{"href":"https:\/\/larevistadigital.com.ar\/blog\/wp-json\/wp\/v2\/types\/post"}],"author":[{"embeddable":true,"href":"https:\/\/larevistadigital.com.ar\/blog\/wp-json\/wp\/v2\/users\/3"}],"replies":[{"embeddable":true,"href":"https:\/\/larevistadigital.com.ar\/blog\/wp-json\/wp\/v2\/comments?post=18969"}],"version-history":[{"count":1,"href":"https:\/\/larevistadigital.com.ar\/blog\/wp-json\/wp\/v2\/posts\/18969\/revisions"}],"predecessor-version":[{"id":18971,"href":"https:\/\/larevistadigital.com.ar\/blog\/wp-json\/wp\/v2\/posts\/18969\/revisions\/18971"}],"wp:featuredmedia":[{"embeddable":true,"href":"https:\/\/larevistadigital.com.ar\/blog\/wp-json\/wp\/v2\/media\/18970"}],"wp:attachment":[{"href":"https:\/\/larevistadigital.com.ar\/blog\/wp-json\/wp\/v2\/media?parent=18969"}],"wp:term":[{"taxonomy":"category","embeddable":true,"href":"https:\/\/larevistadigital.com.ar\/blog\/wp-json\/wp\/v2\/categories?post=18969"},{"taxonomy":"post_tag","embeddable":true,"href":"https:\/\/larevistadigital.com.ar\/blog\/wp-json\/wp\/v2\/tags?post=18969"}],"curies":[{"name":"wp","href":"https:\/\/api.w.org\/{rel}","templated":true}]}}