{"id":18972,"date":"2021-02-22T19:37:17","date_gmt":"2021-02-22T19:37:17","guid":{"rendered":"https:\/\/larevistadigital.com.ar\/blog\/?p=18972"},"modified":"2021-02-22T19:37:17","modified_gmt":"2021-02-22T19:37:17","slug":"una-imagen-que-vale-mas-que-mil-palabras-abramos-los-ojos","status":"publish","type":"post","link":"https:\/\/larevistadigital.com.ar\/blog\/una-imagen-que-vale-mas-que-mil-palabras-abramos-los-ojos\/","title":{"rendered":"UNA IM\u00c1GEN QUE VALE M\u00c1S QUE MIL PALABRAS&#8230; ABRAMOS LOS OJOS"},"content":{"rendered":"<p>La imagen se viraliz\u00f3 r\u00e1pidamente en las redes. Es una profesional, que como puede, debe atender la guardia de una ciudad con m\u00e1s de 40.000 personas, y en el marco de una pandemia.<\/p>\n<p>Junto con eso, atender la cl\u00ednica medica, salidas en la ambulancia, y hasta atender el tel\u00e9fono. Obviamente que esto tambi\u00e9n incluye las patolog\u00edas comunes en una ciudad, los accidentes y distintos problemas que se presentan.<\/p>\n<p>Las autoridades los han llevado a esto, y como sociedad, debemos apoyarlos y reaccionar contra este atropello, porque en definitiva, esto puede costar vidas, y desde el gobierno de Gast\u00f3n no se hace nada al respecto.<\/p>\n<p>UNA VERG\u00dcENZA, QUE PUEDE TERMINAR MUY MAL.<\/p>\n","protected":false},"excerpt":{"rendered":"<div class=\"mh-excerpt\"><p>La imagen se viraliz\u00f3 r\u00e1pidamente en las redes. Es una profesional, que como puede, debe atender la guardia de una ciudad con m\u00e1s de 40.000 personas, y en el marco de una pandemia. Junto con <a class=\"mh-excerpt-more\" href=\"https:\/\/larevistadigital.com.ar\/blog\/una-imagen-que-vale-mas-que-mil-palabras-abramos-los-ojos\/\" title=\"UNA IM\u00c1GEN QUE VALE M\u00c1S QUE MIL PALABRAS&#8230; ABRAMOS LOS OJOS\">[Leer M\u00e1s]<\/a><\/p>\n<\/div>","protected":false},"author":3,"featured_media":18973,"comment_status":"open","ping_status":"open","sticky":false,"template":"","format":"standard","meta":{"_jetpack_memberships_contains_paid_content":false,"footnotes":"","jetpack_publicize_message":"","jetpack_publicize_feature_enabled":true,"jetpack_social_post_already_shared":true,"jetpack_social_options":{"image_generator_settings":{"template":"highway","default_image_id":0,"font":"","enabled":false},"version":2}},"categories":[50],"tags":[],"class_list":{"0":"post-18972","1":"post","2":"type-post","3":"status-publish","4":"format-standard","5":"has-post-thumbnail","7":"category-interes-general"},"jetpack_publicize_connections":[],"jetpack_featured_media_url":"https:\/\/i0.wp.com\/larevistadigital.com.ar\/blog\/wp-content\/uploads\/WhatsApp-Image-2021-02-21-at-22.42.37.jpeg?fit=684%2C1280&ssl=1","jetpack_sharing_enabled":true,"jetpack_shortlink":"https:\/\/wp.me\/p8qtrQ-4W0","jetpack-related-posts":[{"id":26200,"url":"https:\/\/larevistadigital.com.ar\/blog\/mar-del-plata-vecinos-aseguran-que-la-vieja-terminal-es-tierra-de-nadie-y-piden-el-cambio-del-jefe-de-la-departamental\/","url_meta":{"origin":18972,"position":0},"title":"MAR DEL PLATA: VECINOS ASEGURAN QUE \u00abLA VIEJA TERMINAL ES TIERRA DE NADIE\u00bb Y PIDEN EL CAMBIO DEL JEFE DE LA DEPARTAMENTAL","author":"Alejandro Sosa Ruda","date":"29 junio, 2022","format":false,"excerpt":"As\u00ed lo indicaron los vecinos de la zona el \"supuesto\" operativo cerrojo que dispuso Jos\u00e9 Segovia para el fin de semana. \"No nos quiere atender, esto es zona liberada. Dimos todas las pruebas con filmaciones, fotograf\u00edas, marcamos el corredor narco y no pasa nada\", aseguraron. MAR DEL PLATA -\u00a0 Como\u2026","rel":"","context":"En \u00abPOLICIALES\u00bb","block_context":{"text":"POLICIALES","link":"https:\/\/larevistadigital.com.ar\/blog\/category\/policiales\/"},"img":{"alt_text":"","src":"https:\/\/i0.wp.com\/larevistadigital.com.ar\/blog\/wp-content\/uploads\/WhatsApp-Image-2022-03-05-at-20.17.21.jpg?fit=850%2C560&ssl=1&resize=350%2C200","width":350,"height":200,"srcset":"https:\/\/i0.wp.com\/larevistadigital.com.ar\/blog\/wp-content\/uploads\/WhatsApp-Image-2022-03-05-at-20.17.21.jpg?fit=850%2C560&ssl=1&resize=350%2C200 1x, https:\/\/i0.wp.com\/larevistadigital.com.ar\/blog\/wp-content\/uploads\/WhatsApp-Image-2022-03-05-at-20.17.21.jpg?fit=850%2C560&ssl=1&resize=525%2C300 1.5x, https:\/\/i0.wp.com\/larevistadigital.com.ar\/blog\/wp-content\/uploads\/WhatsApp-Image-2022-03-05-at-20.17.21.jpg?fit=850%2C560&ssl=1&resize=700%2C400 2x"},"classes":[]},{"id":17190,"url":"https:\/\/larevistadigital.com.ar\/blog\/video-inconcebible-y-vergonsozo-chascomus-y-la-imagen-del-descontrol-total\/","url_meta":{"origin":18972,"position":1},"title":"[VIDEO] INCONCEBIBLE Y VERGONSOZO! CHASCOM\u00daS Y LA IM\u00c1GEN DEL DESCONTROL TOTAL","author":"Alejandro Sosa Ruda","date":"25 octubre, 2020","format":false,"excerpt":"Hoy amanecimos con un video que se ha viralizado y demuestra varias cosas que lo \u00fanico que consiguen es indignarnos, y tomar consciencia que al parecer, vamos directo a no poder salir de esta pandemia que nos viene asolando desde marzo de este a\u00f1o. En el mismo, se aprecia una\u2026","rel":"","context":"En \u00abDESTACADAS\u00bb","block_context":{"text":"DESTACADAS","link":"https:\/\/larevistadigital.com.ar\/blog\/category\/destacadas\/"},"img":{"alt_text":"","src":"https:\/\/i0.wp.com\/larevistadigital.com.ar\/blog\/wp-content\/uploads\/Screenshot_3-52.jpg?fit=861%2C571&ssl=1&resize=350%2C200","width":350,"height":200,"srcset":"https:\/\/i0.wp.com\/larevistadigital.com.ar\/blog\/wp-content\/uploads\/Screenshot_3-52.jpg?fit=861%2C571&ssl=1&resize=350%2C200 1x, https:\/\/i0.wp.com\/larevistadigital.com.ar\/blog\/wp-content\/uploads\/Screenshot_3-52.jpg?fit=861%2C571&ssl=1&resize=525%2C300 1.5x, https:\/\/i0.wp.com\/larevistadigital.com.ar\/blog\/wp-content\/uploads\/Screenshot_3-52.jpg?fit=861%2C571&ssl=1&resize=700%2C400 2x"},"classes":[]},{"id":6448,"url":"https:\/\/larevistadigital.com.ar\/blog\/chascomus-cuando-la-desidia-puede-provocar-una-muerte-y-no-se-hace-nada\/","url_meta":{"origin":18972,"position":2},"title":"CHASCOM\u00daS&#8230; CUANDO LA DESIDIA PUEDE PROVOCAR UNA MUERTE (Y NO SE HACE NADA)","author":"Alejandro Sosa Ruda","date":"2 septiembre, 2018","format":false,"excerpt":"Un lector de La Revista Digital nos ha hecho llegar unas fotograf\u00edas en la que se ve claramente el estado de una conexi\u00f3n de luz en la plaza Libertad, centro de la ciudad de Chascom\u00fas. La imagen, muestra como los cables est\u00e1n expuestos al exterior, sin ning\u00fan tipo de resguardo,\u2026","rel":"","context":"En \u00abDESTACADAS\u00bb","block_context":{"text":"DESTACADAS","link":"https:\/\/larevistadigital.com.ar\/blog\/category\/destacadas\/"},"img":{"alt_text":"","src":"https:\/\/i0.wp.com\/larevistadigital.com.ar\/blog\/wp-content\/uploads\/2018\/09\/WhatsApp-Image-2018-09-02-at-10.40.35.jpeg?fit=774%2C1032&ssl=1&resize=350%2C200","width":350,"height":200,"srcset":"https:\/\/i0.wp.com\/larevistadigital.com.ar\/blog\/wp-content\/uploads\/2018\/09\/WhatsApp-Image-2018-09-02-at-10.40.35.jpeg?fit=774%2C1032&ssl=1&resize=350%2C200 1x, https:\/\/i0.wp.com\/larevistadigital.com.ar\/blog\/wp-content\/uploads\/2018\/09\/WhatsApp-Image-2018-09-02-at-10.40.35.jpeg?fit=774%2C1032&ssl=1&resize=525%2C300 1.5x, https:\/\/i0.wp.com\/larevistadigital.com.ar\/blog\/wp-content\/uploads\/2018\/09\/WhatsApp-Image-2018-09-02-at-10.40.35.jpeg?fit=774%2C1032&ssl=1&resize=700%2C400 2x"},"classes":[]},{"id":13885,"url":"https:\/\/larevistadigital.com.ar\/blog\/denuncian-que-por-la-tardanza-de-la-ambulancia-fallecio-un-hombre-que-estaba-descompensado\/","url_meta":{"origin":18972,"position":3},"title":"DENUNCIAN QUE POR LA TARDANZA DE LA AMBULANCIA FALLECI\u00d3 UN HOMBRE QUE ESTABA \u00abDESCOMPENSADO\u00bb","author":"Alejandro Sosa Ruda","date":"29 diciembre, 2019","format":false,"excerpt":"La ciudad de General Belgrano est\u00e1 conmocionada por el fallecimiento de un m\u00fasico que estaba a punto de subir al escenario a tocar y se descompens\u00f3. Denuncian que la ambulancia tard\u00f3 m\u00e1s de 20 minutos en llegar y pese a los intentos de practicarle maniobras de RCP, no resisti\u00f3. En\u2026","rel":"","context":"En \u00abGENERAL BELGRANO\u00bb","block_context":{"text":"GENERAL BELGRANO","link":"https:\/\/larevistadigital.com.ar\/blog\/category\/general-belgrano\/"},"img":{"alt_text":"","src":"https:\/\/i0.wp.com\/larevistadigital.com.ar\/blog\/wp-content\/uploads\/HOSPITAL-DE-GENERAL-BELGRANO.jpg?fit=851%2C542&ssl=1&resize=350%2C200","width":350,"height":200,"srcset":"https:\/\/i0.wp.com\/larevistadigital.com.ar\/blog\/wp-content\/uploads\/HOSPITAL-DE-GENERAL-BELGRANO.jpg?fit=851%2C542&ssl=1&resize=350%2C200 1x, https:\/\/i0.wp.com\/larevistadigital.com.ar\/blog\/wp-content\/uploads\/HOSPITAL-DE-GENERAL-BELGRANO.jpg?fit=851%2C542&ssl=1&resize=525%2C300 1.5x, https:\/\/i0.wp.com\/larevistadigital.com.ar\/blog\/wp-content\/uploads\/HOSPITAL-DE-GENERAL-BELGRANO.jpg?fit=851%2C542&ssl=1&resize=700%2C400 2x"},"classes":[]},{"id":16436,"url":"https:\/\/larevistadigital.com.ar\/blog\/el-gobernador-axel-kicillof-paso-por-la-ciudad-de-chascomus\/","url_meta":{"origin":18972,"position":4},"title":"EL GOBERNADOR AXEL KICILLOF PAS\u00d3 POR LA CIUDAD DE CHASCOM\u00daS","author":"Alejandro Sosa Ruda","date":"21 septiembre, 2020","format":false,"excerpt":"Finalmente, el Gobernador de la Provincia de Buenos Aires, Axel Kicillof tuvo su paso por la ciudad de Chascom\u00fas, en el marco de los anuncios para los sectores de Turismo y Cultura de la Provincia. La cita fue en el Club de Regatas, y se cont\u00f3 con la presencia de\u2026","rel":"","context":"En \u00abDESTACADAS\u00bb","block_context":{"text":"DESTACADAS","link":"https:\/\/larevistadigital.com.ar\/blog\/category\/destacadas\/"},"img":{"alt_text":"","src":"https:\/\/i0.wp.com\/larevistadigital.com.ar\/blog\/wp-content\/uploads\/WhatsApp-Image-2020-09-21-at-11.35.39.jpeg?fit=1200%2C900&ssl=1&resize=350%2C200","width":350,"height":200,"srcset":"https:\/\/i0.wp.com\/larevistadigital.com.ar\/blog\/wp-content\/uploads\/WhatsApp-Image-2020-09-21-at-11.35.39.jpeg?fit=1200%2C900&ssl=1&resize=350%2C200 1x, https:\/\/i0.wp.com\/larevistadigital.com.ar\/blog\/wp-content\/uploads\/WhatsApp-Image-2020-09-21-at-11.35.39.jpeg?fit=1200%2C900&ssl=1&resize=525%2C300 1.5x, https:\/\/i0.wp.com\/larevistadigital.com.ar\/blog\/wp-content\/uploads\/WhatsApp-Image-2020-09-21-at-11.35.39.jpeg?fit=1200%2C900&ssl=1&resize=700%2C400 2x, https:\/\/i0.wp.com\/larevistadigital.com.ar\/blog\/wp-content\/uploads\/WhatsApp-Image-2020-09-21-at-11.35.39.jpeg?fit=1200%2C900&ssl=1&resize=1050%2C600 3x"},"classes":[]},{"id":19149,"url":"https:\/\/larevistadigital.com.ar\/blog\/es-el-mejor-momento-para-que-el-intendente-tome-vacaciones\/","url_meta":{"origin":18972,"position":5},"title":"\u00bfES EL MEJOR MOMENTO PARA QUE EL INTENDENTE TOME VACACIONES?","author":"Alejandro Sosa Ruda","date":"3 marzo, 2021","format":false,"excerpt":"Antes que nada, queremos hacer la salvedad que el intendente, al igual que cualquiera tiene el derecho de tomar vacaciones, y disfrutar un descanso con su familia. Eso no est\u00e1 en discusi\u00f3n. Lo que nos surge, es la duda acerca si este es el mejor momento para hacerlo, ya que\u2026","rel":"","context":"En \u00abDESTACADAS\u00bb","block_context":{"text":"DESTACADAS","link":"https:\/\/larevistadigital.com.ar\/blog\/category\/destacadas\/"},"img":{"alt_text":"","src":"https:\/\/i0.wp.com\/larevistadigital.com.ar\/blog\/wp-content\/uploads\/VACACIONES-CHAPA.jpg?fit=780%2C1040&ssl=1&resize=350%2C200","width":350,"height":200,"srcset":"https:\/\/i0.wp.com\/larevistadigital.com.ar\/blog\/wp-content\/uploads\/VACACIONES-CHAPA.jpg?fit=780%2C1040&ssl=1&resize=350%2C200 1x, https:\/\/i0.wp.com\/larevistadigital.com.ar\/blog\/wp-content\/uploads\/VACACIONES-CHAPA.jpg?fit=780%2C1040&ssl=1&resize=525%2C300 1.5x, https:\/\/i0.wp.com\/larevistadigital.com.ar\/blog\/wp-content\/uploads\/VACACIONES-CHAPA.jpg?fit=780%2C1040&ssl=1&resize=700%2C400 2x"},"classes":[]}],"_links":{"self":[{"href":"https:\/\/larevistadigital.com.ar\/blog\/wp-json\/wp\/v2\/posts\/18972","targetHints":{"allow":["GET"]}}],"collection":[{"href":"https:\/\/larevistadigital.com.ar\/blog\/wp-json\/wp\/v2\/posts"}],"about":[{"href":"https:\/\/larevistadigital.com.ar\/blog\/wp-json\/wp\/v2\/types\/post"}],"author":[{"embeddable":true,"href":"https:\/\/larevistadigital.com.ar\/blog\/wp-json\/wp\/v2\/users\/3"}],"replies":[{"embeddable":true,"href":"https:\/\/larevistadigital.com.ar\/blog\/wp-json\/wp\/v2\/comments?post=18972"}],"version-history":[{"count":1,"href":"https:\/\/larevistadigital.com.ar\/blog\/wp-json\/wp\/v2\/posts\/18972\/revisions"}],"predecessor-version":[{"id":18974,"href":"https:\/\/larevistadigital.com.ar\/blog\/wp-json\/wp\/v2\/posts\/18972\/revisions\/18974"}],"wp:featuredmedia":[{"embeddable":true,"href":"https:\/\/larevistadigital.com.ar\/blog\/wp-json\/wp\/v2\/media\/18973"}],"wp:attachment":[{"href":"https:\/\/larevistadigital.com.ar\/blog\/wp-json\/wp\/v2\/media?parent=18972"}],"wp:term":[{"taxonomy":"category","embeddable":true,"href":"https:\/\/larevistadigital.com.ar\/blog\/wp-json\/wp\/v2\/categories?post=18972"},{"taxonomy":"post_tag","embeddable":true,"href":"https:\/\/larevistadigital.com.ar\/blog\/wp-json\/wp\/v2\/tags?post=18972"}],"curies":[{"name":"wp","href":"https:\/\/api.w.org\/{rel}","templated":true}]}}