{"id":18975,"date":"2021-02-22T20:40:13","date_gmt":"2021-02-22T20:40:13","guid":{"rendered":"https:\/\/larevistadigital.com.ar\/blog\/?p=18975"},"modified":"2021-02-22T20:40:13","modified_gmt":"2021-02-22T20:40:13","slug":"chascomus-grave-denuncia-de-medica-de-guardia-estaba-sola-llame-a-las-autoridades-y-no-dieron-respuesta","status":"publish","type":"post","link":"https:\/\/larevistadigital.com.ar\/blog\/chascomus-grave-denuncia-de-medica-de-guardia-estaba-sola-llame-a-las-autoridades-y-no-dieron-respuesta\/","title":{"rendered":"CHASCOM\u00daS: GRAVE DENUNCIA DE M\u00c9DICA DE GUARDIA \u00abESTABA SOLA, LLAM\u00c9 A LAS AUTORIDADES Y NO DIERON RESPUESTA\u00bb"},"content":{"rendered":"<p>Un muy fuerte reportaje se pudo escuchar este lunes por la ma\u00f1ana en la Libres del Sur FM (90.1) en el que el periodista <strong>Rub\u00e9n\u00a0<\/strong><b>Mart\u00ednez<\/b>\u00a0habl\u00f3 con la doctora<strong> Silvia Lamas<\/strong> cont\u00f3 la situaci\u00f3n que le toc\u00f3 vivir durante el fin de semana en la guardia del Hospital San Vicente de Paul, que la llev\u00f3 a subir una foto a las redes sociales, que se hizo viral con much\u00edsima rapidez.<\/p>\n<blockquote>\n<h3>En la nota, la doctora Lamas, cont\u00f3 que el d\u00eda viernes tom\u00f3 la guardia a las 20 hs, y estuvo toda la noche sola a cargo de la misma. Dijo que la guardia antes estaba tambi\u00e9n con un m\u00e9dico solo y que desconoc\u00eda que iba a estar sola, cosa que se enter\u00f3 al arribar al Hospital, proveniente de La Plata donde reside.<\/h3>\n<\/blockquote>\n<p>Adem\u00e1s, dijo que en Chascom\u00fas supuestamente hay una guardia pasiva que hab\u00eda ido un par de horas a ayudar al compa\u00f1ero que la antecedi\u00f3 y tambi\u00e9n estuvo solo. <strong><em>\u00abFue la misma doctora que me inform\u00f3 que estar\u00eda sola toda la guardia, que me avis\u00f3 antes de retirarse\u00bb<\/em><\/strong><\/p>\n<blockquote>\n<h3>La mujer, totalmente indignada, explic\u00f3 que tuvo que pedir disculpas a la gente que esperaba, y que en un momento se present\u00f3 a la guardia una persona con \u00absospecha de COVID\u00bb, que ofuscado por la tardanza se sac\u00f3 el barbijo, por lo que hubo que pedirle a la gente que desaloje la guardia para luego desinfectar y permitir el reingreso de los vecinos.<\/h3>\n<\/blockquote>\n<p>Agreg\u00f3 que no es la primera vez que le toca vivir una situaci\u00f3n semejante, por lo que quiso \u00abvisibilizar\u00bb el tema ante la sociedad.<\/p>\n<blockquote>\n<h3>\u00abYo quiero que la gente de Chascom\u00fas sepa lo que pasa en el Hospital\u00bb, dijo Lamas<\/h3>\n<\/blockquote>\n<p>Cont\u00f3 que le dio verg\u00fcenza el tener que pedir al familiar de un paciente con un traumatismo de tobillo que se lo \u00abacerque a rayos\u00bb porque ella no pod\u00eda sola.<\/p>\n<blockquote>\n<h3><em>\u00abEs una situaci\u00f3n que me genera verg\u00fcenza donde yo trabajo, tener que pedirle disculpas a la gente por mi tardanza, no poder acompa\u00f1arlos a rayos, no poder resolver r\u00e1pidamente un caso de Covid <span style=\"font-size: 18.72px\">\u2026<\/span>, entonces me indign\u00e9, y puse en el papel (por la publicaci\u00f3n) lo que pasa. La verdad. Yo intent\u00e9 resolver esto llamando a las autoridades correspondientes y no obtuve respuesta\u00bb<\/em>, dispar\u00f3<\/h3>\n<\/blockquote>\n<p>Aclar\u00f3 que no se la atendi\u00f3 telef\u00f3nicamente, y luego de mucho insistir la atendieron, pero no se dieron respuestas para solucionar la dif\u00edcil situaci\u00f3n. Mi preocupaci\u00f3n fue al llegar a la guardia y apreciar la situaci\u00f3n que era realmente complicada y quer\u00eda atender como corresponde a la gente, y darles soluci\u00f3n.<\/p>\n<blockquote>\n<h3>La doctora, agreg\u00f3 que le rogaba a Dios no tener que salir con una urgencia, ya que en ese caso hubiera debido optar entre atenderla, o dejar el hospital solo e irse. Aclar\u00f3 que hab\u00eda un m\u00e9dico de terapia, pero ese m\u00e9dico debe permanecer en Terapia.<\/h3>\n<\/blockquote>\n<p>Mencion\u00f3 adem\u00e1s que no tiene miedo a las represalias que puedan tomar con ella, ya que solamente dice la verdad, repitiendo que cuando quiso hablar con las autoridades <strong>NO SE LA ESCUCH\u00d3. y QUE EL D\u00cdA S\u00c1BADO SE REPITI\u00d3 LA SITUACI\u00d3N MENCIONADA, CONTANDO QUE EL M\u00c9DICO AL RETIRARSE DIJO QUE NO VOLVER\u00cdA NUNCA M\u00c1S A CHASCOM\u00daS. DEJANDO EL DATO QUE LA PERSONA QUE LLEVEBA A CABO LA \u00abGUARDIA PASIVA\u00bb Y QUE SE FUE AL LLEGAR ELLA, ERA LA PAREJA DEL DIRECTOR DEL HOSPITAL, TAMBI\u00c9N QUE EN LA SALA DE MATERNIDAD HAB\u00cdA UNA SOLA ENFERMERA, ACLARANDO QUE EN EL CASO DE LOS ENFERMEROS TEMEN LAS REPRESALIAS Y QUEDARSE SIN TRABAJO.<\/strong><\/p>\n<blockquote>\n<h3>POR \u00daLTIMO, SE LE PREGUNT\u00d3 ACERCA DE LA VACUNACI\u00d3N DE AMIGOS, O GENTE CON CARGOS Y LA M\u00c9DICA CONTEST\u00d3 QUE \u00abLOS M\u00c9DICOS SABEMOS QUE ESAS COSAS EST\u00c1N PASANDO\u00bb.<\/h3>\n<\/blockquote>\n<p>fuente: Libres del Sur FM (Grupo Tiempo)<\/p>\n<p>&nbsp;<\/p>\n<p>&nbsp;<\/p>\n<p>&nbsp;<\/p>\n","protected":false},"excerpt":{"rendered":"<div class=\"mh-excerpt\"><p>Un muy fuerte reportaje se pudo escuchar este lunes por la ma\u00f1ana en la Libres del Sur FM (90.1) en el que el periodista Rub\u00e9n\u00a0Mart\u00ednez\u00a0habl\u00f3 con la doctora Silvia Lamas cont\u00f3 la situaci\u00f3n que le <a class=\"mh-excerpt-more\" href=\"https:\/\/larevistadigital.com.ar\/blog\/chascomus-grave-denuncia-de-medica-de-guardia-estaba-sola-llame-a-las-autoridades-y-no-dieron-respuesta\/\" title=\"CHASCOM\u00daS: GRAVE DENUNCIA DE M\u00c9DICA DE GUARDIA \u00abESTABA SOLA, LLAM\u00c9 A LAS AUTORIDADES Y NO DIERON RESPUESTA\u00bb\">[Leer M\u00e1s]<\/a><\/p>\n<\/div>","protected":false},"author":3,"featured_media":18973,"comment_status":"open","ping_status":"open","sticky":false,"template":"","format":"standard","meta":{"_jetpack_memberships_contains_paid_content":false,"footnotes":"","jetpack_publicize_message":"","jetpack_publicize_feature_enabled":true,"jetpack_social_post_already_shared":true,"jetpack_social_options":{"image_generator_settings":{"template":"highway","default_image_id":0,"font":"","enabled":false},"version":2}},"categories":[41],"tags":[],"class_list":{"0":"post-18975","1":"post","2":"type-post","3":"status-publish","4":"format-standard","5":"has-post-thumbnail","7":"category-destacadas"},"jetpack_publicize_connections":[],"jetpack_featured_media_url":"https:\/\/i0.wp.com\/larevistadigital.com.ar\/blog\/wp-content\/uploads\/WhatsApp-Image-2021-02-21-at-22.42.37.jpeg?fit=684%2C1280&ssl=1","jetpack_sharing_enabled":true,"jetpack_shortlink":"https:\/\/wp.me\/p8qtrQ-4W3","jetpack-related-posts":[{"id":19041,"url":"https:\/\/larevistadigital.com.ar\/blog\/19041-2\/","url_meta":{"origin":18975,"position":0},"title":"LA DOCTORA TARTAGLIA, LUEGO DE RENUNCIAR AL HOSPITAL: \u00abDEJARON A QUIENES DEBER\u00cdAN HABER SACADO DEL HOSPITAL\u00bb","author":"Alejandro Sosa Ruda","date":"26 febrero, 2021","format":false,"excerpt":"La renunciada pediatra y m\u00e9dica de guardia Noelia Tartaglia, mantuvo un di\u00e1logo radial con el periodista Rub\u00e9n Martinez, durante su programa \"Tiempo de Radio\" que se emite diariamente por Libres del Sur FM (90.1) de 10 a 12hs. La doctora, coment\u00f3 que desde el 2014 la guardia se manejaba con\u2026","rel":"","context":"En \u00abDESTACADAS\u00bb","block_context":{"text":"DESTACADAS","link":"https:\/\/larevistadigital.com.ar\/blog\/category\/destacadas\/"},"img":{"alt_text":"","src":"https:\/\/i0.wp.com\/larevistadigital.com.ar\/blog\/wp-content\/uploads\/Captura-de-pantalla-2021-02-25-230726.png?fit=1200%2C657&ssl=1&resize=350%2C200","width":350,"height":200,"srcset":"https:\/\/i0.wp.com\/larevistadigital.com.ar\/blog\/wp-content\/uploads\/Captura-de-pantalla-2021-02-25-230726.png?fit=1200%2C657&ssl=1&resize=350%2C200 1x, https:\/\/i0.wp.com\/larevistadigital.com.ar\/blog\/wp-content\/uploads\/Captura-de-pantalla-2021-02-25-230726.png?fit=1200%2C657&ssl=1&resize=525%2C300 1.5x, https:\/\/i0.wp.com\/larevistadigital.com.ar\/blog\/wp-content\/uploads\/Captura-de-pantalla-2021-02-25-230726.png?fit=1200%2C657&ssl=1&resize=700%2C400 2x, https:\/\/i0.wp.com\/larevistadigital.com.ar\/blog\/wp-content\/uploads\/Captura-de-pantalla-2021-02-25-230726.png?fit=1200%2C657&ssl=1&resize=1050%2C600 3x"},"classes":[]},{"id":18993,"url":"https:\/\/larevistadigital.com.ar\/blog\/en-lugar-de-escuchar-a-los-medicos-cipriano-perez-del-cerro-salio-a-negar-que-un-solo-profesional-atienda-las-urgencias-del-hospital\/","url_meta":{"origin":18975,"position":1},"title":"EN LUGAR DE ESCUCHAR A LOS M\u00c9DICOS, CIPRIANO P\u00c9REZ DEL CERRO SALI\u00d3 A NEGAR QUE UN SOLO PROFESIONAL ATIENDA LAS URGENCIAS DEL HOSPITAL","author":"Alejandro Sosa Ruda","date":"23 febrero, 2021","format":false,"excerpt":"De manera incre\u00edble, y con un alt\u00edsimo grado de soberbia, el Secretario de Gobierno de Javier Gast\u00f3n, neg\u00f3 en un reportaje del diario EL Cronista los dichos de la m\u00e9dica de guardia, que debi\u00f3 responder sola a la atenci\u00f3n de la misma. Evidentemente, desde el ejecutivo, no hay intenci\u00f3n de\u2026","rel":"","context":"En \u00abDESTACADAS\u00bb","block_context":{"text":"DESTACADAS","link":"https:\/\/larevistadigital.com.ar\/blog\/category\/destacadas\/"},"img":{"alt_text":"","src":"https:\/\/i0.wp.com\/larevistadigital.com.ar\/blog\/wp-content\/uploads\/Gaston-no-escucha.jpg?fit=1200%2C846&ssl=1&resize=350%2C200","width":350,"height":200,"srcset":"https:\/\/i0.wp.com\/larevistadigital.com.ar\/blog\/wp-content\/uploads\/Gaston-no-escucha.jpg?fit=1200%2C846&ssl=1&resize=350%2C200 1x, https:\/\/i0.wp.com\/larevistadigital.com.ar\/blog\/wp-content\/uploads\/Gaston-no-escucha.jpg?fit=1200%2C846&ssl=1&resize=525%2C300 1.5x, https:\/\/i0.wp.com\/larevistadigital.com.ar\/blog\/wp-content\/uploads\/Gaston-no-escucha.jpg?fit=1200%2C846&ssl=1&resize=700%2C400 2x, https:\/\/i0.wp.com\/larevistadigital.com.ar\/blog\/wp-content\/uploads\/Gaston-no-escucha.jpg?fit=1200%2C846&ssl=1&resize=1050%2C600 3x"},"classes":[]},{"id":36021,"url":"https:\/\/larevistadigital.com.ar\/blog\/el-servicio-de-guardia-de-chascomus-incluido-el-de-pediatria-esta-garantizado\/","url_meta":{"origin":18975,"position":2},"title":"EL SERVICIO DE GUARDIA DE CHASCOM\u00daS, INCLUIDO EL DE PEDIATR\u00cdA, EST\u00c1 GARANTIZADO","author":"Alejandro Sosa Ruda","date":"8 mayo, 2024","format":false,"excerpt":"Los casos de urgencia son atendidos y se contin\u00faa trabajando para asegurar la cobertura. 8 de Mayo de 2024 CHASCOM\u00daS -\u00a0 El secretario de Gobierno, Cipriano P\u00e9rez del Cerro, inform\u00f3 que el servicio de pediatr\u00eda, como el del resto de las especialidades, en el Hospital Municipal \u201cSan Vicente de Paul\u201d\u2026","rel":"","context":"En \u00abCHASCOM\u00daS\u00bb","block_context":{"text":"CHASCOM\u00daS","link":"https:\/\/larevistadigital.com.ar\/blog\/category\/chascomus\/"},"img":{"alt_text":"","src":"https:\/\/i0.wp.com\/larevistadigital.com.ar\/blog\/wp-content\/uploads\/2024_05_09_02_56_01_4421882.jpg?fit=600%2C401&ssl=1&resize=350%2C200","width":350,"height":200,"srcset":"https:\/\/i0.wp.com\/larevistadigital.com.ar\/blog\/wp-content\/uploads\/2024_05_09_02_56_01_4421882.jpg?fit=600%2C401&ssl=1&resize=350%2C200 1x, https:\/\/i0.wp.com\/larevistadigital.com.ar\/blog\/wp-content\/uploads\/2024_05_09_02_56_01_4421882.jpg?fit=600%2C401&ssl=1&resize=525%2C300 1.5x"},"classes":[]},{"id":19017,"url":"https:\/\/larevistadigital.com.ar\/blog\/remociones-cambios-y-contramarchas-en-el-hospital-municipal-para-tratar-de-calmar-los-animos\/","url_meta":{"origin":18975,"position":3},"title":"REMOCIONES, CAMBIOS Y CONTRAMARCHAS EN EL HOSPITAL MUNICIPAL PARA TRATAR DE CALMAR LOS \u00c1NIMOS","author":"Alejandro Sosa Ruda","date":"24 febrero, 2021","format":false,"excerpt":"Al gobierno de Javier Gast\u00f3n, le est\u00e1 saliendo muy caro el seguir apoyando la gesti\u00f3n de la doctora Marcela Arias, dado que desde que asumi\u00f3 provoc\u00f3 conflictos, renuncias y quejas de distintos profesionales. Ahora se suma la remoci\u00f3n del Jefe de Guardia, la renuncia de una medica, y se agregar\u00eda\u2026","rel":"","context":"En \u00abINTERES GENERAL\u00bb","block_context":{"text":"INTERES GENERAL","link":"https:\/\/larevistadigital.com.ar\/blog\/category\/interes-general\/"},"img":{"alt_text":"","src":"https:\/\/i0.wp.com\/larevistadigital.com.ar\/blog\/wp-content\/uploads\/HOSPITAL-DE-CHASCOMUS.jpg?fit=1200%2C675&ssl=1&resize=350%2C200","width":350,"height":200,"srcset":"https:\/\/i0.wp.com\/larevistadigital.com.ar\/blog\/wp-content\/uploads\/HOSPITAL-DE-CHASCOMUS.jpg?fit=1200%2C675&ssl=1&resize=350%2C200 1x, https:\/\/i0.wp.com\/larevistadigital.com.ar\/blog\/wp-content\/uploads\/HOSPITAL-DE-CHASCOMUS.jpg?fit=1200%2C675&ssl=1&resize=525%2C300 1.5x, https:\/\/i0.wp.com\/larevistadigital.com.ar\/blog\/wp-content\/uploads\/HOSPITAL-DE-CHASCOMUS.jpg?fit=1200%2C675&ssl=1&resize=700%2C400 2x, https:\/\/i0.wp.com\/larevistadigital.com.ar\/blog\/wp-content\/uploads\/HOSPITAL-DE-CHASCOMUS.jpg?fit=1200%2C675&ssl=1&resize=1050%2C600 3x"},"classes":[]},{"id":6682,"url":"https:\/\/larevistadigital.com.ar\/blog\/chascomus-se-puso-en-funcionamiento-el-sistema-de-guardia-por-nivel-de-urgencia-en-el-hospital-municipal\/","url_meta":{"origin":18975,"position":4},"title":"CHASCOM\u00daS: SE PUSO EN FUNCIONAMIENTO EL SISTEMA DE GUARDIA POR NIVEL DE URGENCIA EN EL HOSPITAL MUNICIPAL","author":"Alejandro Sosa Ruda","date":"29 septiembre, 2018","format":false,"excerpt":"El Director del Hospital Municipal \u201cSan Vicente de Paul\u201d y el Intendente Javier Gast\u00f3n, recorrieron el sector de guardia donde se comenz\u00f3 a implementar el nuevo sistema \u201cTriage\u201d, el cual establece orden de prioridad de atenci\u00f3n de acuerdo a la patolog\u00eda presentada por el paciente. \u201cEl Hospital de Chascom\u00fas es\u2026","rel":"","context":"En \u00abCHASCOM\u00daS\u00bb","block_context":{"text":"CHASCOM\u00daS","link":"https:\/\/larevistadigital.com.ar\/blog\/category\/chascomus\/"},"img":{"alt_text":"","src":"https:\/\/i0.wp.com\/larevistadigital.com.ar\/blog\/wp-content\/uploads\/2018\/06\/hospi1-1024x767-111-700x524.jpg?fit=700%2C524&ssl=1&resize=350%2C200","width":350,"height":200,"srcset":"https:\/\/i0.wp.com\/larevistadigital.com.ar\/blog\/wp-content\/uploads\/2018\/06\/hospi1-1024x767-111-700x524.jpg?fit=700%2C524&ssl=1&resize=350%2C200 1x, https:\/\/i0.wp.com\/larevistadigital.com.ar\/blog\/wp-content\/uploads\/2018\/06\/hospi1-1024x767-111-700x524.jpg?fit=700%2C524&ssl=1&resize=525%2C300 1.5x, https:\/\/i0.wp.com\/larevistadigital.com.ar\/blog\/wp-content\/uploads\/2018\/06\/hospi1-1024x767-111-700x524.jpg?fit=700%2C524&ssl=1&resize=700%2C400 2x"},"classes":[]},{"id":36394,"url":"https:\/\/larevistadigital.com.ar\/blog\/informo-la-municipalidad-de-chascomus-que-el-sabado-22-y-domingo-23-de-junio-habra-guardia-pediatrica-pasiva-y-activa\/","url_meta":{"origin":18975,"position":5},"title":"INFORM\u00d3 LA MUNICIPALIDAD DE CHASCOM\u00daS QUE EL S\u00c1BADO 22 Y DOMINGO 23 DE JUNIO: HABR\u00c1 GUARDIA PEDI\u00c1TRICA PASIVA Y ACTIVA","author":"Alejandro Sosa Ruda","date":"21 junio, 2024","format":false,"excerpt":"Desde la Municipalidad se comunica que el d\u00eda de ma\u00f1ana y el domingo, en el Hospital San Vicente de Paul, habr\u00e1 guardia pedi\u00e1trica pasiva y activa en todas las franjas horarias. 21 de Junio de 2024 CHASCOM\u00daS -\u00a0 Como vienen alertando desde la Sociedad Argentina de Pediatr\u00eda, los m\u00e9dicos j\u00f3venes\u2026","rel":"","context":"En \u00abINTERES GENERAL\u00bb","block_context":{"text":"INTERES GENERAL","link":"https:\/\/larevistadigital.com.ar\/blog\/category\/interes-general\/"},"img":{"alt_text":"","src":"https:\/\/i0.wp.com\/larevistadigital.com.ar\/blog\/wp-content\/uploads\/hospital22.jpg?fit=1024%2C768&ssl=1&resize=350%2C200","width":350,"height":200,"srcset":"https:\/\/i0.wp.com\/larevistadigital.com.ar\/blog\/wp-content\/uploads\/hospital22.jpg?fit=1024%2C768&ssl=1&resize=350%2C200 1x, https:\/\/i0.wp.com\/larevistadigital.com.ar\/blog\/wp-content\/uploads\/hospital22.jpg?fit=1024%2C768&ssl=1&resize=525%2C300 1.5x, https:\/\/i0.wp.com\/larevistadigital.com.ar\/blog\/wp-content\/uploads\/hospital22.jpg?fit=1024%2C768&ssl=1&resize=700%2C400 2x"},"classes":[]}],"_links":{"self":[{"href":"https:\/\/larevistadigital.com.ar\/blog\/wp-json\/wp\/v2\/posts\/18975","targetHints":{"allow":["GET"]}}],"collection":[{"href":"https:\/\/larevistadigital.com.ar\/blog\/wp-json\/wp\/v2\/posts"}],"about":[{"href":"https:\/\/larevistadigital.com.ar\/blog\/wp-json\/wp\/v2\/types\/post"}],"author":[{"embeddable":true,"href":"https:\/\/larevistadigital.com.ar\/blog\/wp-json\/wp\/v2\/users\/3"}],"replies":[{"embeddable":true,"href":"https:\/\/larevistadigital.com.ar\/blog\/wp-json\/wp\/v2\/comments?post=18975"}],"version-history":[{"count":1,"href":"https:\/\/larevistadigital.com.ar\/blog\/wp-json\/wp\/v2\/posts\/18975\/revisions"}],"predecessor-version":[{"id":18976,"href":"https:\/\/larevistadigital.com.ar\/blog\/wp-json\/wp\/v2\/posts\/18975\/revisions\/18976"}],"wp:featuredmedia":[{"embeddable":true,"href":"https:\/\/larevistadigital.com.ar\/blog\/wp-json\/wp\/v2\/media\/18973"}],"wp:attachment":[{"href":"https:\/\/larevistadigital.com.ar\/blog\/wp-json\/wp\/v2\/media?parent=18975"}],"wp:term":[{"taxonomy":"category","embeddable":true,"href":"https:\/\/larevistadigital.com.ar\/blog\/wp-json\/wp\/v2\/categories?post=18975"},{"taxonomy":"post_tag","embeddable":true,"href":"https:\/\/larevistadigital.com.ar\/blog\/wp-json\/wp\/v2\/tags?post=18975"}],"curies":[{"name":"wp","href":"https:\/\/api.w.org\/{rel}","templated":true}]}}