{"id":18978,"date":"2021-02-23T13:39:06","date_gmt":"2021-02-23T13:39:06","guid":{"rendered":"https:\/\/larevistadigital.com.ar\/blog\/?p=18978"},"modified":"2021-02-23T13:39:06","modified_gmt":"2021-02-23T13:39:06","slug":"mar-del-plata-muchacho-en-grave-estado-luego-de-chocar-con-su-moto","status":"publish","type":"post","link":"https:\/\/larevistadigital.com.ar\/blog\/mar-del-plata-muchacho-en-grave-estado-luego-de-chocar-con-su-moto\/","title":{"rendered":"MAR DEL PLATA: MUCHACHO EN GRAVE ESTADO LUEGO DE CHOCAR CON SU MOTO"},"content":{"rendered":"<h2 class=\"intro\">Sucedi\u00f3 en 14 de Julio y Avellaneda por causas que se desconocen. Ambos rodados quedaron secuestrados en una causa por lesiones culposas.<\/h2>\n<p><strong>MAR DEL PLATA &#8211;<\/strong> El conductor de una moto Zanella ZB que en la esquina de <strong>14 de Julio y Avellaneda\u00a0<\/strong>choc\u00f3 con un autom\u00f3vil VW Voyage permanece internado en grave estado en el Hospital Interzonal General de Agudos (Higa) a donde fue trasladado de urgencia. La fiscal\u00eda de Delitos Culposos dispuso la formaci\u00f3n de una causa penal.<\/p>\n<blockquote>\n<h3><em>Autoridades policiales confirmaron que el siniestro \u2013por causas a\u00fan desconocidas- se registr\u00f3 cerca de las once de loche del lunes. Una ambulancia del SAME lleg\u00f3 al lugar y traslad\u00f3 al joven de 24 a\u00f1os y su acompa\u00f1antes de 28 al hospital.<\/em><\/h3>\n<\/blockquote>\n<p><strong>\u201cEl conductor ingres\u00f3 inconsciente, est\u00e1 con respiraci\u00f3n asistida y su estado es grave mientras que el acompa\u00f1ante presenta una fractura expuesta en la pierna derecha\u201d<\/strong>, aseguraron desde el hospital.<\/p>\n<blockquote>\n<h3>Personal de Tr\u00e1nsito municipal se acerc\u00f3 a la zona y realiz\u00f3 el control de alcoholemia al conductor del auto de mayor porte \u2013de 27 a\u00f1os- y su resultado fue negativo.<\/h3>\n<\/blockquote>\n<p>Una vez labradas las actuaciones de rigor a cargo de Polic\u00eda Cient\u00edfica, desde la fiscal\u00eda tem\u00e1tica dispusieron la formaci\u00f3n de una causa por\u00a0<strong>Lesiones Culposas.<\/strong><\/p>\n","protected":false},"excerpt":{"rendered":"<div class=\"mh-excerpt\"><p>Sucedi\u00f3 en 14 de Julio y Avellaneda por causas que se desconocen. Ambos rodados quedaron secuestrados en una causa por lesiones culposas. MAR DEL PLATA &#8211; El conductor de una moto Zanella ZB que en <a class=\"mh-excerpt-more\" href=\"https:\/\/larevistadigital.com.ar\/blog\/mar-del-plata-muchacho-en-grave-estado-luego-de-chocar-con-su-moto\/\" title=\"MAR DEL PLATA: MUCHACHO EN GRAVE ESTADO LUEGO DE CHOCAR CON SU MOTO\">[Leer M\u00e1s]<\/a><\/p>\n<\/div>","protected":false},"author":3,"featured_media":18979,"comment_status":"open","ping_status":"open","sticky":false,"template":"","format":"standard","meta":{"_jetpack_memberships_contains_paid_content":false,"footnotes":"","jetpack_publicize_message":"","jetpack_publicize_feature_enabled":true,"jetpack_social_post_already_shared":true,"jetpack_social_options":{"image_generator_settings":{"template":"highway","default_image_id":0,"font":"","enabled":false},"version":2}},"categories":[44,51],"tags":[],"class_list":{"0":"post-18978","1":"post","2":"type-post","3":"status-publish","4":"format-standard","5":"has-post-thumbnail","7":"category-policiales","8":"category-regionales"},"jetpack_publicize_connections":[],"jetpack_featured_media_url":"https:\/\/i0.wp.com\/larevistadigital.com.ar\/blog\/wp-content\/uploads\/Captura-17.png?fit=1005%2C559&ssl=1","jetpack_sharing_enabled":true,"jetpack_shortlink":"https:\/\/wp.me\/p8qtrQ-4W6","jetpack-related-posts":[{"id":24232,"url":"https:\/\/larevistadigital.com.ar\/blog\/mar-del-plata-un-motociclista-en-grave-estado-luego-de-chocar-contra-un-auto\/","url_meta":{"origin":18978,"position":0},"title":"MAR DEL PLATA: UN MOTOCICLISTA EN GRAVE ESTADO LUEGO DE CHOCAR CONTRA UN AUTO","author":"Alejandro Sosa Ruda","date":"27 febrero, 2022","format":false,"excerpt":"El joven, de 22 a\u00f1os se encuentra en terapia intensiva del Hospital Interzonal, mientras que su acompa\u00f1ante, una mujer de 24 a\u00f1os, tambi\u00e9n est\u00e1 internada, pero estable. El hecho ocurri\u00f3 esta madrugada en Independencia y Garay. MAR DEL PLATA -\u00a0 Un\u00a0motociclista de 22 a\u00f1os\u00a0se encuentra internado en grave estado en\u2026","rel":"","context":"En \u00abPOLICIALES\u00bb","block_context":{"text":"POLICIALES","link":"https:\/\/larevistadigital.com.ar\/blog\/category\/policiales\/"},"img":{"alt_text":"","src":"https:\/\/i0.wp.com\/larevistadigital.com.ar\/blog\/wp-content\/uploads\/Captura-de-pantalla-2022-02-27-122414.jpg?fit=1011%2C490&ssl=1&resize=350%2C200","width":350,"height":200,"srcset":"https:\/\/i0.wp.com\/larevistadigital.com.ar\/blog\/wp-content\/uploads\/Captura-de-pantalla-2022-02-27-122414.jpg?fit=1011%2C490&ssl=1&resize=350%2C200 1x, https:\/\/i0.wp.com\/larevistadigital.com.ar\/blog\/wp-content\/uploads\/Captura-de-pantalla-2022-02-27-122414.jpg?fit=1011%2C490&ssl=1&resize=525%2C300 1.5x, https:\/\/i0.wp.com\/larevistadigital.com.ar\/blog\/wp-content\/uploads\/Captura-de-pantalla-2022-02-27-122414.jpg?fit=1011%2C490&ssl=1&resize=700%2C400 2x"},"classes":[]},{"id":17477,"url":"https:\/\/larevistadigital.com.ar\/blog\/choque-fatal-en-floresta-murio-un-motociclista\/","url_meta":{"origin":18978,"position":1},"title":"CHOQUE FATAL EN FLORESTA. MURI\u00d3 UN MOTOCICLISTA","author":"Alejandro Sosa Ruda","date":"5 noviembre, 2020","format":false,"excerpt":"Ocurri\u00f3 en el cruce de la avenida Avellaneda y Mercedes. Investigan si el conductor del auto estaba alcoholizado. Un motociclista\u00a0muri\u00f3 este jueves al ser chocado por un Volkswagen Gol en la intersecci\u00f3n de la avenidas Avellaneda y Mercedes, en el barrio porte\u00f1o de\u00a0Floresta.\u00a0El conductor del auto habr\u00eda estado alcoholizado y\u2026","rel":"","context":"En \u00abINTERES GENERAL\u00bb","block_context":{"text":"INTERES GENERAL","link":"https:\/\/larevistadigital.com.ar\/blog\/category\/interes-general\/"},"img":{"alt_text":"","src":"https:\/\/i0.wp.com\/larevistadigital.com.ar\/blog\/wp-content\/uploads\/foto-jotaleonetti.jpg?fit=1140%2C640&ssl=1&resize=350%2C200","width":350,"height":200,"srcset":"https:\/\/i0.wp.com\/larevistadigital.com.ar\/blog\/wp-content\/uploads\/foto-jotaleonetti.jpg?fit=1140%2C640&ssl=1&resize=350%2C200 1x, https:\/\/i0.wp.com\/larevistadigital.com.ar\/blog\/wp-content\/uploads\/foto-jotaleonetti.jpg?fit=1140%2C640&ssl=1&resize=525%2C300 1.5x, https:\/\/i0.wp.com\/larevistadigital.com.ar\/blog\/wp-content\/uploads\/foto-jotaleonetti.jpg?fit=1140%2C640&ssl=1&resize=700%2C400 2x, https:\/\/i0.wp.com\/larevistadigital.com.ar\/blog\/wp-content\/uploads\/foto-jotaleonetti.jpg?fit=1140%2C640&ssl=1&resize=1050%2C600 3x"},"classes":[]},{"id":44329,"url":"https:\/\/larevistadigital.com.ar\/blog\/una-bebe-de-un-ano-fue-atropellada-accidentalmente-por-un-familiar-en-miramar-y-esta-internada-en-grave-estado\/","url_meta":{"origin":18978,"position":2},"title":"Una beb\u00e9 de un a\u00f1o fue atropellada accidentalmente por un familiar en Miramar y est\u00e1 internada en grave estado","author":"Alejandro Sosa Ruda","date":"5 marzo, 2026","format":false,"excerpt":"La peque\u00f1a fue trasladada de urgencia al hospital de Mar del Plata. Permanece en terapia intensiva, con asistencia respiratoria y en coma, tras sufrir graves lesiones internas. 05 de marzo de 2026 MIRAMAR -\u00a0 \u00a0Una ni\u00f1a de un a\u00f1o de edad permanece internada en estado grave luego de haber sido\u2026","rel":"","context":"En \u00abPOLICIALES\u00bb","block_context":{"text":"POLICIALES","link":"https:\/\/larevistadigital.com.ar\/blog\/category\/policiales\/"},"img":{"alt_text":"","src":"https:\/\/i0.wp.com\/larevistadigital.com.ar\/blog\/wp-content\/uploads\/2fc992a88006e77a9857dc9c375597bc3822c16c.jpg?fit=1140%2C680&ssl=1&resize=350%2C200","width":350,"height":200,"srcset":"https:\/\/i0.wp.com\/larevistadigital.com.ar\/blog\/wp-content\/uploads\/2fc992a88006e77a9857dc9c375597bc3822c16c.jpg?fit=1140%2C680&ssl=1&resize=350%2C200 1x, https:\/\/i0.wp.com\/larevistadigital.com.ar\/blog\/wp-content\/uploads\/2fc992a88006e77a9857dc9c375597bc3822c16c.jpg?fit=1140%2C680&ssl=1&resize=525%2C300 1.5x, https:\/\/i0.wp.com\/larevistadigital.com.ar\/blog\/wp-content\/uploads\/2fc992a88006e77a9857dc9c375597bc3822c16c.jpg?fit=1140%2C680&ssl=1&resize=700%2C400 2x, https:\/\/i0.wp.com\/larevistadigital.com.ar\/blog\/wp-content\/uploads\/2fc992a88006e77a9857dc9c375597bc3822c16c.jpg?fit=1140%2C680&ssl=1&resize=1050%2C600 3x"},"classes":[]},{"id":27556,"url":"https:\/\/larevistadigital.com.ar\/blog\/pinamar-nuevo-choque-en-los-medanos-con-el-saldo-de-un-nativo-de-madariaga-en-estado-grave\/","url_meta":{"origin":18978,"position":3},"title":"PINAMAR: NUEVO CHOQUE EN LOS M\u00c9DANOS CON EL SALDO DE UN NATIVO DE MADARIAGA EN ESTADO GRAVE","author":"Alejandro Sosa Ruda","date":"4 septiembre, 2022","format":false,"excerpt":"El fuerte choque fue protagonizado por un cuatriciclo y una moto. Los detalles. 04 de septiembre de 2022 PINAMAR -\u00a0 Un fuerte choque entre una moto y un cuatriciclo se produjo en la zona de los m\u00e9danos de Pinamar, m\u00e1s precisamente a la altura del supermercado Coto. Un hombre de\u2026","rel":"","context":"En \u00abINTERES GENERAL\u00bb","block_context":{"text":"INTERES GENERAL","link":"https:\/\/larevistadigital.com.ar\/blog\/category\/interes-general\/"},"img":{"alt_text":"","src":"https:\/\/i0.wp.com\/larevistadigital.com.ar\/blog\/wp-content\/uploads\/f2bb462b65caa6ca30420e0367c478c41c76f337.jpg?fit=1140%2C615&ssl=1&resize=350%2C200","width":350,"height":200,"srcset":"https:\/\/i0.wp.com\/larevistadigital.com.ar\/blog\/wp-content\/uploads\/f2bb462b65caa6ca30420e0367c478c41c76f337.jpg?fit=1140%2C615&ssl=1&resize=350%2C200 1x, https:\/\/i0.wp.com\/larevistadigital.com.ar\/blog\/wp-content\/uploads\/f2bb462b65caa6ca30420e0367c478c41c76f337.jpg?fit=1140%2C615&ssl=1&resize=525%2C300 1.5x, https:\/\/i0.wp.com\/larevistadigital.com.ar\/blog\/wp-content\/uploads\/f2bb462b65caa6ca30420e0367c478c41c76f337.jpg?fit=1140%2C615&ssl=1&resize=700%2C400 2x, https:\/\/i0.wp.com\/larevistadigital.com.ar\/blog\/wp-content\/uploads\/f2bb462b65caa6ca30420e0367c478c41c76f337.jpg?fit=1140%2C615&ssl=1&resize=1050%2C600 3x"},"classes":[]},{"id":34762,"url":"https:\/\/larevistadigital.com.ar\/blog\/mar-del-plata-motociclista-en-grave-estado-luego-de-chocar-contra-un-camion\/","url_meta":{"origin":18978,"position":4},"title":"MAR DEL PLATA: MOTOCICLISTA EN GRAVE ESTADO LUEGO DE CHOCAR CONTRA UN CAMI\u00d3N","author":"Alejandro Sosa Ruda","date":"5 diciembre, 2023","format":false,"excerpt":"Ocurri\u00f3 en el barrio Villa Lourdes. Tiene 20 a\u00f1os y qued\u00f3 internado con asistencia respiratoria mec\u00e1nica. 5 de diciembre de 2023 MAR DEL PLATA -\u00a0 Seg\u00fan inform\u00f3 el portal 0223.com.ar, Un joven de\u00a020 a\u00f1os\u00a0fue trasladado de urgencia este martes a la madrugada al Hospital Interzonal General de Agudos (Higa) luego\u2026","rel":"","context":"En \u00abSin categor\u00eda\u00bb","block_context":{"text":"Sin categor\u00eda","link":"https:\/\/larevistadigital.com.ar\/blog\/category\/sin-categoria\/"},"img":{"alt_text":"","src":"https:\/\/i0.wp.com\/larevistadigital.com.ar\/blog\/wp-content\/uploads\/Captura-de-pantalla-2023-12-05-102640.png?fit=782%2C458&ssl=1&resize=350%2C200","width":350,"height":200,"srcset":"https:\/\/i0.wp.com\/larevistadigital.com.ar\/blog\/wp-content\/uploads\/Captura-de-pantalla-2023-12-05-102640.png?fit=782%2C458&ssl=1&resize=350%2C200 1x, https:\/\/i0.wp.com\/larevistadigital.com.ar\/blog\/wp-content\/uploads\/Captura-de-pantalla-2023-12-05-102640.png?fit=782%2C458&ssl=1&resize=525%2C300 1.5x, https:\/\/i0.wp.com\/larevistadigital.com.ar\/blog\/wp-content\/uploads\/Captura-de-pantalla-2023-12-05-102640.png?fit=782%2C458&ssl=1&resize=700%2C400 2x"},"classes":[]},{"id":32813,"url":"https:\/\/larevistadigital.com.ar\/blog\/atropellaron-a-un-hombre-que-caminaba-por-la-ruta-2-esta-en-grave-estado\/","url_meta":{"origin":18978,"position":5},"title":"ATROPELLARON A UN HOMBRE QUE CAMINABA POR LA RUTA 2. EST\u00c1 EN GRAVE ESTADO","author":"Alejandro Sosa Ruda","date":"8 agosto, 2023","format":false,"excerpt":"Sucedi\u00f3 mientras la persona hac\u00eda ejercicios, durante la ma\u00f1ana de ayer. 8 de agosto de 2023 MAR CHIQUITA -\u00a0 Una persona de sexo masculino de 58 a\u00f1os de edad,\u00a0 fue atropellado en la ruta 2, en jurisdicci\u00f3n del partido de Mar Chiquita, y se encuentra en grave estado. El lamentable\u2026","rel":"","context":"En \u00abPOLICIALES\u00bb","block_context":{"text":"POLICIALES","link":"https:\/\/larevistadigital.com.ar\/blog\/category\/policiales\/"},"img":{"alt_text":"","src":"https:\/\/i0.wp.com\/larevistadigital.com.ar\/blog\/wp-content\/uploads\/2019\/02\/ambulancia.jpg?fit=800%2C454&ssl=1&resize=350%2C200","width":350,"height":200,"srcset":"https:\/\/i0.wp.com\/larevistadigital.com.ar\/blog\/wp-content\/uploads\/2019\/02\/ambulancia.jpg?fit=800%2C454&ssl=1&resize=350%2C200 1x, https:\/\/i0.wp.com\/larevistadigital.com.ar\/blog\/wp-content\/uploads\/2019\/02\/ambulancia.jpg?fit=800%2C454&ssl=1&resize=525%2C300 1.5x, https:\/\/i0.wp.com\/larevistadigital.com.ar\/blog\/wp-content\/uploads\/2019\/02\/ambulancia.jpg?fit=800%2C454&ssl=1&resize=700%2C400 2x"},"classes":[]}],"_links":{"self":[{"href":"https:\/\/larevistadigital.com.ar\/blog\/wp-json\/wp\/v2\/posts\/18978","targetHints":{"allow":["GET"]}}],"collection":[{"href":"https:\/\/larevistadigital.com.ar\/blog\/wp-json\/wp\/v2\/posts"}],"about":[{"href":"https:\/\/larevistadigital.com.ar\/blog\/wp-json\/wp\/v2\/types\/post"}],"author":[{"embeddable":true,"href":"https:\/\/larevistadigital.com.ar\/blog\/wp-json\/wp\/v2\/users\/3"}],"replies":[{"embeddable":true,"href":"https:\/\/larevistadigital.com.ar\/blog\/wp-json\/wp\/v2\/comments?post=18978"}],"version-history":[{"count":1,"href":"https:\/\/larevistadigital.com.ar\/blog\/wp-json\/wp\/v2\/posts\/18978\/revisions"}],"predecessor-version":[{"id":18980,"href":"https:\/\/larevistadigital.com.ar\/blog\/wp-json\/wp\/v2\/posts\/18978\/revisions\/18980"}],"wp:featuredmedia":[{"embeddable":true,"href":"https:\/\/larevistadigital.com.ar\/blog\/wp-json\/wp\/v2\/media\/18979"}],"wp:attachment":[{"href":"https:\/\/larevistadigital.com.ar\/blog\/wp-json\/wp\/v2\/media?parent=18978"}],"wp:term":[{"taxonomy":"category","embeddable":true,"href":"https:\/\/larevistadigital.com.ar\/blog\/wp-json\/wp\/v2\/categories?post=18978"},{"taxonomy":"post_tag","embeddable":true,"href":"https:\/\/larevistadigital.com.ar\/blog\/wp-json\/wp\/v2\/tags?post=18978"}],"curies":[{"name":"wp","href":"https:\/\/api.w.org\/{rel}","templated":true}]}}