{"id":18981,"date":"2021-02-23T14:01:24","date_gmt":"2021-02-23T14:01:24","guid":{"rendered":"https:\/\/larevistadigital.com.ar\/blog\/?p=18981"},"modified":"2021-02-23T14:01:24","modified_gmt":"2021-02-23T14:01:24","slug":"videos-exploto-camion-que-llevaba-1-100-garrafas-en-las-heras","status":"publish","type":"post","link":"https:\/\/larevistadigital.com.ar\/blog\/videos-exploto-camion-que-llevaba-1-100-garrafas-en-las-heras\/","title":{"rendered":"[VIDEOS] EXPLOT\u00d3 CAMI\u00d3N QUE LLEVABA 1.100 GARRAFAS EN LAS HERAS"},"content":{"rendered":"<h2 class=\"elementor-heading-title elementor-size-default\">Un cami\u00f3n de la empresa Extragas se incendi\u00f3 en pleno trayecto lo que dio origen al siniestro. El chofer del rodado logr\u00f3 bajarse a tiempo y no hubo que lamentar v\u00edctimas fatales.<\/h2>\n<p>LAS HERAS &#8211; Este viernes, un cami\u00f3n que transportaba\u00a0<strong>m\u00e1s de 1000 garrafas -todas cargadas-\u00a0<\/strong>se incendi\u00f3 en plena recta sobre\u00a0<strong>Ruta 6\u00a0<\/strong>en sentido a\u00a0<strong>Ca\u00f1uelas \u2013 General Las Heras<\/strong>.<\/p>\n<p>El transporte perteneciente a la empresa\u00a0<strong>ExtraGas\u00a0<\/strong>se dirig\u00eda desde la planta en\u00a0<strong>Ca\u00f1uelas\u00a0<\/strong>a la ciudad de\u00a0<strong>Campana<\/strong>, pero antes de llegar a\u00a0<strong>General Las Heras<\/strong>, el conductor del rodado not\u00f3 humo dentro de la cabina e inmediatamente se detuvo a un costado de la ruta.<\/p>\n<blockquote>\n<h3><strong>Un importante incendio ya se hab\u00eda originado en el tractor del transporte<\/strong>\u00a0y fue imposible detenerlo. R\u00e1pidamente las llamas tomaron toda la cabina y se traslad\u00f3 a la jaula del rodado que conten\u00eda las miles de garras.<\/h3>\n<\/blockquote>\n<p>El conductor del cami\u00f3n pudo alejarse lo suficiente esperando lo que minutos despu\u00e9s suceder\u00eda.\u00a0<strong>Comenzaron las explosiones de las garrafas<\/strong>, evento que dur\u00f3 varias horas.<\/p>\n<p><span class=\"embed-youtube\" style=\"text-align:center; display: block;\"><iframe loading=\"lazy\" class=\"youtube-player\" width=\"640\" height=\"360\" src=\"https:\/\/www.youtube.com\/embed\/OIR9L1lo6BI?version=3&#038;rel=1&#038;showsearch=0&#038;showinfo=1&#038;iv_load_policy=1&#038;fs=1&#038;hl=es-ES&#038;autohide=2&#038;wmode=transparent\" allowfullscreen=\"true\" style=\"border:0;\" sandbox=\"allow-scripts allow-same-origin allow-popups allow-presentation allow-popups-to-escape-sandbox\"><\/iframe><\/span><\/p>\n<p><span class=\"embed-youtube\" style=\"text-align:center; display: block;\"><iframe loading=\"lazy\" class=\"youtube-player\" width=\"640\" height=\"360\" src=\"https:\/\/www.youtube.com\/embed\/0yXeRse8G0w?version=3&#038;rel=1&#038;showsearch=0&#038;showinfo=1&#038;iv_load_policy=1&#038;fs=1&#038;hl=es-ES&#038;autohide=2&#038;wmode=transparent\" allowfullscreen=\"true\" style=\"border:0;\" sandbox=\"allow-scripts allow-same-origin allow-popups allow-presentation allow-popups-to-escape-sandbox\"><\/iframe><\/span><\/p>\n<p>En el lugar trabajaron varias dotaciones de\u00a0<strong>bomberos\u00a0<\/strong>de\u00a0<strong>General Las Heras, de Marcos Paz y de Ca\u00f1uelas<\/strong>.<\/p>\n<p>El tr\u00e1nsito estuvo detenido durante horas en ambas manos de la ruta. Finalmente las llamas pudieron ser contraladas y el incendio fue extinguido sin que se registrara ninguna v\u00edctima fatal.<\/p>\n<p>&nbsp;<\/p>\n","protected":false},"excerpt":{"rendered":"<div class=\"mh-excerpt\"><p>Un cami\u00f3n de la empresa Extragas se incendi\u00f3 en pleno trayecto lo que dio origen al siniestro. El chofer del rodado logr\u00f3 bajarse a tiempo y no hubo que lamentar v\u00edctimas fatales. LAS HERAS &#8211; <a class=\"mh-excerpt-more\" href=\"https:\/\/larevistadigital.com.ar\/blog\/videos-exploto-camion-que-llevaba-1-100-garrafas-en-las-heras\/\" title=\"[VIDEOS] EXPLOT\u00d3 CAMI\u00d3N QUE LLEVABA 1.100 GARRAFAS EN LAS HERAS\">[Leer M\u00e1s]<\/a><\/p>\n<\/div>","protected":false},"author":3,"featured_media":18982,"comment_status":"open","ping_status":"open","sticky":false,"template":"","format":"standard","meta":{"_jetpack_memberships_contains_paid_content":false,"footnotes":"","jetpack_publicize_message":"","jetpack_publicize_feature_enabled":true,"jetpack_social_post_already_shared":true,"jetpack_social_options":{"image_generator_settings":{"template":"highway","default_image_id":0,"font":"","enabled":false},"version":2}},"categories":[51],"tags":[],"class_list":{"0":"post-18981","1":"post","2":"type-post","3":"status-publish","4":"format-standard","5":"has-post-thumbnail","7":"category-regionales"},"jetpack_publicize_connections":[],"jetpack_featured_media_url":"https:\/\/i0.wp.com\/larevistadigital.com.ar\/blog\/wp-content\/uploads\/camion-incendiado-garrafas.jpg?fit=775%2C400&ssl=1","jetpack_sharing_enabled":true,"jetpack_shortlink":"https:\/\/wp.me\/p8qtrQ-4W9","jetpack-related-posts":[{"id":24331,"url":"https:\/\/larevistadigital.com.ar\/blog\/se-incendio-un-camion-en-la-ruta-2-a-la-altura-de-las-armas\/","url_meta":{"origin":18981,"position":0},"title":"SE INCENDI\u00d3 UN CAMI\u00d3N EN LA RUTA 2 A LA ALTURA DE LAS ARMAS","author":"Alejandro Sosa Ruda","date":"4 marzo, 2022","format":false,"excerpt":"LAS ARMAS -\u00a0 Inform\u00f3 el portal \"El Titular\", que en la tarde del mi\u00e9rcoles 2 de marzo, por motivos que se ignoran, se incendi\u00f3 por completo la cabina de un cami\u00f3n Ford Cargo, que transportaba pescado. El siniestro ocurri\u00f3 en la Ruta Provincial N\u00b0 2, en el kil\u00f3metro 297, en\u2026","rel":"","context":"En \u00abPOLICIALES\u00bb","block_context":{"text":"POLICIALES","link":"https:\/\/larevistadigital.com.ar\/blog\/category\/policiales\/"},"img":{"alt_text":"","src":"https:\/\/i0.wp.com\/larevistadigital.com.ar\/blog\/wp-content\/uploads\/274023713_3038153133113887_9064405858289188610_n.jpg?fit=900%2C1115&ssl=1&resize=350%2C200","width":350,"height":200,"srcset":"https:\/\/i0.wp.com\/larevistadigital.com.ar\/blog\/wp-content\/uploads\/274023713_3038153133113887_9064405858289188610_n.jpg?fit=900%2C1115&ssl=1&resize=350%2C200 1x, https:\/\/i0.wp.com\/larevistadigital.com.ar\/blog\/wp-content\/uploads\/274023713_3038153133113887_9064405858289188610_n.jpg?fit=900%2C1115&ssl=1&resize=525%2C300 1.5x, https:\/\/i0.wp.com\/larevistadigital.com.ar\/blog\/wp-content\/uploads\/274023713_3038153133113887_9064405858289188610_n.jpg?fit=900%2C1115&ssl=1&resize=700%2C400 2x"},"classes":[]},{"id":27873,"url":"https:\/\/larevistadigital.com.ar\/blog\/camion-se-despisto-en-la-ruta-30\/","url_meta":{"origin":18981,"position":1},"title":"CAMI\u00d3N SE DESPIST\u00d3 EN LA RUTA 30","author":"Alejandro Sosa Ruda","date":"19 septiembre, 2022","format":false,"excerpt":"Ocurri\u00f3 este lunes, alrededor de las 8 de la ma\u00f1ana, cuando el cami\u00f3n ingresaba a la Rotonda de Ruta 226, desde la 30. El chofer qued\u00f3 atrapado en la cabina y los Bomberos trabajaron para rescatarlo. 19 de septiembre de 2022 El siniestro se produjo cuando el camionero perdi\u00f3 el\u2026","rel":"","context":"En \u00abINTERES GENERAL\u00bb","block_context":{"text":"INTERES GENERAL","link":"https:\/\/larevistadigital.com.ar\/blog\/category\/interes-general\/"},"img":{"alt_text":"","src":"https:\/\/i0.wp.com\/larevistadigital.com.ar\/blog\/wp-content\/uploads\/1663589851.jpeg?fit=848%2C477&ssl=1&resize=350%2C200","width":350,"height":200,"srcset":"https:\/\/i0.wp.com\/larevistadigital.com.ar\/blog\/wp-content\/uploads\/1663589851.jpeg?fit=848%2C477&ssl=1&resize=350%2C200 1x, https:\/\/i0.wp.com\/larevistadigital.com.ar\/blog\/wp-content\/uploads\/1663589851.jpeg?fit=848%2C477&ssl=1&resize=525%2C300 1.5x, https:\/\/i0.wp.com\/larevistadigital.com.ar\/blog\/wp-content\/uploads\/1663589851.jpeg?fit=848%2C477&ssl=1&resize=700%2C400 2x"},"classes":[]},{"id":34975,"url":"https:\/\/larevistadigital.com.ar\/blog\/terrible-choque-entre-una-camioneta-y-un-camion\/","url_meta":{"origin":18981,"position":2},"title":"TERRIBLE CHOQUE ENTRE UNA CAMIONETA Y UN CAMI\u00d3N","author":"Alejandro Sosa Ruda","date":"3 enero, 2024","format":false,"excerpt":"Sucedi\u00f3 en Ruta 3, a la altura de la ciudad de Ca\u00f1uelas. A\u00fan no se conocen mayores detalles del hecho, aunque otro involucrado termin\u00f3 herido. 3 de diciembre de 2023 CA\u00d1UELAS -\u00a0 \u00a0Un tr\u00e1gico choque se produjo en las \u00faltimas horas en plena Ruta 3, a la altura de la\u2026","rel":"","context":"En \u00abPOLICIALES\u00bb","block_context":{"text":"POLICIALES","link":"https:\/\/larevistadigital.com.ar\/blog\/category\/policiales\/"},"img":{"alt_text":"","src":"https:\/\/i0.wp.com\/larevistadigital.com.ar\/blog\/wp-content\/uploads\/Captura-de-pantalla-2024-01-03-122956.png?fit=890%2C514&ssl=1&resize=350%2C200","width":350,"height":200,"srcset":"https:\/\/i0.wp.com\/larevistadigital.com.ar\/blog\/wp-content\/uploads\/Captura-de-pantalla-2024-01-03-122956.png?fit=890%2C514&ssl=1&resize=350%2C200 1x, https:\/\/i0.wp.com\/larevistadigital.com.ar\/blog\/wp-content\/uploads\/Captura-de-pantalla-2024-01-03-122956.png?fit=890%2C514&ssl=1&resize=525%2C300 1.5x, https:\/\/i0.wp.com\/larevistadigital.com.ar\/blog\/wp-content\/uploads\/Captura-de-pantalla-2024-01-03-122956.png?fit=890%2C514&ssl=1&resize=700%2C400 2x"},"classes":[]},{"id":34483,"url":"https:\/\/larevistadigital.com.ar\/blog\/ruta-3-incendio-de-un-camion-que-provoco-una-fuerte-explosion-que-afecto-a-un-micro\/","url_meta":{"origin":18981,"position":3},"title":"RUTA 3: INCENDIO DE UN CAMI\u00d3N QUE PROVOC\u00d3 UNA FUERTE EXPLOSI\u00d3N QUE AFECT\u00d3 A UN MICRO","author":"Alejandro Sosa Ruda","date":"10 noviembre, 2023","format":false,"excerpt":"El micro sufri\u00f3 la rotura de cuatro ventanales. Afortunadamente, no se reportaron heridos entre los pasajeros del micro, que se hab\u00eda salido de la ciudad de Azul y se dirig\u00eda a La Plata. 10 de Noviembre de 2023 LAS FLORES -\u00a0 En la ma\u00f1ana de este jueves aproximadamente a las\u2026","rel":"","context":"En \u00abPOLICIALES\u00bb","block_context":{"text":"POLICIALES","link":"https:\/\/larevistadigital.com.ar\/blog\/category\/policiales\/"},"img":{"alt_text":"","src":"https:\/\/i0.wp.com\/larevistadigital.com.ar\/blog\/wp-content\/uploads\/20231109180711_camion.jpg?fit=880%2C512&ssl=1&resize=350%2C200","width":350,"height":200,"srcset":"https:\/\/i0.wp.com\/larevistadigital.com.ar\/blog\/wp-content\/uploads\/20231109180711_camion.jpg?fit=880%2C512&ssl=1&resize=350%2C200 1x, https:\/\/i0.wp.com\/larevistadigital.com.ar\/blog\/wp-content\/uploads\/20231109180711_camion.jpg?fit=880%2C512&ssl=1&resize=525%2C300 1.5x, https:\/\/i0.wp.com\/larevistadigital.com.ar\/blog\/wp-content\/uploads\/20231109180711_camion.jpg?fit=880%2C512&ssl=1&resize=700%2C400 2x"},"classes":[]},{"id":24790,"url":"https:\/\/larevistadigital.com.ar\/blog\/volco-un-camion-en-la-ruta-88\/","url_meta":{"origin":18981,"position":4},"title":"VOLC\u00d3 UN CAMI\u00d3N EN LA RUTA 88","author":"Alejandro Sosa Ruda","date":"25 marzo, 2022","format":false,"excerpt":"Ocurri\u00f3 este viernes cerca del mediod\u00eda. Por el impacto, el chofer sufri\u00f3 lesiones leves. MAR DEL PLATA -\u00a0 Un cami\u00f3n mercedes Benz 1114 volc\u00f3 este viernes cerca de las 11hs en el Km 8.5 de la ruta 88 por circunstancias que a\u00fan son materia de investigaci\u00f3n. Producto del siniestro el\u2026","rel":"","context":"En \u00abPOLICIALES\u00bb","block_context":{"text":"POLICIALES","link":"https:\/\/larevistadigital.com.ar\/blog\/category\/policiales\/"},"img":{"alt_text":"","src":"https:\/\/i0.wp.com\/larevistadigital.com.ar\/blog\/wp-content\/uploads\/Captura-de-pantalla-2022-03-25-141723.jpg?fit=898%2C512&ssl=1&resize=350%2C200","width":350,"height":200,"srcset":"https:\/\/i0.wp.com\/larevistadigital.com.ar\/blog\/wp-content\/uploads\/Captura-de-pantalla-2022-03-25-141723.jpg?fit=898%2C512&ssl=1&resize=350%2C200 1x, https:\/\/i0.wp.com\/larevistadigital.com.ar\/blog\/wp-content\/uploads\/Captura-de-pantalla-2022-03-25-141723.jpg?fit=898%2C512&ssl=1&resize=525%2C300 1.5x, https:\/\/i0.wp.com\/larevistadigital.com.ar\/blog\/wp-content\/uploads\/Captura-de-pantalla-2022-03-25-141723.jpg?fit=898%2C512&ssl=1&resize=700%2C400 2x"},"classes":[]},{"id":33193,"url":"https:\/\/larevistadigital.com.ar\/blog\/ruta-51-dos-muertos-en-un-choque-frontal-de-camiones\/","url_meta":{"origin":18981,"position":5},"title":"RUTA 51: DOS MUERTOS EN UN CHOQUE FRONTAL DE CAMIONES","author":"Alejandro Sosa Ruda","date":"1 septiembre, 2023","format":false,"excerpt":"Las autoridades policiales informaron que el tr\u00e1gico suceso tuvo lugar en las cercan\u00edas de la planta de cemento L\u2019Amali. El impactante choque se produjo entre un cami\u00f3n Iveco y un rodado de gran envergadura de la marca Scania, generando un impacto devastador que result\u00f3 en la p\u00e9rdida de vida de\u2026","rel":"","context":"En \u00abPOLICIALES\u00bb","block_context":{"text":"POLICIALES","link":"https:\/\/larevistadigital.com.ar\/blog\/category\/policiales\/"},"img":{"alt_text":"","src":"https:\/\/i0.wp.com\/larevistadigital.com.ar\/blog\/wp-content\/uploads\/20230831170755_choque.jpg?fit=880%2C512&ssl=1&resize=350%2C200","width":350,"height":200,"srcset":"https:\/\/i0.wp.com\/larevistadigital.com.ar\/blog\/wp-content\/uploads\/20230831170755_choque.jpg?fit=880%2C512&ssl=1&resize=350%2C200 1x, https:\/\/i0.wp.com\/larevistadigital.com.ar\/blog\/wp-content\/uploads\/20230831170755_choque.jpg?fit=880%2C512&ssl=1&resize=525%2C300 1.5x, https:\/\/i0.wp.com\/larevistadigital.com.ar\/blog\/wp-content\/uploads\/20230831170755_choque.jpg?fit=880%2C512&ssl=1&resize=700%2C400 2x"},"classes":[]}],"_links":{"self":[{"href":"https:\/\/larevistadigital.com.ar\/blog\/wp-json\/wp\/v2\/posts\/18981","targetHints":{"allow":["GET"]}}],"collection":[{"href":"https:\/\/larevistadigital.com.ar\/blog\/wp-json\/wp\/v2\/posts"}],"about":[{"href":"https:\/\/larevistadigital.com.ar\/blog\/wp-json\/wp\/v2\/types\/post"}],"author":[{"embeddable":true,"href":"https:\/\/larevistadigital.com.ar\/blog\/wp-json\/wp\/v2\/users\/3"}],"replies":[{"embeddable":true,"href":"https:\/\/larevistadigital.com.ar\/blog\/wp-json\/wp\/v2\/comments?post=18981"}],"version-history":[{"count":1,"href":"https:\/\/larevistadigital.com.ar\/blog\/wp-json\/wp\/v2\/posts\/18981\/revisions"}],"predecessor-version":[{"id":18983,"href":"https:\/\/larevistadigital.com.ar\/blog\/wp-json\/wp\/v2\/posts\/18981\/revisions\/18983"}],"wp:featuredmedia":[{"embeddable":true,"href":"https:\/\/larevistadigital.com.ar\/blog\/wp-json\/wp\/v2\/media\/18982"}],"wp:attachment":[{"href":"https:\/\/larevistadigital.com.ar\/blog\/wp-json\/wp\/v2\/media?parent=18981"}],"wp:term":[{"taxonomy":"category","embeddable":true,"href":"https:\/\/larevistadigital.com.ar\/blog\/wp-json\/wp\/v2\/categories?post=18981"},{"taxonomy":"post_tag","embeddable":true,"href":"https:\/\/larevistadigital.com.ar\/blog\/wp-json\/wp\/v2\/tags?post=18981"}],"curies":[{"name":"wp","href":"https:\/\/api.w.org\/{rel}","templated":true}]}}