{"id":18984,"date":"2021-02-23T14:22:23","date_gmt":"2021-02-23T14:22:23","guid":{"rendered":"https:\/\/larevistadigital.com.ar\/blog\/?p=18984"},"modified":"2021-02-23T14:22:23","modified_gmt":"2021-02-23T14:22:23","slug":"cierra-en-mar-del-plata-una-libreria-con-mas-de-60-anos-de-historia","status":"publish","type":"post","link":"https:\/\/larevistadigital.com.ar\/blog\/cierra-en-mar-del-plata-una-libreria-con-mas-de-60-anos-de-historia\/","title":{"rendered":"CIERRA EN MAR DEL PLATA UNA LIBRER\u00cdA CON M\u00c1S DE 60 A\u00d1OS DE HISTORIA"},"content":{"rendered":"<h2 class=\"intro\">Se trata de la Librer\u00eda Brecher, ubicada en Moreno al 2600. Las devaluaciones y las sucesivas crisis llevaron a los propietarios del negocio a tomar la dr\u00e1stica decisi\u00f3n, que se concretar\u00e1 el viernes. Mientras tanto, rematan todo.<\/h2>\n<p>Despu\u00e9s de m\u00e1s de 60 a\u00f1os de historia, la\u00a0<strong>Librer\u00eda Brecher<\/strong>\u00a0cierra sus puertas. Acuciados por las sucesivas crisis, las devaluaciones y la ca\u00edda abrupta de ventas que se registr\u00f3 durante el a\u00f1o pasado a ra\u00edz de la pandemia, los propietarios del tradicional comercio tomaron la dr\u00e1stica decisi\u00f3n, que se concretar\u00e1 al final de la semana.<\/p>\n<blockquote>\n<h3><strong>Ariel<\/strong>, encargado del local desde hace dos d\u00e9cadas, reconoci\u00f3 que si bien la situaci\u00f3n era \u201cbastante complicada\u201d desde hace varios a\u00f1os, el parate por la crisis del coronavirus le dio el \u201cgolpe final\u201d al negocio, que por estas horas r<strong>emata sus textos en stock con descuentos de hasta el 50%.<\/strong><\/h3>\n<\/blockquote>\n<p>En sus inicios, en 1955, la librer\u00eda que lleva el nombre de origen alem\u00e1n de su primer due\u00f1o, funcion\u00f3 en la Galer\u00eda Bristol. Hasta que tres a\u00f1os despu\u00e9s, la firma cambi\u00f3 de propietarios y se traslad\u00f3 al espacio que todav\u00eda ocupa, en calle\u00a0<strong>Moreno al 2600<\/strong>.<\/p>\n<blockquote>\n<h3>\u201cLas devaluaciones de 2015 y 2018 las sentimos porque trabajamos con libros importados, de idioma. Pero antes ven\u00edamos arrastrando otros problemas propios de la industria editorial en general, como la lucha con las fotocopias y el avance de la tecnolog\u00eda, que hicieron que el consumo de papel fuera disminuyendo\u201d, coment\u00f3 el responsable del comercio en di\u00e1logo con\u00a0<strong>0223<\/strong>.<\/h3>\n<\/blockquote>\n<p>Sin embargo, remarc\u00f3 que \u201cla pandemia fue el golpe final\u201d. <em><strong>\u201cEsta librer\u00eda trabaja particularmente textos escolares y la restricci\u00f3n de circulaci\u00f3n arranc\u00f3 el 19 de marzo, justo cuando nosotros empez\u00e1bamos la temporada escolar, un momento que necesitamos para aguantar el resto del a\u00f1o\u201d<\/strong><\/em>, explic\u00f3 y puntualiz\u00f3 que<strong>\u00a0las ventas se desplomaron en un 50%<\/strong>.<\/p>\n<p>El viernes ser\u00e1 el \u00faltimo d\u00eda en el que funcionar\u00e1 la librer\u00eda, que ofrece descuentos de entre el 20 y 50% en compras en efectivo, pagos con d\u00e9bito y tarjetas de cr\u00e9dito.<\/p>\n","protected":false},"excerpt":{"rendered":"<div class=\"mh-excerpt\"><p>Se trata de la Librer\u00eda Brecher, ubicada en Moreno al 2600. Las devaluaciones y las sucesivas crisis llevaron a los propietarios del negocio a tomar la dr\u00e1stica decisi\u00f3n, que se concretar\u00e1 el viernes. Mientras tanto, <a class=\"mh-excerpt-more\" href=\"https:\/\/larevistadigital.com.ar\/blog\/cierra-en-mar-del-plata-una-libreria-con-mas-de-60-anos-de-historia\/\" title=\"CIERRA EN MAR DEL PLATA UNA LIBRER\u00cdA CON M\u00c1S DE 60 A\u00d1OS DE HISTORIA\">[Leer M\u00e1s]<\/a><\/p>\n<\/div>","protected":false},"author":3,"featured_media":18985,"comment_status":"open","ping_status":"open","sticky":false,"template":"","format":"standard","meta":{"_jetpack_memberships_contains_paid_content":false,"footnotes":"","jetpack_publicize_message":"","jetpack_publicize_feature_enabled":true,"jetpack_social_post_already_shared":true,"jetpack_social_options":{"image_generator_settings":{"template":"highway","default_image_id":0,"font":"","enabled":false},"version":2}},"categories":[51,29],"tags":[],"class_list":{"0":"post-18984","1":"post","2":"type-post","3":"status-publish","4":"format-standard","5":"has-post-thumbnail","7":"category-regionales","8":"category-sociedad"},"jetpack_publicize_connections":[],"jetpack_featured_media_url":"https:\/\/i0.wp.com\/larevistadigital.com.ar\/blog\/wp-content\/uploads\/Captura-18.png?fit=1000%2C559&ssl=1","jetpack_sharing_enabled":true,"jetpack_shortlink":"https:\/\/wp.me\/p8qtrQ-4Wc","jetpack-related-posts":[{"id":20467,"url":"https:\/\/larevistadigital.com.ar\/blog\/mar-del-plata-luego-de-20-anos-la-libreria-el-atril-cierra-sus-puertas\/","url_meta":{"origin":18984,"position":0},"title":"MAR DEL PLATA: LUEGO DE 20 A\u00d1OS LA LIBRER\u00cdA \u00abEL ATRIL\u00bb CIERRA SUS PUERTAS","author":"Alejandro Sosa Ruda","date":"26 mayo, 2021","format":false,"excerpt":"La \u00faltima sucursal de la cadena que quedaba en la ciudad baj\u00f3 la persiana de forma definitiva. \u201cPermanentemente me dan ganas de ponerme a llorar\u201d, revel\u00f3 uno de sus socios fundadores MAR DEL PLATA - Luego de 20 a\u00f1os con presencia en la ciudad, la librer\u00eda El Atril\u00a0cerr\u00f3 sus puertas\u2026","rel":"","context":"En \u00abREGIONALES\u00bb","block_context":{"text":"REGIONALES","link":"https:\/\/larevistadigital.com.ar\/blog\/category\/regionales\/"},"img":{"alt_text":"","src":"https:\/\/i0.wp.com\/larevistadigital.com.ar\/blog\/wp-content\/uploads\/Captura-de-pantalla-2021-05-25-235406.png?fit=1003%2C636&ssl=1&resize=350%2C200","width":350,"height":200,"srcset":"https:\/\/i0.wp.com\/larevistadigital.com.ar\/blog\/wp-content\/uploads\/Captura-de-pantalla-2021-05-25-235406.png?fit=1003%2C636&ssl=1&resize=350%2C200 1x, https:\/\/i0.wp.com\/larevistadigital.com.ar\/blog\/wp-content\/uploads\/Captura-de-pantalla-2021-05-25-235406.png?fit=1003%2C636&ssl=1&resize=525%2C300 1.5x, https:\/\/i0.wp.com\/larevistadigital.com.ar\/blog\/wp-content\/uploads\/Captura-de-pantalla-2021-05-25-235406.png?fit=1003%2C636&ssl=1&resize=700%2C400 2x"},"classes":[]},{"id":42335,"url":"https:\/\/larevistadigital.com.ar\/blog\/cierra-un-historico-medio-bonaerense-tras-mas-de-tres-decadas-de-trabajo-periodistico\/","url_meta":{"origin":18984,"position":1},"title":"Cierra un hist\u00f3rico medio bonaerense tras m\u00e1s de tres d\u00e9cadas de trabajo period\u00edstico","author":"Alejandro Sosa Ruda","date":"1 noviembre, 2025","format":false,"excerpt":"La crisis del sector, el recorte de la pauta oficial y las medidas econ\u00f3micas que afectaron a los medios gr\u00e1ficos y digitales precipitaron el cierre de una agencia con 31 a\u00f1os de trayectoria. Su director, Jorge D\u00e9boli, se despidi\u00f3 con una carta abierta en la que repas\u00f3 las causas y\u2026","rel":"","context":"En \u00abREGIONALES\u00bb","block_context":{"text":"REGIONALES","link":"https:\/\/larevistadigital.com.ar\/blog\/category\/regionales\/"},"img":{"alt_text":"","src":"https:\/\/i0.wp.com\/larevistadigital.com.ar\/blog\/wp-content\/uploads\/20251022183944_logo-lema-infogei.jpg?fit=880%2C512&ssl=1&resize=350%2C200","width":350,"height":200,"srcset":"https:\/\/i0.wp.com\/larevistadigital.com.ar\/blog\/wp-content\/uploads\/20251022183944_logo-lema-infogei.jpg?fit=880%2C512&ssl=1&resize=350%2C200 1x, https:\/\/i0.wp.com\/larevistadigital.com.ar\/blog\/wp-content\/uploads\/20251022183944_logo-lema-infogei.jpg?fit=880%2C512&ssl=1&resize=525%2C300 1.5x, https:\/\/i0.wp.com\/larevistadigital.com.ar\/blog\/wp-content\/uploads\/20251022183944_logo-lema-infogei.jpg?fit=880%2C512&ssl=1&resize=700%2C400 2x"},"classes":[]},{"id":37346,"url":"https:\/\/larevistadigital.com.ar\/blog\/mar-del-plata-conmocion-y-tristeza-por-el-cierre-de-la-tradicional-confiteria-boston\/","url_meta":{"origin":18984,"position":2},"title":"Mar del Plata: Conmoci\u00f3n y tristeza por el cierre de la tradicional \u00abConfiter\u00eda Bost\u00f3n\u00bb","author":"Alejandro Sosa Ruda","date":"29 septiembre, 2024","format":false,"excerpt":"Todo se desencadena por una medida judicial. 29 de Septiembre de 2024 MAR DEL PLATA -\u00a0 La noticia, caus\u00f3 conmoci\u00f3n en \"la feliz\" y comenz\u00f3 a correr como p\u00f3lvora en las redes sociales. \"Cierra la Boston\" dec\u00edan algunos mensajes en redes, acerca del cierre de \u00a0la confiter\u00eca con las medialunas\u2026","rel":"","context":"En \u00abREGIONALES\u00bb","block_context":{"text":"REGIONALES","link":"https:\/\/larevistadigital.com.ar\/blog\/category\/regionales\/"},"img":{"alt_text":"","src":"https:\/\/i0.wp.com\/larevistadigital.com.ar\/blog\/wp-content\/uploads\/16a6d952595691cf440c74874edf76e8e552aff6.jpg?fit=1140%2C760&ssl=1&resize=350%2C200","width":350,"height":200,"srcset":"https:\/\/i0.wp.com\/larevistadigital.com.ar\/blog\/wp-content\/uploads\/16a6d952595691cf440c74874edf76e8e552aff6.jpg?fit=1140%2C760&ssl=1&resize=350%2C200 1x, https:\/\/i0.wp.com\/larevistadigital.com.ar\/blog\/wp-content\/uploads\/16a6d952595691cf440c74874edf76e8e552aff6.jpg?fit=1140%2C760&ssl=1&resize=525%2C300 1.5x, https:\/\/i0.wp.com\/larevistadigital.com.ar\/blog\/wp-content\/uploads\/16a6d952595691cf440c74874edf76e8e552aff6.jpg?fit=1140%2C760&ssl=1&resize=700%2C400 2x, https:\/\/i0.wp.com\/larevistadigital.com.ar\/blog\/wp-content\/uploads\/16a6d952595691cf440c74874edf76e8e552aff6.jpg?fit=1140%2C760&ssl=1&resize=1050%2C600 3x"},"classes":[]},{"id":11850,"url":"https:\/\/larevistadigital.com.ar\/blog\/chascomus-lamentablemente-el-trocadero-cierra-sus-puertas\/","url_meta":{"origin":18984,"position":3},"title":"CHASCOM\u00daS: LAMENTABLEMENTE \u00abEL TROCADERO\u00bb CIERRA SUS PUERTAS.","author":"Alejandro Sosa Ruda","date":"15 agosto, 2019","format":false,"excerpt":"El bonito restaurante y caf\u00e9 que se abri\u00f3 en la costanera hace dos a\u00f1os, terminar\u00e1 cerrando sus puertas a partir del pr\u00f3ximo l\u00fanes 19\/8, volviendo a quedar vac\u00edo un sitio que extra\u00f1amente no ha funcionado, a pesar de su excelente ubicaci\u00f3n. Siempre es triste que alg\u00fan emprendimiento se vea truncado,\u2026","rel":"","context":"En \u00abCHASCOM\u00daS\u00bb","block_context":{"text":"CHASCOM\u00daS","link":"https:\/\/larevistadigital.com.ar\/blog\/category\/chascomus\/"},"img":{"alt_text":"","src":"https:\/\/i0.wp.com\/larevistadigital.com.ar\/blog\/wp-content\/uploads\/68543592_2318570515063876_577569210348077056_n.png?fit=768%2C960&ssl=1&resize=350%2C200","width":350,"height":200,"srcset":"https:\/\/i0.wp.com\/larevistadigital.com.ar\/blog\/wp-content\/uploads\/68543592_2318570515063876_577569210348077056_n.png?fit=768%2C960&ssl=1&resize=350%2C200 1x, https:\/\/i0.wp.com\/larevistadigital.com.ar\/blog\/wp-content\/uploads\/68543592_2318570515063876_577569210348077056_n.png?fit=768%2C960&ssl=1&resize=525%2C300 1.5x, https:\/\/i0.wp.com\/larevistadigital.com.ar\/blog\/wp-content\/uploads\/68543592_2318570515063876_577569210348077056_n.png?fit=768%2C960&ssl=1&resize=700%2C400 2x"},"classes":[]},{"id":15791,"url":"https:\/\/larevistadigital.com.ar\/blog\/muy-triste-noticia-luego-de-24-anos-cierra-el-gimnasio-indiana-en-chascomus\/","url_meta":{"origin":18984,"position":4},"title":"MUY TRISTE NOTICIA: LUEGO DE 24 A\u00d1OS CIERRA EL GIMNASIO INDIANA EN CHASCOM\u00daS","author":"Alejandro Sosa Ruda","date":"24 junio, 2020","format":false,"excerpt":"Otra lamentable consecuencia de la cuarentena dispuesta por la pandemia de COVID-19 nos sorprendi\u00f3 y nos llen\u00f3 de tristeza. Sucedi\u00f3 al ver un video que subi\u00f3 a la red social Facebook el vecino y amigo Javier Villaverde, titular del cl\u00e1sico \"Gimnasio Indiana\" de la ciudad de Chascom\u00fas. Un lugar que\u2026","rel":"","context":"En \u00abDESTACADAS\u00bb","block_context":{"text":"DESTACADAS","link":"https:\/\/larevistadigital.com.ar\/blog\/category\/destacadas\/"},"img":{"alt_text":"","src":"https:\/\/i0.wp.com\/larevistadigital.com.ar\/blog\/wp-content\/uploads\/Screenshot_1-122.jpg?fit=600%2C676&ssl=1&resize=350%2C200","width":350,"height":200,"srcset":"https:\/\/i0.wp.com\/larevistadigital.com.ar\/blog\/wp-content\/uploads\/Screenshot_1-122.jpg?fit=600%2C676&ssl=1&resize=350%2C200 1x, https:\/\/i0.wp.com\/larevistadigital.com.ar\/blog\/wp-content\/uploads\/Screenshot_1-122.jpg?fit=600%2C676&ssl=1&resize=525%2C300 1.5x"},"classes":[]},{"id":11676,"url":"https:\/\/larevistadigital.com.ar\/blog\/chascomus-lamentablemente-un-joven-de-23-anos-se-quito-la-vida\/","url_meta":{"origin":18984,"position":5},"title":"CHASCOM\u00daS: LAMENTABLEMENTE UN J\u00d3VEN DE 23 A\u00d1OS SE QUIT\u00d3 LA VIDA","author":"Alejandro Sosa Ruda","date":"2 agosto, 2019","format":false,"excerpt":"Lamentablemente se confirm\u00f3 la informaci\u00f3n que circulaba en redes acerca de la dr\u00e1stica decisi\u00f3n de un j\u00f3ven\u00a0 de quitarse la vida. Su nombre era Jon Brian Errecart de tan solo 23 a\u00f1os de edad. El hecho ocurri\u00f3 en la calle Tandil 323 (entre Venezuela y v\u00edas), que es el domicilio\u2026","rel":"","context":"En \u00abDESTACADAS\u00bb","block_context":{"text":"DESTACADAS","link":"https:\/\/larevistadigital.com.ar\/blog\/category\/destacadas\/"},"img":{"alt_text":"","src":"https:\/\/i0.wp.com\/larevistadigital.com.ar\/blog\/wp-content\/uploads\/67490076_2441818149171614_899571073262026752_o.jpg?fit=1040%2C585&ssl=1&resize=350%2C200","width":350,"height":200,"srcset":"https:\/\/i0.wp.com\/larevistadigital.com.ar\/blog\/wp-content\/uploads\/67490076_2441818149171614_899571073262026752_o.jpg?fit=1040%2C585&ssl=1&resize=350%2C200 1x, https:\/\/i0.wp.com\/larevistadigital.com.ar\/blog\/wp-content\/uploads\/67490076_2441818149171614_899571073262026752_o.jpg?fit=1040%2C585&ssl=1&resize=525%2C300 1.5x, https:\/\/i0.wp.com\/larevistadigital.com.ar\/blog\/wp-content\/uploads\/67490076_2441818149171614_899571073262026752_o.jpg?fit=1040%2C585&ssl=1&resize=700%2C400 2x"},"classes":[]}],"_links":{"self":[{"href":"https:\/\/larevistadigital.com.ar\/blog\/wp-json\/wp\/v2\/posts\/18984","targetHints":{"allow":["GET"]}}],"collection":[{"href":"https:\/\/larevistadigital.com.ar\/blog\/wp-json\/wp\/v2\/posts"}],"about":[{"href":"https:\/\/larevistadigital.com.ar\/blog\/wp-json\/wp\/v2\/types\/post"}],"author":[{"embeddable":true,"href":"https:\/\/larevistadigital.com.ar\/blog\/wp-json\/wp\/v2\/users\/3"}],"replies":[{"embeddable":true,"href":"https:\/\/larevistadigital.com.ar\/blog\/wp-json\/wp\/v2\/comments?post=18984"}],"version-history":[{"count":1,"href":"https:\/\/larevistadigital.com.ar\/blog\/wp-json\/wp\/v2\/posts\/18984\/revisions"}],"predecessor-version":[{"id":18986,"href":"https:\/\/larevistadigital.com.ar\/blog\/wp-json\/wp\/v2\/posts\/18984\/revisions\/18986"}],"wp:featuredmedia":[{"embeddable":true,"href":"https:\/\/larevistadigital.com.ar\/blog\/wp-json\/wp\/v2\/media\/18985"}],"wp:attachment":[{"href":"https:\/\/larevistadigital.com.ar\/blog\/wp-json\/wp\/v2\/media?parent=18984"}],"wp:term":[{"taxonomy":"category","embeddable":true,"href":"https:\/\/larevistadigital.com.ar\/blog\/wp-json\/wp\/v2\/categories?post=18984"},{"taxonomy":"post_tag","embeddable":true,"href":"https:\/\/larevistadigital.com.ar\/blog\/wp-json\/wp\/v2\/tags?post=18984"}],"curies":[{"name":"wp","href":"https:\/\/api.w.org\/{rel}","templated":true}]}}