{"id":19052,"date":"2021-02-26T14:31:09","date_gmt":"2021-02-26T14:31:09","guid":{"rendered":"https:\/\/larevistadigital.com.ar\/blog\/?p=19052"},"modified":"2021-02-26T14:31:09","modified_gmt":"2021-02-26T14:31:09","slug":"lezama-se-realiza-fumigacion-contra-los-mosquitos-en-distintos-lugares-de-la-ciudad","status":"publish","type":"post","link":"https:\/\/larevistadigital.com.ar\/blog\/lezama-se-realiza-fumigacion-contra-los-mosquitos-en-distintos-lugares-de-la-ciudad\/","title":{"rendered":"LEZAMA: SE REALIZA FUMIGACI\u00d3N CONTRA LOS MOSQUITOS EN DISTINTOS LUGARES DE LA CIUDAD"},"content":{"rendered":"<div class=\"o9v6fnle cxmmr5t8 oygrvhab hcukyx3x c1et5uql ii04i59q\">\n<div dir=\"auto\">El \u00e1rea de Zoonosis y Bromatolog\u00eda del municipio, en conjunto con la Secretar\u00eda de Seguridad, realiz\u00f3 fumigaciones para reducir la poblaci\u00f3n de mosquitos en un amplio sector del sector urbano: bulevares, Plaza de la Autonom\u00eda, barrio El Tero, Plaza Marinacci, sector industrial y UPA Trauma.<\/div>\n<div dir=\"auto\"><\/div>\n<blockquote>\n<h3>Dadas las condiciones clim\u00e1ticas de alta temperatura y humedad, que favorecen la multiplicaci\u00f3n de estos insectos, se solicita a la poblaci\u00f3n mantener el pasto corto y realizar la limpieza de objetos que acumulen agua para evitar la propagaci\u00f3n de mosquitos y prevenir enfermedades como el dengue. En el transcurso de los d\u00edas se continuar\u00e1 con otros sectores de la ciudad y los alrededores.<\/h3>\n<\/blockquote>\n<div dir=\"auto\"><\/div>\n<\/div>\n<div class=\"o9v6fnle cxmmr5t8 oygrvhab hcukyx3x c1et5uql ii04i59q\">\n<div dir=\"auto\">Recordemos la importancia de prevenir el dengue en cuatro acciones: TAP\u00c1, LAV\u00c1, GIR\u00c1 Y TIR\u00c1, las claves para el DESCACHARRADO, que consiste en evitar que los objetos se conviertan en criaderos del mosquito y as\u00ed prevenir con mayor efectividad. Recordemos que SIN MOSQUITO NO HAY DENGUE.<\/div>\n<\/div>\n","protected":false},"excerpt":{"rendered":"<div class=\"mh-excerpt\"><p>El \u00e1rea de Zoonosis y Bromatolog\u00eda del municipio, en conjunto con la Secretar\u00eda de Seguridad, realiz\u00f3 fumigaciones para reducir la poblaci\u00f3n de mosquitos en un amplio sector del sector urbano: bulevares, Plaza de la Autonom\u00eda, <a class=\"mh-excerpt-more\" href=\"https:\/\/larevistadigital.com.ar\/blog\/lezama-se-realiza-fumigacion-contra-los-mosquitos-en-distintos-lugares-de-la-ciudad\/\" title=\"LEZAMA: SE REALIZA FUMIGACI\u00d3N CONTRA LOS MOSQUITOS EN DISTINTOS LUGARES DE LA CIUDAD\">[Leer M\u00e1s]<\/a><\/p>\n<\/div>","protected":false},"author":3,"featured_media":19053,"comment_status":"open","ping_status":"open","sticky":false,"template":"","format":"standard","meta":{"_jetpack_memberships_contains_paid_content":false,"footnotes":"","jetpack_publicize_message":"","jetpack_publicize_feature_enabled":true,"jetpack_social_post_already_shared":true,"jetpack_social_options":{"image_generator_settings":{"template":"highway","default_image_id":0,"font":"","enabled":false},"version":2}},"categories":[7,51],"tags":[],"class_list":{"0":"post-19052","1":"post","2":"type-post","3":"status-publish","4":"format-standard","5":"has-post-thumbnail","7":"category-lezama","8":"category-regionales"},"jetpack_publicize_connections":[],"jetpack_featured_media_url":"https:\/\/i0.wp.com\/larevistadigital.com.ar\/blog\/wp-content\/uploads\/153419200_2001022056757152_619161520338180697_o.jpg?fit=1040%2C644&ssl=1","jetpack_sharing_enabled":true,"jetpack_shortlink":"https:\/\/wp.me\/p8qtrQ-4Xi","jetpack-related-posts":[{"id":37320,"url":"https:\/\/larevistadigital.com.ar\/blog\/chascomus-coordinacion-de-acciones-para-prevenir-el-dengue\/","url_meta":{"origin":19052,"position":0},"title":"Chascom\u00fas: Coordinaci\u00f3n de acciones para prevenir el dengue","author":"Alejandro Sosa Ruda","date":"26 septiembre, 2024","format":false,"excerpt":"La secretaria de Salud P\u00fablica encabez\u00f3 el inicio de una campa\u00f1a preventiva enfocada en reducir la proliferaci\u00f3n del mosquito Aedes aegypti. 26 de Septiembre de 2024 CHASCOM\u00daS -\u00a0 \u00a0Ante el incremento de casos de dengue registrados en el \u00faltimo verano y la previsi\u00f3n de un escenario similar para la pr\u00f3xima\u2026","rel":"","context":"En \u00abINTERES GENERAL\u00bb","block_context":{"text":"INTERES GENERAL","link":"https:\/\/larevistadigital.com.ar\/blog\/category\/interes-general\/"},"img":{"alt_text":"","src":"https:\/\/i0.wp.com\/larevistadigital.com.ar\/blog\/wp-content\/uploads\/66f59235b3e93.png?fit=668%2C445&ssl=1&resize=350%2C200","width":350,"height":200,"srcset":"https:\/\/i0.wp.com\/larevistadigital.com.ar\/blog\/wp-content\/uploads\/66f59235b3e93.png?fit=668%2C445&ssl=1&resize=350%2C200 1x, https:\/\/i0.wp.com\/larevistadigital.com.ar\/blog\/wp-content\/uploads\/66f59235b3e93.png?fit=668%2C445&ssl=1&resize=525%2C300 1.5x"},"classes":[]},{"id":19067,"url":"https:\/\/larevistadigital.com.ar\/blog\/nube-de-mosquitos-a-mar-del-plata\/","url_meta":{"origin":19052,"position":1},"title":"\u00bfNUBE DE MOSQUITOS A MAR DEL PLATA?","author":"Alejandro Sosa Ruda","date":"26 febrero, 2021","format":false,"excerpt":"Los expertos lo adjudican a las \u00faltimas lluvias, y el calor, asegurando que es inevitable. MAR DEL PLATA - Luego de las fuertes lluvias que se registraron en la ciudad de Mar del Plata y con el incremento de la temperatura de las \u00faltimas horas, se torna inevitable la presencia\u2026","rel":"","context":"En \u00abINTERES GENERAL\u00bb","block_context":{"text":"INTERES GENERAL","link":"https:\/\/larevistadigital.com.ar\/blog\/category\/interes-general\/"},"img":{"alt_text":"","src":"https:\/\/i0.wp.com\/larevistadigital.com.ar\/blog\/wp-content\/uploads\/mosquito-1.jpg?fit=976%2C549&ssl=1&resize=350%2C200","width":350,"height":200,"srcset":"https:\/\/i0.wp.com\/larevistadigital.com.ar\/blog\/wp-content\/uploads\/mosquito-1.jpg?fit=976%2C549&ssl=1&resize=350%2C200 1x, https:\/\/i0.wp.com\/larevistadigital.com.ar\/blog\/wp-content\/uploads\/mosquito-1.jpg?fit=976%2C549&ssl=1&resize=525%2C300 1.5x, https:\/\/i0.wp.com\/larevistadigital.com.ar\/blog\/wp-content\/uploads\/mosquito-1.jpg?fit=976%2C549&ssl=1&resize=700%2C400 2x"},"classes":[]},{"id":42761,"url":"https:\/\/larevistadigital.com.ar\/blog\/chascomus-recomendaciones-para-reforzar-las-medidas-preventivas-y-evitar-la-propagacion-del-dengue\/","url_meta":{"origin":19052,"position":2},"title":"Chascom\u00fas: Recomendaciones para reforzar las medidas preventivas y evitar la propagaci\u00f3n del dengue","author":"Alejandro Sosa Ruda","date":"4 diciembre, 2025","format":false,"excerpt":"La prevenci\u00f3n es la mejor estrategia contra esta enfermedad. Protegerse de las picaduras de mosquitos, mantener limpios los domicilios y estar alerta ante los s\u00edntomas son acciones fundamentales para protegerse. 04 de Diciembre de 2025 CHASCOM\u00daS -\u00a0 \u00a0Con la llegada del calor, es necesario adoptar medidas para prevenir el dengue,\u2026","rel":"","context":"En \u00abCHASCOM\u00daS\u00bb","block_context":{"text":"CHASCOM\u00daS","link":"https:\/\/larevistadigital.com.ar\/blog\/category\/chascomus\/"},"img":{"alt_text":"","src":"https:\/\/i0.wp.com\/larevistadigital.com.ar\/blog\/wp-content\/uploads\/6931c3b786f9b.png?fit=668%2C445&ssl=1&resize=350%2C200","width":350,"height":200,"srcset":"https:\/\/i0.wp.com\/larevistadigital.com.ar\/blog\/wp-content\/uploads\/6931c3b786f9b.png?fit=668%2C445&ssl=1&resize=350%2C200 1x, https:\/\/i0.wp.com\/larevistadigital.com.ar\/blog\/wp-content\/uploads\/6931c3b786f9b.png?fit=668%2C445&ssl=1&resize=525%2C300 1.5x"},"classes":[]},{"id":33331,"url":"https:\/\/larevistadigital.com.ar\/blog\/en-noviembre-la-vacuna-del-dengue-llega-a-la-argentina\/","url_meta":{"origin":19052,"position":3},"title":"EN NOVIEMBRE LA VACUNA DEL DENGUE LLEGA A LA ARGENTINA","author":"Alejandro Sosa Ruda","date":"6 septiembre, 2023","format":false,"excerpt":"En estos d\u00edas se confirm\u00f3 que el primer cargamento llegar\u00e1 en la segunda quincena de noviembre. Aunque no hay una cantidad detallada de dosis, el Ministerio de Salud estudia qui\u00e9nes ser\u00e1n los grupos prioritarios que recibir\u00e1n las vacunas de manera gratuita. 7 de Septiembre de 2023 En abril, la ANMAT\u2026","rel":"","context":"En \u00abINTERES GENERAL\u00bb","block_context":{"text":"INTERES GENERAL","link":"https:\/\/larevistadigital.com.ar\/blog\/category\/interes-general\/"},"img":{"alt_text":"","src":"https:\/\/i0.wp.com\/larevistadigital.com.ar\/blog\/wp-content\/uploads\/20230906194438_dengue-share.jpg?fit=880%2C512&ssl=1&resize=350%2C200","width":350,"height":200,"srcset":"https:\/\/i0.wp.com\/larevistadigital.com.ar\/blog\/wp-content\/uploads\/20230906194438_dengue-share.jpg?fit=880%2C512&ssl=1&resize=350%2C200 1x, https:\/\/i0.wp.com\/larevistadigital.com.ar\/blog\/wp-content\/uploads\/20230906194438_dengue-share.jpg?fit=880%2C512&ssl=1&resize=525%2C300 1.5x, https:\/\/i0.wp.com\/larevistadigital.com.ar\/blog\/wp-content\/uploads\/20230906194438_dengue-share.jpg?fit=880%2C512&ssl=1&resize=700%2C400 2x"},"classes":[]},{"id":43478,"url":"https:\/\/larevistadigital.com.ar\/blog\/prevenir-es-cuidarnos-hantavirus-dengue-y-el-rol-de-una-ciudad-limpia\/","url_meta":{"origin":19052,"position":4},"title":"Prevenir es cuidarnos: Hantavirus, dengue y el rol de una ciudad limpia","author":"Alejandro Sosa Ruda","date":"19 enero, 2026","format":false,"excerpt":"Cuidar el ambiente tambi\u00e9n es cuidar la salud. La correcta disposici\u00f3n de residuos y la limpieza de patios y bald\u00edos son claves para prevenir el Hantavirus y el dengue La prevenci\u00f3n de enfermedades comienza mucho antes de que aparezcan los s\u00edntomas. Mantener h\u00e1bitos saludables, un entorno limpio y espacios p\u00fablicos\u2026","rel":"","context":"En \u00abCHASCOM\u00daS\u00bb","block_context":{"text":"CHASCOM\u00daS","link":"https:\/\/larevistadigital.com.ar\/blog\/category\/chascomus\/"},"img":{"alt_text":"","src":"https:\/\/i0.wp.com\/larevistadigital.com.ar\/blog\/wp-content\/uploads\/696e7a5fd366b.png?fit=668%2C445&ssl=1&resize=350%2C200","width":350,"height":200,"srcset":"https:\/\/i0.wp.com\/larevistadigital.com.ar\/blog\/wp-content\/uploads\/696e7a5fd366b.png?fit=668%2C445&ssl=1&resize=350%2C200 1x, https:\/\/i0.wp.com\/larevistadigital.com.ar\/blog\/wp-content\/uploads\/696e7a5fd366b.png?fit=668%2C445&ssl=1&resize=525%2C300 1.5x"},"classes":[]},{"id":35336,"url":"https:\/\/larevistadigital.com.ar\/blog\/la-plata-alerta-por-el-brote-de-dengue-que-sucede-si-una-persona-es-picada-una-segunda-vez\/","url_meta":{"origin":19052,"position":5},"title":"LA PLATA: ALERTA POR EL BROTE DE DENGUE. \u00bfQU\u00c9 SUCEDE SI UNA PERSONA ES PICADA UNA SEGUNDA VEZ?","author":"Alejandro Sosa Ruda","date":"28 febrero, 2024","format":false,"excerpt":"La Plata fue declarada \"en brote\" de dengue y los expertos pidieron extremar los cuidados, especialmente quienes ya sufrieron la enfermedad una vez. 28 de febrero de 2024 LA PLATA -\u00a0 El Ministerio de Salud de la Provincia de Buenos Aires inform\u00f3 el \u00faltimo martes que La Plata se convirti\u00f3\u2026","rel":"","context":"En \u00abREGIONALES\u00bb","block_context":{"text":"REGIONALES","link":"https:\/\/larevistadigital.com.ar\/blog\/category\/regionales\/"},"img":{"alt_text":"","src":"https:\/\/i0.wp.com\/larevistadigital.com.ar\/blog\/wp-content\/uploads\/20230324163045_dengue.jpg?fit=880%2C512&ssl=1&resize=350%2C200","width":350,"height":200,"srcset":"https:\/\/i0.wp.com\/larevistadigital.com.ar\/blog\/wp-content\/uploads\/20230324163045_dengue.jpg?fit=880%2C512&ssl=1&resize=350%2C200 1x, https:\/\/i0.wp.com\/larevistadigital.com.ar\/blog\/wp-content\/uploads\/20230324163045_dengue.jpg?fit=880%2C512&ssl=1&resize=525%2C300 1.5x, https:\/\/i0.wp.com\/larevistadigital.com.ar\/blog\/wp-content\/uploads\/20230324163045_dengue.jpg?fit=880%2C512&ssl=1&resize=700%2C400 2x"},"classes":[]}],"_links":{"self":[{"href":"https:\/\/larevistadigital.com.ar\/blog\/wp-json\/wp\/v2\/posts\/19052","targetHints":{"allow":["GET"]}}],"collection":[{"href":"https:\/\/larevistadigital.com.ar\/blog\/wp-json\/wp\/v2\/posts"}],"about":[{"href":"https:\/\/larevistadigital.com.ar\/blog\/wp-json\/wp\/v2\/types\/post"}],"author":[{"embeddable":true,"href":"https:\/\/larevistadigital.com.ar\/blog\/wp-json\/wp\/v2\/users\/3"}],"replies":[{"embeddable":true,"href":"https:\/\/larevistadigital.com.ar\/blog\/wp-json\/wp\/v2\/comments?post=19052"}],"version-history":[{"count":1,"href":"https:\/\/larevistadigital.com.ar\/blog\/wp-json\/wp\/v2\/posts\/19052\/revisions"}],"predecessor-version":[{"id":19054,"href":"https:\/\/larevistadigital.com.ar\/blog\/wp-json\/wp\/v2\/posts\/19052\/revisions\/19054"}],"wp:featuredmedia":[{"embeddable":true,"href":"https:\/\/larevistadigital.com.ar\/blog\/wp-json\/wp\/v2\/media\/19053"}],"wp:attachment":[{"href":"https:\/\/larevistadigital.com.ar\/blog\/wp-json\/wp\/v2\/media?parent=19052"}],"wp:term":[{"taxonomy":"category","embeddable":true,"href":"https:\/\/larevistadigital.com.ar\/blog\/wp-json\/wp\/v2\/categories?post=19052"},{"taxonomy":"post_tag","embeddable":true,"href":"https:\/\/larevistadigital.com.ar\/blog\/wp-json\/wp\/v2\/tags?post=19052"}],"curies":[{"name":"wp","href":"https:\/\/api.w.org\/{rel}","templated":true}]}}