{"id":19055,"date":"2021-02-26T14:56:32","date_gmt":"2021-02-26T14:56:32","guid":{"rendered":"https:\/\/larevistadigital.com.ar\/blog\/?p=19055"},"modified":"2021-02-26T14:56:32","modified_gmt":"2021-02-26T14:56:32","slug":"mar-del-plata-balean-y-roban-700-000-a-camionero-de-empresa-pesquera","status":"publish","type":"post","link":"https:\/\/larevistadigital.com.ar\/blog\/mar-del-plata-balean-y-roban-700-000-a-camionero-de-empresa-pesquera\/","title":{"rendered":"MAR DEL PLATA: BALEAN Y ROBAN $700.000.- A CAMIONERO DE EMPRESA PESQUERA"},"content":{"rendered":"<h2 class=\"intro\">Un auto con cuatro ocupantes lo intercept\u00f3 en Tripulantes del Fournier y Mosconi. El herido fue trasladado al hospital con una herida en el abdomen.<\/h2>\n<p><strong>MAR DEL PLATA &#8211;<\/strong> Al menos cuatro delincuentes que se desplazaban en un auto de color gris le robaron cerca de <strong>700 mil pesos\u00a0<\/strong>al chofer de un cami\u00f3n de una empresa pesquera en el barrio Colinas de Peralta Ramos al que balearon en el abdomen antes de retirarse. La v\u00edctima fue trasladada al Hospital Interzonal General de Agudos (Higa).<\/p>\n<blockquote>\n<h3>Seg\u00fan el portal de noticias <strong>0223<\/strong>\u00a0los delincuentes interceptaron el cami\u00f3n en inmediaciones de las<strong>\u00a0calles Tripulantes del Fournier y Mosconi\u00a0<\/strong>y tras un breve forcejeo le sustrajeron un bolso en el que llevaba el dinero.<\/h3>\n<\/blockquote>\n<p>Los delincuentes escaparon del lugar apenas unos minutos antes del arribo del personal del Comando de Patrullas Sur que realiz\u00f3 las primeras actuaciones en la zona. <em><strong>\u201cEn inmediaciones de la zona hay una c\u00e1mara de monitoreo cuyas im\u00e1genes ser\u00e1n analizadas\u201d<\/strong><\/em>, confiaron fuentes oficiales.<\/p>\n<p>fuente e im\u00e1gen: 0223<\/p>\n","protected":false},"excerpt":{"rendered":"<div class=\"mh-excerpt\"><p>Un auto con cuatro ocupantes lo intercept\u00f3 en Tripulantes del Fournier y Mosconi. El herido fue trasladado al hospital con una herida en el abdomen. MAR DEL PLATA &#8211; Al menos cuatro delincuentes que se <a class=\"mh-excerpt-more\" href=\"https:\/\/larevistadigital.com.ar\/blog\/mar-del-plata-balean-y-roban-700-000-a-camionero-de-empresa-pesquera\/\" title=\"MAR DEL PLATA: BALEAN Y ROBAN $700.000.- A CAMIONERO DE EMPRESA PESQUERA\">[Leer M\u00e1s]<\/a><\/p>\n<\/div>","protected":false},"author":3,"featured_media":19056,"comment_status":"open","ping_status":"open","sticky":false,"template":"","format":"standard","meta":{"_jetpack_memberships_contains_paid_content":false,"footnotes":"","jetpack_publicize_message":"","jetpack_publicize_feature_enabled":true,"jetpack_social_post_already_shared":true,"jetpack_social_options":{"image_generator_settings":{"template":"highway","default_image_id":0,"font":"","enabled":false},"version":2}},"categories":[44,51],"tags":[],"class_list":{"0":"post-19055","1":"post","2":"type-post","3":"status-publish","4":"format-standard","5":"has-post-thumbnail","7":"category-policiales","8":"category-regionales"},"jetpack_publicize_connections":[],"jetpack_featured_media_url":"https:\/\/i0.wp.com\/larevistadigital.com.ar\/blog\/wp-content\/uploads\/Captura-de-pantalla-2021-02-26-115202.png?fit=1002%2C565&ssl=1","jetpack_sharing_enabled":true,"jetpack_shortlink":"https:\/\/wp.me\/p8qtrQ-4Xl","jetpack-related-posts":[{"id":23800,"url":"https:\/\/larevistadigital.com.ar\/blog\/mar-del-plata-balean-a-joven-por-resistirse-a-que-le-roben-la-moto\/","url_meta":{"origin":19055,"position":0},"title":"MAR DEL PLATA: BALEAN A JOVEN POR RESISTIRSE A QUE LE ROBEN LA MOTO","author":"Alejandro Sosa Ruda","date":"3 febrero, 2022","format":false,"excerpt":"La v\u00edctima tiene 21 a\u00f1os y fue internada en el Hospital Interzonal General de Agudos tras sufrir una herida de bala en el abdomen. El hecho ocurri\u00f3 en el barrio Florentino Ameghino. MAR DEL PLATA -\u00a0 Un joven de 21 a\u00f1os fue baleado al resistirse al robo de su motocicleta\u2026","rel":"","context":"En \u00abPOLICIALES\u00bb","block_context":{"text":"POLICIALES","link":"https:\/\/larevistadigital.com.ar\/blog\/category\/policiales\/"},"img":{"alt_text":"","src":"https:\/\/i0.wp.com\/larevistadigital.com.ar\/blog\/wp-content\/uploads\/higa.jpg?fit=1140%2C708&ssl=1&resize=350%2C200","width":350,"height":200,"srcset":"https:\/\/i0.wp.com\/larevistadigital.com.ar\/blog\/wp-content\/uploads\/higa.jpg?fit=1140%2C708&ssl=1&resize=350%2C200 1x, https:\/\/i0.wp.com\/larevistadigital.com.ar\/blog\/wp-content\/uploads\/higa.jpg?fit=1140%2C708&ssl=1&resize=525%2C300 1.5x, https:\/\/i0.wp.com\/larevistadigital.com.ar\/blog\/wp-content\/uploads\/higa.jpg?fit=1140%2C708&ssl=1&resize=700%2C400 2x, https:\/\/i0.wp.com\/larevistadigital.com.ar\/blog\/wp-content\/uploads\/higa.jpg?fit=1140%2C708&ssl=1&resize=1050%2C600 3x"},"classes":[]},{"id":12673,"url":"https:\/\/larevistadigital.com.ar\/blog\/mar-del-plata-asesinan-a-comerciante-durante-un-robo\/","url_meta":{"origin":19055,"position":1},"title":"MAR DEL PLATA: ASESINAN A COMERCIANTE DURANTE UN ROBO","author":"Alejandro Sosa Ruda","date":"17 octubre, 2019","format":false,"excerpt":"Sucedi\u00f3 el mi\u00e9rcoles a la noche en 9 de Julio casi Mitre. Al menos tres sujetos le robaron la recaudaci\u00f3n y le dispararon antes de huir a Gerard Borja Pastrana, de\u00a028 a\u00f1os. Un\u00a0comerciante fue asesinado\u00a0este mi\u00e9rcoles por la noche, cuando al menos tres delincuentes ingresaron a su local en el\u2026","rel":"","context":"En \u00abREGIONALES\u00bb","block_context":{"text":"REGIONALES","link":"https:\/\/larevistadigital.com.ar\/blog\/category\/regionales\/"},"img":{"alt_text":"","src":"https:\/\/i0.wp.com\/larevistadigital.com.ar\/blog\/wp-content\/uploads\/1571310675181.jpeg?fit=790%2C444&ssl=1&resize=350%2C200","width":350,"height":200,"srcset":"https:\/\/i0.wp.com\/larevistadigital.com.ar\/blog\/wp-content\/uploads\/1571310675181.jpeg?fit=790%2C444&ssl=1&resize=350%2C200 1x, https:\/\/i0.wp.com\/larevistadigital.com.ar\/blog\/wp-content\/uploads\/1571310675181.jpeg?fit=790%2C444&ssl=1&resize=525%2C300 1.5x, https:\/\/i0.wp.com\/larevistadigital.com.ar\/blog\/wp-content\/uploads\/1571310675181.jpeg?fit=790%2C444&ssl=1&resize=700%2C400 2x"},"classes":[]},{"id":21358,"url":"https:\/\/larevistadigital.com.ar\/blog\/mar-del-plata-se-hundio-un-barco-pesquero-y-debieron-rescatar-a-sus-tripulantes\/","url_meta":{"origin":19055,"position":2},"title":"MAR DEL PLATA: SE HUNDI\u00d3 UN BARCO PESQUERO Y DEBIERON RESCATAR A SUS TRIPULANTES","author":"Alejandro Sosa Ruda","date":"2 agosto, 2021","format":false,"excerpt":"Eran ocho tripulantes. Cuatro fueron rescatados desde el agua y los otros desde una balsa salvavidas. MAR DEL PLATA - Un pesquero se hundi\u00f3 este s\u00e1bado por la noche a 140 kil\u00f3metros de la costa marplatense y su tripulaci\u00f3n fue rescatada por otro buque que estaba en zona, inform\u00f3 Prefectura\u2026","rel":"","context":"En \u00abREGIONALES\u00bb","block_context":{"text":"REGIONALES","link":"https:\/\/larevistadigital.com.ar\/blog\/category\/regionales\/"},"img":{"alt_text":"","src":"https:\/\/i0.wp.com\/larevistadigital.com.ar\/blog\/wp-content\/uploads\/40e96ffdd2f4b82dd40ab8d64213100f5c8c3500.jpeg?fit=1140%2C640&ssl=1&resize=350%2C200","width":350,"height":200,"srcset":"https:\/\/i0.wp.com\/larevistadigital.com.ar\/blog\/wp-content\/uploads\/40e96ffdd2f4b82dd40ab8d64213100f5c8c3500.jpeg?fit=1140%2C640&ssl=1&resize=350%2C200 1x, https:\/\/i0.wp.com\/larevistadigital.com.ar\/blog\/wp-content\/uploads\/40e96ffdd2f4b82dd40ab8d64213100f5c8c3500.jpeg?fit=1140%2C640&ssl=1&resize=525%2C300 1.5x, https:\/\/i0.wp.com\/larevistadigital.com.ar\/blog\/wp-content\/uploads\/40e96ffdd2f4b82dd40ab8d64213100f5c8c3500.jpeg?fit=1140%2C640&ssl=1&resize=700%2C400 2x, https:\/\/i0.wp.com\/larevistadigital.com.ar\/blog\/wp-content\/uploads\/40e96ffdd2f4b82dd40ab8d64213100f5c8c3500.jpeg?fit=1140%2C640&ssl=1&resize=1050%2C600 3x"},"classes":[]},{"id":14575,"url":"https:\/\/larevistadigital.com.ar\/blog\/mar-del-plata-delincuentes-balearon-a-un-policia\/","url_meta":{"origin":19055,"position":3},"title":"MAR DEL PLATA: DELINCUENTES BALEARON A UN POLIC\u00cdA","author":"Alejandro Sosa Ruda","date":"3 febrero, 2020","format":false,"excerpt":"El hecho ocurri\u00f3 a las 19 hs.. Los investigadores trabajan en el lugar: la zona fue vallada y se interrumpi\u00f3 el tr\u00e1nsito. En el enfrentamiento tambi\u00e9n fue herido uno de los ladrones. Un polic\u00eda fue baleado este lunes a la tarde durante un tiroteo que mantuvo con delincuentes La Rioja,\u2026","rel":"","context":"En \u00abREGIONALES\u00bb","block_context":{"text":"REGIONALES","link":"https:\/\/larevistadigital.com.ar\/blog\/category\/regionales\/"},"img":{"alt_text":"","src":"https:\/\/i0.wp.com\/larevistadigital.com.ar\/blog\/wp-content\/uploads\/Screenshot_3-40.jpg?fit=1010%2C475&ssl=1&resize=350%2C200","width":350,"height":200,"srcset":"https:\/\/i0.wp.com\/larevistadigital.com.ar\/blog\/wp-content\/uploads\/Screenshot_3-40.jpg?fit=1010%2C475&ssl=1&resize=350%2C200 1x, https:\/\/i0.wp.com\/larevistadigital.com.ar\/blog\/wp-content\/uploads\/Screenshot_3-40.jpg?fit=1010%2C475&ssl=1&resize=525%2C300 1.5x, https:\/\/i0.wp.com\/larevistadigital.com.ar\/blog\/wp-content\/uploads\/Screenshot_3-40.jpg?fit=1010%2C475&ssl=1&resize=700%2C400 2x"},"classes":[]},{"id":13938,"url":"https:\/\/larevistadigital.com.ar\/blog\/mar-del-plata-video-violenta-entradera-le-abren-la-cabeza-al-dueno-de-casa\/","url_meta":{"origin":19055,"position":4},"title":"MAR DEL PLATA: [VIDEO] VIOLENTA ENTRADERA. LE ABREN LA CABEZA AL DUE\u00d1O DE CASA","author":"Alejandro Sosa Ruda","date":"2 enero, 2020","format":false,"excerpt":"Una violenta entradera se produjo \u00a0este mi\u00e9rcoles en\u00a0Punta Mogotes, donde dos delincuentes ingresaron a una vivienda, lastimaron a los perros de la casa y le abrieron la cabeza de un culatazo al hombre que hab\u00eda alquilado el departamento para\u00a0vacacionar en Mar del Plata. Seg\u00fan se pudo saber, dos sujetos ingresaron\u2026","rel":"","context":"En \u00abPOLICIALES\u00bb","block_context":{"text":"POLICIALES","link":"https:\/\/larevistadigital.com.ar\/blog\/category\/policiales\/"},"img":{"alt_text":"","src":"https:\/\/i0.wp.com\/larevistadigital.com.ar\/blog\/wp-content\/uploads\/Screenshot_1-76.jpg?fit=965%2C418&ssl=1&resize=350%2C200","width":350,"height":200,"srcset":"https:\/\/i0.wp.com\/larevistadigital.com.ar\/blog\/wp-content\/uploads\/Screenshot_1-76.jpg?fit=965%2C418&ssl=1&resize=350%2C200 1x, https:\/\/i0.wp.com\/larevistadigital.com.ar\/blog\/wp-content\/uploads\/Screenshot_1-76.jpg?fit=965%2C418&ssl=1&resize=525%2C300 1.5x, https:\/\/i0.wp.com\/larevistadigital.com.ar\/blog\/wp-content\/uploads\/Screenshot_1-76.jpg?fit=965%2C418&ssl=1&resize=700%2C400 2x"},"classes":[]},{"id":34762,"url":"https:\/\/larevistadigital.com.ar\/blog\/mar-del-plata-motociclista-en-grave-estado-luego-de-chocar-contra-un-camion\/","url_meta":{"origin":19055,"position":5},"title":"MAR DEL PLATA: MOTOCICLISTA EN GRAVE ESTADO LUEGO DE CHOCAR CONTRA UN CAMI\u00d3N","author":"Alejandro Sosa Ruda","date":"5 diciembre, 2023","format":false,"excerpt":"Ocurri\u00f3 en el barrio Villa Lourdes. Tiene 20 a\u00f1os y qued\u00f3 internado con asistencia respiratoria mec\u00e1nica. 5 de diciembre de 2023 MAR DEL PLATA -\u00a0 Seg\u00fan inform\u00f3 el portal 0223.com.ar, Un joven de\u00a020 a\u00f1os\u00a0fue trasladado de urgencia este martes a la madrugada al Hospital Interzonal General de Agudos (Higa) luego\u2026","rel":"","context":"En \u00abSin categor\u00eda\u00bb","block_context":{"text":"Sin categor\u00eda","link":"https:\/\/larevistadigital.com.ar\/blog\/category\/sin-categoria\/"},"img":{"alt_text":"","src":"https:\/\/i0.wp.com\/larevistadigital.com.ar\/blog\/wp-content\/uploads\/Captura-de-pantalla-2023-12-05-102640.png?fit=782%2C458&ssl=1&resize=350%2C200","width":350,"height":200,"srcset":"https:\/\/i0.wp.com\/larevistadigital.com.ar\/blog\/wp-content\/uploads\/Captura-de-pantalla-2023-12-05-102640.png?fit=782%2C458&ssl=1&resize=350%2C200 1x, https:\/\/i0.wp.com\/larevistadigital.com.ar\/blog\/wp-content\/uploads\/Captura-de-pantalla-2023-12-05-102640.png?fit=782%2C458&ssl=1&resize=525%2C300 1.5x, https:\/\/i0.wp.com\/larevistadigital.com.ar\/blog\/wp-content\/uploads\/Captura-de-pantalla-2023-12-05-102640.png?fit=782%2C458&ssl=1&resize=700%2C400 2x"},"classes":[]}],"_links":{"self":[{"href":"https:\/\/larevistadigital.com.ar\/blog\/wp-json\/wp\/v2\/posts\/19055","targetHints":{"allow":["GET"]}}],"collection":[{"href":"https:\/\/larevistadigital.com.ar\/blog\/wp-json\/wp\/v2\/posts"}],"about":[{"href":"https:\/\/larevistadigital.com.ar\/blog\/wp-json\/wp\/v2\/types\/post"}],"author":[{"embeddable":true,"href":"https:\/\/larevistadigital.com.ar\/blog\/wp-json\/wp\/v2\/users\/3"}],"replies":[{"embeddable":true,"href":"https:\/\/larevistadigital.com.ar\/blog\/wp-json\/wp\/v2\/comments?post=19055"}],"version-history":[{"count":1,"href":"https:\/\/larevistadigital.com.ar\/blog\/wp-json\/wp\/v2\/posts\/19055\/revisions"}],"predecessor-version":[{"id":19057,"href":"https:\/\/larevistadigital.com.ar\/blog\/wp-json\/wp\/v2\/posts\/19055\/revisions\/19057"}],"wp:featuredmedia":[{"embeddable":true,"href":"https:\/\/larevistadigital.com.ar\/blog\/wp-json\/wp\/v2\/media\/19056"}],"wp:attachment":[{"href":"https:\/\/larevistadigital.com.ar\/blog\/wp-json\/wp\/v2\/media?parent=19055"}],"wp:term":[{"taxonomy":"category","embeddable":true,"href":"https:\/\/larevistadigital.com.ar\/blog\/wp-json\/wp\/v2\/categories?post=19055"},{"taxonomy":"post_tag","embeddable":true,"href":"https:\/\/larevistadigital.com.ar\/blog\/wp-json\/wp\/v2\/tags?post=19055"}],"curies":[{"name":"wp","href":"https:\/\/api.w.org\/{rel}","templated":true}]}}