{"id":19058,"date":"2021-02-26T15:05:38","date_gmt":"2021-02-26T15:05:38","guid":{"rendered":"https:\/\/larevistadigital.com.ar\/blog\/?p=19058"},"modified":"2021-02-26T15:05:38","modified_gmt":"2021-02-26T15:05:38","slug":"el-municipio-de-mar-del-plata-pone-en-marcha-la-brigada-antipicadas-aqui-como-denunciar","status":"publish","type":"post","link":"https:\/\/larevistadigital.com.ar\/blog\/el-municipio-de-mar-del-plata-pone-en-marcha-la-brigada-antipicadas-aqui-como-denunciar\/","title":{"rendered":"EL MUNICIPIO DE MAR DEL PLATA PONE EN MARCHA LA \u00abBRIGADA ANTIPICADAS\u00bb. AQU\u00cd COMO DENUNCIAR"},"content":{"rendered":"<h2 class=\"intro\">Desde hoy, los agentes estar\u00e1n apostados en distintos puntos de la ciudad. Desde el COM se monitorear\u00e1n m\u00e1s de mil c\u00e1maras de seguridad de la v\u00eda p\u00fablica. Dispusieron un n\u00famero de WhatsApp para denunciar.<\/h2>\n<p>A partir de este viernes la Municipalidad de General Pueyrredon pondr\u00e1 en marcha la\u00a0<strong>brigada antipicadas<\/strong>\u00a0en las calles de Mar del Plata con el objetivo de\u00a0desalentar la corrida de\u00a0<strong>picadas ilegales<\/strong>, para lo cual tambi\u00e9n se abrir\u00e1 el\u00a0<strong>aut\u00f3dromo<\/strong>. Habr\u00e1 una l\u00ednea de WhatsApp para denunciar este tipo de pr\u00e1cticas:\u00a0<strong>2236337038.<\/strong><\/p>\n<blockquote>\n<h3>La brigada antipicadas se trata de un grupo interagencial que estar\u00e1 conformado por efectivos de la Polic\u00eda de la Provincia de Buenos Aires, agentes de la direcci\u00f3n de Tr\u00e1nsito y la Patrulla Municipal que estar\u00e1 apostado en distintos puntos de la ciudad y tendr\u00e1 base en el Centro de Operaciones y Monitoreo (COM).<\/h3>\n<\/blockquote>\n<p>En este sentido, el aut\u00f3dromo de Mar del Plata fue habilitado en los \u00faltimos d\u00edas para que los corredores puedan desarrollar pr\u00e1cticas en forma segura, controlada y de manera gratuita.\u00a0<strong>Aquellos automovilistas que quieran participar deber\u00e1n escribir un mensaje\u00a0de WhatsApp al 2235863737 para reservar turno. Este viernes se realizar\u00e1 la primera competencia en el circuito local.<\/strong><\/p>\n<blockquote>\n<h3>Asimismo, tambi\u00e9n habr\u00e1 una l\u00ednea disponible para que los vecinos puedan\u00a0<strong>denunciar de forma an\u00f3nima<\/strong>\u00a0estas situaciones que se replican en distintos sectores de Mar del Plata. A estas herramientas se le sumar\u00e1n en los pr\u00f3ximos d\u00edas la incorporaci\u00f3n de otras\u00a0<strong>100 c\u00e1maras de seguridad y 15 lectoras de patentes<\/strong>\u00a0que la Secretar\u00eda de Seguridad a cargo de\u00a0<strong>Horacio Garc\u00eda<\/strong>\u00a0adquirir\u00e1.<\/h3>\n<\/blockquote>\n<p>En cuanto a la log\u00edstica, desde el COM se trabajar\u00e1 en el monitoreo de las 1.146 c\u00e1maras vigentes en v\u00eda p\u00fablica y las c\u00e1maras adheridas del sector privado. Para reconstruir los hechos,\u00a0la informaci\u00f3n se pondr\u00e1 a disposici\u00f3n de la Justicia.<\/p>\n<p>De esta manera, el Gobierno de\u00a0<strong>Guillermo Montenegro<\/strong>\u00a0busca hacer frente a las picadas ilegales a trav\u00e9s de un plan integral que apunta a reforzar la\u00a0<strong>seguridad vial<\/strong>\u00a0en las calles de Mar del Plata.<\/p>\n<p>fuente e im\u00e1gen:0223<\/p>\n","protected":false},"excerpt":{"rendered":"<div class=\"mh-excerpt\"><p>Desde hoy, los agentes estar\u00e1n apostados en distintos puntos de la ciudad. Desde el COM se monitorear\u00e1n m\u00e1s de mil c\u00e1maras de seguridad de la v\u00eda p\u00fablica. Dispusieron un n\u00famero de WhatsApp para denunciar. A <a class=\"mh-excerpt-more\" href=\"https:\/\/larevistadigital.com.ar\/blog\/el-municipio-de-mar-del-plata-pone-en-marcha-la-brigada-antipicadas-aqui-como-denunciar\/\" title=\"EL MUNICIPIO DE MAR DEL PLATA PONE EN MARCHA LA \u00abBRIGADA ANTIPICADAS\u00bb. AQU\u00cd COMO DENUNCIAR\">[Leer M\u00e1s]<\/a><\/p>\n<\/div>","protected":false},"author":3,"featured_media":19059,"comment_status":"open","ping_status":"open","sticky":false,"template":"","format":"standard","meta":{"_jetpack_memberships_contains_paid_content":false,"footnotes":"","jetpack_publicize_message":"","jetpack_publicize_feature_enabled":true,"jetpack_social_post_already_shared":true,"jetpack_social_options":{"image_generator_settings":{"template":"highway","default_image_id":0,"font":"","enabled":false},"version":2}},"categories":[51],"tags":[],"class_list":{"0":"post-19058","1":"post","2":"type-post","3":"status-publish","4":"format-standard","5":"has-post-thumbnail","7":"category-regionales"},"jetpack_publicize_connections":[],"jetpack_featured_media_url":"https:\/\/i0.wp.com\/larevistadigital.com.ar\/blog\/wp-content\/uploads\/operativo-transito-6-agosto-17.jpg?fit=1280%2C750&ssl=1","jetpack_sharing_enabled":true,"jetpack_shortlink":"https:\/\/wp.me\/p8qtrQ-4Xo","jetpack-related-posts":[{"id":9867,"url":"https:\/\/larevistadigital.com.ar\/blog\/castelli-se-presentara-la-brigada-canina-y-de-drone-de-defensa-civil\/","url_meta":{"origin":19058,"position":0},"title":"CASTELLI: SE PRESENTAR\u00c1 LA BRIGADA CANINA Y DE DRONE DE DEFENSA CIVIL","author":"Alejandro Sosa Ruda","date":"26 abril, 2019","format":false,"excerpt":"Este lunes desde las 10.30hs en la Base de Operaciones de Defensa Civil Castelli, se realizar\u00e1 la presentaci\u00f3n de la Divisi\u00f3n de B\u00fasqueda y Rescate que funcionar\u00e1 como cuerpo auxiliar en la localizaci\u00f3n de personas desaparecidas en el \u00e1mbito local y regional. Esta Divisi\u00f3n contar\u00e1 con dos brigadas: de caninos\u2026","rel":"","context":"En \u00abCASTELLI\u00bb","block_context":{"text":"CASTELLI","link":"https:\/\/larevistadigital.com.ar\/blog\/category\/castelli\/"},"img":{"alt_text":"","src":"https:\/\/i0.wp.com\/larevistadigital.com.ar\/blog\/wp-content\/uploads\/2019\/04\/58374740_1158654567637577_1740840387842408448_n.jpg?fit=679%2C960&ssl=1&resize=350%2C200","width":350,"height":200,"srcset":"https:\/\/i0.wp.com\/larevistadigital.com.ar\/blog\/wp-content\/uploads\/2019\/04\/58374740_1158654567637577_1740840387842408448_n.jpg?fit=679%2C960&ssl=1&resize=350%2C200 1x, https:\/\/i0.wp.com\/larevistadigital.com.ar\/blog\/wp-content\/uploads\/2019\/04\/58374740_1158654567637577_1740840387842408448_n.jpg?fit=679%2C960&ssl=1&resize=525%2C300 1.5x"},"classes":[]},{"id":20745,"url":"https:\/\/larevistadigital.com.ar\/blog\/la-uocra-marcha-a-los-tribunales-de-la-plata-para-denunciar-al-hijo-del-pata-medina\/","url_meta":{"origin":19058,"position":1},"title":"LA UOCRA MARCHA A LOS TRIBUNALES DE LA PLATA PARA DENUNCIAR AL HIJO DEL \u00abPATA MEDINA\u00bb","author":"Alejandro Sosa Ruda","date":"16 junio, 2021","format":false,"excerpt":"Presentar\u00e1n documentaci\u00f3n que, se\u00f1alan, demuestran que incumpli\u00f3 uno de los requisitos para estar fuera de una c\u00e1rcel com\u00fan. Afiliados a la\u00a0Uni\u00f3n Obrera de Constructores de la Rep\u00fablica Argentina\u00a0(UOCRA) de La Plata marchar\u00e1n a la sede del fuero Federal en la ciudad con el objetivo de denunciar a\u00a0Cristian \"Puly\" Medina, hijo\u2026","rel":"","context":"En \u00abGREMIALES\u00bb","block_context":{"text":"GREMIALES","link":"https:\/\/larevistadigital.com.ar\/blog\/category\/gremiales\/"},"img":{"alt_text":"","src":"https:\/\/i0.wp.com\/larevistadigital.com.ar\/blog\/wp-content\/uploads\/1582208664084.jpg?fit=1200%2C797&ssl=1&resize=350%2C200","width":350,"height":200,"srcset":"https:\/\/i0.wp.com\/larevistadigital.com.ar\/blog\/wp-content\/uploads\/1582208664084.jpg?fit=1200%2C797&ssl=1&resize=350%2C200 1x, https:\/\/i0.wp.com\/larevistadigital.com.ar\/blog\/wp-content\/uploads\/1582208664084.jpg?fit=1200%2C797&ssl=1&resize=525%2C300 1.5x, https:\/\/i0.wp.com\/larevistadigital.com.ar\/blog\/wp-content\/uploads\/1582208664084.jpg?fit=1200%2C797&ssl=1&resize=700%2C400 2x, https:\/\/i0.wp.com\/larevistadigital.com.ar\/blog\/wp-content\/uploads\/1582208664084.jpg?fit=1200%2C797&ssl=1&resize=1050%2C600 3x"},"classes":[]},{"id":44141,"url":"https:\/\/larevistadigital.com.ar\/blog\/mar-del-plata-llamo-al-911-para-denunciar-el-hallazgo-de-su-pareja-y-quedo-detenido-por-femicidio\/","url_meta":{"origin":19058,"position":2},"title":"Mar del Plata: llam\u00f3 al 911 para denunciar el hallazgo de su pareja y qued\u00f3 detenido por femicidio","author":"Alejandro Sosa Ruda","date":"23 febrero, 2026","format":false,"excerpt":"La autopsia confirm\u00f3 que la mujer, de 57 a\u00f1os, muri\u00f3 por asfixia mec\u00e1nica. El acusado fue apresado tras un allanamiento en Punta Mogotes y se neg\u00f3 a declarar. 23 de febrero de 2026 MAR DEL PLATA -\u00a0 \u00a0Un hombre que hab\u00eda llamado al 911 para denunciar que encontr\u00f3 a su\u2026","rel":"","context":"En \u00abPOLICIALES\u00bb","block_context":{"text":"POLICIALES","link":"https:\/\/larevistadigital.com.ar\/blog\/category\/policiales\/"},"img":{"alt_text":"","src":"https:\/\/i0.wp.com\/larevistadigital.com.ar\/blog\/wp-content\/uploads\/9085a49a451a1009aec404689217ac0d1e18b4fe.png?fit=1140%2C655&ssl=1&resize=350%2C200","width":350,"height":200,"srcset":"https:\/\/i0.wp.com\/larevistadigital.com.ar\/blog\/wp-content\/uploads\/9085a49a451a1009aec404689217ac0d1e18b4fe.png?fit=1140%2C655&ssl=1&resize=350%2C200 1x, https:\/\/i0.wp.com\/larevistadigital.com.ar\/blog\/wp-content\/uploads\/9085a49a451a1009aec404689217ac0d1e18b4fe.png?fit=1140%2C655&ssl=1&resize=525%2C300 1.5x, https:\/\/i0.wp.com\/larevistadigital.com.ar\/blog\/wp-content\/uploads\/9085a49a451a1009aec404689217ac0d1e18b4fe.png?fit=1140%2C655&ssl=1&resize=700%2C400 2x, https:\/\/i0.wp.com\/larevistadigital.com.ar\/blog\/wp-content\/uploads\/9085a49a451a1009aec404689217ac0d1e18b4fe.png?fit=1140%2C655&ssl=1&resize=1050%2C600 3x"},"classes":[]},{"id":25643,"url":"https:\/\/larevistadigital.com.ar\/blog\/mar-del-plata-lo-balearon-en-una-pierna-y-no-quiso-denunciar-que-le-paso\/","url_meta":{"origin":19058,"position":3},"title":"MAR DEL PLATA: LO BALEARON EN UNA PIERNA Y NO QUISO DENUNCIAR QU\u00c9 LE PAS\u00d3","author":"Alejandro Sosa Ruda","date":"6 junio, 2022","format":false,"excerpt":"Sucedi\u00f3 en el barrio Santa Rita el domingo a la noche. El herido de 42 a\u00f1os no quiso instar acci\u00f3n penal alguna ni dar detalles del ataque. MAR DEL PLATA -\u00a0 Un problema de vieja data, pero sin deseo de que se investigue. Esos fueron los \u00fanicos detalles que un\u2026","rel":"","context":"En \u00abINTERES GENERAL\u00bb","block_context":{"text":"INTERES GENERAL","link":"https:\/\/larevistadigital.com.ar\/blog\/category\/interes-general\/"},"img":{"alt_text":"","src":"https:\/\/i0.wp.com\/larevistadigital.com.ar\/blog\/wp-content\/uploads\/higa.jpg?fit=1140%2C708&ssl=1&resize=350%2C200","width":350,"height":200,"srcset":"https:\/\/i0.wp.com\/larevistadigital.com.ar\/blog\/wp-content\/uploads\/higa.jpg?fit=1140%2C708&ssl=1&resize=350%2C200 1x, https:\/\/i0.wp.com\/larevistadigital.com.ar\/blog\/wp-content\/uploads\/higa.jpg?fit=1140%2C708&ssl=1&resize=525%2C300 1.5x, https:\/\/i0.wp.com\/larevistadigital.com.ar\/blog\/wp-content\/uploads\/higa.jpg?fit=1140%2C708&ssl=1&resize=700%2C400 2x, https:\/\/i0.wp.com\/larevistadigital.com.ar\/blog\/wp-content\/uploads\/higa.jpg?fit=1140%2C708&ssl=1&resize=1050%2C600 3x"},"classes":[]},{"id":18878,"url":"https:\/\/larevistadigital.com.ar\/blog\/mar-del-plata-autos-bajo-el-agua-arboles-caidos-y-demas-consecuencias-del-temporal\/","url_meta":{"origin":19058,"position":4},"title":"MAR DEL PLATA: AUTOS BAJO EL AGUA, ARBOLES CA\u00cdDOS, Y DEM\u00c1S CONSECUENCIAS DEL TEMPORAL","author":"Alejandro Sosa Ruda","date":"16 febrero, 2021","format":false,"excerpt":"El temporal de lluvia que azota este martes a Mar del Plata afecta a distintos barrios. MAR DEL PLATA - El \u00faltimo d\u00eda del feriado de Carnaval es el m\u00e1s lluvioso: desde la madrugada, el agua no dio tregua. Y se espera que las lluvias fuertes persistan durante toda la\u2026","rel":"","context":"En \u00abREGIONALES\u00bb","block_context":{"text":"REGIONALES","link":"https:\/\/larevistadigital.com.ar\/blog\/category\/regionales\/"},"img":{"alt_text":"","src":"https:\/\/i0.wp.com\/larevistadigital.com.ar\/blog\/wp-content\/uploads\/Captura-11.png?fit=1012%2C565&ssl=1&resize=350%2C200","width":350,"height":200,"srcset":"https:\/\/i0.wp.com\/larevistadigital.com.ar\/blog\/wp-content\/uploads\/Captura-11.png?fit=1012%2C565&ssl=1&resize=350%2C200 1x, https:\/\/i0.wp.com\/larevistadigital.com.ar\/blog\/wp-content\/uploads\/Captura-11.png?fit=1012%2C565&ssl=1&resize=525%2C300 1.5x, https:\/\/i0.wp.com\/larevistadigital.com.ar\/blog\/wp-content\/uploads\/Captura-11.png?fit=1012%2C565&ssl=1&resize=700%2C400 2x"},"classes":[]},{"id":27684,"url":"https:\/\/larevistadigital.com.ar\/blog\/la-plata-mas-de-treinta-vehiculos-secuestrados-en-operativos-el-fin-de-semana\/","url_meta":{"origin":19058,"position":5},"title":"LA PLATA: M\u00c1S DE TREINTA VEH\u00cdCULOS SECUESTRADOS EN OPERATIVOS EL FIN DE SEMANA","author":"Alejandro Sosa Ruda","date":"12 septiembre, 2022","format":false,"excerpt":"Las tareas se llevaron a cabo en Plaza Moreno, diagonal 74 y esquina 10, el Paseo del Bosque y otros puntos neur\u00e1lgicos de la ciudad. 12 de septiembre de 2022 LA PLATA -\u00a0 La Municipalidad realiz\u00f3 durante este fin de semana controles viales en distintos puntos neur\u00e1lgicos de la ciudad\u2026","rel":"","context":"En \u00abPOLICIALES\u00bb","block_context":{"text":"POLICIALES","link":"https:\/\/larevistadigital.com.ar\/blog\/category\/policiales\/"},"img":{"alt_text":"","src":"https:\/\/i0.wp.com\/larevistadigital.com.ar\/blog\/wp-content\/uploads\/1649611007838.jpeg?fit=1200%2C594&ssl=1&resize=350%2C200","width":350,"height":200,"srcset":"https:\/\/i0.wp.com\/larevistadigital.com.ar\/blog\/wp-content\/uploads\/1649611007838.jpeg?fit=1200%2C594&ssl=1&resize=350%2C200 1x, https:\/\/i0.wp.com\/larevistadigital.com.ar\/blog\/wp-content\/uploads\/1649611007838.jpeg?fit=1200%2C594&ssl=1&resize=525%2C300 1.5x, https:\/\/i0.wp.com\/larevistadigital.com.ar\/blog\/wp-content\/uploads\/1649611007838.jpeg?fit=1200%2C594&ssl=1&resize=700%2C400 2x, https:\/\/i0.wp.com\/larevistadigital.com.ar\/blog\/wp-content\/uploads\/1649611007838.jpeg?fit=1200%2C594&ssl=1&resize=1050%2C600 3x"},"classes":[]}],"_links":{"self":[{"href":"https:\/\/larevistadigital.com.ar\/blog\/wp-json\/wp\/v2\/posts\/19058","targetHints":{"allow":["GET"]}}],"collection":[{"href":"https:\/\/larevistadigital.com.ar\/blog\/wp-json\/wp\/v2\/posts"}],"about":[{"href":"https:\/\/larevistadigital.com.ar\/blog\/wp-json\/wp\/v2\/types\/post"}],"author":[{"embeddable":true,"href":"https:\/\/larevistadigital.com.ar\/blog\/wp-json\/wp\/v2\/users\/3"}],"replies":[{"embeddable":true,"href":"https:\/\/larevistadigital.com.ar\/blog\/wp-json\/wp\/v2\/comments?post=19058"}],"version-history":[{"count":1,"href":"https:\/\/larevistadigital.com.ar\/blog\/wp-json\/wp\/v2\/posts\/19058\/revisions"}],"predecessor-version":[{"id":19060,"href":"https:\/\/larevistadigital.com.ar\/blog\/wp-json\/wp\/v2\/posts\/19058\/revisions\/19060"}],"wp:featuredmedia":[{"embeddable":true,"href":"https:\/\/larevistadigital.com.ar\/blog\/wp-json\/wp\/v2\/media\/19059"}],"wp:attachment":[{"href":"https:\/\/larevistadigital.com.ar\/blog\/wp-json\/wp\/v2\/media?parent=19058"}],"wp:term":[{"taxonomy":"category","embeddable":true,"href":"https:\/\/larevistadigital.com.ar\/blog\/wp-json\/wp\/v2\/categories?post=19058"},{"taxonomy":"post_tag","embeddable":true,"href":"https:\/\/larevistadigital.com.ar\/blog\/wp-json\/wp\/v2\/tags?post=19058"}],"curies":[{"name":"wp","href":"https:\/\/api.w.org\/{rel}","templated":true}]}}