{"id":19061,"date":"2021-02-26T15:20:10","date_gmt":"2021-02-26T15:20:10","guid":{"rendered":"https:\/\/larevistadigital.com.ar\/blog\/?p=19061"},"modified":"2021-02-26T15:20:10","modified_gmt":"2021-02-26T15:20:10","slug":"tordillo-reflotan-el-plan-de-viviendas","status":"publish","type":"post","link":"https:\/\/larevistadigital.com.ar\/blog\/tordillo-reflotan-el-plan-de-viviendas\/","title":{"rendered":"TORDILLO: REFLOTAN EL PLAN DE VIVIENDAS"},"content":{"rendered":"<h2 class=\"nota__hero__summary\">Lo anunci\u00f3 el intendente H\u00e9ctor Olivera luego de reunirse con el ministro de Infraestructura, Agust\u00edn Simone.<\/h2>\n<p><strong>TORDILLO &#8211;<\/strong> El intendente de Tordillo, <strong>H\u00e9ctor Olivera<\/strong>, dijo que se activ\u00f3 un convenio con la provincia para la realizaci\u00f3n de un plan de viviendas, luego de reunirse con el ministro de Infraestructura y Servicios P\u00fablicos de la Provincia, <strong>Agust\u00edn Simone<\/strong>.<\/p>\n<p>Luego del encuentro, <strong>Olivera<\/strong> expres\u00f3 que<strong><em> \u201cnos vamos contentos por un convenio de viviendas para Tordillo que ven\u00eda del 2015 y lamentablemente no logramos efectivizar en la gesti\u00f3n anterior. Hoy es realidad, una noticia auspiciosa que nos llena de satisfacci\u00f3n\u201d<\/em><\/strong>.<\/p>\n<blockquote>\n<h3>\u00a0El jefe comunal indic\u00f3 que <strong><em>\u201ctambi\u00e9n hablamos de obras para caminos rurales, tenemos la posibilidad de reflotar algunas cuestiones de pavimento y cord\u00f3n cuneta, y se va a trabajar en la Casa de la Provincia, donde funcionar\u00e1n dependencias provinciales en nuestro distrito\u201d<\/em><\/strong>.<\/h3>\n<\/blockquote>\n<p><strong>Simone<\/strong> se reuni\u00f3 tambi\u00e9n con el senador provincial <strong>Gervasio Bozzano<\/strong>, oriundo de Maip\u00fa. Durante ambos encuentros, se trabaj\u00f3 sobre obras proyectadas para este a\u00f1o en esos distritos y en toda la regi\u00f3n de la 5ta secci\u00f3n electoral. En ese sentido, conversaron tanto de las obras proyectadas como las que se encuentran en ejecuci\u00f3n, adem\u00e1s de proyectar l\u00edneas de acci\u00f3n conjuntas para continuar dinamizando la obra p\u00fablica.<\/p>\n<p>Por su parte, el legislador se\u00f1al\u00f3: <em><strong>\u201cDialogamos sobre la situaci\u00f3n de Maip\u00fa, mi pueblo natal y estuvimos viendo cu\u00e1les ser\u00e1n las obras que se desarrollar\u00e1n este a\u00f1o. Tambi\u00e9n sabemos del compromiso que el Ministro Simone tiene con cada distrito as\u00ed como tambi\u00e9n el trabajo que nuestro gobernador viene haciendo para sacar la provincia adelante\u201d<\/strong><\/em>.<\/p>\n","protected":false},"excerpt":{"rendered":"<div class=\"mh-excerpt\"><p>Lo anunci\u00f3 el intendente H\u00e9ctor Olivera luego de reunirse con el ministro de Infraestructura, Agust\u00edn Simone. TORDILLO &#8211; El intendente de Tordillo, H\u00e9ctor Olivera, dijo que se activ\u00f3 un convenio con la provincia para la <a class=\"mh-excerpt-more\" href=\"https:\/\/larevistadigital.com.ar\/blog\/tordillo-reflotan-el-plan-de-viviendas\/\" title=\"TORDILLO: REFLOTAN EL PLAN DE VIVIENDAS\">[Leer M\u00e1s]<\/a><\/p>\n<\/div>","protected":false},"author":3,"featured_media":19062,"comment_status":"open","ping_status":"open","sticky":false,"template":"","format":"standard","meta":{"_jetpack_memberships_contains_paid_content":false,"footnotes":"","jetpack_publicize_message":"","jetpack_publicize_feature_enabled":true,"jetpack_social_post_already_shared":true,"jetpack_social_options":{"image_generator_settings":{"template":"highway","default_image_id":0,"font":"","enabled":false},"version":2}},"categories":[51],"tags":[],"class_list":{"0":"post-19061","1":"post","2":"type-post","3":"status-publish","4":"format-standard","5":"has-post-thumbnail","7":"category-regionales"},"jetpack_publicize_connections":[],"jetpack_featured_media_url":"https:\/\/i0.wp.com\/larevistadigital.com.ar\/blog\/wp-content\/uploads\/04d5429c7cef1d22872400a83423a208be05de3a.jpg?fit=1140%2C759&ssl=1","jetpack_sharing_enabled":true,"jetpack_shortlink":"https:\/\/wp.me\/p8qtrQ-4Xr","jetpack-related-posts":[{"id":19782,"url":"https:\/\/larevistadigital.com.ar\/blog\/covid-en-tordillo-no-creemos-que-podamos-escapar-dijo-olivera\/","url_meta":{"origin":19061,"position":0},"title":"COVID EN TORDILLO: \u00abNO CREEMOS QUE PODAMOS ESCAPAR\u00bb, DIJO OLIVERA","author":"Alejandro Sosa Ruda","date":"21 abril, 2021","format":false,"excerpt":"El intendente del \u00fanico de los 135 municipios de la provincia de Buenos Aires que se encuentra en fase 5 y que solo tiene 1 caso activo se\u00f1al\u00f3 que \u201cesto lo atribuimos a que tenemos una poblaci\u00f3n chica\u201d pero \u201cen alg\u00fan momento nos va a agarrar\u201d el Covid-19. TORDILLO -\u2026","rel":"","context":"En \u00abREGIONALES\u00bb","block_context":{"text":"REGIONALES","link":"https:\/\/larevistadigital.com.ar\/blog\/category\/regionales\/"},"img":{"alt_text":"","src":"https:\/\/i0.wp.com\/larevistadigital.com.ar\/blog\/wp-content\/uploads\/Hector-Olivera.png?fit=1200%2C628&ssl=1&resize=350%2C200","width":350,"height":200,"srcset":"https:\/\/i0.wp.com\/larevistadigital.com.ar\/blog\/wp-content\/uploads\/Hector-Olivera.png?fit=1200%2C628&ssl=1&resize=350%2C200 1x, https:\/\/i0.wp.com\/larevistadigital.com.ar\/blog\/wp-content\/uploads\/Hector-Olivera.png?fit=1200%2C628&ssl=1&resize=525%2C300 1.5x, https:\/\/i0.wp.com\/larevistadigital.com.ar\/blog\/wp-content\/uploads\/Hector-Olivera.png?fit=1200%2C628&ssl=1&resize=700%2C400 2x, https:\/\/i0.wp.com\/larevistadigital.com.ar\/blog\/wp-content\/uploads\/Hector-Olivera.png?fit=1200%2C628&ssl=1&resize=1050%2C600 3x"},"classes":[]},{"id":19319,"url":"https:\/\/larevistadigital.com.ar\/blog\/ayacucho-el-intendente-se-reunio-con-el-ministro-de-infraestructura-y-servicios-agustin-simone\/","url_meta":{"origin":19061,"position":1},"title":"AYACUCHO: EL INTENDENTE SE REUNI\u00d3 CON EL MINISTRO DE INFRAESTRUCTURA Y SERVICIOS, AGUST\u00cdN SIMONE","author":"Alejandro Sosa Ruda","date":"18 marzo, 2021","format":false,"excerpt":"El ministro de Infraestructura y Servicios P\u00fablicos de la Provincia, Agust\u00edn Simone, recibi\u00f3 al intendente de Ayacucho, Emilio Cordonnier, para conversar sobre proyectos vinculados a la obra p\u00fablica en nuestra ciudad. En ese sentido, hablaron sobre el presupuesto asignado a Ayacucho para este 2021 y sobre obras que fueron paralizadas\u2026","rel":"","context":"En \u00abREGIONALES\u00bb","block_context":{"text":"REGIONALES","link":"https:\/\/larevistadigital.com.ar\/blog\/category\/regionales\/"},"img":{"alt_text":"","src":"https:\/\/i0.wp.com\/larevistadigital.com.ar\/blog\/wp-content\/uploads\/Captura-de-pantalla-2021-03-18-104522.png?fit=843%2C562&ssl=1&resize=350%2C200","width":350,"height":200,"srcset":"https:\/\/i0.wp.com\/larevistadigital.com.ar\/blog\/wp-content\/uploads\/Captura-de-pantalla-2021-03-18-104522.png?fit=843%2C562&ssl=1&resize=350%2C200 1x, https:\/\/i0.wp.com\/larevistadigital.com.ar\/blog\/wp-content\/uploads\/Captura-de-pantalla-2021-03-18-104522.png?fit=843%2C562&ssl=1&resize=525%2C300 1.5x, https:\/\/i0.wp.com\/larevistadigital.com.ar\/blog\/wp-content\/uploads\/Captura-de-pantalla-2021-03-18-104522.png?fit=843%2C562&ssl=1&resize=700%2C400 2x"},"classes":[]},{"id":41837,"url":"https:\/\/larevistadigital.com.ar\/blog\/finalizaron-las-obras-de-mejoras-y-repavimentacion-de-la-ruta-provincial-63\/","url_meta":{"origin":19061,"position":2},"title":"Finalizaron las obras de mejoras y repavimentaci\u00f3n de la Ruta Provincial 63","author":"Alejandro Sosa Ruda","date":"8 octubre, 2025","format":false,"excerpt":"El Ministerio de Infraestructura y Servicios P\u00fablicos de la Provincia de Buenos Aires concluy\u00f3 los trabajos de mejora y repavimentaci\u00f3n en un tramo de 29,5 kil\u00f3metros de la Ruta Provincial 63, que conecta las localidades de Tordillo y Dolores. Estas obras optimizan la circulaci\u00f3n y la seguridad vial de miles\u2026","rel":"","context":"En \u00abREGIONALES\u00bb","block_context":{"text":"REGIONALES","link":"https:\/\/larevistadigital.com.ar\/blog\/category\/regionales\/"},"img":{"alt_text":"","src":"https:\/\/i0.wp.com\/larevistadigital.com.ar\/blog\/wp-content\/uploads\/20251008191548_repavimentacion-ruta-provincial-63-dolores-tordillo.jpg?fit=880%2C512&ssl=1&resize=350%2C200","width":350,"height":200,"srcset":"https:\/\/i0.wp.com\/larevistadigital.com.ar\/blog\/wp-content\/uploads\/20251008191548_repavimentacion-ruta-provincial-63-dolores-tordillo.jpg?fit=880%2C512&ssl=1&resize=350%2C200 1x, https:\/\/i0.wp.com\/larevistadigital.com.ar\/blog\/wp-content\/uploads\/20251008191548_repavimentacion-ruta-provincial-63-dolores-tordillo.jpg?fit=880%2C512&ssl=1&resize=525%2C300 1.5x, https:\/\/i0.wp.com\/larevistadigital.com.ar\/blog\/wp-content\/uploads\/20251008191548_repavimentacion-ruta-provincial-63-dolores-tordillo.jpg?fit=880%2C512&ssl=1&resize=700%2C400 2x"},"classes":[]},{"id":27526,"url":"https:\/\/larevistadigital.com.ar\/blog\/pesar-por-el-fallecimiento-del-ex-intendente-de-tordillo-juan-ismael-ferrari\/","url_meta":{"origin":19061,"position":3},"title":"PESAR POR EL FALLECIMIENTO DEL EX INTENDENTE DE TORDILLO JUAN ISMAEL FERRARI","author":"Alejandro Sosa Ruda","date":"3 septiembre, 2022","format":false,"excerpt":"Este viernes falleci\u00f3 el ex intendente del municipio de Tordillo\u00a0Juan Ismael Ferrari. 03 de septiembre de 2022 Hab\u00eda desempe\u00f1ado su cargo\u00a0durante 12 a\u00f1os -entre 1983 y 1995-\u00a0elegido por la Uni\u00f3n C\u00edvica Radical. La noticia fue confirmada por el Municipio de Tordillo desde donde lamentaron su fallecimiento y manifestaron: \u201cElevamos una\u2026","rel":"","context":"En \u00abREGIONALES\u00bb","block_context":{"text":"REGIONALES","link":"https:\/\/larevistadigital.com.ar\/blog\/category\/regionales\/"},"img":{"alt_text":"","src":"https:\/\/i0.wp.com\/larevistadigital.com.ar\/blog\/wp-content\/uploads\/caa8f9771c3bed3bcfdeb8e996ecc58173e436d8.jpg?fit=1140%2C760&ssl=1&resize=350%2C200","width":350,"height":200,"srcset":"https:\/\/i0.wp.com\/larevistadigital.com.ar\/blog\/wp-content\/uploads\/caa8f9771c3bed3bcfdeb8e996ecc58173e436d8.jpg?fit=1140%2C760&ssl=1&resize=350%2C200 1x, https:\/\/i0.wp.com\/larevistadigital.com.ar\/blog\/wp-content\/uploads\/caa8f9771c3bed3bcfdeb8e996ecc58173e436d8.jpg?fit=1140%2C760&ssl=1&resize=525%2C300 1.5x, https:\/\/i0.wp.com\/larevistadigital.com.ar\/blog\/wp-content\/uploads\/caa8f9771c3bed3bcfdeb8e996ecc58173e436d8.jpg?fit=1140%2C760&ssl=1&resize=700%2C400 2x, https:\/\/i0.wp.com\/larevistadigital.com.ar\/blog\/wp-content\/uploads\/caa8f9771c3bed3bcfdeb8e996ecc58173e436d8.jpg?fit=1140%2C760&ssl=1&resize=1050%2C600 3x"},"classes":[]},{"id":21072,"url":"https:\/\/larevistadigital.com.ar\/blog\/dias-atras-visito-chascomus-la-titular-del-pami-con-muchas-promesas-a-futuro\/","url_meta":{"origin":19061,"position":4},"title":"D\u00cdAS ATRAS, VISIT\u00d3 CHASCOM\u00daS LA TITULAR DEL PAMI, CON MUCHAS PROMESAS A FUTURO","author":"Alejandro Sosa Ruda","date":"8 julio, 2021","format":false,"excerpt":"La titular del Pami, y novia de M\u00e1ximo Kirchner, Luana Volnovich, firm\u00f3 el lunes en su visita a la ciudad de Chascom\u00fas un convenio de cooperaci\u00f3n para poner en marcha actividades de turismo, recreaci\u00f3n y entretenimiento con el intendente municipal Javier Gast\u00f3n, y sus pares de la regi\u00f3n. CHASCOM\u00daS -\u00a0\u2026","rel":"","context":"En \u00abINTERES GENERAL\u00bb","block_context":{"text":"INTERES GENERAL","link":"https:\/\/larevistadigital.com.ar\/blog\/category\/interes-general\/"},"img":{"alt_text":"","src":"https:\/\/i0.wp.com\/larevistadigital.com.ar\/blog\/wp-content\/uploads\/PAMI.png?fit=945%2C762&ssl=1&resize=350%2C200","width":350,"height":200,"srcset":"https:\/\/i0.wp.com\/larevistadigital.com.ar\/blog\/wp-content\/uploads\/PAMI.png?fit=945%2C762&ssl=1&resize=350%2C200 1x, https:\/\/i0.wp.com\/larevistadigital.com.ar\/blog\/wp-content\/uploads\/PAMI.png?fit=945%2C762&ssl=1&resize=525%2C300 1.5x, https:\/\/i0.wp.com\/larevistadigital.com.ar\/blog\/wp-content\/uploads\/PAMI.png?fit=945%2C762&ssl=1&resize=700%2C400 2x"},"classes":[]},{"id":41442,"url":"https:\/\/larevistadigital.com.ar\/blog\/inauguran-casa-de-la-provincia-y-anuncian-obras-de-infraestructura-para-el-distrito\/","url_meta":{"origin":19061,"position":5},"title":"Inauguran Casa de la Provincia y anuncian obras de infraestructura para el distrito","author":"Alejandro Sosa Ruda","date":"12 septiembre, 2025","format":false,"excerpt":"El gobernador bonaerense Axel Kicillof encabez\u00f3 este jueves la apertura oficial de la nueva Casa de la Provincia en General Paz, acompa\u00f1ado por la jefa de Asesores, Cristina \u00c1lvarez Rodr\u00edguez, y el intendente Juan Manuel \u00c1lvarez. Durante el acto, tambi\u00e9n firm\u00f3 convenios para la construcci\u00f3n de 35 viviendas, de las\u2026","rel":"","context":"En \u00abPOLITICA PROVINCIAL\u00bb","block_context":{"text":"POLITICA PROVINCIAL","link":"https:\/\/larevistadigital.com.ar\/blog\/category\/politica\/politica-provincial\/"},"img":{"alt_text":"","src":"https:\/\/i0.wp.com\/larevistadigital.com.ar\/blog\/wp-content\/uploads\/20250911170906_kicillof-casa-provincia-general-paz.jpg?fit=880%2C512&ssl=1&resize=350%2C200","width":350,"height":200,"srcset":"https:\/\/i0.wp.com\/larevistadigital.com.ar\/blog\/wp-content\/uploads\/20250911170906_kicillof-casa-provincia-general-paz.jpg?fit=880%2C512&ssl=1&resize=350%2C200 1x, https:\/\/i0.wp.com\/larevistadigital.com.ar\/blog\/wp-content\/uploads\/20250911170906_kicillof-casa-provincia-general-paz.jpg?fit=880%2C512&ssl=1&resize=525%2C300 1.5x, https:\/\/i0.wp.com\/larevistadigital.com.ar\/blog\/wp-content\/uploads\/20250911170906_kicillof-casa-provincia-general-paz.jpg?fit=880%2C512&ssl=1&resize=700%2C400 2x"},"classes":[]}],"_links":{"self":[{"href":"https:\/\/larevistadigital.com.ar\/blog\/wp-json\/wp\/v2\/posts\/19061","targetHints":{"allow":["GET"]}}],"collection":[{"href":"https:\/\/larevistadigital.com.ar\/blog\/wp-json\/wp\/v2\/posts"}],"about":[{"href":"https:\/\/larevistadigital.com.ar\/blog\/wp-json\/wp\/v2\/types\/post"}],"author":[{"embeddable":true,"href":"https:\/\/larevistadigital.com.ar\/blog\/wp-json\/wp\/v2\/users\/3"}],"replies":[{"embeddable":true,"href":"https:\/\/larevistadigital.com.ar\/blog\/wp-json\/wp\/v2\/comments?post=19061"}],"version-history":[{"count":1,"href":"https:\/\/larevistadigital.com.ar\/blog\/wp-json\/wp\/v2\/posts\/19061\/revisions"}],"predecessor-version":[{"id":19063,"href":"https:\/\/larevistadigital.com.ar\/blog\/wp-json\/wp\/v2\/posts\/19061\/revisions\/19063"}],"wp:featuredmedia":[{"embeddable":true,"href":"https:\/\/larevistadigital.com.ar\/blog\/wp-json\/wp\/v2\/media\/19062"}],"wp:attachment":[{"href":"https:\/\/larevistadigital.com.ar\/blog\/wp-json\/wp\/v2\/media?parent=19061"}],"wp:term":[{"taxonomy":"category","embeddable":true,"href":"https:\/\/larevistadigital.com.ar\/blog\/wp-json\/wp\/v2\/categories?post=19061"},{"taxonomy":"post_tag","embeddable":true,"href":"https:\/\/larevistadigital.com.ar\/blog\/wp-json\/wp\/v2\/tags?post=19061"}],"curies":[{"name":"wp","href":"https:\/\/api.w.org\/{rel}","templated":true}]}}