{"id":19075,"date":"2021-02-27T16:15:37","date_gmt":"2021-02-27T16:15:37","guid":{"rendered":"https:\/\/larevistadigital.com.ar\/blog\/?p=19075"},"modified":"2021-02-27T16:15:37","modified_gmt":"2021-02-27T16:15:37","slug":"lamentablemente-informamos-del-fallecimiento-de-la-doctora-en-historia-alicia-lahourcade","status":"publish","type":"post","link":"https:\/\/larevistadigital.com.ar\/blog\/lamentablemente-informamos-del-fallecimiento-de-la-doctora-en-historia-alicia-lahourcade\/","title":{"rendered":"LAMENTABLEMENTE INFORMAMOS DEL FALLECIMIENTO DE LA DOCTORA EN HISTORIA ALICIA LAHOURCADE"},"content":{"rendered":"<p><strong>Alicia Lahoucrade<\/strong>, fue doctora en Historia y Licenciada en Ciencias P\u00fablicas. Autora de distintos libros de investigaci\u00f3n hist\u00f3rica como \u00abLa Creaci\u00f3n del Hombre en las Grandes Religiones de Am\u00e9rica Precolombina\u00bb (Tesis doctoral 1970) o \u00abChascom\u00fas desde la platea, Obra hist\u00f3rica en 3 actos, un pr\u00f3logo y un saludo final (1991) etc.<\/p>\n<p>Su carrera, personal de Ciencia ha sido reconocida tambi\u00e9n por educaci\u00f3n y recorre una gran participaci\u00f3n en la reconstrucci\u00f3n de nuestra Historia, y durante su vida proporcion\u00f3 placer a quienes han tenido la posibilidad de dialogar con ella, y nunca abandon\u00f3 su curiosidad y pasi\u00f3n por conocer e investigar.<\/p>\n<p>Una mujer que dej\u00f3 para siempre una important\u00edsima huella en los vecinos y vecinas de Chascom\u00fas, admirada por sus conocimientos, pero m\u00e1s a\u00fan como persona, que adem\u00e1s contaba con un gran sentido del humor y empat\u00eda por el pr\u00f3jimo.<\/p>\n<p>Amigos y vecinos se dar\u00e1n cita en el monolito de la Costanera para acompa\u00f1ar el cortejo f\u00fanebre a las 13:30 hs.<\/p>\n","protected":false},"excerpt":{"rendered":"<div class=\"mh-excerpt\"><p>Alicia Lahoucrade, fue doctora en Historia y Licenciada en Ciencias P\u00fablicas. Autora de distintos libros de investigaci\u00f3n hist\u00f3rica como \u00abLa Creaci\u00f3n del Hombre en las Grandes Religiones de Am\u00e9rica Precolombina\u00bb (Tesis doctoral 1970) o \u00abChascom\u00fas <a class=\"mh-excerpt-more\" href=\"https:\/\/larevistadigital.com.ar\/blog\/lamentablemente-informamos-del-fallecimiento-de-la-doctora-en-historia-alicia-lahourcade\/\" title=\"LAMENTABLEMENTE INFORMAMOS DEL FALLECIMIENTO DE LA DOCTORA EN HISTORIA ALICIA LAHOURCADE\">[Leer M\u00e1s]<\/a><\/p>\n<\/div>","protected":false},"author":3,"featured_media":19076,"comment_status":"open","ping_status":"open","sticky":false,"template":"","format":"standard","meta":{"_jetpack_memberships_contains_paid_content":false,"footnotes":"","jetpack_publicize_message":"","jetpack_publicize_feature_enabled":true,"jetpack_social_post_already_shared":true,"jetpack_social_options":{"image_generator_settings":{"template":"highway","default_image_id":0,"font":"","enabled":false},"version":2}},"categories":[6,15],"tags":[],"class_list":{"0":"post-19075","1":"post","2":"type-post","3":"status-publish","4":"format-standard","5":"has-post-thumbnail","7":"category-chascomus","8":"category-cultura"},"jetpack_publicize_connections":[],"jetpack_featured_media_url":"https:\/\/i0.wp.com\/larevistadigital.com.ar\/blog\/wp-content\/uploads\/154357310_266611608178714_5337427398656777644_n.jpg?fit=960%2C640&ssl=1","jetpack_sharing_enabled":true,"jetpack_shortlink":"https:\/\/wp.me\/p8qtrQ-4XF","jetpack-related-posts":[{"id":6644,"url":"https:\/\/larevistadigital.com.ar\/blog\/chascomus-luto-y-dolor-por-el-fallecimiento-de-la-doctora-maria-travascio\/","url_meta":{"origin":19075,"position":0},"title":"CHASCOM\u00daS: LUTO Y DOLOR POR EL FALLECIMIENTO DE LA DOCTORA MAR\u00cdA TRAVASCIO","author":"Alejandro Sosa Ruda","date":"25 septiembre, 2018","format":false,"excerpt":"Lamentablemente, y con profundo pesar, informamos el fallecimiento de la doctora Mar\u00eda Travascio, luego de una larga lucha contra un c\u00e1ncer que termin\u00f3 cobr\u00e1ndose su vida. La doctora Travascio, fue una mujer que supo desarrollar su profesi\u00f3n con pasi\u00f3n y dedicaci\u00f3n, siendo uno de los pocos o casi la \u00fanica\u2026","rel":"","context":"En \u00abDESTACADAS\u00bb","block_context":{"text":"DESTACADAS","link":"https:\/\/larevistadigital.com.ar\/blog\/category\/destacadas\/"},"img":{"alt_text":"","src":"https:\/\/i0.wp.com\/larevistadigital.com.ar\/blog\/wp-content\/uploads\/2018\/09\/mar%C3%ADa-travascio.jpg?fit=600%2C830&ssl=1&resize=350%2C200","width":350,"height":200,"srcset":"https:\/\/i0.wp.com\/larevistadigital.com.ar\/blog\/wp-content\/uploads\/2018\/09\/mar%C3%ADa-travascio.jpg?fit=600%2C830&ssl=1&resize=350%2C200 1x, https:\/\/i0.wp.com\/larevistadigital.com.ar\/blog\/wp-content\/uploads\/2018\/09\/mar%C3%ADa-travascio.jpg?fit=600%2C830&ssl=1&resize=525%2C300 1.5x"},"classes":[]},{"id":19078,"url":"https:\/\/larevistadigital.com.ar\/blog\/ahora-despidieron-al-doctor-soler-pediatra-del-hospital-como-represalia-por-haber-hablado\/","url_meta":{"origin":19075,"position":1},"title":"AHORA DESPIDIERON AL DOCTOR SOLER, PEDIATRA DEL HOSPITAL COMO REPRESALIA POR HABER \u00abHABLADO\u00bb","author":"Alejandro Sosa Ruda","date":"27 febrero, 2021","format":false,"excerpt":"El pediatra fue despedido como represalia por haber hablado. Tambi\u00e9n fue \"apretada\" la doctora Lamas. Ambos fueron entrevistados por el periodista Rub\u00e9n Mart\u00ednez en Libres del Sur FM (90.1) y hab\u00edan contado las irregularidades que se cometen en el Hospital Municipal. Ya suman 18 los profesionales que dejaron sus cargos.\u2026","rel":"","context":"En \u00abDESTACADAS\u00bb","block_context":{"text":"DESTACADAS","link":"https:\/\/larevistadigital.com.ar\/blog\/category\/destacadas\/"},"img":{"alt_text":"","src":"https:\/\/i0.wp.com\/larevistadigital.com.ar\/blog\/wp-content\/uploads\/HOSPITAL-DE-CHASCOMUS-1.jpg?fit=1200%2C675&ssl=1&resize=350%2C200","width":350,"height":200,"srcset":"https:\/\/i0.wp.com\/larevistadigital.com.ar\/blog\/wp-content\/uploads\/HOSPITAL-DE-CHASCOMUS-1.jpg?fit=1200%2C675&ssl=1&resize=350%2C200 1x, https:\/\/i0.wp.com\/larevistadigital.com.ar\/blog\/wp-content\/uploads\/HOSPITAL-DE-CHASCOMUS-1.jpg?fit=1200%2C675&ssl=1&resize=525%2C300 1.5x, https:\/\/i0.wp.com\/larevistadigital.com.ar\/blog\/wp-content\/uploads\/HOSPITAL-DE-CHASCOMUS-1.jpg?fit=1200%2C675&ssl=1&resize=700%2C400 2x, https:\/\/i0.wp.com\/larevistadigital.com.ar\/blog\/wp-content\/uploads\/HOSPITAL-DE-CHASCOMUS-1.jpg?fit=1200%2C675&ssl=1&resize=1050%2C600 3x"},"classes":[]},{"id":7319,"url":"https:\/\/larevistadigital.com.ar\/blog\/chascomus-condenan-a-los-hermanos-que-perpetraron-el-robo-a-la-doctora-guerrero\/","url_meta":{"origin":19075,"position":2},"title":"CHASCOM\u00daS: CONDENAN A LOS HERMANOS QUE PERPETRARON EL ROBO A LA DOCTORA GUERRERO","author":"Alejandro Sosa Ruda","date":"18 diciembre, 2018","format":false,"excerpt":"El hecho fue cometido el d\u00eda 11 de noviembre de 2014, y la v\u00edctima fue al doctora Mar\u00eda Victoria Guerrero, y ahora, el Juzgado Unipersonal n\u00famero 2 de Dolores, a cargo de la Doctora Arias, dict\u00f3 sentencia el \u00faltimo 14 de Diciembre. De esta manera se conden\u00f3 como autores penalmente\u2026","rel":"","context":"En \u00abDESTACADAS\u00bb","block_context":{"text":"DESTACADAS","link":"https:\/\/larevistadigital.com.ar\/blog\/category\/destacadas\/"},"img":{"alt_text":"","src":"https:\/\/i0.wp.com\/larevistadigital.com.ar\/blog\/wp-content\/uploads\/2018\/12\/JUSTICIA-CIEGA.jpg?fit=1200%2C798&ssl=1&resize=350%2C200","width":350,"height":200,"srcset":"https:\/\/i0.wp.com\/larevistadigital.com.ar\/blog\/wp-content\/uploads\/2018\/12\/JUSTICIA-CIEGA.jpg?fit=1200%2C798&ssl=1&resize=350%2C200 1x, https:\/\/i0.wp.com\/larevistadigital.com.ar\/blog\/wp-content\/uploads\/2018\/12\/JUSTICIA-CIEGA.jpg?fit=1200%2C798&ssl=1&resize=525%2C300 1.5x, https:\/\/i0.wp.com\/larevistadigital.com.ar\/blog\/wp-content\/uploads\/2018\/12\/JUSTICIA-CIEGA.jpg?fit=1200%2C798&ssl=1&resize=700%2C400 2x, https:\/\/i0.wp.com\/larevistadigital.com.ar\/blog\/wp-content\/uploads\/2018\/12\/JUSTICIA-CIEGA.jpg?fit=1200%2C798&ssl=1&resize=1050%2C600 3x"},"classes":[]},{"id":3512,"url":"https:\/\/larevistadigital.com.ar\/blog\/chascomus-casalins-hablo-la-interpelacion-al-intendente-las-denuncias-salud\/","url_meta":{"origin":19075,"position":3},"title":"CHASCOM\u00daS: CASALINS HABL\u00d3 DE LA INTERPELACI\u00d3N AL INTENDENTE POR LAS DENUNCIAS EN SALUD","author":"Alejandro Sosa Ruda","date":"17 octubre, 2017","format":false,"excerpt":"\u00a0 En una nota radial con el concejal del bloque UCR-Cambiemos, Osvaldo Casalins dialog\u00f3 con el programa \u201cAtaque de Radio\u201d que se emite los s\u00e1bados de 10 a 13 por la FM 101.5, refiri\u00e9ndose al pedido de interpelaci\u00f3n al intendente comunal Javier Gast\u00f3n Casalins, dijo que se han cumplido con\u2026","rel":"","context":"En \u00abCHASCOM\u00daS\u00bb","block_context":{"text":"CHASCOM\u00daS","link":"https:\/\/larevistadigital.com.ar\/blog\/category\/chascomus\/"},"img":{"alt_text":"","src":"https:\/\/i0.wp.com\/larevistadigital.com.ar\/blog\/wp-content\/uploads\/2017\/10\/entrega-de-cheque.jpg?fit=650%2C371&ssl=1&resize=350%2C200","width":350,"height":200,"srcset":"https:\/\/i0.wp.com\/larevistadigital.com.ar\/blog\/wp-content\/uploads\/2017\/10\/entrega-de-cheque.jpg?fit=650%2C371&ssl=1&resize=350%2C200 1x, https:\/\/i0.wp.com\/larevistadigital.com.ar\/blog\/wp-content\/uploads\/2017\/10\/entrega-de-cheque.jpg?fit=650%2C371&ssl=1&resize=525%2C300 1.5x"},"classes":[]},{"id":42393,"url":"https:\/\/larevistadigital.com.ar\/blog\/chascomus-se-realizaron-distintos-trabajos-de-puesta-en-valor-del-museo-pampeano\/","url_meta":{"origin":19075,"position":4},"title":"Chascom\u00fas: Se realizaron distintos trabajos de puesta en valor del Museo Pampeano","author":"Alejandro Sosa Ruda","date":"5 noviembre, 2025","format":false,"excerpt":"Las tareas se concentraron en la pintura de las salas, cocina y aberturas Durante los \u00faltimos d\u00edas se llevaron a cabo tareas de pintura en el Museo Pampeano, para la puesta en valor de esta hist\u00f3rica edificaci\u00f3n que en este mes est\u00e1 arribando a un nuevo aniversario, buscando realzar a\u00fan\u2026","rel":"","context":"En \u00abCHASCOM\u00daS\u00bb","block_context":{"text":"CHASCOM\u00daS","link":"https:\/\/larevistadigital.com.ar\/blog\/category\/chascomus\/"},"img":{"alt_text":"","src":"https:\/\/i0.wp.com\/larevistadigital.com.ar\/blog\/wp-content\/uploads\/690b8527ac768.png?fit=668%2C445&ssl=1&resize=350%2C200","width":350,"height":200,"srcset":"https:\/\/i0.wp.com\/larevistadigital.com.ar\/blog\/wp-content\/uploads\/690b8527ac768.png?fit=668%2C445&ssl=1&resize=350%2C200 1x, https:\/\/i0.wp.com\/larevistadigital.com.ar\/blog\/wp-content\/uploads\/690b8527ac768.png?fit=668%2C445&ssl=1&resize=525%2C300 1.5x"},"classes":[]},{"id":4647,"url":"https:\/\/larevistadigital.com.ar\/blog\/detienen-tres-jovenes-chascomus-drogas-secuestran-vehiculo-la-bajadita\/","url_meta":{"origin":19075,"position":5},"title":"DETIENEN A TRES J\u00d3VENES DE CHASCOM\u00daS CON DROGAS Y SECUESTRAN SU VEH\u00cdCULO EN \u00abLA BAJADITA\u00bb","author":"Alejandro Sosa Ruda","date":"27 enero, 2018","format":false,"excerpt":"En la madrugada de hoy, aproximadamente a las 03:00 horas, personal de la Estaci\u00f3n de Polic\u00eda Comunal de Chascom\u00fas, junto a personal del Grupo GAD en la esquina de Avenida Costanera y Corrientes, sector denominado \u201cLa Bajadita\u201d, procede a interceptar un autom\u00f3vil marca Renault modelo Cl\u00edo. El veh\u00edculo de color\u2026","rel":"","context":"En \u00abDESTACADAS\u00bb","block_context":{"text":"DESTACADAS","link":"https:\/\/larevistadigital.com.ar\/blog\/category\/destacadas\/"},"img":{"alt_text":"","src":"https:\/\/i0.wp.com\/larevistadigital.com.ar\/blog\/wp-content\/uploads\/2018\/01\/WhatsApp-Image-2018-01-27-at-03.18.50.jpeg?fit=1080%2C1080&ssl=1&resize=350%2C200","width":350,"height":200,"srcset":"https:\/\/i0.wp.com\/larevistadigital.com.ar\/blog\/wp-content\/uploads\/2018\/01\/WhatsApp-Image-2018-01-27-at-03.18.50.jpeg?fit=1080%2C1080&ssl=1&resize=350%2C200 1x, https:\/\/i0.wp.com\/larevistadigital.com.ar\/blog\/wp-content\/uploads\/2018\/01\/WhatsApp-Image-2018-01-27-at-03.18.50.jpeg?fit=1080%2C1080&ssl=1&resize=525%2C300 1.5x, https:\/\/i0.wp.com\/larevistadigital.com.ar\/blog\/wp-content\/uploads\/2018\/01\/WhatsApp-Image-2018-01-27-at-03.18.50.jpeg?fit=1080%2C1080&ssl=1&resize=700%2C400 2x, https:\/\/i0.wp.com\/larevistadigital.com.ar\/blog\/wp-content\/uploads\/2018\/01\/WhatsApp-Image-2018-01-27-at-03.18.50.jpeg?fit=1080%2C1080&ssl=1&resize=1050%2C600 3x"},"classes":[]}],"_links":{"self":[{"href":"https:\/\/larevistadigital.com.ar\/blog\/wp-json\/wp\/v2\/posts\/19075","targetHints":{"allow":["GET"]}}],"collection":[{"href":"https:\/\/larevistadigital.com.ar\/blog\/wp-json\/wp\/v2\/posts"}],"about":[{"href":"https:\/\/larevistadigital.com.ar\/blog\/wp-json\/wp\/v2\/types\/post"}],"author":[{"embeddable":true,"href":"https:\/\/larevistadigital.com.ar\/blog\/wp-json\/wp\/v2\/users\/3"}],"replies":[{"embeddable":true,"href":"https:\/\/larevistadigital.com.ar\/blog\/wp-json\/wp\/v2\/comments?post=19075"}],"version-history":[{"count":1,"href":"https:\/\/larevistadigital.com.ar\/blog\/wp-json\/wp\/v2\/posts\/19075\/revisions"}],"predecessor-version":[{"id":19077,"href":"https:\/\/larevistadigital.com.ar\/blog\/wp-json\/wp\/v2\/posts\/19075\/revisions\/19077"}],"wp:featuredmedia":[{"embeddable":true,"href":"https:\/\/larevistadigital.com.ar\/blog\/wp-json\/wp\/v2\/media\/19076"}],"wp:attachment":[{"href":"https:\/\/larevistadigital.com.ar\/blog\/wp-json\/wp\/v2\/media?parent=19075"}],"wp:term":[{"taxonomy":"category","embeddable":true,"href":"https:\/\/larevistadigital.com.ar\/blog\/wp-json\/wp\/v2\/categories?post=19075"},{"taxonomy":"post_tag","embeddable":true,"href":"https:\/\/larevistadigital.com.ar\/blog\/wp-json\/wp\/v2\/tags?post=19075"}],"curies":[{"name":"wp","href":"https:\/\/api.w.org\/{rel}","templated":true}]}}