{"id":19135,"date":"2021-03-02T15:12:05","date_gmt":"2021-03-02T15:12:05","guid":{"rendered":"https:\/\/larevistadigital.com.ar\/blog\/?p=19135"},"modified":"2021-03-02T15:12:05","modified_gmt":"2021-03-02T15:12:05","slug":"mar-del-plata-vecinos-denuncian-que-mataron-un-perro-tirandolo-de-un-3-piso","status":"publish","type":"post","link":"https:\/\/larevistadigital.com.ar\/blog\/mar-del-plata-vecinos-denuncian-que-mataron-un-perro-tirandolo-de-un-3-piso\/","title":{"rendered":"MAR DEL PLATA: VECINOS DENUNCIAN QUE MATARON UN PERRO TIRANDOLO DE UN 3\u00b0 PISO"},"content":{"rendered":"<h2 class=\"nota__hero__summary\">Los propietarios del animal dijeron que se trat\u00f3 de un accidente, pero los vecinos no quedaron conformes con las explicaciones y realizaron una protesta frente al edificio desde el cual cay\u00f3.<\/h2>\n<p>MAR DEL PLATA -La ca\u00edda de un perro desde el tercer piso de un edificio y su muerte en el acto caus\u00f3 conmoci\u00f3n e indignaci\u00f3n por la tarde en el macrocentro de Mar del Plata. El hecho ocurri\u00f3 poco despu\u00e9s de las 14:00 en Falucho al 2000. Los peatones que caminaban por ese lugar vieron como el animal cay\u00f3 violetamente contra la vereda y muri\u00f3.<\/p>\n<blockquote>\n<h3>Inmediatamente se gener\u00f3 una convulsi\u00f3n en el lugar porque muchos testigos aseguraban que el perro hab\u00eda sido arrojado desde el balc\u00f3n, seg\u00fan inform\u00f3 el portal 0223. Hasta el sitio lleg\u00f3 la polic\u00eda para tratar de dilucidar lo ocurrido y no termin\u00f3 de esclarecerse si fue arrojado o se trat\u00f3 de un hecho accidental.<\/h3>\n<\/blockquote>\n<p><strong><em>\u201cA toda aquella persona que haya sido testigo presencial, de referencia o tenga conocimiento de causa respecto del perro arrojado desde un balc\u00f3n en calle Falucho al 2000 de Mar del Plata por favor escribanos por privado que haremos la correspondiente denuncia. Esto no puede quedar impune\u201d<\/em><\/strong>, escribieron a trav\u00e9s de las redes sociales distintas organizaciones protectoras de animales.<\/p>\n<blockquote>\n<h3>Por la noche, vecinos de la zona se manifestaron frente al edificio desde donde cay\u00f3 el perro, convencidos de que el animal fue arrojado al vac\u00edo por sus due\u00f1os. De manera pac\u00edfica, con aplausos, hicieron o\u00edr su bronca e impotencia por lo ocurrido horas antes.<\/h3>\n<\/blockquote>\n<p>Luego de que la polic\u00eda llegara al lugar del hecho, los propietarios del perro intentaron explicar lo que hab\u00eda ocurrido, pero los vecinos no quedaron conformes con las explicaciones y de manera espont\u00e1nea en horas de la noche se concentraron frente al edificio.<\/p>\n<p>&nbsp;<\/p>\n","protected":false},"excerpt":{"rendered":"<div class=\"mh-excerpt\"><p>Los propietarios del animal dijeron que se trat\u00f3 de un accidente, pero los vecinos no quedaron conformes con las explicaciones y realizaron una protesta frente al edificio desde el cual cay\u00f3. MAR DEL PLATA -La <a class=\"mh-excerpt-more\" href=\"https:\/\/larevistadigital.com.ar\/blog\/mar-del-plata-vecinos-denuncian-que-mataron-un-perro-tirandolo-de-un-3-piso\/\" title=\"MAR DEL PLATA: VECINOS DENUNCIAN QUE MATARON UN PERRO TIRANDOLO DE UN 3\u00b0 PISO\">[Leer M\u00e1s]<\/a><\/p>\n<\/div>","protected":false},"author":3,"featured_media":19136,"comment_status":"open","ping_status":"open","sticky":false,"template":"","format":"standard","meta":{"_jetpack_memberships_contains_paid_content":false,"footnotes":"","jetpack_publicize_message":"","jetpack_publicize_feature_enabled":true,"jetpack_social_post_already_shared":true,"jetpack_social_options":{"image_generator_settings":{"template":"highway","default_image_id":0,"font":"","enabled":false},"version":2}},"categories":[44,51],"tags":[],"class_list":{"0":"post-19135","1":"post","2":"type-post","3":"status-publish","4":"format-standard","5":"has-post-thumbnail","7":"category-policiales","8":"category-regionales"},"jetpack_publicize_connections":[],"jetpack_featured_media_url":"https:\/\/i0.wp.com\/larevistadigital.com.ar\/blog\/wp-content\/uploads\/Captura-de-pantalla-2021-03-02-120931.png?fit=1230%2C775&ssl=1","jetpack_sharing_enabled":true,"jetpack_shortlink":"https:\/\/wp.me\/p8qtrQ-4YD","jetpack-related-posts":[{"id":25145,"url":"https:\/\/larevistadigital.com.ar\/blog\/mar-del-plata-un-perro-ataco-al-suyo-quiso-defenderlo-y-le-mordieron-la-cara\/","url_meta":{"origin":19135,"position":0},"title":"MAR DEL PLATA: UN PERRO ATAC\u00d3 AL SUYO, QUISO DEFENDERLO Y LE MORDIERON LA CARA","author":"Alejandro Sosa Ruda","date":"18 abril, 2022","format":false,"excerpt":"MAR DEL PLATA -\u00a0 Una mujer de 36 a\u00f1os\u00a0fue mordida en la cara por un perro ayer a la tarde al intentar defender a su mascota y tuvo que ser atendida por personal m\u00e9dico en la Cl\u00ednica Pueyrredon. El hecho ocurri\u00f3 ayer a la tarde cuando la mujer paseaba a\u2026","rel":"","context":"En \u00abREGIONALES\u00bb","block_context":{"text":"REGIONALES","link":"https:\/\/larevistadigital.com.ar\/blog\/category\/regionales\/"},"img":{"alt_text":"","src":"https:\/\/i0.wp.com\/larevistadigital.com.ar\/blog\/wp-content\/uploads\/Puey-02-1024x683-1.jpg?fit=1024%2C683&ssl=1&resize=350%2C200","width":350,"height":200,"srcset":"https:\/\/i0.wp.com\/larevistadigital.com.ar\/blog\/wp-content\/uploads\/Puey-02-1024x683-1.jpg?fit=1024%2C683&ssl=1&resize=350%2C200 1x, https:\/\/i0.wp.com\/larevistadigital.com.ar\/blog\/wp-content\/uploads\/Puey-02-1024x683-1.jpg?fit=1024%2C683&ssl=1&resize=525%2C300 1.5x, https:\/\/i0.wp.com\/larevistadigital.com.ar\/blog\/wp-content\/uploads\/Puey-02-1024x683-1.jpg?fit=1024%2C683&ssl=1&resize=700%2C400 2x"},"classes":[]},{"id":32227,"url":"https:\/\/larevistadigital.com.ar\/blog\/mar-del-plata-no-era-su-hora-limpiaba-un-edificio-y-cayo-de-un-noveno-piso-solo-se-fracturo-la-muneca\/","url_meta":{"origin":19135,"position":1},"title":"MAR DEL PLATA: NO ERA SU HORA&#8230; LIMPIABA UN EDIFICIO Y CAY\u00d3 DE UN NOVENO PISO. SOLO SE FRACTUR\u00d3 LA MU\u00d1ECA","author":"Alejandro Sosa Ruda","date":"2 julio, 2023","format":false,"excerpt":"El hecho ocurri\u00f3 este viernes por la tarde en Tucum\u00e1n al 2500. El encargado, de 65 a\u00f1os, fue asistido por una ambulancia del SAME. 2 de julio de 2023 MAR DEL PLATA -\u00a0 Un hombre de 65 a\u00f1os debi\u00f3 ser asistido este viernes por una ambulancia del Sistema de Atenci\u00f3n\u2026","rel":"","context":"En \u00abCURIOSAS\u00bb","block_context":{"text":"CURIOSAS","link":"https:\/\/larevistadigital.com.ar\/blog\/category\/curiosas\/"},"img":{"alt_text":"","src":"https:\/\/i0.wp.com\/larevistadigital.com.ar\/blog\/wp-content\/uploads\/20230701164114_stensjolejon-i-mar-del-plata.jpg?fit=880%2C512&ssl=1&resize=350%2C200","width":350,"height":200,"srcset":"https:\/\/i0.wp.com\/larevistadigital.com.ar\/blog\/wp-content\/uploads\/20230701164114_stensjolejon-i-mar-del-plata.jpg?fit=880%2C512&ssl=1&resize=350%2C200 1x, https:\/\/i0.wp.com\/larevistadigital.com.ar\/blog\/wp-content\/uploads\/20230701164114_stensjolejon-i-mar-del-plata.jpg?fit=880%2C512&ssl=1&resize=525%2C300 1.5x, https:\/\/i0.wp.com\/larevistadigital.com.ar\/blog\/wp-content\/uploads\/20230701164114_stensjolejon-i-mar-del-plata.jpg?fit=880%2C512&ssl=1&resize=700%2C400 2x"},"classes":[]},{"id":39677,"url":"https:\/\/larevistadigital.com.ar\/blog\/tragedia-en-el-centro-de-mar-del-plata-una-mujer-murio-al-caer-desde-un-octavo-piso\/","url_meta":{"origin":19135,"position":2},"title":"Tragedia en el centro de Mar del Plata: una mujer muri\u00f3 al caer desde un octavo piso","author":"Alejandro Sosa Ruda","date":"5 mayo, 2025","format":false,"excerpt":"La v\u00edctima ten\u00eda 50 a\u00f1os y cay\u00f3 al vac\u00edo en plena tarde de domingo. La Justicia investiga las circunstancias del hecho, aunque por ahora no se sospecha de participaci\u00f3n de terceros. 05 de Mayo de 2025 MAR DEL PLATA -\u00a0 Un estremecedor episodio sacudi\u00f3 este domingo por la tarde al\u2026","rel":"","context":"En \u00abPOLICIALES\u00bb","block_context":{"text":"POLICIALES","link":"https:\/\/larevistadigital.com.ar\/blog\/category\/policiales\/"},"img":{"alt_text":"","src":"https:\/\/i0.wp.com\/larevistadigital.com.ar\/blog\/wp-content\/uploads\/d548ce1fd9f26de8c635d7cbe3a5a26d1019dbd3.png?fit=1140%2C698&ssl=1&resize=350%2C200","width":350,"height":200,"srcset":"https:\/\/i0.wp.com\/larevistadigital.com.ar\/blog\/wp-content\/uploads\/d548ce1fd9f26de8c635d7cbe3a5a26d1019dbd3.png?fit=1140%2C698&ssl=1&resize=350%2C200 1x, https:\/\/i0.wp.com\/larevistadigital.com.ar\/blog\/wp-content\/uploads\/d548ce1fd9f26de8c635d7cbe3a5a26d1019dbd3.png?fit=1140%2C698&ssl=1&resize=525%2C300 1.5x, https:\/\/i0.wp.com\/larevistadigital.com.ar\/blog\/wp-content\/uploads\/d548ce1fd9f26de8c635d7cbe3a5a26d1019dbd3.png?fit=1140%2C698&ssl=1&resize=700%2C400 2x, https:\/\/i0.wp.com\/larevistadigital.com.ar\/blog\/wp-content\/uploads\/d548ce1fd9f26de8c635d7cbe3a5a26d1019dbd3.png?fit=1140%2C698&ssl=1&resize=1050%2C600 3x"},"classes":[]},{"id":21321,"url":"https:\/\/larevistadigital.com.ar\/blog\/la-plata-estudiante-cayo-de-un-noveno-piso-y-sobrevivio\/","url_meta":{"origin":19135,"position":3},"title":"LA PLATA: ESTUDIANTE CAY\u00d3 DE UN NOVENO PISO Y SOBREVIVI\u00d3","author":"Alejandro Sosa Ruda","date":"30 julio, 2021","format":false,"excerpt":"El dram\u00e1tico hecho sacude a la ciudad. Aunque result\u00f3 malherido, el joven se salv\u00f3 de milagro tras la fuerte ca\u00edda y fue internado de urgencia. La ca\u00edda de un estudiante desde el noveno piso de un edificio de La Plata sacude a la ciudad. El conmocionante suceso\u00a0ocurri\u00f3 en la madrugada\u2026","rel":"","context":"En \u00abINTERES GENERAL\u00bb","block_context":{"text":"INTERES GENERAL","link":"https:\/\/larevistadigital.com.ar\/blog\/category\/interes-general\/"},"img":{"alt_text":"","src":"https:\/\/i0.wp.com\/larevistadigital.com.ar\/blog\/wp-content\/uploads\/la-plata.png?fit=720%2C407&ssl=1&resize=350%2C200","width":350,"height":200,"srcset":"https:\/\/i0.wp.com\/larevistadigital.com.ar\/blog\/wp-content\/uploads\/la-plata.png?fit=720%2C407&ssl=1&resize=350%2C200 1x, https:\/\/i0.wp.com\/larevistadigital.com.ar\/blog\/wp-content\/uploads\/la-plata.png?fit=720%2C407&ssl=1&resize=525%2C300 1.5x, https:\/\/i0.wp.com\/larevistadigital.com.ar\/blog\/wp-content\/uploads\/la-plata.png?fit=720%2C407&ssl=1&resize=700%2C400 2x"},"classes":[]},{"id":26016,"url":"https:\/\/larevistadigital.com.ar\/blog\/mar-del-plata-muere-un-hombre-y-su-perro-por-inhalacion-de-anhidrido-carbonico\/","url_meta":{"origin":19135,"position":4},"title":"MAR DEL PLATA: MUERE UN HOMBRE Y SU PERRO POR INHALACI\u00d3N DE ANH\u00cdDRIDO CARB\u00d3NICO","author":"Alejandro Sosa Ruda","date":"21 junio, 2022","format":false,"excerpt":"Sucedi\u00f3 en el barrio El Jard\u00edn de Peralta Ramos. La v\u00edctima ten\u00eda 65 a\u00f1os. Una cuadrilla de Camuzzi detect\u00f3 presencia de mon\u00f3xido en la vivienda. Un hombre de 65 a\u00f1os que los vecinos no ve\u00edan desde hace dos d\u00edas fue hallado sin vida ese lunes en el interior de su\u2026","rel":"","context":"En \u00abREGIONALES\u00bb","block_context":{"text":"REGIONALES","link":"https:\/\/larevistadigital.com.ar\/blog\/category\/regionales\/"},"img":{"alt_text":"","src":"https:\/\/i0.wp.com\/larevistadigital.com.ar\/blog\/wp-content\/uploads\/Guardia-Higa-0311.jpg?fit=790%2C444&ssl=1&resize=350%2C200","width":350,"height":200,"srcset":"https:\/\/i0.wp.com\/larevistadigital.com.ar\/blog\/wp-content\/uploads\/Guardia-Higa-0311.jpg?fit=790%2C444&ssl=1&resize=350%2C200 1x, https:\/\/i0.wp.com\/larevistadigital.com.ar\/blog\/wp-content\/uploads\/Guardia-Higa-0311.jpg?fit=790%2C444&ssl=1&resize=525%2C300 1.5x, https:\/\/i0.wp.com\/larevistadigital.com.ar\/blog\/wp-content\/uploads\/Guardia-Higa-0311.jpg?fit=790%2C444&ssl=1&resize=700%2C400 2x"},"classes":[]},{"id":24025,"url":"https:\/\/larevistadigital.com.ar\/blog\/mar-del-plata-mato-al-perro-de-su-vecino-porque-habia-mordido-al-suyo-quedo-preso\/","url_meta":{"origin":19135,"position":5},"title":"MAR DEL PLATA: MAT\u00d3 AL PERRO DE SU VECINO, PORQUE HAB\u00cdA MORDIDO AL SUYO. QUEDO PRESO","author":"Alejandro Sosa Ruda","date":"16 febrero, 2022","format":false,"excerpt":"Sucedi\u00f3 en el barrio Las Am\u00e9ricas. El agresor es un hombre de 42 a\u00f1os que fue aprehendido y qued\u00f3 alojado en la Unidad Penal 44 de Bat\u00e1n. MAR DEL PLATA -\u00a0Una\u00a0pelea\u00a0entre dos\u00a0perros\u00a0y la posterior discusi\u00f3n entre los due\u00f1os termin\u00f3 con la aprehensi\u00f3n de uno de ellos que armado\u00a0con una carabina\u2026","rel":"","context":"En \u00abPOLICIALES\u00bb","block_context":{"text":"POLICIALES","link":"https:\/\/larevistadigital.com.ar\/blog\/category\/policiales\/"},"img":{"alt_text":"","src":"https:\/\/i0.wp.com\/larevistadigital.com.ar\/blog\/wp-content\/uploads\/Captura-de-pantalla-2022-02-16-122926.jpg?fit=907%2C492&ssl=1&resize=350%2C200","width":350,"height":200,"srcset":"https:\/\/i0.wp.com\/larevistadigital.com.ar\/blog\/wp-content\/uploads\/Captura-de-pantalla-2022-02-16-122926.jpg?fit=907%2C492&ssl=1&resize=350%2C200 1x, https:\/\/i0.wp.com\/larevistadigital.com.ar\/blog\/wp-content\/uploads\/Captura-de-pantalla-2022-02-16-122926.jpg?fit=907%2C492&ssl=1&resize=525%2C300 1.5x, https:\/\/i0.wp.com\/larevistadigital.com.ar\/blog\/wp-content\/uploads\/Captura-de-pantalla-2022-02-16-122926.jpg?fit=907%2C492&ssl=1&resize=700%2C400 2x"},"classes":[]}],"_links":{"self":[{"href":"https:\/\/larevistadigital.com.ar\/blog\/wp-json\/wp\/v2\/posts\/19135","targetHints":{"allow":["GET"]}}],"collection":[{"href":"https:\/\/larevistadigital.com.ar\/blog\/wp-json\/wp\/v2\/posts"}],"about":[{"href":"https:\/\/larevistadigital.com.ar\/blog\/wp-json\/wp\/v2\/types\/post"}],"author":[{"embeddable":true,"href":"https:\/\/larevistadigital.com.ar\/blog\/wp-json\/wp\/v2\/users\/3"}],"replies":[{"embeddable":true,"href":"https:\/\/larevistadigital.com.ar\/blog\/wp-json\/wp\/v2\/comments?post=19135"}],"version-history":[{"count":1,"href":"https:\/\/larevistadigital.com.ar\/blog\/wp-json\/wp\/v2\/posts\/19135\/revisions"}],"predecessor-version":[{"id":19137,"href":"https:\/\/larevistadigital.com.ar\/blog\/wp-json\/wp\/v2\/posts\/19135\/revisions\/19137"}],"wp:featuredmedia":[{"embeddable":true,"href":"https:\/\/larevistadigital.com.ar\/blog\/wp-json\/wp\/v2\/media\/19136"}],"wp:attachment":[{"href":"https:\/\/larevistadigital.com.ar\/blog\/wp-json\/wp\/v2\/media?parent=19135"}],"wp:term":[{"taxonomy":"category","embeddable":true,"href":"https:\/\/larevistadigital.com.ar\/blog\/wp-json\/wp\/v2\/categories?post=19135"},{"taxonomy":"post_tag","embeddable":true,"href":"https:\/\/larevistadigital.com.ar\/blog\/wp-json\/wp\/v2\/tags?post=19135"}],"curies":[{"name":"wp","href":"https:\/\/api.w.org\/{rel}","templated":true}]}}