{"id":19138,"date":"2021-03-02T15:18:39","date_gmt":"2021-03-02T15:18:39","guid":{"rendered":"https:\/\/larevistadigital.com.ar\/blog\/?p=19138"},"modified":"2021-03-02T15:18:39","modified_gmt":"2021-03-02T15:18:39","slug":"madariaga-pasaron-10-anos-pero-vuelve-el-rally-argentino","status":"publish","type":"post","link":"https:\/\/larevistadigital.com.ar\/blog\/madariaga-pasaron-10-anos-pero-vuelve-el-rally-argentino\/","title":{"rendered":"MADARIAGA: PASARON 10 A\u00d1OS, PERO VUELVE EL RALLY ARGENTINO"},"content":{"rendered":"<h2 class=\"nota__hero__summary\">La categor\u00eda nacional m\u00e1s importante de la especialidad disputar\u00e1 del viernes 5 al domingo 7 de marzo el tradicional Rally \u201cPagos del Tuy\u00fa\u201d, que va por su 40\u00aa edici\u00f3n. La carrera llevar\u00e1 el nombre del madariaguense Oscar Milani, hist\u00f3rico dirigente del automovilismo.<\/h2>\n<p><strong>GENERAL MADARIAGA &#8211; <\/strong>El Rally Argentino disputar\u00e1 la 3\u00aa fecha de su campeonato 2021 este fin de semana en los veloces caminos del llano bonaerense de General Madariaga, en ocasi\u00f3n de la 40\u00aa edici\u00f3n del Rally \u201cPagos del Tuy\u00fa\u201d. La vuelta al \u00abPago Gaucho\u00bb se llevar\u00e1 a cabo entre el 5 y el 7 de marzo y contar\u00e1 con la participaci\u00f3n de la categor\u00eda regional por excelencia: el Rally Mar y Sierras.<\/p>\n<blockquote>\n<h3>La \u00faltima presentaci\u00f3n del Rally Argentino en Madariaga fue en 2011, con la victoria del paraguayo Diego Dom\u00ednguez (Kia Rio Maxi Rally). Al a\u00f1o siguiente estaba prevista otra competencia, pero debi\u00f3 suspenderse por la abundante lluvia.<\/h3>\n<\/blockquote>\n<p>Este cap\u00edtulo tan especial de la carrera llevar\u00e1 el nombre del madariaguense Oscar Milani, reconocido dirigente automovil\u00edstico, parte durante muchos a\u00f1os de la mesa directiva de la CDA del ACA, hoy presidente de la FRAD Mar y Sierras.<\/p>\n<blockquote>\n<h3>El parque de asistencia tendr\u00e1 lugar, por primera vez en las 40 ediciones de la carrera, en el predio de la Fiesta del Gaucho, a escasos metros de la zona c\u00e9ntrica madariaguense.<\/h3>\n<\/blockquote>\n<p>El viernes desde las 7:00 y hasta las 14:00, los binomios tendr\u00e1n la oportunidad de hacer el reconocimiento de los caminos, con un m\u00e1ximo de 2 pasadas por prueba especial y desde las 14:00 se llevar\u00e1 a cabo el shakedown (3 pasadas como m\u00e1ximo).<\/p>\n<p>Ese mismo d\u00eda, a partir de las 20:00, todos los binomios participantes, partir\u00e1n en caravana promocional, pasar\u00e1n por delante del Palacio Municipal y volver\u00e1n al parque de servicios y en ese lugar, media hora m\u00e1s tarde, se desarrollar\u00e1 la tradicional ceremonia de elecci\u00f3n de puestos de largada.<\/p>\n<h3><strong>El recorrido del s\u00e1bado<\/strong><\/h3>\n<p>El s\u00e1bado todo comenzar\u00e1 con el tradicional Horcones &#8211; La Providencia (18,85 Km), a las 10:08. Tramo que lleva el nombre de una de las lagunas m\u00e1s destacada de esta zona, uni\u00e9ndolo con la Estancia La Providencia, luego de recorrer 18,85 km de curvones veloces, retomes, curvas en forma de S, cambio de piso y algunas largas rectas con frenajes bruscos, hasta llegar al STOP, en las inmediaciones de la estancia mencionada.<\/p>\n<blockquote>\n<h3>El segundo tramo de la jornada inicial, ser\u00e1 La Larga &#8211; Las Tres Mar\u00edas (9,71 km). Gran parte de un camino zigzagueante, con curvas y contracurvas, bordeando al principio una laguna, hasta llegar, ya sobre el final, a algunas rectas con curvas de noventa grados.<\/h3>\n<\/blockquote>\n<p>El tercero y \u00faltimo de cada uno de los dos rulos del s\u00e1bado, es un tramo m\u00e1s cercano al casco urbano madariaguense que une la Estancia La Esperanza, con el circuito \u00abEl Rebelde\u00bb.<\/p>\n<p>Largando en un sector de curvas veloces, luego pasando por un recorrido sobre asfalto, para terminar en el dibujo del circuito con superficie de tierra antes mencionado, donde el viernes arrancar\u00e1 la acci\u00f3n de esta tercera fecha, con el desarrollo del shakedown.<\/p>\n<h3><strong>Los tramos del domingo<\/strong><\/h3>\n<p>El domingo se recorrer\u00e1n dos Pruebas Especiales diferentes. Iniciando por otra variante del cl\u00e1sico tramo de Horcones, uniendo el sector de Tres Caminos con 6 de octubre (18,22 km), con caracter\u00edsticas similares al primero de cada rulo del s\u00e1bado y el restante ser\u00e1 otro tradicional dibujo del \u00abPagos del Tuy\u00fa\u00bb, Zorzales &#8211; La Larga (17,78 Km), unidos por el viejo camino a Mar de Aj\u00f3, con partes de superficie blanda y arenosa, muy veloz, con varias curvas de muy distintos \u00e1ngulos en el comienzo.<\/p>\n<p>En algunas partes del trazado se torna muy veloz, sobre todo cuando toman el camino ancho a la ciudad costera anteriormente mencionada, donde se contar\u00e1 con chicanas para reducir la velocidad. En el final el camino vuelve a ser m\u00e1s angosto, aunque sigue siendo muy r\u00e1pido, con curvones amplios sobre los \u00faltimos metros.<\/p>\n","protected":false},"excerpt":{"rendered":"<div class=\"mh-excerpt\"><p>La categor\u00eda nacional m\u00e1s importante de la especialidad disputar\u00e1 del viernes 5 al domingo 7 de marzo el tradicional Rally \u201cPagos del Tuy\u00fa\u201d, que va por su 40\u00aa edici\u00f3n. La carrera llevar\u00e1 el nombre del <a class=\"mh-excerpt-more\" href=\"https:\/\/larevistadigital.com.ar\/blog\/madariaga-pasaron-10-anos-pero-vuelve-el-rally-argentino\/\" title=\"MADARIAGA: PASARON 10 A\u00d1OS, PERO VUELVE EL RALLY ARGENTINO\">[Leer M\u00e1s]<\/a><\/p>\n<\/div>","protected":false},"author":3,"featured_media":19139,"comment_status":"open","ping_status":"open","sticky":false,"template":"","format":"standard","meta":{"_jetpack_memberships_contains_paid_content":false,"footnotes":"","jetpack_publicize_message":"","jetpack_publicize_feature_enabled":true,"jetpack_social_post_already_shared":true,"jetpack_social_options":{"image_generator_settings":{"template":"highway","default_image_id":0,"font":"","enabled":false},"version":2}},"categories":[51],"tags":[],"class_list":{"0":"post-19138","1":"post","2":"type-post","3":"status-publish","4":"format-standard","5":"has-post-thumbnail","7":"category-regionales"},"jetpack_publicize_connections":[],"jetpack_featured_media_url":"https:\/\/i0.wp.com\/larevistadigital.com.ar\/blog\/wp-content\/uploads\/9e1ee0f64b69b166ab6ccead7ea0f2f64486b52e.jpg?fit=1140%2C759&ssl=1","jetpack_sharing_enabled":true,"jetpack_shortlink":"https:\/\/wp.me\/p8qtrQ-4YG","jetpack-related-posts":[{"id":35058,"url":"https:\/\/larevistadigital.com.ar\/blog\/el-rally-argentino-abre-la-temporada-en-general-madariaga\/","url_meta":{"origin":19138,"position":0},"title":"EL RALLY ARGENTINO, ABRE LA TEMPORADA EN GENERAL MADARIAGA","author":"Alejandro Sosa Ruda","date":"21 enero, 2024","format":false,"excerpt":"El evento se realizar\u00e1 1, 2 y 3 de marzo. Los detalles. 21 de enero de 2023 BUENOS AIRES -\u00a0 El intendente Esteban Santoro y el presidente de la categor\u00eda Fernando Scarlatta firmaron el convenio que confirma a General Madariaga como la ciudad que albergar\u00e1 la apertura del campeonato nacional\u2026","rel":"","context":"En \u00abREGIONALES\u00bb","block_context":{"text":"REGIONALES","link":"https:\/\/larevistadigital.com.ar\/blog\/category\/regionales\/"},"img":{"alt_text":"","src":"https:\/\/i0.wp.com\/larevistadigital.com.ar\/blog\/wp-content\/uploads\/ea484b5c1a88ecdbbbba509a74e6e851.jpg?fit=1200%2C382&ssl=1&resize=350%2C200","width":350,"height":200,"srcset":"https:\/\/i0.wp.com\/larevistadigital.com.ar\/blog\/wp-content\/uploads\/ea484b5c1a88ecdbbbba509a74e6e851.jpg?fit=1200%2C382&ssl=1&resize=350%2C200 1x, https:\/\/i0.wp.com\/larevistadigital.com.ar\/blog\/wp-content\/uploads\/ea484b5c1a88ecdbbbba509a74e6e851.jpg?fit=1200%2C382&ssl=1&resize=525%2C300 1.5x, https:\/\/i0.wp.com\/larevistadigital.com.ar\/blog\/wp-content\/uploads\/ea484b5c1a88ecdbbbba509a74e6e851.jpg?fit=1200%2C382&ssl=1&resize=700%2C400 2x, https:\/\/i0.wp.com\/larevistadigital.com.ar\/blog\/wp-content\/uploads\/ea484b5c1a88ecdbbbba509a74e6e851.jpg?fit=1200%2C382&ssl=1&resize=1050%2C600 3x"},"classes":[]},{"id":44228,"url":"https:\/\/larevistadigital.com.ar\/blog\/kicillof-encabezo-la-largada-del-rally-2026-mar-y-sierras\/","url_meta":{"origin":19138,"position":1},"title":"Kicillof encabez\u00f3 la largada del Rally 2026 Mar y Sierras","author":"Alejandro Sosa Ruda","date":"28 febrero, 2026","format":false,"excerpt":"El gobernador de la provincia de Buenos Aires, Axel Kicillof, encabez\u00f3 este viernes la largada oficial del Campeonato 2026 con el inicio del Rally Mar y Sierras, que se desarrolla en los caminos rurales del municipio de General Madariaga. Fue junto al intendente local, Esteban Santoro, y el presidente de\u2026","rel":"","context":"En \u00abPOLITICA PROVINCIAL\u00bb","block_context":{"text":"POLITICA PROVINCIAL","link":"https:\/\/larevistadigital.com.ar\/blog\/category\/politica\/politica-provincial\/"},"img":{"alt_text":"","src":"https:\/\/i0.wp.com\/larevistadigital.com.ar\/blog\/wp-content\/uploads\/AR18333-scaled.jpg?fit=1200%2C800&ssl=1&resize=350%2C200","width":350,"height":200,"srcset":"https:\/\/i0.wp.com\/larevistadigital.com.ar\/blog\/wp-content\/uploads\/AR18333-scaled.jpg?fit=1200%2C800&ssl=1&resize=350%2C200 1x, https:\/\/i0.wp.com\/larevistadigital.com.ar\/blog\/wp-content\/uploads\/AR18333-scaled.jpg?fit=1200%2C800&ssl=1&resize=525%2C300 1.5x, https:\/\/i0.wp.com\/larevistadigital.com.ar\/blog\/wp-content\/uploads\/AR18333-scaled.jpg?fit=1200%2C800&ssl=1&resize=700%2C400 2x, https:\/\/i0.wp.com\/larevistadigital.com.ar\/blog\/wp-content\/uploads\/AR18333-scaled.jpg?fit=1200%2C800&ssl=1&resize=1050%2C600 3x"},"classes":[]},{"id":24118,"url":"https:\/\/larevistadigital.com.ar\/blog\/el-diputado-chascomunense-cote-rossi-junto-al-gobernador-y-ministros-estuvieron-en-gral-madariaga\/","url_meta":{"origin":19138,"position":2},"title":"EL DIPUTADO CHASCOMUNENSE \u00abCOTE\u00bb ROSSI, JUNTO AL GOBERNADOR Y MINISTROS ESTUVIERON EN GRAL. MADARIAGA","author":"Alejandro Sosa Ruda","date":"19 febrero, 2022","format":false,"excerpt":"Formaron parte de un importante evento, que nucle\u00f3 a gran cantidad de autoridades y cont\u00f3 con un nutrido apoyo de los vecinos del lugar y de distintos lugares de la provincia El diputado provincial chascomunense Jos\u00e9 Ignacio \"Cote\" Rossi, estuvo presente en General Madariaga y particip\u00f3 junto al gobernador Axel\u2026","rel":"","context":"En \u00abPOLITICA PROVINCIAL\u00bb","block_context":{"text":"POLITICA PROVINCIAL","link":"https:\/\/larevistadigital.com.ar\/blog\/category\/politica\/politica-provincial\/"},"img":{"alt_text":"","src":"https:\/\/i0.wp.com\/larevistadigital.com.ar\/blog\/wp-content\/uploads\/272971084_10224079007956947_8100341202515261089_n.jpg?fit=850%2C853&ssl=1&resize=350%2C200","width":350,"height":200,"srcset":"https:\/\/i0.wp.com\/larevistadigital.com.ar\/blog\/wp-content\/uploads\/272971084_10224079007956947_8100341202515261089_n.jpg?fit=850%2C853&ssl=1&resize=350%2C200 1x, https:\/\/i0.wp.com\/larevistadigital.com.ar\/blog\/wp-content\/uploads\/272971084_10224079007956947_8100341202515261089_n.jpg?fit=850%2C853&ssl=1&resize=525%2C300 1.5x, https:\/\/i0.wp.com\/larevistadigital.com.ar\/blog\/wp-content\/uploads\/272971084_10224079007956947_8100341202515261089_n.jpg?fit=850%2C853&ssl=1&resize=700%2C400 2x"},"classes":[]},{"id":1382,"url":"https:\/\/larevistadigital.com.ar\/blog\/se-presento-el-rally-mar-y-sierras\/","url_meta":{"origin":19138,"position":3},"title":"Se present\u00f3 el Rally Mar y Sierras","author":"editor","date":"17 marzo, 2017","format":false,"excerpt":"Con la presencia del Intendente Municipal de Castelli, Sebasti\u00e1n Echarren, el Secretario de Obras P\u00fablicas Federico Longhi, y el promotor del Rally Mar y Sierras, Alejandro Flores, en el despacho del Intendente, se llev\u00f3 a cabo la presentaci\u00f3n oficial de una nueva edici\u00f3n del Rally Mar y Sierras que se\u2026","rel":"","context":"En \u00abCASTELLI\u00bb","block_context":{"text":"CASTELLI","link":"https:\/\/larevistadigital.com.ar\/blog\/category\/castelli\/"},"img":{"alt_text":"","src":"https:\/\/i0.wp.com\/larevistadigital.com.ar\/blog\/wp-content\/uploads\/2017\/03\/RALLY-CASTELLI.jpg?fit=900%2C598&ssl=1&resize=350%2C200","width":350,"height":200,"srcset":"https:\/\/i0.wp.com\/larevistadigital.com.ar\/blog\/wp-content\/uploads\/2017\/03\/RALLY-CASTELLI.jpg?fit=900%2C598&ssl=1&resize=350%2C200 1x, https:\/\/i0.wp.com\/larevistadigital.com.ar\/blog\/wp-content\/uploads\/2017\/03\/RALLY-CASTELLI.jpg?fit=900%2C598&ssl=1&resize=525%2C300 1.5x, https:\/\/i0.wp.com\/larevistadigital.com.ar\/blog\/wp-content\/uploads\/2017\/03\/RALLY-CASTELLI.jpg?fit=900%2C598&ssl=1&resize=700%2C400 2x"},"classes":[]},{"id":23689,"url":"https:\/\/larevistadigital.com.ar\/blog\/confirman-el-rally-mar-y-sierras-a-general-paz-se-correra-en-marzo\/","url_meta":{"origin":19138,"position":4},"title":"CONFIRMAN EL RALLY MAR Y SIERRAS A GENERAL PAZ, SE CORRER\u00c1 EN MARZO","author":"Alejandro Sosa Ruda","date":"30 enero, 2022","format":false,"excerpt":"El mismo se llevar\u00e1 a cabo en marzo y durar\u00e1 tres d\u00edas. El anuncio se hizo a trav\u00e9s de la p\u00e1gina oficial del municipio. RANCHOS -\u00a0 En una reuni\u00f3n celebrada ayer por la tarde, encabezada por el Intendente Municipal Juan Manuel \u00c1lvarez acompa\u00f1ado por funcionarios y colaboradores, se defini\u00f3 la\u2026","rel":"","context":"En \u00abDEPORTES\u00bb","block_context":{"text":"DEPORTES","link":"https:\/\/larevistadigital.com.ar\/blog\/category\/deportes\/"},"img":{"alt_text":"","src":"https:\/\/i0.wp.com\/larevistadigital.com.ar\/blog\/wp-content\/uploads\/31959496_879056555638707_556163415467360256_n.jpg?fit=800%2C534&ssl=1&resize=350%2C200","width":350,"height":200,"srcset":"https:\/\/i0.wp.com\/larevistadigital.com.ar\/blog\/wp-content\/uploads\/31959496_879056555638707_556163415467360256_n.jpg?fit=800%2C534&ssl=1&resize=350%2C200 1x, https:\/\/i0.wp.com\/larevistadigital.com.ar\/blog\/wp-content\/uploads\/31959496_879056555638707_556163415467360256_n.jpg?fit=800%2C534&ssl=1&resize=525%2C300 1.5x, https:\/\/i0.wp.com\/larevistadigital.com.ar\/blog\/wp-content\/uploads\/31959496_879056555638707_556163415467360256_n.jpg?fit=800%2C534&ssl=1&resize=700%2C400 2x"},"classes":[]},{"id":41390,"url":"https:\/\/larevistadigital.com.ar\/blog\/general-madariaga-la-provincia-comienza-la-obra-del-nuevo-parque-solar\/","url_meta":{"origin":19138,"position":5},"title":"General Madariaga: La provincia comienza la obra del nuevo Parque Solar","author":"Alejandro Sosa Ruda","date":"10 septiembre, 2025","format":false,"excerpt":"Con m\u00e1s de 6.000 paneles solares y una inversi\u00f3n provincial estrat\u00e9gica, General Madariaga contar\u00e1 con un parque solar que generar\u00e1 energ\u00eda limpia para 2.000 hogares, reducir\u00e1 emisiones de CO\u2082 y reforzar\u00e1 el abastecimiento el\u00e9ctrico en la Costa Atl\u00e1ntica Norte. 10 De Septiembre de 2025 GENERAL MADARIAGA\u00a0 -\u00a0 \u00a0El Ministerio de\u2026","rel":"","context":"En \u00abPOLITICA PROVINCIAL\u00bb","block_context":{"text":"POLITICA PROVINCIAL","link":"https:\/\/larevistadigital.com.ar\/blog\/category\/politica\/politica-provincial\/"},"img":{"alt_text":"","src":"https:\/\/i0.wp.com\/larevistadigital.com.ar\/blog\/wp-content\/uploads\/f7418b80c7b2a621242a3d6c47c7cc02ebab7140.jpg?fit=1140%2C642&ssl=1&resize=350%2C200","width":350,"height":200,"srcset":"https:\/\/i0.wp.com\/larevistadigital.com.ar\/blog\/wp-content\/uploads\/f7418b80c7b2a621242a3d6c47c7cc02ebab7140.jpg?fit=1140%2C642&ssl=1&resize=350%2C200 1x, https:\/\/i0.wp.com\/larevistadigital.com.ar\/blog\/wp-content\/uploads\/f7418b80c7b2a621242a3d6c47c7cc02ebab7140.jpg?fit=1140%2C642&ssl=1&resize=525%2C300 1.5x, https:\/\/i0.wp.com\/larevistadigital.com.ar\/blog\/wp-content\/uploads\/f7418b80c7b2a621242a3d6c47c7cc02ebab7140.jpg?fit=1140%2C642&ssl=1&resize=700%2C400 2x, https:\/\/i0.wp.com\/larevistadigital.com.ar\/blog\/wp-content\/uploads\/f7418b80c7b2a621242a3d6c47c7cc02ebab7140.jpg?fit=1140%2C642&ssl=1&resize=1050%2C600 3x"},"classes":[]}],"_links":{"self":[{"href":"https:\/\/larevistadigital.com.ar\/blog\/wp-json\/wp\/v2\/posts\/19138","targetHints":{"allow":["GET"]}}],"collection":[{"href":"https:\/\/larevistadigital.com.ar\/blog\/wp-json\/wp\/v2\/posts"}],"about":[{"href":"https:\/\/larevistadigital.com.ar\/blog\/wp-json\/wp\/v2\/types\/post"}],"author":[{"embeddable":true,"href":"https:\/\/larevistadigital.com.ar\/blog\/wp-json\/wp\/v2\/users\/3"}],"replies":[{"embeddable":true,"href":"https:\/\/larevistadigital.com.ar\/blog\/wp-json\/wp\/v2\/comments?post=19138"}],"version-history":[{"count":1,"href":"https:\/\/larevistadigital.com.ar\/blog\/wp-json\/wp\/v2\/posts\/19138\/revisions"}],"predecessor-version":[{"id":19140,"href":"https:\/\/larevistadigital.com.ar\/blog\/wp-json\/wp\/v2\/posts\/19138\/revisions\/19140"}],"wp:featuredmedia":[{"embeddable":true,"href":"https:\/\/larevistadigital.com.ar\/blog\/wp-json\/wp\/v2\/media\/19139"}],"wp:attachment":[{"href":"https:\/\/larevistadigital.com.ar\/blog\/wp-json\/wp\/v2\/media?parent=19138"}],"wp:term":[{"taxonomy":"category","embeddable":true,"href":"https:\/\/larevistadigital.com.ar\/blog\/wp-json\/wp\/v2\/categories?post=19138"},{"taxonomy":"post_tag","embeddable":true,"href":"https:\/\/larevistadigital.com.ar\/blog\/wp-json\/wp\/v2\/tags?post=19138"}],"curies":[{"name":"wp","href":"https:\/\/api.w.org\/{rel}","templated":true}]}}