{"id":19141,"date":"2021-03-02T15:24:11","date_gmt":"2021-03-02T15:24:11","guid":{"rendered":"https:\/\/larevistadigital.com.ar\/blog\/?p=19141"},"modified":"2021-03-02T15:24:11","modified_gmt":"2021-03-02T15:24:11","slug":"ruta-2-accidente-a-la-altura-de-castelli-con-cinco-heridos","status":"publish","type":"post","link":"https:\/\/larevistadigital.com.ar\/blog\/ruta-2-accidente-a-la-altura-de-castelli-con-cinco-heridos\/","title":{"rendered":"RUTA 2: ACCIDENTE A LA ALTURA DE CASTELLI CON CINCO HERIDOS"},"content":{"rendered":"<h2 class=\"nota__hero__summary\">El choque fue protagonizado por un cami\u00f3n y una camioneta. Los servicios de emergencia debieron asistir a los ocupantes de los veh\u00edculos.<\/h2>\n<p>Un total de cinco personas resultaron heridas como consecuencia de un accidente de tr\u00e1nsito ocurrido en el kil\u00f3metro 193 de la Ruta 2, en jurisdicci\u00f3n del partido de Castelli.<\/p>\n<blockquote>\n<h3>Por causas que se investigan, el choque fue protagonizado por un cami\u00f3n y una camioneta y, como consecuencia del fuerte impacto, el rodado menor termin\u00f3 volcado en una cuneta con los cuatro neum\u00e1ticos hacia arriba.<\/h3>\n<\/blockquote>\n<p>A ra\u00edz del accidente, un total de cinco personas resultaron con heridas de diversa consideraci\u00f3n, tres de ellos menores y dos mayores.<\/p>\n<blockquote>\n<h3><strong>Los heridos fueron trasladados r\u00e1pidamente por los servicios de emergencia a los hospitales de Castelli y de Dolores.<\/strong><\/h3>\n<\/blockquote>\n<p>En el lugar del accidente trabajaron Bomberos Voluntarios de Castelli, ambulancias del SAME, Defensa Civil y efectivos de la Polic\u00eda Vial de Castelli.<\/p>\n","protected":false},"excerpt":{"rendered":"<div class=\"mh-excerpt\"><p>El choque fue protagonizado por un cami\u00f3n y una camioneta. Los servicios de emergencia debieron asistir a los ocupantes de los veh\u00edculos. Un total de cinco personas resultaron heridas como consecuencia de un accidente de <a class=\"mh-excerpt-more\" href=\"https:\/\/larevistadigital.com.ar\/blog\/ruta-2-accidente-a-la-altura-de-castelli-con-cinco-heridos\/\" title=\"RUTA 2: ACCIDENTE A LA ALTURA DE CASTELLI CON CINCO HERIDOS\">[Leer M\u00e1s]<\/a><\/p>\n<\/div>","protected":false},"author":3,"featured_media":19142,"comment_status":"open","ping_status":"open","sticky":false,"template":"","format":"standard","meta":{"_jetpack_memberships_contains_paid_content":false,"footnotes":"","jetpack_publicize_message":"","jetpack_publicize_feature_enabled":true,"jetpack_social_post_already_shared":true,"jetpack_social_options":{"image_generator_settings":{"template":"highway","default_image_id":0,"font":"","enabled":false},"version":2}},"categories":[50,44],"tags":[],"class_list":{"0":"post-19141","1":"post","2":"type-post","3":"status-publish","4":"format-standard","5":"has-post-thumbnail","7":"category-interes-general","8":"category-policiales"},"jetpack_publicize_connections":[],"jetpack_featured_media_url":"https:\/\/i0.wp.com\/larevistadigital.com.ar\/blog\/wp-content\/uploads\/baddb3d915a1a844eab9dab86c67cb371d190bb7.jpg?fit=1140%2C699&ssl=1","jetpack_sharing_enabled":true,"jetpack_shortlink":"https:\/\/wp.me\/p8qtrQ-4YJ","jetpack-related-posts":[{"id":33761,"url":"https:\/\/larevistadigital.com.ar\/blog\/ruta-2-fuerte-choque-con-cinco-heridos-a-la-altura-de-castelli\/","url_meta":{"origin":19141,"position":0},"title":"RUTA 2: FUERTE CHOQUE CON CINCO HERIDOS A LA ALTURA DE CASTELLI","author":"Alejandro Sosa Ruda","date":"4 octubre, 2023","format":false,"excerpt":"Ocurri\u00f3 en la intersecci\u00f3n de las Ruta 2 y 41. Los detalles. 4 de Octubre de 2023 CASTELLI -\u00a0 Cinco personas resultaron heridas tras protagonizar un fuerte\u00a0accidente en la Ruta 2 en jurisdicci\u00f3n de Castelli, donde el autom\u00f3vil volc\u00f3. El accidente se registr\u00f3 esta ma\u00f1ana, m\u00e1s precisamente en\u00a0el cruce de\u2026","rel":"","context":"En \u00abREGIONALES\u00bb","block_context":{"text":"REGIONALES","link":"https:\/\/larevistadigital.com.ar\/blog\/category\/regionales\/"},"img":{"alt_text":"","src":"https:\/\/i0.wp.com\/larevistadigital.com.ar\/blog\/wp-content\/uploads\/927fa38fb060cc0b78bd858ed2d4aeb29da05ad9.jpg?fit=1140%2C855&ssl=1&resize=350%2C200","width":350,"height":200,"srcset":"https:\/\/i0.wp.com\/larevistadigital.com.ar\/blog\/wp-content\/uploads\/927fa38fb060cc0b78bd858ed2d4aeb29da05ad9.jpg?fit=1140%2C855&ssl=1&resize=350%2C200 1x, https:\/\/i0.wp.com\/larevistadigital.com.ar\/blog\/wp-content\/uploads\/927fa38fb060cc0b78bd858ed2d4aeb29da05ad9.jpg?fit=1140%2C855&ssl=1&resize=525%2C300 1.5x, https:\/\/i0.wp.com\/larevistadigital.com.ar\/blog\/wp-content\/uploads\/927fa38fb060cc0b78bd858ed2d4aeb29da05ad9.jpg?fit=1140%2C855&ssl=1&resize=700%2C400 2x, https:\/\/i0.wp.com\/larevistadigital.com.ar\/blog\/wp-content\/uploads\/927fa38fb060cc0b78bd858ed2d4aeb29da05ad9.jpg?fit=1140%2C855&ssl=1&resize=1050%2C600 3x"},"classes":[]},{"id":43660,"url":"https:\/\/larevistadigital.com.ar\/blog\/grave-accidente-en-la-ruta-2-un-auto-choco-contra-un-camion-y-tres-personas-resultaron-heridas\/","url_meta":{"origin":19141,"position":1},"title":"Grave accidente en la Ruta 2: un auto choc\u00f3 contra un cami\u00f3n y tres personas resultaron heridas","author":"Alejandro Sosa Ruda","date":"30 enero, 2026","format":false,"excerpt":"Un grave accidente de tr\u00e1nsito se registr\u00f3 este martes por la noche en el kil\u00f3metro 181 de la Ruta 2, en jurisdicci\u00f3n del partido de Castelli, cuando un autom\u00f3vil Volkswagen Vento impact\u00f3 por alcance contra un cami\u00f3n y termin\u00f3 incrustado debajo del acoplado. 30 de enero de 2026 CASTELLI -\u00a0\u2026","rel":"","context":"En \u00abCASTELLI\u00bb","block_context":{"text":"CASTELLI","link":"https:\/\/larevistadigital.com.ar\/blog\/category\/castelli\/"},"img":{"alt_text":"","src":"https:\/\/i0.wp.com\/larevistadigital.com.ar\/blog\/wp-content\/uploads\/02ae428c877f7f90053ead54fd4f8778518fdb70.jpg?fit=1140%2C641&ssl=1&resize=350%2C200","width":350,"height":200,"srcset":"https:\/\/i0.wp.com\/larevistadigital.com.ar\/blog\/wp-content\/uploads\/02ae428c877f7f90053ead54fd4f8778518fdb70.jpg?fit=1140%2C641&ssl=1&resize=350%2C200 1x, https:\/\/i0.wp.com\/larevistadigital.com.ar\/blog\/wp-content\/uploads\/02ae428c877f7f90053ead54fd4f8778518fdb70.jpg?fit=1140%2C641&ssl=1&resize=525%2C300 1.5x, https:\/\/i0.wp.com\/larevistadigital.com.ar\/blog\/wp-content\/uploads\/02ae428c877f7f90053ead54fd4f8778518fdb70.jpg?fit=1140%2C641&ssl=1&resize=700%2C400 2x, https:\/\/i0.wp.com\/larevistadigital.com.ar\/blog\/wp-content\/uploads\/02ae428c877f7f90053ead54fd4f8778518fdb70.jpg?fit=1140%2C641&ssl=1&resize=1050%2C600 3x"},"classes":[]},{"id":24836,"url":"https:\/\/larevistadigital.com.ar\/blog\/castelli-fuerte-accidente-en-la-ruta-11-hay-dos-heridos\/","url_meta":{"origin":19141,"position":2},"title":"CASTELLI: FUERTE ACCIDENTE EN LA RUTA 11. HAY DOS HERIDOS","author":"Alejandro Sosa Ruda","date":"27 marzo, 2022","format":false,"excerpt":"El autom\u00f3vil en el que viajaban protagoniz\u00f3 un impactante vuelco. Los detalles. CASTELLI-\u00a0 Dos personas resultaron heridas tras despistar un autom\u00f3vil Citro\u00ebn C3 y terminar volcando en la Ruta N\u00b0 11, en el kil\u00f3metro 193 en jurisdicci\u00f3n del partido de Castelli. Como consecuencia del accidente, las dos personas que viajaban\u2026","rel":"","context":"En \u00abCASTELLI\u00bb","block_context":{"text":"CASTELLI","link":"https:\/\/larevistadigital.com.ar\/blog\/category\/castelli\/"},"img":{"alt_text":"","src":"https:\/\/i0.wp.com\/larevistadigital.com.ar\/blog\/wp-content\/uploads\/e9fa25361b0aa097e59246ab31e24d38d3c6580d.jpg?fit=1140%2C855&ssl=1&resize=350%2C200","width":350,"height":200,"srcset":"https:\/\/i0.wp.com\/larevistadigital.com.ar\/blog\/wp-content\/uploads\/e9fa25361b0aa097e59246ab31e24d38d3c6580d.jpg?fit=1140%2C855&ssl=1&resize=350%2C200 1x, https:\/\/i0.wp.com\/larevistadigital.com.ar\/blog\/wp-content\/uploads\/e9fa25361b0aa097e59246ab31e24d38d3c6580d.jpg?fit=1140%2C855&ssl=1&resize=525%2C300 1.5x, https:\/\/i0.wp.com\/larevistadigital.com.ar\/blog\/wp-content\/uploads\/e9fa25361b0aa097e59246ab31e24d38d3c6580d.jpg?fit=1140%2C855&ssl=1&resize=700%2C400 2x, https:\/\/i0.wp.com\/larevistadigital.com.ar\/blog\/wp-content\/uploads\/e9fa25361b0aa097e59246ab31e24d38d3c6580d.jpg?fit=1140%2C855&ssl=1&resize=1050%2C600 3x"},"classes":[]},{"id":28591,"url":"https:\/\/larevistadigital.com.ar\/blog\/zarate-cinco-heridos-en-un-choque-en-la-ruta-nacional-12\/","url_meta":{"origin":19141,"position":3},"title":"ZARATE: CINCO HERIDOS EN UN CHOQUE EN LA RUTA NACIONAL 12","author":"Alejandro Sosa Ruda","date":"25 octubre, 2022","format":false,"excerpt":"Ocurri\u00f3 cuando un micro de larga distancia, un cami\u00f3n y una camioneta chocaron en cadena. El siniestro se dio en inmediaciones de Isla Talavera, en la zona del delta bonaerense. Personal de seguridad vial y Gendarmer\u00eda Nacional facilitaron las tareas de asistencia y posterior remoci\u00f3n de los veh\u00edculos siniestrados. 25\u2026","rel":"","context":"En \u00abPOLITICA\u00bb","block_context":{"text":"POLITICA","link":"https:\/\/larevistadigital.com.ar\/blog\/category\/politica\/"},"img":{"alt_text":"","src":"https:\/\/i0.wp.com\/larevistadigital.com.ar\/blog\/wp-content\/uploads\/20221024183402_choque.jpg?fit=880%2C512&ssl=1&resize=350%2C200","width":350,"height":200,"srcset":"https:\/\/i0.wp.com\/larevistadigital.com.ar\/blog\/wp-content\/uploads\/20221024183402_choque.jpg?fit=880%2C512&ssl=1&resize=350%2C200 1x, https:\/\/i0.wp.com\/larevistadigital.com.ar\/blog\/wp-content\/uploads\/20221024183402_choque.jpg?fit=880%2C512&ssl=1&resize=525%2C300 1.5x, https:\/\/i0.wp.com\/larevistadigital.com.ar\/blog\/wp-content\/uploads\/20221024183402_choque.jpg?fit=880%2C512&ssl=1&resize=700%2C400 2x"},"classes":[]},{"id":28207,"url":"https:\/\/larevistadigital.com.ar\/blog\/cnel-vidal-un-muerto-tras-choque-en-la-ruta-55\/","url_meta":{"origin":19141,"position":4},"title":"CNEL. VIDAL: UN MUERTO TRAS CHOQUE EN LA RUTA 55","author":"Alejandro Sosa Ruda","date":"2 octubre, 2022","format":false,"excerpt":"Fue entre una camioneta y un cami\u00f3n. Pudo ser como consecuencia de la gran niebla. 02 de Octubre de 2022 CORONEL VIDAL -\u00a0 El accidente sucedi\u00f3 durante la ma\u00f1ana de ayer, a la altura de Coronel Vidal en la\u00a0 ruta 55, donde un hombre de 65 a\u00f1os de edad, result\u00f3\u2026","rel":"","context":"En \u00abPOLICIALES\u00bb","block_context":{"text":"POLICIALES","link":"https:\/\/larevistadigital.com.ar\/blog\/category\/policiales\/"},"img":{"alt_text":"","src":"https:\/\/i0.wp.com\/larevistadigital.com.ar\/blog\/wp-content\/uploads\/f837c0c7427de0636a5e002abf5c8a555fa2a72a.jpg?fit=1140%2C641&ssl=1&resize=350%2C200","width":350,"height":200,"srcset":"https:\/\/i0.wp.com\/larevistadigital.com.ar\/blog\/wp-content\/uploads\/f837c0c7427de0636a5e002abf5c8a555fa2a72a.jpg?fit=1140%2C641&ssl=1&resize=350%2C200 1x, https:\/\/i0.wp.com\/larevistadigital.com.ar\/blog\/wp-content\/uploads\/f837c0c7427de0636a5e002abf5c8a555fa2a72a.jpg?fit=1140%2C641&ssl=1&resize=525%2C300 1.5x, https:\/\/i0.wp.com\/larevistadigital.com.ar\/blog\/wp-content\/uploads\/f837c0c7427de0636a5e002abf5c8a555fa2a72a.jpg?fit=1140%2C641&ssl=1&resize=700%2C400 2x, https:\/\/i0.wp.com\/larevistadigital.com.ar\/blog\/wp-content\/uploads\/f837c0c7427de0636a5e002abf5c8a555fa2a72a.jpg?fit=1140%2C641&ssl=1&resize=1050%2C600 3x"},"classes":[]},{"id":36065,"url":"https:\/\/larevistadigital.com.ar\/blog\/ruta-2-camion-volco-a-la-altura-de-castelli-hubo-seis-heridos\/","url_meta":{"origin":19141,"position":5},"title":"RUTA 2: CAMI\u00d3N VOLC\u00d3 A LA ALTURA DE CASTELLI. HUBO SEIS HERIDOS","author":"Alejandro Sosa Ruda","date":"18 mayo, 2024","format":false,"excerpt":"CASTELLI -\u00a0 \u00a0En las primeras horas de este viernes se produjo un accidente en la Ruta 2, a la altura del partido de\u00a0Castelli, que dej\u00f3 como saldo\u00a06 personas heridas, afortunadamente ninguna de gravedad. Ocurri\u00f3 cuando, por cuestiones que a\u00fan se tratan de establecer, el conductor de un cami\u00f3n que transportaba\u2026","rel":"","context":"En \u00abPOLICIALES\u00bb","block_context":{"text":"POLICIALES","link":"https:\/\/larevistadigital.com.ar\/blog\/category\/policiales\/"},"img":{"alt_text":"","src":"https:\/\/i0.wp.com\/larevistadigital.com.ar\/blog\/wp-content\/uploads\/d6c644c411a0407f97d8969aed8687aba153cefc.jpg?fit=1140%2C713&ssl=1&resize=350%2C200","width":350,"height":200,"srcset":"https:\/\/i0.wp.com\/larevistadigital.com.ar\/blog\/wp-content\/uploads\/d6c644c411a0407f97d8969aed8687aba153cefc.jpg?fit=1140%2C713&ssl=1&resize=350%2C200 1x, https:\/\/i0.wp.com\/larevistadigital.com.ar\/blog\/wp-content\/uploads\/d6c644c411a0407f97d8969aed8687aba153cefc.jpg?fit=1140%2C713&ssl=1&resize=525%2C300 1.5x, https:\/\/i0.wp.com\/larevistadigital.com.ar\/blog\/wp-content\/uploads\/d6c644c411a0407f97d8969aed8687aba153cefc.jpg?fit=1140%2C713&ssl=1&resize=700%2C400 2x, https:\/\/i0.wp.com\/larevistadigital.com.ar\/blog\/wp-content\/uploads\/d6c644c411a0407f97d8969aed8687aba153cefc.jpg?fit=1140%2C713&ssl=1&resize=1050%2C600 3x"},"classes":[]}],"_links":{"self":[{"href":"https:\/\/larevistadigital.com.ar\/blog\/wp-json\/wp\/v2\/posts\/19141","targetHints":{"allow":["GET"]}}],"collection":[{"href":"https:\/\/larevistadigital.com.ar\/blog\/wp-json\/wp\/v2\/posts"}],"about":[{"href":"https:\/\/larevistadigital.com.ar\/blog\/wp-json\/wp\/v2\/types\/post"}],"author":[{"embeddable":true,"href":"https:\/\/larevistadigital.com.ar\/blog\/wp-json\/wp\/v2\/users\/3"}],"replies":[{"embeddable":true,"href":"https:\/\/larevistadigital.com.ar\/blog\/wp-json\/wp\/v2\/comments?post=19141"}],"version-history":[{"count":1,"href":"https:\/\/larevistadigital.com.ar\/blog\/wp-json\/wp\/v2\/posts\/19141\/revisions"}],"predecessor-version":[{"id":19143,"href":"https:\/\/larevistadigital.com.ar\/blog\/wp-json\/wp\/v2\/posts\/19141\/revisions\/19143"}],"wp:featuredmedia":[{"embeddable":true,"href":"https:\/\/larevistadigital.com.ar\/blog\/wp-json\/wp\/v2\/media\/19142"}],"wp:attachment":[{"href":"https:\/\/larevistadigital.com.ar\/blog\/wp-json\/wp\/v2\/media?parent=19141"}],"wp:term":[{"taxonomy":"category","embeddable":true,"href":"https:\/\/larevistadigital.com.ar\/blog\/wp-json\/wp\/v2\/categories?post=19141"},{"taxonomy":"post_tag","embeddable":true,"href":"https:\/\/larevistadigital.com.ar\/blog\/wp-json\/wp\/v2\/tags?post=19141"}],"curies":[{"name":"wp","href":"https:\/\/api.w.org\/{rel}","templated":true}]}}