{"id":19174,"date":"2021-03-05T18:40:02","date_gmt":"2021-03-05T18:40:02","guid":{"rendered":"https:\/\/larevistadigital.com.ar\/blog\/?p=19174"},"modified":"2021-03-05T18:43:25","modified_gmt":"2021-03-05T18:43:25","slug":"los-profesionales-del-hospital-hacen-una-convocatoria-a-charlar-con-la-sociedad","status":"publish","type":"post","link":"https:\/\/larevistadigital.com.ar\/blog\/los-profesionales-del-hospital-hacen-una-convocatoria-a-charlar-con-la-sociedad\/","title":{"rendered":"LOS PROFESIONALES DEL HOSPITAL,  HACEN UNA CONVOCATORIA A MARCHAR Y HABLAR CON LOS VECINOS"},"content":{"rendered":"<h2>La convocatoria, es para que los m\u00e9dicos, enfermeros y personal del Hospital Municipal puedan hablar cara a cara con los vecinos, y que toda la sociedad pueda escuchar de boca de los mismos, la situaci\u00f3n que viven. \u00a1No hagamos o\u00eddos sordos!<\/h2>\n<p>Luego de las ultimas actitudes del gobierno municipal, entre las que se suman las \u00faltimas declaraciones del Secretario de Gobierno en la FM Por Siempre durante una nota con<strong> Fabi\u00e1n Casales<\/strong>, donde se ocup\u00f3 sistem\u00e1ticamente de negar todas las quejas, reclamos y denuncias de enfermeros, enfermeras y m\u00e9dicos, adem\u00e1s de alg\u00fan posteo gratuitamente provocativo de otro funcionario del Gobierno de <strong>Gast\u00f3n,<\/strong> los profesionales y personal en general del Hospital convocaron a la sociedad en general a asistir a una convocatoria y marcha el pr\u00f3ximo lunes 09 de marzo desde las 12 hs. en el mismo Hospital Municipal.<\/p>\n<blockquote>\n<h3>El principal objetivo entonces, es encontrarse con los vecinos y explicar y dialogar contando la real situaci\u00f3n, que nada tiene que ver con la intenci\u00f3n de algunos p\u00edcaros que\u00a0 pretenden convertir a las v\u00edctimas en culpables, por eso, el lunes la sociedad podr\u00e1 escuchar de su boca lo que sucede, mir\u00e1ndolos a los ojos, y sacar luego las conclusiones que cada uno crea oportunas.<\/h3>\n<\/blockquote>\n<p>Por eso, m\u00e1s que nunca debemos como vecinos escuchar su pedido y acompa\u00f1arlos, en paz, brindando nuestro acompa\u00f1amiento que en realidad tanto necesitan.<\/p>\n<h3>Durante la pandemia, la sociedad se par\u00f3 cada d\u00eda a las 20 hs.\u00a0 a aplaudir a los m\u00e9dicos y profesionales y cantar el himno. Esa fue la forma espont\u00e1nea que encontramos de hacerles llegar nuestra gratitud. Hoy necesitan que nos tomemos un ratito, para estar junto a ellos y hacerles sentir nuestro cari\u00f1o. NO HAGAMOS O\u00cdDOS SORDOS, Y SEAMOS EMP\u00c1TICOS CON QUIENES ESTUVIERON Y EST\u00c1N A NUESTRA DISPOSICI\u00d3N, CUANDO M\u00c1S LOS NECESITAMOS.<\/h3>\n<p><img data-recalc-dims=\"1\" loading=\"lazy\" decoding=\"async\" class=\"alignnone size-full wp-image-19175\" src=\"https:\/\/i0.wp.com\/larevistadigital.com.ar\/blog\/wp-content\/uploads\/WhatsApp-Image-2021-03-05-at-13.48.42.jpeg?resize=1280%2C1280&#038;ssl=1\" alt=\"\" width=\"1280\" height=\"1280\" srcset=\"https:\/\/i0.wp.com\/larevistadigital.com.ar\/blog\/wp-content\/uploads\/WhatsApp-Image-2021-03-05-at-13.48.42.jpeg?w=1280&amp;ssl=1 1280w, https:\/\/i0.wp.com\/larevistadigital.com.ar\/blog\/wp-content\/uploads\/WhatsApp-Image-2021-03-05-at-13.48.42.jpeg?resize=300%2C300&amp;ssl=1 300w, https:\/\/i0.wp.com\/larevistadigital.com.ar\/blog\/wp-content\/uploads\/WhatsApp-Image-2021-03-05-at-13.48.42.jpeg?resize=1024%2C1024&amp;ssl=1 1024w, https:\/\/i0.wp.com\/larevistadigital.com.ar\/blog\/wp-content\/uploads\/WhatsApp-Image-2021-03-05-at-13.48.42.jpeg?resize=150%2C150&amp;ssl=1 150w, https:\/\/i0.wp.com\/larevistadigital.com.ar\/blog\/wp-content\/uploads\/WhatsApp-Image-2021-03-05-at-13.48.42.jpeg?resize=768%2C768&amp;ssl=1 768w\" sizes=\"auto, (max-width: 1000px) 100vw, 1000px\" \/><\/p>\n<p>&nbsp;<\/p>\n","protected":false},"excerpt":{"rendered":"<div class=\"mh-excerpt\"><p>La convocatoria, es para que los m\u00e9dicos, enfermeros y personal del Hospital Municipal puedan hablar cara a cara con los vecinos, y que toda la sociedad pueda escuchar de boca de los mismos, la situaci\u00f3n <a class=\"mh-excerpt-more\" href=\"https:\/\/larevistadigital.com.ar\/blog\/los-profesionales-del-hospital-hacen-una-convocatoria-a-charlar-con-la-sociedad\/\" title=\"LOS PROFESIONALES DEL HOSPITAL,  HACEN UNA CONVOCATORIA A MARCHAR Y HABLAR CON LOS VECINOS\">[Leer M\u00e1s]<\/a><\/p>\n<\/div>","protected":false},"author":3,"featured_media":19175,"comment_status":"open","ping_status":"open","sticky":false,"template":"","format":"standard","meta":{"_jetpack_memberships_contains_paid_content":false,"footnotes":"","jetpack_publicize_message":"","jetpack_publicize_feature_enabled":true,"jetpack_social_post_already_shared":true,"jetpack_social_options":{"image_generator_settings":{"template":"highway","default_image_id":0,"font":"","enabled":false},"version":2}},"categories":[50],"tags":[],"class_list":{"0":"post-19174","1":"post","2":"type-post","3":"status-publish","4":"format-standard","5":"has-post-thumbnail","7":"category-interes-general"},"jetpack_publicize_connections":[],"jetpack_featured_media_url":"https:\/\/i0.wp.com\/larevistadigital.com.ar\/blog\/wp-content\/uploads\/WhatsApp-Image-2021-03-05-at-13.48.42.jpeg?fit=1280%2C1280&ssl=1","jetpack_sharing_enabled":true,"jetpack_shortlink":"https:\/\/wp.me\/p8qtrQ-4Zg","jetpack-related-posts":[{"id":18920,"url":"https:\/\/larevistadigital.com.ar\/blog\/video-y-fotos-y-el-pueblo-cumplio-gran-acompanamiento-de-los-vecinos-a-los-reclamos-de-los-medicos-y-enfermeros-del-hospital-municipal\/","url_meta":{"origin":19174,"position":0},"title":"[VIDEO Y FOTOS] \u00a1Y EL PUEBLO CUMPLI\u00d3! GRAN ACOMPA\u00d1AMIENTO DE LOS VECINOS A LOS RECLAMOS DE LOS M\u00c9DICOS Y ENFERMEROS DEL HOSPITAL MUNICIPAL","author":"Alejandro Sosa Ruda","date":"19 febrero, 2021","format":false,"excerpt":"La convocatoria estaba hecha, y la gente respondi\u00f3 a sus m\u00e9dicos y enfermeros. Desde un poco antes de las 11hs. (la hora se\u00f1alada) la gente empez\u00f3 a reunirse en el Reloj de los Italianos, e hizo propio el justo reclamo de los profesionales, pidiendo poder trabajar con dignidad, con cosas\u2026","rel":"","context":"En \u00abDESTACADAS\u00bb","block_context":{"text":"DESTACADAS","link":"https:\/\/larevistadigital.com.ar\/blog\/category\/destacadas\/"},"img":{"alt_text":"","src":"https:\/\/i0.wp.com\/larevistadigital.com.ar\/blog\/wp-content\/uploads\/MARCHA-HOSPITAL-7.jpg?fit=900%2C776&ssl=1&resize=350%2C200","width":350,"height":200,"srcset":"https:\/\/i0.wp.com\/larevistadigital.com.ar\/blog\/wp-content\/uploads\/MARCHA-HOSPITAL-7.jpg?fit=900%2C776&ssl=1&resize=350%2C200 1x, https:\/\/i0.wp.com\/larevistadigital.com.ar\/blog\/wp-content\/uploads\/MARCHA-HOSPITAL-7.jpg?fit=900%2C776&ssl=1&resize=525%2C300 1.5x, https:\/\/i0.wp.com\/larevistadigital.com.ar\/blog\/wp-content\/uploads\/MARCHA-HOSPITAL-7.jpg?fit=900%2C776&ssl=1&resize=700%2C400 2x"},"classes":[]},{"id":19180,"url":"https:\/\/larevistadigital.com.ar\/blog\/algunos-funcionarios-municipales-insisten-en-provocar-y-burlarse-de-la-problematica-del-hospital-municipal\/","url_meta":{"origin":19174,"position":1},"title":"ALGUNOS FUNCIONARIOS MUNICIPALES, INSISTEN EN PROVOCAR Y BURLARSE DE LA PROBLEM\u00c1TICA DEL HOSPITAL MUNICIPAL","author":"Alejandro Sosa Ruda","date":"5 marzo, 2021","format":false,"excerpt":"Al parecer, el conflicto que las autoridades municipales provocaron con los profesionales m\u00e9dicos, enfermeros y personal del Hospital Municipal San Vicente de Paul est\u00e1 lejos de solucionarse, y las mismas autoridades, que eligen hacer o\u00eddos sordos a los reclamos y denuncias, sino que adem\u00e1s al parecer \"redoblan la apuesta\", publicando\u2026","rel":"","context":"En \u00abINTERES GENERAL\u00bb","block_context":{"text":"INTERES GENERAL","link":"https:\/\/larevistadigital.com.ar\/blog\/category\/interes-general\/"},"img":{"alt_text":"","src":"https:\/\/i0.wp.com\/larevistadigital.com.ar\/blog\/wp-content\/uploads\/Captura-de-pantalla-2021-03-05-162343.png?fit=997%2C722&ssl=1&resize=350%2C200","width":350,"height":200,"srcset":"https:\/\/i0.wp.com\/larevistadigital.com.ar\/blog\/wp-content\/uploads\/Captura-de-pantalla-2021-03-05-162343.png?fit=997%2C722&ssl=1&resize=350%2C200 1x, https:\/\/i0.wp.com\/larevistadigital.com.ar\/blog\/wp-content\/uploads\/Captura-de-pantalla-2021-03-05-162343.png?fit=997%2C722&ssl=1&resize=525%2C300 1.5x, https:\/\/i0.wp.com\/larevistadigital.com.ar\/blog\/wp-content\/uploads\/Captura-de-pantalla-2021-03-05-162343.png?fit=997%2C722&ssl=1&resize=700%2C400 2x"},"classes":[]},{"id":19195,"url":"https:\/\/larevistadigital.com.ar\/blog\/el-circulo-medico-apoyo-a-los-profesionales-del-hospital-en-su-reclamo-y-convoco-a-concurrir-a-la-marcha-de-manana-a-las-12-hs\/","url_meta":{"origin":19174,"position":2},"title":"EL C\u00cdRCULO M\u00c9DICO APOY\u00d3 A LOS PROFESIONALES DEL HOSPITAL EN SU RECLAMO Y CONVOC\u00d3 A CONCURRIR A LA MARCHA DE MA\u00d1ANA A LAS 12 HS.","author":"Alejandro Sosa Ruda","date":"7 marzo, 2021","format":false,"excerpt":"CHASCOM\u00daS -\u00a0El C\u00edrculo M\u00e9dico de Chascom\u00fas, emiti\u00f3 un comunicado en el que apoya a los profesionales del Hospital Municipal San Vicente de Paul en el conflicto que vienen manteniendo con las autoridades del municipio en reclamo de mejores condiciones laborales y la recomposici\u00f3n de sus salarios. Todo esto, en realidad\u2026","rel":"","context":"En \u00abDESTACADAS\u00bb","block_context":{"text":"DESTACADAS","link":"https:\/\/larevistadigital.com.ar\/blog\/category\/destacadas\/"},"img":{"alt_text":"","src":"https:\/\/i0.wp.com\/larevistadigital.com.ar\/blog\/wp-content\/uploads\/WhatsApp-Image-2021-03-07-at-7.51.49-PM.jpeg?fit=750%2C694&ssl=1&resize=350%2C200","width":350,"height":200,"srcset":"https:\/\/i0.wp.com\/larevistadigital.com.ar\/blog\/wp-content\/uploads\/WhatsApp-Image-2021-03-07-at-7.51.49-PM.jpeg?fit=750%2C694&ssl=1&resize=350%2C200 1x, https:\/\/i0.wp.com\/larevistadigital.com.ar\/blog\/wp-content\/uploads\/WhatsApp-Image-2021-03-07-at-7.51.49-PM.jpeg?fit=750%2C694&ssl=1&resize=525%2C300 1.5x, https:\/\/i0.wp.com\/larevistadigital.com.ar\/blog\/wp-content\/uploads\/WhatsApp-Image-2021-03-07-at-7.51.49-PM.jpeg?fit=750%2C694&ssl=1&resize=700%2C400 2x"},"classes":[]},{"id":19086,"url":"https:\/\/larevistadigital.com.ar\/blog\/los-vecinos-muestran-su-indignacion-en-las-redes-por-los-abusos-de-poder-en-el-hospital-municipal-san-vicente-de-paul\/","url_meta":{"origin":19174,"position":3},"title":"LOS VECINOS MUESTRAN SU INDIGNACI\u00d3N EN LAS REDES, POR LOS ABUSOS DE PODER EN EL HOSPITAL MUNICIPAL SAN VICENTE DE PAUL","author":"Alejandro Sosa Ruda","date":"28 febrero, 2021","format":false,"excerpt":"CHASCOM\u00daS - Luego de las renuncias y despidos ocurridos durante la semana, los vecinos comenzaron a hacer notar cada vez de manera m\u00e1s expl\u00edcita y reiterada diferentes publicaciones en las que muestran su descontento con la gesti\u00f3n de la doctora Marcela Arias al frente de la Secretar\u00eda de Salud de\u2026","rel":"","context":"En \u00abDESTACADAS\u00bb","block_context":{"text":"DESTACADAS","link":"https:\/\/larevistadigital.com.ar\/blog\/category\/destacadas\/"},"img":{"alt_text":"","src":"https:\/\/i0.wp.com\/larevistadigital.com.ar\/blog\/wp-content\/uploads\/WhatsApp-Image-2021-02-27-at-16.38.15.jpeg?fit=1200%2C715&ssl=1&resize=350%2C200","width":350,"height":200,"srcset":"https:\/\/i0.wp.com\/larevistadigital.com.ar\/blog\/wp-content\/uploads\/WhatsApp-Image-2021-02-27-at-16.38.15.jpeg?fit=1200%2C715&ssl=1&resize=350%2C200 1x, https:\/\/i0.wp.com\/larevistadigital.com.ar\/blog\/wp-content\/uploads\/WhatsApp-Image-2021-02-27-at-16.38.15.jpeg?fit=1200%2C715&ssl=1&resize=525%2C300 1.5x, https:\/\/i0.wp.com\/larevistadigital.com.ar\/blog\/wp-content\/uploads\/WhatsApp-Image-2021-02-27-at-16.38.15.jpeg?fit=1200%2C715&ssl=1&resize=700%2C400 2x, https:\/\/i0.wp.com\/larevistadigital.com.ar\/blog\/wp-content\/uploads\/WhatsApp-Image-2021-02-27-at-16.38.15.jpeg?fit=1200%2C715&ssl=1&resize=1050%2C600 3x"},"classes":[]},{"id":19152,"url":"https:\/\/larevistadigital.com.ar\/blog\/finalmente-el-director-y-sub-director-del-hospital-se-hicieron-un-ratito-para-hablar-con-los-concejales\/","url_meta":{"origin":19174,"position":4},"title":"FINALMENTE EL DIRECTOR Y SUB DIRECTOR DEL HOSPITAL \u00abSE HICIERON UN RATITO\u00bb PARA HABLAR CON LOS CONCEJALES","author":"Alejandro Sosa Ruda","date":"3 marzo, 2021","format":false,"excerpt":"Pareciera que las autoridades muncipales al fin acusaron el impacto social que est\u00e1n provocando. CHASCOM\u00daS - Las autoridades municipales sin previo aviso, y evidenciando que a Dios gracias finalmente escucharon los reclamos de los m\u00e9dicos y enfermeros del Hospital Municipal San Vicente de Paul, y decidieron aceptar el pedido de\u2026","rel":"","context":"En \u00abINTERES GENERAL\u00bb","block_context":{"text":"INTERES GENERAL","link":"https:\/\/larevistadigital.com.ar\/blog\/category\/interes-general\/"},"img":{"alt_text":"","src":"https:\/\/i0.wp.com\/larevistadigital.com.ar\/blog\/wp-content\/uploads\/Hospital-Chascomus-im%C3%A1gen-El-Cronista-.jpg?fit=960%2C641&ssl=1&resize=350%2C200","width":350,"height":200,"srcset":"https:\/\/i0.wp.com\/larevistadigital.com.ar\/blog\/wp-content\/uploads\/Hospital-Chascomus-im%C3%A1gen-El-Cronista-.jpg?fit=960%2C641&ssl=1&resize=350%2C200 1x, https:\/\/i0.wp.com\/larevistadigital.com.ar\/blog\/wp-content\/uploads\/Hospital-Chascomus-im%C3%A1gen-El-Cronista-.jpg?fit=960%2C641&ssl=1&resize=525%2C300 1.5x, https:\/\/i0.wp.com\/larevistadigital.com.ar\/blog\/wp-content\/uploads\/Hospital-Chascomus-im%C3%A1gen-El-Cronista-.jpg?fit=960%2C641&ssl=1&resize=700%2C400 2x"},"classes":[]},{"id":3595,"url":"https:\/\/larevistadigital.com.ar\/blog\/chascomus-vecinos-autoconvocados-promueven-marcha-al-concejo-deliberante\/","url_meta":{"origin":19174,"position":5},"title":"CHASCOM\u00daS: VECINOS AUTOCONVOCADOS PROMUEVEN MARCHA AL CONCEJO DELIBERANTE","author":"Alejandro Sosa Ruda","date":"24 octubre, 2017","format":false,"excerpt":"En el d\u00eda de hoy, comenz\u00f3 a circular por las redes sociales y los grupos de whats app, una convocatoria a una marcha para el d\u00eda jueves a las 16,30 horas al Concejo Deliberante, ubicado en calle Mitre entre Lastra y Cr\u00e1mer. La consigna se trata de que la sociedad\u2026","rel":"","context":"En \u00abDESTACADAS\u00bb","block_context":{"text":"DESTACADAS","link":"https:\/\/larevistadigital.com.ar\/blog\/category\/destacadas\/"},"img":{"alt_text":"","src":"","width":0,"height":0},"classes":[]}],"_links":{"self":[{"href":"https:\/\/larevistadigital.com.ar\/blog\/wp-json\/wp\/v2\/posts\/19174","targetHints":{"allow":["GET"]}}],"collection":[{"href":"https:\/\/larevistadigital.com.ar\/blog\/wp-json\/wp\/v2\/posts"}],"about":[{"href":"https:\/\/larevistadigital.com.ar\/blog\/wp-json\/wp\/v2\/types\/post"}],"author":[{"embeddable":true,"href":"https:\/\/larevistadigital.com.ar\/blog\/wp-json\/wp\/v2\/users\/3"}],"replies":[{"embeddable":true,"href":"https:\/\/larevistadigital.com.ar\/blog\/wp-json\/wp\/v2\/comments?post=19174"}],"version-history":[{"count":3,"href":"https:\/\/larevistadigital.com.ar\/blog\/wp-json\/wp\/v2\/posts\/19174\/revisions"}],"predecessor-version":[{"id":19178,"href":"https:\/\/larevistadigital.com.ar\/blog\/wp-json\/wp\/v2\/posts\/19174\/revisions\/19178"}],"wp:featuredmedia":[{"embeddable":true,"href":"https:\/\/larevistadigital.com.ar\/blog\/wp-json\/wp\/v2\/media\/19175"}],"wp:attachment":[{"href":"https:\/\/larevistadigital.com.ar\/blog\/wp-json\/wp\/v2\/media?parent=19174"}],"wp:term":[{"taxonomy":"category","embeddable":true,"href":"https:\/\/larevistadigital.com.ar\/blog\/wp-json\/wp\/v2\/categories?post=19174"},{"taxonomy":"post_tag","embeddable":true,"href":"https:\/\/larevistadigital.com.ar\/blog\/wp-json\/wp\/v2\/tags?post=19174"}],"curies":[{"name":"wp","href":"https:\/\/api.w.org\/{rel}","templated":true}]}}