{"id":19180,"date":"2021-03-05T19:25:44","date_gmt":"2021-03-05T19:25:44","guid":{"rendered":"https:\/\/larevistadigital.com.ar\/blog\/?p=19180"},"modified":"2021-03-05T22:04:28","modified_gmt":"2021-03-05T22:04:28","slug":"algunos-funcionarios-municipales-insisten-en-provocar-y-burlarse-de-la-problematica-del-hospital-municipal","status":"publish","type":"post","link":"https:\/\/larevistadigital.com.ar\/blog\/algunos-funcionarios-municipales-insisten-en-provocar-y-burlarse-de-la-problematica-del-hospital-municipal\/","title":{"rendered":"ALGUNOS FUNCIONARIOS MUNICIPALES, INSISTEN EN PROVOCAR Y BURLARSE DE LA PROBLEM\u00c1TICA DEL HOSPITAL MUNICIPAL"},"content":{"rendered":"<p>Al parecer, el conflicto que las autoridades municipales provocaron con los profesionales m\u00e9dicos, enfermeros y personal del Hospital Municipal San Vicente de Paul est\u00e1 lejos de solucionarse, y las mismas autoridades, que eligen hacer o\u00eddos sordos a los reclamos y denuncias, sino que adem\u00e1s al parecer \u00abredoblan la apuesta\u00bb, publicando en las redes, posteos que lisa y llanamente son una clara provocaci\u00f3n.<\/p>\n<blockquote>\n<h3>Tal es el caso, del Director de Medio Ambiente (o alg\u00fan t\u00edtulo similar) Ricardo Miccino, quien public\u00f3 en las redes una \u00abselfie\u00bb con quien nomin\u00f3 como su amigo, Eduardo \u00abChove\u00bb Claverol, haciendo a la vez una defensa del mismo y su rol \u00abautoritario\u00bb, al que defiende en raz\u00f3n del supuesto sueldo de los m\u00e9dicos, y adem\u00e1s culpando a m\u00e9dicos y enfermeros en general de no cumplir con su trabajo.<\/h3>\n<\/blockquote>\n<p>No es la primera vez, que desde esta gesti\u00f3n se procura demonizar a la v\u00edctima, cambiando los roles, y ante los problemas o quejas no solo tomar represalias, sino que adem\u00e1s, manejarse como si nada pasara y auto adjudic\u00e1ndose un rol de \u00abjusticieros\u00bb.<\/p>\n<h3>\u00abSELFIE CON MI AMIGUITO\u00bb&#8230;<\/h3>\n<div class=\"fb-post\" data-href=\"https:\/\/www.facebook.com\/photo.php?fbid=10222804480092565&#038;set=a.1754366270948&#038;type=3\" data-width=\"552\" style=\"background-color: #fff; display: inline-block;\"><\/div>\n<p>SS<\/p>\n","protected":false},"excerpt":{"rendered":"<div class=\"mh-excerpt\"><p>Al parecer, el conflicto que las autoridades municipales provocaron con los profesionales m\u00e9dicos, enfermeros y personal del Hospital Municipal San Vicente de Paul est\u00e1 lejos de solucionarse, y las mismas autoridades, que eligen hacer o\u00eddos <a class=\"mh-excerpt-more\" href=\"https:\/\/larevistadigital.com.ar\/blog\/algunos-funcionarios-municipales-insisten-en-provocar-y-burlarse-de-la-problematica-del-hospital-municipal\/\" title=\"ALGUNOS FUNCIONARIOS MUNICIPALES, INSISTEN EN PROVOCAR Y BURLARSE DE LA PROBLEM\u00c1TICA DEL HOSPITAL MUNICIPAL\">[Leer M\u00e1s]<\/a><\/p>\n<\/div>","protected":false},"author":3,"featured_media":19181,"comment_status":"open","ping_status":"open","sticky":false,"template":"","format":"standard","meta":{"_jetpack_memberships_contains_paid_content":false,"footnotes":"","jetpack_publicize_message":"","jetpack_publicize_feature_enabled":true,"jetpack_social_post_already_shared":true,"jetpack_social_options":{"image_generator_settings":{"template":"highway","default_image_id":0,"font":"","enabled":false},"version":2}},"categories":[50,23],"tags":[],"class_list":{"0":"post-19180","1":"post","2":"type-post","3":"status-publish","4":"format-standard","5":"has-post-thumbnail","7":"category-interes-general","8":"category-politica-local"},"jetpack_publicize_connections":[],"jetpack_featured_media_url":"https:\/\/i0.wp.com\/larevistadigital.com.ar\/blog\/wp-content\/uploads\/Captura-de-pantalla-2021-03-05-162343.png?fit=997%2C722&ssl=1","jetpack_sharing_enabled":true,"jetpack_shortlink":"https:\/\/wp.me\/p8qtrQ-4Zm","jetpack-related-posts":[{"id":18920,"url":"https:\/\/larevistadigital.com.ar\/blog\/video-y-fotos-y-el-pueblo-cumplio-gran-acompanamiento-de-los-vecinos-a-los-reclamos-de-los-medicos-y-enfermeros-del-hospital-municipal\/","url_meta":{"origin":19180,"position":0},"title":"[VIDEO Y FOTOS] \u00a1Y EL PUEBLO CUMPLI\u00d3! GRAN ACOMPA\u00d1AMIENTO DE LOS VECINOS A LOS RECLAMOS DE LOS M\u00c9DICOS Y ENFERMEROS DEL HOSPITAL MUNICIPAL","author":"Alejandro Sosa Ruda","date":"19 febrero, 2021","format":false,"excerpt":"La convocatoria estaba hecha, y la gente respondi\u00f3 a sus m\u00e9dicos y enfermeros. Desde un poco antes de las 11hs. (la hora se\u00f1alada) la gente empez\u00f3 a reunirse en el Reloj de los Italianos, e hizo propio el justo reclamo de los profesionales, pidiendo poder trabajar con dignidad, con cosas\u2026","rel":"","context":"En \u00abDESTACADAS\u00bb","block_context":{"text":"DESTACADAS","link":"https:\/\/larevistadigital.com.ar\/blog\/category\/destacadas\/"},"img":{"alt_text":"","src":"https:\/\/i0.wp.com\/larevistadigital.com.ar\/blog\/wp-content\/uploads\/MARCHA-HOSPITAL-7.jpg?fit=900%2C776&ssl=1&resize=350%2C200","width":350,"height":200,"srcset":"https:\/\/i0.wp.com\/larevistadigital.com.ar\/blog\/wp-content\/uploads\/MARCHA-HOSPITAL-7.jpg?fit=900%2C776&ssl=1&resize=350%2C200 1x, https:\/\/i0.wp.com\/larevistadigital.com.ar\/blog\/wp-content\/uploads\/MARCHA-HOSPITAL-7.jpg?fit=900%2C776&ssl=1&resize=525%2C300 1.5x, https:\/\/i0.wp.com\/larevistadigital.com.ar\/blog\/wp-content\/uploads\/MARCHA-HOSPITAL-7.jpg?fit=900%2C776&ssl=1&resize=700%2C400 2x"},"classes":[]},{"id":18916,"url":"https:\/\/larevistadigital.com.ar\/blog\/medicos-y-enfermeros-hoy-nos-necesitan-desde-las-11hs-acompanemos-desde-el-reloj-hacia-el-hospital-donde-haremos-un-abrazo-simbolico\/","url_meta":{"origin":19180,"position":1},"title":"M\u00c9DICOS Y ENFERMEROS HOY NOS NECESITAN: DESDE LAS 11HS. ACOMPA\u00d1EMOS DESDE EL RELOJ HACIA EL HOSPITAL, DONDE HAREMOS UN ABRAZO SIMB\u00d3LICO","author":"Alejandro Sosa Ruda","date":"19 febrero, 2021","format":false,"excerpt":"Los aplaudimos cada noche, y ellos dejan todo por nosotros. Hoy, ante la situaci\u00f3n en que se encuentran nos piden que los acompa\u00f1emos. Ahora nos toca a nosotros... Luego de los innumerables reclamos que solamente piden ser tratados como corresponde, y que desnudan una realidad que provoca verg\u00fcenza e indignaci\u00f3n.\u2026","rel":"","context":"En \u00abDESTACADAS\u00bb","block_context":{"text":"DESTACADAS","link":"https:\/\/larevistadigital.com.ar\/blog\/category\/destacadas\/"},"img":{"alt_text":"","src":"https:\/\/i0.wp.com\/larevistadigital.com.ar\/blog\/wp-content\/uploads\/WhatsApp-Image-2021-02-18-at-13.28.14.jpeg?fit=720%2C432&ssl=1&resize=350%2C200","width":350,"height":200,"srcset":"https:\/\/i0.wp.com\/larevistadigital.com.ar\/blog\/wp-content\/uploads\/WhatsApp-Image-2021-02-18-at-13.28.14.jpeg?fit=720%2C432&ssl=1&resize=350%2C200 1x, https:\/\/i0.wp.com\/larevistadigital.com.ar\/blog\/wp-content\/uploads\/WhatsApp-Image-2021-02-18-at-13.28.14.jpeg?fit=720%2C432&ssl=1&resize=525%2C300 1.5x, https:\/\/i0.wp.com\/larevistadigital.com.ar\/blog\/wp-content\/uploads\/WhatsApp-Image-2021-02-18-at-13.28.14.jpeg?fit=720%2C432&ssl=1&resize=700%2C400 2x"},"classes":[]},{"id":19174,"url":"https:\/\/larevistadigital.com.ar\/blog\/los-profesionales-del-hospital-hacen-una-convocatoria-a-charlar-con-la-sociedad\/","url_meta":{"origin":19180,"position":2},"title":"LOS PROFESIONALES DEL HOSPITAL,  HACEN UNA CONVOCATORIA A MARCHAR Y HABLAR CON LOS VECINOS","author":"Alejandro Sosa Ruda","date":"5 marzo, 2021","format":false,"excerpt":"La convocatoria, es para que los m\u00e9dicos, enfermeros y personal del Hospital Municipal puedan hablar cara a cara con los vecinos, y que toda la sociedad pueda escuchar de boca de los mismos, la situaci\u00f3n que viven. \u00a1No hagamos o\u00eddos sordos! Luego de las ultimas actitudes del gobierno municipal, entre\u2026","rel":"","context":"En \u00abINTERES GENERAL\u00bb","block_context":{"text":"INTERES GENERAL","link":"https:\/\/larevistadigital.com.ar\/blog\/category\/interes-general\/"},"img":{"alt_text":"","src":"https:\/\/i0.wp.com\/larevistadigital.com.ar\/blog\/wp-content\/uploads\/WhatsApp-Image-2021-03-05-at-13.48.42.jpeg?fit=1200%2C1200&ssl=1&resize=350%2C200","width":350,"height":200,"srcset":"https:\/\/i0.wp.com\/larevistadigital.com.ar\/blog\/wp-content\/uploads\/WhatsApp-Image-2021-03-05-at-13.48.42.jpeg?fit=1200%2C1200&ssl=1&resize=350%2C200 1x, https:\/\/i0.wp.com\/larevistadigital.com.ar\/blog\/wp-content\/uploads\/WhatsApp-Image-2021-03-05-at-13.48.42.jpeg?fit=1200%2C1200&ssl=1&resize=525%2C300 1.5x, https:\/\/i0.wp.com\/larevistadigital.com.ar\/blog\/wp-content\/uploads\/WhatsApp-Image-2021-03-05-at-13.48.42.jpeg?fit=1200%2C1200&ssl=1&resize=700%2C400 2x, https:\/\/i0.wp.com\/larevistadigital.com.ar\/blog\/wp-content\/uploads\/WhatsApp-Image-2021-03-05-at-13.48.42.jpeg?fit=1200%2C1200&ssl=1&resize=1050%2C600 3x"},"classes":[]},{"id":19152,"url":"https:\/\/larevistadigital.com.ar\/blog\/finalmente-el-director-y-sub-director-del-hospital-se-hicieron-un-ratito-para-hablar-con-los-concejales\/","url_meta":{"origin":19180,"position":3},"title":"FINALMENTE EL DIRECTOR Y SUB DIRECTOR DEL HOSPITAL \u00abSE HICIERON UN RATITO\u00bb PARA HABLAR CON LOS CONCEJALES","author":"Alejandro Sosa Ruda","date":"3 marzo, 2021","format":false,"excerpt":"Pareciera que las autoridades muncipales al fin acusaron el impacto social que est\u00e1n provocando. CHASCOM\u00daS - Las autoridades municipales sin previo aviso, y evidenciando que a Dios gracias finalmente escucharon los reclamos de los m\u00e9dicos y enfermeros del Hospital Municipal San Vicente de Paul, y decidieron aceptar el pedido de\u2026","rel":"","context":"En \u00abINTERES GENERAL\u00bb","block_context":{"text":"INTERES GENERAL","link":"https:\/\/larevistadigital.com.ar\/blog\/category\/interes-general\/"},"img":{"alt_text":"","src":"https:\/\/i0.wp.com\/larevistadigital.com.ar\/blog\/wp-content\/uploads\/Hospital-Chascomus-im%C3%A1gen-El-Cronista-.jpg?fit=960%2C641&ssl=1&resize=350%2C200","width":350,"height":200,"srcset":"https:\/\/i0.wp.com\/larevistadigital.com.ar\/blog\/wp-content\/uploads\/Hospital-Chascomus-im%C3%A1gen-El-Cronista-.jpg?fit=960%2C641&ssl=1&resize=350%2C200 1x, https:\/\/i0.wp.com\/larevistadigital.com.ar\/blog\/wp-content\/uploads\/Hospital-Chascomus-im%C3%A1gen-El-Cronista-.jpg?fit=960%2C641&ssl=1&resize=525%2C300 1.5x, https:\/\/i0.wp.com\/larevistadigital.com.ar\/blog\/wp-content\/uploads\/Hospital-Chascomus-im%C3%A1gen-El-Cronista-.jpg?fit=960%2C641&ssl=1&resize=700%2C400 2x"},"classes":[]},{"id":19195,"url":"https:\/\/larevistadigital.com.ar\/blog\/el-circulo-medico-apoyo-a-los-profesionales-del-hospital-en-su-reclamo-y-convoco-a-concurrir-a-la-marcha-de-manana-a-las-12-hs\/","url_meta":{"origin":19180,"position":4},"title":"EL C\u00cdRCULO M\u00c9DICO APOY\u00d3 A LOS PROFESIONALES DEL HOSPITAL EN SU RECLAMO Y CONVOC\u00d3 A CONCURRIR A LA MARCHA DE MA\u00d1ANA A LAS 12 HS.","author":"Alejandro Sosa Ruda","date":"7 marzo, 2021","format":false,"excerpt":"CHASCOM\u00daS -\u00a0El C\u00edrculo M\u00e9dico de Chascom\u00fas, emiti\u00f3 un comunicado en el que apoya a los profesionales del Hospital Municipal San Vicente de Paul en el conflicto que vienen manteniendo con las autoridades del municipio en reclamo de mejores condiciones laborales y la recomposici\u00f3n de sus salarios. Todo esto, en realidad\u2026","rel":"","context":"En \u00abDESTACADAS\u00bb","block_context":{"text":"DESTACADAS","link":"https:\/\/larevistadigital.com.ar\/blog\/category\/destacadas\/"},"img":{"alt_text":"","src":"https:\/\/i0.wp.com\/larevistadigital.com.ar\/blog\/wp-content\/uploads\/WhatsApp-Image-2021-03-07-at-7.51.49-PM.jpeg?fit=750%2C694&ssl=1&resize=350%2C200","width":350,"height":200,"srcset":"https:\/\/i0.wp.com\/larevistadigital.com.ar\/blog\/wp-content\/uploads\/WhatsApp-Image-2021-03-07-at-7.51.49-PM.jpeg?fit=750%2C694&ssl=1&resize=350%2C200 1x, https:\/\/i0.wp.com\/larevistadigital.com.ar\/blog\/wp-content\/uploads\/WhatsApp-Image-2021-03-07-at-7.51.49-PM.jpeg?fit=750%2C694&ssl=1&resize=525%2C300 1.5x, https:\/\/i0.wp.com\/larevistadigital.com.ar\/blog\/wp-content\/uploads\/WhatsApp-Image-2021-03-07-at-7.51.49-PM.jpeg?fit=750%2C694&ssl=1&resize=700%2C400 2x"},"classes":[]},{"id":21130,"url":"https:\/\/larevistadigital.com.ar\/blog\/marcha-por-los-medicos-y-sus-condiciones-de-trabajo-para-que-no-hayan-mas-fallecidos-por-negligencia-de-las-autoridades-del-hospital\/","url_meta":{"origin":19180,"position":5},"title":"MARCHA POR LOS M\u00c9DICOS Y SUS CONDICIONES DE TRABAJO,  PARA QUE NO HAYAN M\u00c1S FALLECIDOS POR NEGLIGENCIA DE LAS AUTORIDADES DEL HOSPITAL","author":"Alejandro Sosa Ruda","date":"16 julio, 2021","format":false,"excerpt":"CHASCOM\u00daS -\u00a0 Hoy, desde las 11 hs los vecinos de Chascom\u00fas se reunir\u00e1n en la puerta del Hospital Municipal San Vicente de Paul, para reclamar por que no haya m\u00e1s fallecidos por falta de insumos o negligencia de las autoridades del Hospital, con denuncias de familiares de personas que fallecieron\u2026","rel":"","context":"En \u00abDESTACADAS\u00bb","block_context":{"text":"DESTACADAS","link":"https:\/\/larevistadigital.com.ar\/blog\/category\/destacadas\/"},"img":{"alt_text":"","src":"https:\/\/i0.wp.com\/larevistadigital.com.ar\/blog\/wp-content\/uploads\/WhatsApp-Image-2021-07-14-at-23.33.45.jpeg?fit=675%2C1200&ssl=1&resize=350%2C200","width":350,"height":200,"srcset":"https:\/\/i0.wp.com\/larevistadigital.com.ar\/blog\/wp-content\/uploads\/WhatsApp-Image-2021-07-14-at-23.33.45.jpeg?fit=675%2C1200&ssl=1&resize=350%2C200 1x, https:\/\/i0.wp.com\/larevistadigital.com.ar\/blog\/wp-content\/uploads\/WhatsApp-Image-2021-07-14-at-23.33.45.jpeg?fit=675%2C1200&ssl=1&resize=525%2C300 1.5x"},"classes":[]}],"_links":{"self":[{"href":"https:\/\/larevistadigital.com.ar\/blog\/wp-json\/wp\/v2\/posts\/19180","targetHints":{"allow":["GET"]}}],"collection":[{"href":"https:\/\/larevistadigital.com.ar\/blog\/wp-json\/wp\/v2\/posts"}],"about":[{"href":"https:\/\/larevistadigital.com.ar\/blog\/wp-json\/wp\/v2\/types\/post"}],"author":[{"embeddable":true,"href":"https:\/\/larevistadigital.com.ar\/blog\/wp-json\/wp\/v2\/users\/3"}],"replies":[{"embeddable":true,"href":"https:\/\/larevistadigital.com.ar\/blog\/wp-json\/wp\/v2\/comments?post=19180"}],"version-history":[{"count":1,"href":"https:\/\/larevistadigital.com.ar\/blog\/wp-json\/wp\/v2\/posts\/19180\/revisions"}],"predecessor-version":[{"id":19182,"href":"https:\/\/larevistadigital.com.ar\/blog\/wp-json\/wp\/v2\/posts\/19180\/revisions\/19182"}],"wp:featuredmedia":[{"embeddable":true,"href":"https:\/\/larevistadigital.com.ar\/blog\/wp-json\/wp\/v2\/media\/19181"}],"wp:attachment":[{"href":"https:\/\/larevistadigital.com.ar\/blog\/wp-json\/wp\/v2\/media?parent=19180"}],"wp:term":[{"taxonomy":"category","embeddable":true,"href":"https:\/\/larevistadigital.com.ar\/blog\/wp-json\/wp\/v2\/categories?post=19180"},{"taxonomy":"post_tag","embeddable":true,"href":"https:\/\/larevistadigital.com.ar\/blog\/wp-json\/wp\/v2\/tags?post=19180"}],"curies":[{"name":"wp","href":"https:\/\/api.w.org\/{rel}","templated":true}]}}