{"id":19185,"date":"2021-03-07T00:02:19","date_gmt":"2021-03-07T00:02:19","guid":{"rendered":"https:\/\/larevistadigital.com.ar\/blog\/?p=19185"},"modified":"2021-03-07T00:05:58","modified_gmt":"2021-03-07T00:05:58","slug":"vecinos-furiosos-por-el-deplorable-estado-de-las-calles","status":"publish","type":"post","link":"https:\/\/larevistadigital.com.ar\/blog\/vecinos-furiosos-por-el-deplorable-estado-de-las-calles\/","title":{"rendered":"VECINOS FURIOSOS POR EL DEPLORABLE ESTADO DE LAS CALLES"},"content":{"rendered":"<p><strong>CHASCOM\u00daS &#8211;\u00a0<\/strong>Numerosos vecinos del barrio \u00abEsteban Echeverr\u00eda\u00bb y aleda\u00f1os nos han hecho llegar mensajes que manifiestan su indignaci\u00f3n por la desatenci\u00f3n y olvido por parte de las autoridades municipales de reparar las calles a las que definen como <strong>INTRANSITABLES.<\/strong><\/p>\n<p>En los mensajes, hablan de las calles que rodean al Howard Johnson, calles Balcarce, Ayacucho, Guamin\u00ed como \u00abbombardeadas\u00bb. La calle Balcarce dicen que est\u00e1 totalmente destruida desde la terminal hasta donde estaba la via. Ayacucho se encuentra en iguales o peores condiciones desde la laguna hasta Balcarce,<\/p>\n<blockquote>\n<h3>Marcelo, vecino del lugar, coment\u00f3 que una vez al a\u00f1o le cambia los cuatro amortiguadores a su veh\u00edculo, y dos veces al a\u00f1o debe hacer el tren delantero completo. Esto a pesar que tiene una camioneta.<\/h3>\n<\/blockquote>\n<p>Los vecinos aseguran que las autoridades no se ocupan del tema. Aparecen muy de vez en cuando, y \u00abarreglan as\u00ed nom\u00e1s y se van\u00bb.<\/p>\n<p>Nuestra solidaridad con los vecinos, que deben soportar adem\u00e1s de las molestias, los costos de reparar sus veh\u00edculos varias veces al a\u00f1o, solamente por la desidia de las autoridades municipales.<\/p>\n<p><strong>\u00a1VERGONZOSO!<\/strong><\/p>\n<p>&nbsp;<\/p>\n","protected":false},"excerpt":{"rendered":"<div class=\"mh-excerpt\"><p>CHASCOM\u00daS &#8211;\u00a0Numerosos vecinos del barrio \u00abEsteban Echeverr\u00eda\u00bb y aleda\u00f1os nos han hecho llegar mensajes que manifiestan su indignaci\u00f3n por la desatenci\u00f3n y olvido por parte de las autoridades municipales de reparar las calles a las <a class=\"mh-excerpt-more\" href=\"https:\/\/larevistadigital.com.ar\/blog\/vecinos-furiosos-por-el-deplorable-estado-de-las-calles\/\" title=\"VECINOS FURIOSOS POR EL DEPLORABLE ESTADO DE LAS CALLES\">[Leer M\u00e1s]<\/a><\/p>\n<\/div>","protected":false},"author":3,"featured_media":19186,"comment_status":"open","ping_status":"open","sticky":false,"template":"","format":"standard","meta":{"_jetpack_memberships_contains_paid_content":false,"footnotes":"","jetpack_publicize_message":"","jetpack_publicize_feature_enabled":true,"jetpack_social_post_already_shared":true,"jetpack_social_options":{"image_generator_settings":{"template":"highway","default_image_id":0,"font":"","enabled":false},"version":2}},"categories":[41],"tags":[],"class_list":{"0":"post-19185","1":"post","2":"type-post","3":"status-publish","4":"format-standard","5":"has-post-thumbnail","7":"category-destacadas"},"jetpack_publicize_connections":[],"jetpack_featured_media_url":"https:\/\/i0.wp.com\/larevistadigital.com.ar\/blog\/wp-content\/uploads\/unnamed-17.jpg?fit=900%2C550&ssl=1","jetpack_sharing_enabled":true,"jetpack_shortlink":"https:\/\/wp.me\/p8qtrQ-4Zr","jetpack-related-posts":[{"id":6183,"url":"https:\/\/larevistadigital.com.ar\/blog\/chascomus-vecinos-del-barrio-esteban-echeverria-se-reunieron-con-el-presidente-del-concejo-deliberante\/","url_meta":{"origin":19185,"position":0},"title":"CHASCOMUS: VECINOS DEL BARRIO ESTEBAN ECHEVERR\u00cdA SE REUNIERON CON EL PRESIDENTE DEL CONCEJO DELIBERANTE","author":"Alejandro Sosa Ruda","date":"13 agosto, 2018","format":false,"excerpt":"Vecinos de la sociedad de fomento del barrio Esteban Echeverr\u00eda mantuvieron una reuni\u00f3n con el presidente del Concejo Deliberante, Osvaldo Casalins. Tomaron parte de la misma su presidente Carlos Veiga, su vicepresidente Carolina Jupini y el tambi\u00e9n integrante de la comisi\u00f3n directiva, Jorge Polzineti. El tema central planteado por los\u2026","rel":"","context":"En \u00abPOLITICA\u00bb","block_context":{"text":"POLITICA","link":"https:\/\/larevistadigital.com.ar\/blog\/category\/politica\/"},"img":{"alt_text":"","src":"https:\/\/i0.wp.com\/larevistadigital.com.ar\/blog\/wp-content\/uploads\/2018\/08\/aa.jpg?fit=1200%2C899&ssl=1&resize=350%2C200","width":350,"height":200,"srcset":"https:\/\/i0.wp.com\/larevistadigital.com.ar\/blog\/wp-content\/uploads\/2018\/08\/aa.jpg?fit=1200%2C899&ssl=1&resize=350%2C200 1x, https:\/\/i0.wp.com\/larevistadigital.com.ar\/blog\/wp-content\/uploads\/2018\/08\/aa.jpg?fit=1200%2C899&ssl=1&resize=525%2C300 1.5x, https:\/\/i0.wp.com\/larevistadigital.com.ar\/blog\/wp-content\/uploads\/2018\/08\/aa.jpg?fit=1200%2C899&ssl=1&resize=700%2C400 2x, https:\/\/i0.wp.com\/larevistadigital.com.ar\/blog\/wp-content\/uploads\/2018\/08\/aa.jpg?fit=1200%2C899&ssl=1&resize=1050%2C600 3x"},"classes":[]},{"id":21827,"url":"https:\/\/larevistadigital.com.ar\/blog\/quejas-del-presidente-de-la-comision-del-barrio-los-aromos-por-la-desatencion-del-municipio\/","url_meta":{"origin":19185,"position":1},"title":"QUEJAS DEL PRESIDENTE DE LA COMISI\u00d3N DEL BARRIO LOS AROMOS POR LA DESATENCI\u00d3N DEL MUNICIPIO","author":"Alejandro Sosa Ruda","date":"2 septiembre, 2021","format":false,"excerpt":"El Presidente de la Comisi\u00f3n del Barrio Los Aromos, ubicado geogr\u00e1ficamente detr\u00e1s del Hotel Howard Johnson, hizo llegar a nuestra redacci\u00f3n una queja por diversas situaciones que afectan a los vecinos del lugar. El Presidente de la Comisi\u00f3n Barrial, nos hizo llegar un audio, donde manifest\u00f3 que \"Hace alrededor de\u2026","rel":"","context":"En \u00abCHASCOM\u00daS\u00bb","block_context":{"text":"CHASCOM\u00daS","link":"https:\/\/larevistadigital.com.ar\/blog\/category\/chascomus\/"},"img":{"alt_text":"","src":"https:\/\/i0.wp.com\/larevistadigital.com.ar\/blog\/wp-content\/uploads\/WhatsApp-Image-2021-09-02-at-10.15.08.jpeg?fit=750%2C1000&ssl=1&resize=350%2C200","width":350,"height":200,"srcset":"https:\/\/i0.wp.com\/larevistadigital.com.ar\/blog\/wp-content\/uploads\/WhatsApp-Image-2021-09-02-at-10.15.08.jpeg?fit=750%2C1000&ssl=1&resize=350%2C200 1x, https:\/\/i0.wp.com\/larevistadigital.com.ar\/blog\/wp-content\/uploads\/WhatsApp-Image-2021-09-02-at-10.15.08.jpeg?fit=750%2C1000&ssl=1&resize=525%2C300 1.5x, https:\/\/i0.wp.com\/larevistadigital.com.ar\/blog\/wp-content\/uploads\/WhatsApp-Image-2021-09-02-at-10.15.08.jpeg?fit=750%2C1000&ssl=1&resize=700%2C400 2x"},"classes":[]},{"id":21914,"url":"https:\/\/larevistadigital.com.ar\/blog\/alerta-del-servicio-meteorologico-por-temporal-y-lluvias-intensas-en-ayacucho-rauch-tandil-y-balcarce\/","url_meta":{"origin":19185,"position":2},"title":"ALERTA DEL SERVICIO METEOROL\u00d3GICO POR TEMPORAL Y LLUVIAS INTENSAS EN AYACUCHO, RAUCH, TANDIL Y BALCARCE","author":"Alejandro Sosa Ruda","date":"8 septiembre, 2021","format":false,"excerpt":"El Servicio Meteorol\u00f3gico Nacional emiti\u00f3 un alerta por tormentas y lluvias muy fuertes que afectar\u00edan a Ayacucho, Rauch, Tandil y Balcarce. Se recomienda tomar las precauciones del caso. \u00a0","rel":"","context":"En \u00abREGIONALES\u00bb","block_context":{"text":"REGIONALES","link":"https:\/\/larevistadigital.com.ar\/blog\/category\/regionales\/"},"img":{"alt_text":"","src":"https:\/\/i0.wp.com\/larevistadigital.com.ar\/blog\/wp-content\/uploads\/ALERTA-METEOROLOGICO.jpg?fit=1140%2C758&ssl=1&resize=350%2C200","width":350,"height":200,"srcset":"https:\/\/i0.wp.com\/larevistadigital.com.ar\/blog\/wp-content\/uploads\/ALERTA-METEOROLOGICO.jpg?fit=1140%2C758&ssl=1&resize=350%2C200 1x, https:\/\/i0.wp.com\/larevistadigital.com.ar\/blog\/wp-content\/uploads\/ALERTA-METEOROLOGICO.jpg?fit=1140%2C758&ssl=1&resize=525%2C300 1.5x, https:\/\/i0.wp.com\/larevistadigital.com.ar\/blog\/wp-content\/uploads\/ALERTA-METEOROLOGICO.jpg?fit=1140%2C758&ssl=1&resize=700%2C400 2x, https:\/\/i0.wp.com\/larevistadigital.com.ar\/blog\/wp-content\/uploads\/ALERTA-METEOROLOGICO.jpg?fit=1140%2C758&ssl=1&resize=1050%2C600 3x"},"classes":[]},{"id":16711,"url":"https:\/\/larevistadigital.com.ar\/blog\/insolito-mientras-vecinos-de-san-cayetano-reclaman-por-el-estado-de-las-calles-el-gobierno-local-pretendia-suspender-la-reunion-por-lluvia\/","url_meta":{"origin":19185,"position":3},"title":"\u00a1INS\u00d3LITO! MIENTRAS VECINOS DE SAN CAYETANO RECLAMAN POR EL ESTADO DE LAS CALLES EL GOBIERNO LOCAL, PRETEND\u00cdA SUSPENDER LA REUNI\u00d3N  \u00a1POR LLUVIA!","author":"Alejandro Sosa Ruda","date":"5 octubre, 2020","format":false,"excerpt":"Para quienes no est\u00e1n en tema, los vecinos del Barrio San Cayetano, cansados de la inseguridad, y los problemas en las calles que le impiden pr\u00e1cticamente el ingreso y egreso a sus casas, hab\u00edan organizado para ma\u00f1ana lunes a las 10 de la ma\u00f1ana un corte en el acceso a\u2026","rel":"","context":"En \u00abDESTACADAS\u00bb","block_context":{"text":"DESTACADAS","link":"https:\/\/larevistadigital.com.ar\/blog\/category\/destacadas\/"},"img":{"alt_text":"","src":"https:\/\/i0.wp.com\/larevistadigital.com.ar\/blog\/wp-content\/uploads\/120367999_149919180127236_8066131427627497415_o-1.jpg?fit=1000%2C1139&ssl=1&resize=350%2C200","width":350,"height":200,"srcset":"https:\/\/i0.wp.com\/larevistadigital.com.ar\/blog\/wp-content\/uploads\/120367999_149919180127236_8066131427627497415_o-1.jpg?fit=1000%2C1139&ssl=1&resize=350%2C200 1x, https:\/\/i0.wp.com\/larevistadigital.com.ar\/blog\/wp-content\/uploads\/120367999_149919180127236_8066131427627497415_o-1.jpg?fit=1000%2C1139&ssl=1&resize=525%2C300 1.5x, https:\/\/i0.wp.com\/larevistadigital.com.ar\/blog\/wp-content\/uploads\/120367999_149919180127236_8066131427627497415_o-1.jpg?fit=1000%2C1139&ssl=1&resize=700%2C400 2x"},"classes":[]},{"id":24264,"url":"https:\/\/larevistadigital.com.ar\/blog\/chascomus-se-repiten-las-quejas-de-los-vecinos-por-el-estado-deplorable-de-las-calles-de-tierra\/","url_meta":{"origin":19185,"position":4},"title":"CHASCOM\u00daS: SE REPITEN LAS QUEJAS DE LOS VECINOS POR EL ESTADO DEPLORABLE DE LAS CALLES DE TIERRA","author":"Alejandro Sosa Ruda","date":"28 febrero, 2022","format":false,"excerpt":"Una situaci\u00f3n que se repite. Inacci\u00f3n, abandono por parte del \u00e1rea de Obras y una gesti\u00f3n de Turismo que no reacciona y mira para otro lado. \"Total, la gente viene igual\"... CHASCOM\u00daS\u00a0 -\u00a0 Lamentablemente y ante la inacci\u00f3n de las autoridades municipales, la gente debe recurrir a las redes sociales,\u2026","rel":"","context":"En \u00abDESTACADAS\u00bb","block_context":{"text":"DESTACADAS","link":"https:\/\/larevistadigital.com.ar\/blog\/category\/destacadas\/"},"img":{"alt_text":"","src":"https:\/\/i0.wp.com\/larevistadigital.com.ar\/blog\/wp-content\/uploads\/274812278_10222072439662547_3129632542071479380_n.jpg?fit=900%2C1200&ssl=1&resize=350%2C200","width":350,"height":200,"srcset":"https:\/\/i0.wp.com\/larevistadigital.com.ar\/blog\/wp-content\/uploads\/274812278_10222072439662547_3129632542071479380_n.jpg?fit=900%2C1200&ssl=1&resize=350%2C200 1x, https:\/\/i0.wp.com\/larevistadigital.com.ar\/blog\/wp-content\/uploads\/274812278_10222072439662547_3129632542071479380_n.jpg?fit=900%2C1200&ssl=1&resize=525%2C300 1.5x, https:\/\/i0.wp.com\/larevistadigital.com.ar\/blog\/wp-content\/uploads\/274812278_10222072439662547_3129632542071479380_n.jpg?fit=900%2C1200&ssl=1&resize=700%2C400 2x"},"classes":[]},{"id":26480,"url":"https:\/\/larevistadigital.com.ar\/blog\/un-estudio-del-inta-lo-confirma-hay-agrotoxicos-en-el-agua-del-partido-de-ayacucho\/","url_meta":{"origin":19185,"position":5},"title":"UN ESTUDIO DEL INTA LO CONFIRMA: HAY AGROT\u00d3XICOS EN EL AGUA DEL PARTIDO DE AYACUCHO","author":"Alejandro Sosa Ruda","date":"11 julio, 2022","format":false,"excerpt":"El INTA confirm\u00f3 la presencia de glifosato en el agua del partido bonaerense de Ayacucho. Los vecinos y vecinas denuncian fumigaciones sin control y se\u00f1alan los impactos en la salud: problemas respiratorios, c\u00e1ncer y abortos espont\u00e1neos. Se detect\u00f3 una alta presencia de agrot\u00f3xicos, principalmente glifosato, en el agua de Ayacucho,\u2026","rel":"","context":"En \u00abREGIONALES\u00bb","block_context":{"text":"REGIONALES","link":"https:\/\/larevistadigital.com.ar\/blog\/category\/regionales\/"},"img":{"alt_text":"","src":"https:\/\/i0.wp.com\/larevistadigital.com.ar\/blog\/wp-content\/uploads\/20220710161101_solanet-agroquimicos-inta.jpg?fit=880%2C512&ssl=1&resize=350%2C200","width":350,"height":200,"srcset":"https:\/\/i0.wp.com\/larevistadigital.com.ar\/blog\/wp-content\/uploads\/20220710161101_solanet-agroquimicos-inta.jpg?fit=880%2C512&ssl=1&resize=350%2C200 1x, https:\/\/i0.wp.com\/larevistadigital.com.ar\/blog\/wp-content\/uploads\/20220710161101_solanet-agroquimicos-inta.jpg?fit=880%2C512&ssl=1&resize=525%2C300 1.5x, https:\/\/i0.wp.com\/larevistadigital.com.ar\/blog\/wp-content\/uploads\/20220710161101_solanet-agroquimicos-inta.jpg?fit=880%2C512&ssl=1&resize=700%2C400 2x"},"classes":[]}],"_links":{"self":[{"href":"https:\/\/larevistadigital.com.ar\/blog\/wp-json\/wp\/v2\/posts\/19185","targetHints":{"allow":["GET"]}}],"collection":[{"href":"https:\/\/larevistadigital.com.ar\/blog\/wp-json\/wp\/v2\/posts"}],"about":[{"href":"https:\/\/larevistadigital.com.ar\/blog\/wp-json\/wp\/v2\/types\/post"}],"author":[{"embeddable":true,"href":"https:\/\/larevistadigital.com.ar\/blog\/wp-json\/wp\/v2\/users\/3"}],"replies":[{"embeddable":true,"href":"https:\/\/larevistadigital.com.ar\/blog\/wp-json\/wp\/v2\/comments?post=19185"}],"version-history":[{"count":3,"href":"https:\/\/larevistadigital.com.ar\/blog\/wp-json\/wp\/v2\/posts\/19185\/revisions"}],"predecessor-version":[{"id":19189,"href":"https:\/\/larevistadigital.com.ar\/blog\/wp-json\/wp\/v2\/posts\/19185\/revisions\/19189"}],"wp:featuredmedia":[{"embeddable":true,"href":"https:\/\/larevistadigital.com.ar\/blog\/wp-json\/wp\/v2\/media\/19186"}],"wp:attachment":[{"href":"https:\/\/larevistadigital.com.ar\/blog\/wp-json\/wp\/v2\/media?parent=19185"}],"wp:term":[{"taxonomy":"category","embeddable":true,"href":"https:\/\/larevistadigital.com.ar\/blog\/wp-json\/wp\/v2\/categories?post=19185"},{"taxonomy":"post_tag","embeddable":true,"href":"https:\/\/larevistadigital.com.ar\/blog\/wp-json\/wp\/v2\/tags?post=19185"}],"curies":[{"name":"wp","href":"https:\/\/api.w.org\/{rel}","templated":true}]}}