{"id":19195,"date":"2021-03-07T23:29:14","date_gmt":"2021-03-07T23:29:14","guid":{"rendered":"https:\/\/larevistadigital.com.ar\/blog\/?p=19195"},"modified":"2021-03-07T23:29:14","modified_gmt":"2021-03-07T23:29:14","slug":"el-circulo-medico-apoyo-a-los-profesionales-del-hospital-en-su-reclamo-y-convoco-a-concurrir-a-la-marcha-de-manana-a-las-12-hs","status":"publish","type":"post","link":"https:\/\/larevistadigital.com.ar\/blog\/el-circulo-medico-apoyo-a-los-profesionales-del-hospital-en-su-reclamo-y-convoco-a-concurrir-a-la-marcha-de-manana-a-las-12-hs\/","title":{"rendered":"EL C\u00cdRCULO M\u00c9DICO APOY\u00d3 A LOS PROFESIONALES DEL HOSPITAL EN SU RECLAMO Y CONVOC\u00d3 A CONCURRIR A LA MARCHA DE MA\u00d1ANA A LAS 12 HS."},"content":{"rendered":"<p><strong>CHASCOM\u00daS &#8211;\u00a0<\/strong>El C\u00edrculo M\u00e9dico de Chascom\u00fas, emiti\u00f3 un comunicado en el que apoya a los profesionales del Hospital Municipal San Vicente de Paul en el conflicto que vienen manteniendo con las autoridades del municipio en reclamo de mejores condiciones laborales y la recomposici\u00f3n de sus salarios.<\/p>\n<blockquote>\n<h3>Todo esto, en realidad ha ido colmando la paciencia de los profesionales y de la sociedad toda, ya que han despedido, \u00abno renovado contratos\u00bb, \u00abrenunciado\u00bb y apretado a m\u00e9dicos y enfermeros para que no hablen, como han tomado represalias con quienes lo hicieron.<\/h3>\n<\/blockquote>\n<h3>LA NOTA DEL C\u00cdRCULO M\u00c9DICO:<\/h3>\n<p><img data-recalc-dims=\"1\" loading=\"lazy\" decoding=\"async\" class=\"size-full wp-image-19192 aligncenter\" src=\"https:\/\/i0.wp.com\/larevistadigital.com.ar\/blog\/wp-content\/uploads\/WhatsApp-Image-2021-03-07-at-7.51.49-PM.jpeg?resize=750%2C694&#038;ssl=1\" alt=\"\" width=\"750\" height=\"694\" srcset=\"https:\/\/i0.wp.com\/larevistadigital.com.ar\/blog\/wp-content\/uploads\/WhatsApp-Image-2021-03-07-at-7.51.49-PM.jpeg?w=750&amp;ssl=1 750w, https:\/\/i0.wp.com\/larevistadigital.com.ar\/blog\/wp-content\/uploads\/WhatsApp-Image-2021-03-07-at-7.51.49-PM.jpeg?resize=300%2C278&amp;ssl=1 300w\" sizes=\"auto, (max-width: 750px) 100vw, 750px\" \/><\/p>\n<p><img data-recalc-dims=\"1\" loading=\"lazy\" decoding=\"async\" class=\"size-full wp-image-19193 aligncenter\" src=\"https:\/\/i0.wp.com\/larevistadigital.com.ar\/blog\/wp-content\/uploads\/WhatsApp-Image-2021-03-07-at-7.51.48-PM.jpeg?resize=750%2C726&#038;ssl=1\" alt=\"\" width=\"750\" height=\"726\" srcset=\"https:\/\/i0.wp.com\/larevistadigital.com.ar\/blog\/wp-content\/uploads\/WhatsApp-Image-2021-03-07-at-7.51.48-PM.jpeg?w=750&amp;ssl=1 750w, https:\/\/i0.wp.com\/larevistadigital.com.ar\/blog\/wp-content\/uploads\/WhatsApp-Image-2021-03-07-at-7.51.48-PM.jpeg?resize=300%2C290&amp;ssl=1 300w\" sizes=\"auto, (max-width: 750px) 100vw, 750px\" \/><\/p>\n","protected":false},"excerpt":{"rendered":"<div class=\"mh-excerpt\"><p>CHASCOM\u00daS &#8211;\u00a0El C\u00edrculo M\u00e9dico de Chascom\u00fas, emiti\u00f3 un comunicado en el que apoya a los profesionales del Hospital Municipal San Vicente de Paul en el conflicto que vienen manteniendo con las autoridades del municipio en <a class=\"mh-excerpt-more\" href=\"https:\/\/larevistadigital.com.ar\/blog\/el-circulo-medico-apoyo-a-los-profesionales-del-hospital-en-su-reclamo-y-convoco-a-concurrir-a-la-marcha-de-manana-a-las-12-hs\/\" title=\"EL C\u00cdRCULO M\u00c9DICO APOY\u00d3 A LOS PROFESIONALES DEL HOSPITAL EN SU RECLAMO Y CONVOC\u00d3 A CONCURRIR A LA MARCHA DE MA\u00d1ANA A LAS 12 HS.\">[Leer M\u00e1s]<\/a><\/p>\n<\/div>","protected":false},"author":3,"featured_media":19192,"comment_status":"open","ping_status":"open","sticky":false,"template":"","format":"standard","meta":{"_jetpack_memberships_contains_paid_content":false,"footnotes":"","jetpack_publicize_message":"","jetpack_publicize_feature_enabled":true,"jetpack_social_post_already_shared":true,"jetpack_social_options":{"image_generator_settings":{"template":"highway","default_image_id":0,"font":"","enabled":false},"version":2}},"categories":[41],"tags":[],"class_list":{"0":"post-19195","1":"post","2":"type-post","3":"status-publish","4":"format-standard","5":"has-post-thumbnail","7":"category-destacadas"},"jetpack_publicize_connections":[],"jetpack_featured_media_url":"https:\/\/i0.wp.com\/larevistadigital.com.ar\/blog\/wp-content\/uploads\/WhatsApp-Image-2021-03-07-at-7.51.49-PM.jpeg?fit=750%2C694&ssl=1","jetpack_sharing_enabled":true,"jetpack_shortlink":"https:\/\/wp.me\/p8qtrQ-4ZB","jetpack-related-posts":[{"id":19719,"url":"https:\/\/larevistadigital.com.ar\/blog\/comunicado-del-circulo-medico-de-chascomus\/","url_meta":{"origin":19195,"position":0},"title":"COMUNICADO DEL C\u00cdRCULO M\u00c9DICO DE CHASCOM\u00daS","author":"Alejandro Sosa Ruda","date":"19 abril, 2021","format":false,"excerpt":"Segunda ola de la pandemia de COVID Aconseja a la poblaci\u00f3n a permanecer en sus hogares, moviliz\u00e1ndose solo para el desempe\u00f1o de actividades esenciales, e insta a la importancia del cumplimiento de los protocolos El C\u00edrculo M\u00e9dico de Chascom\u00fas difundi\u00f3 un comunicado donde pide a la comunidad continuar con los\u2026","rel":"","context":"En \u00abCHASCOM\u00daS\u00bb","block_context":{"text":"CHASCOM\u00daS","link":"https:\/\/larevistadigital.com.ar\/blog\/category\/chascomus\/"},"img":{"alt_text":"","src":"https:\/\/i0.wp.com\/larevistadigital.com.ar\/blog\/wp-content\/uploads\/circulo-medico.jpg?fit=900%2C510&ssl=1&resize=350%2C200","width":350,"height":200,"srcset":"https:\/\/i0.wp.com\/larevistadigital.com.ar\/blog\/wp-content\/uploads\/circulo-medico.jpg?fit=900%2C510&ssl=1&resize=350%2C200 1x, https:\/\/i0.wp.com\/larevistadigital.com.ar\/blog\/wp-content\/uploads\/circulo-medico.jpg?fit=900%2C510&ssl=1&resize=525%2C300 1.5x, https:\/\/i0.wp.com\/larevistadigital.com.ar\/blog\/wp-content\/uploads\/circulo-medico.jpg?fit=900%2C510&ssl=1&resize=700%2C400 2x"},"classes":[]},{"id":30516,"url":"https:\/\/larevistadigital.com.ar\/blog\/chascomus-santiago-dos-santos-hablo-de-lo-que-planifica-para-el-hospital-municipal-san-vicente-de-paul\/","url_meta":{"origin":19195,"position":1},"title":"CHASCOM\u00daS: SANTIAGO DOS SANTOS HABL\u00d3 DE LO QUE PLANIFICA PARA EL HOSPITAL MUNICIPAL SAN VICENTE DE PAUL","author":"Alejandro Sosa Ruda","date":"10 marzo, 2023","format":false,"excerpt":"EL cirujano y pre candidato a intendente de Chascom\u00fas, dijo que \u201cVamos a hacia un hospital de excelencia, a recuperar los profesionales que fueron forzados a emigrar, y a desarrollar con seriedad el \u00e1rea de salud mental\u201d 10 de marzo de 2023 CHASCOM\u00daS -\u00a0 El prestigioso m\u00e9dico cirujano Santiago Dos\u2026","rel":"","context":"En \u00abINTERES GENERAL\u00bb","block_context":{"text":"INTERES GENERAL","link":"https:\/\/larevistadigital.com.ar\/blog\/category\/interes-general\/"},"img":{"alt_text":"","src":"https:\/\/i0.wp.com\/larevistadigital.com.ar\/blog\/wp-content\/uploads\/Sds-1.jpg?fit=1200%2C899&ssl=1&resize=350%2C200","width":350,"height":200,"srcset":"https:\/\/i0.wp.com\/larevistadigital.com.ar\/blog\/wp-content\/uploads\/Sds-1.jpg?fit=1200%2C899&ssl=1&resize=350%2C200 1x, https:\/\/i0.wp.com\/larevistadigital.com.ar\/blog\/wp-content\/uploads\/Sds-1.jpg?fit=1200%2C899&ssl=1&resize=525%2C300 1.5x, https:\/\/i0.wp.com\/larevistadigital.com.ar\/blog\/wp-content\/uploads\/Sds-1.jpg?fit=1200%2C899&ssl=1&resize=700%2C400 2x, https:\/\/i0.wp.com\/larevistadigital.com.ar\/blog\/wp-content\/uploads\/Sds-1.jpg?fit=1200%2C899&ssl=1&resize=1050%2C600 3x"},"classes":[]},{"id":4967,"url":"https:\/\/larevistadigital.com.ar\/blog\/chascomus-la-clinica-podria-dejar-atender-los-afiliados-ioma\/","url_meta":{"origin":19195,"position":2},"title":"CHASCOM\u00daS: LA CL\u00cdNICA PODR\u00cdA DEJAR DE ATENDER A LOS AFILIADOS A IOMA","author":"Alejandro Sosa Ruda","date":"23 febrero, 2018","format":false,"excerpt":"Desde el C\u00edrculo M\u00e9dico de Chascom\u00fas, se dio a conocer un comunicado con la firma de su Presidente, Dr. Marcelo Giacobone en donde hace alusi\u00f3n a la situaci\u00f3n financiera de la Cl\u00ednica Privada de esa ciudad. La nota refiere a que la situaci\u00f3n, se origin\u00f3 por la falta de cumplimiento\u2026","rel":"","context":"En \u00abCHASCOM\u00daS\u00bb","block_context":{"text":"CHASCOM\u00daS","link":"https:\/\/larevistadigital.com.ar\/blog\/category\/chascomus\/"},"img":{"alt_text":"","src":"https:\/\/i0.wp.com\/larevistadigital.com.ar\/blog\/wp-content\/uploads\/2018\/02\/Cl%C3%ADnica-Privada-Chascom%C3%BAs-SA.jpg?fit=620%2C369&ssl=1&resize=350%2C200","width":350,"height":200,"srcset":"https:\/\/i0.wp.com\/larevistadigital.com.ar\/blog\/wp-content\/uploads\/2018\/02\/Cl%C3%ADnica-Privada-Chascom%C3%BAs-SA.jpg?fit=620%2C369&ssl=1&resize=350%2C200 1x, https:\/\/i0.wp.com\/larevistadigital.com.ar\/blog\/wp-content\/uploads\/2018\/02\/Cl%C3%ADnica-Privada-Chascom%C3%BAs-SA.jpg?fit=620%2C369&ssl=1&resize=525%2C300 1.5x"},"classes":[]},{"id":3448,"url":"https:\/\/larevistadigital.com.ar\/blog\/chascomus-los-medicos-del-hospital-municipal-invitan-a-la-poblacion-a-acompanar-su-reclamo\/","url_meta":{"origin":19195,"position":3},"title":"CHASCOMUS: LOS M\u00c9DICOS DEL HOSPITAL MUNICIPAL INVITAN A LA POBLACI\u00d3N A ACOMPA\u00d1AR SU RECLAMO","author":"Alejandro Sosa Ruda","date":"10 octubre, 2017","format":false,"excerpt":"Luego de la decisi\u00f3n del ejecutivo municipal de hacer caso omiso a los reclamos de los profesionales de la salud de Chascom\u00fas, y entre otras cosas \u201ccambiar las reglas de juego\u201d de manera unilateral, en referencia a la modificaci\u00f3n de la grilla salarial, la CICOP ha decidido llevar a cabo\u2026","rel":"","context":"En \u00abDESTACADAS\u00bb","block_context":{"text":"DESTACADAS","link":"https:\/\/larevistadigital.com.ar\/blog\/category\/destacadas\/"},"img":{"alt_text":"","src":"https:\/\/i0.wp.com\/larevistadigital.com.ar\/blog\/wp-content\/uploads\/2017\/10\/21768357_135123350566961_2481987643994153920_n-1.jpg?fit=953%2C627&ssl=1&resize=350%2C200","width":350,"height":200,"srcset":"https:\/\/i0.wp.com\/larevistadigital.com.ar\/blog\/wp-content\/uploads\/2017\/10\/21768357_135123350566961_2481987643994153920_n-1.jpg?fit=953%2C627&ssl=1&resize=350%2C200 1x, https:\/\/i0.wp.com\/larevistadigital.com.ar\/blog\/wp-content\/uploads\/2017\/10\/21768357_135123350566961_2481987643994153920_n-1.jpg?fit=953%2C627&ssl=1&resize=525%2C300 1.5x, https:\/\/i0.wp.com\/larevistadigital.com.ar\/blog\/wp-content\/uploads\/2017\/10\/21768357_135123350566961_2481987643994153920_n-1.jpg?fit=953%2C627&ssl=1&resize=700%2C400 2x"},"classes":[]},{"id":15330,"url":"https:\/\/larevistadigital.com.ar\/blog\/clara-y-contundente-carta-abierta-del-circulo-medico-al-intendente-javier-gaston\/","url_meta":{"origin":19195,"position":4},"title":"CLARA Y CONTUNDENTE CARTA ABIERTA DEL C\u00cdRCULO M\u00c9DICO AL INTENDENTE JAVIER GAST\u00d3N","author":"Alejandro Sosa Ruda","date":"25 mayo, 2020","format":false,"excerpt":"CARTA ABIERTA AL SE\u00d1OR INTENDENTE DE CHASCOMUS De acuerdo al desarrollo de los hechos inherentes a la pandemia y su planificaci\u00f3n de la estrategia sanitaria en nuestra ciudad el CIRCULO MEDICO DE CHASCOMUS considera imprescindible y oportuno sentar una postura frente a la situaci\u00f3n actual. -Esta \u00faltima semana los medios\u2026","rel":"","context":"En \u00abDESTACADAS\u00bb","block_context":{"text":"DESTACADAS","link":"https:\/\/larevistadigital.com.ar\/blog\/category\/destacadas\/"},"img":{"alt_text":"","src":"https:\/\/i0.wp.com\/larevistadigital.com.ar\/blog\/wp-content\/uploads\/2018\/08\/enfermera-silencio.jpg?fit=1200%2C675&ssl=1&resize=350%2C200","width":350,"height":200,"srcset":"https:\/\/i0.wp.com\/larevistadigital.com.ar\/blog\/wp-content\/uploads\/2018\/08\/enfermera-silencio.jpg?fit=1200%2C675&ssl=1&resize=350%2C200 1x, https:\/\/i0.wp.com\/larevistadigital.com.ar\/blog\/wp-content\/uploads\/2018\/08\/enfermera-silencio.jpg?fit=1200%2C675&ssl=1&resize=525%2C300 1.5x, https:\/\/i0.wp.com\/larevistadigital.com.ar\/blog\/wp-content\/uploads\/2018\/08\/enfermera-silencio.jpg?fit=1200%2C675&ssl=1&resize=700%2C400 2x, https:\/\/i0.wp.com\/larevistadigital.com.ar\/blog\/wp-content\/uploads\/2018\/08\/enfermera-silencio.jpg?fit=1200%2C675&ssl=1&resize=1050%2C600 3x"},"classes":[]},{"id":3595,"url":"https:\/\/larevistadigital.com.ar\/blog\/chascomus-vecinos-autoconvocados-promueven-marcha-al-concejo-deliberante\/","url_meta":{"origin":19195,"position":5},"title":"CHASCOM\u00daS: VECINOS AUTOCONVOCADOS PROMUEVEN MARCHA AL CONCEJO DELIBERANTE","author":"Alejandro Sosa Ruda","date":"24 octubre, 2017","format":false,"excerpt":"En el d\u00eda de hoy, comenz\u00f3 a circular por las redes sociales y los grupos de whats app, una convocatoria a una marcha para el d\u00eda jueves a las 16,30 horas al Concejo Deliberante, ubicado en calle Mitre entre Lastra y Cr\u00e1mer. La consigna se trata de que la sociedad\u2026","rel":"","context":"En \u00abDESTACADAS\u00bb","block_context":{"text":"DESTACADAS","link":"https:\/\/larevistadigital.com.ar\/blog\/category\/destacadas\/"},"img":{"alt_text":"","src":"","width":0,"height":0},"classes":[]}],"_links":{"self":[{"href":"https:\/\/larevistadigital.com.ar\/blog\/wp-json\/wp\/v2\/posts\/19195","targetHints":{"allow":["GET"]}}],"collection":[{"href":"https:\/\/larevistadigital.com.ar\/blog\/wp-json\/wp\/v2\/posts"}],"about":[{"href":"https:\/\/larevistadigital.com.ar\/blog\/wp-json\/wp\/v2\/types\/post"}],"author":[{"embeddable":true,"href":"https:\/\/larevistadigital.com.ar\/blog\/wp-json\/wp\/v2\/users\/3"}],"replies":[{"embeddable":true,"href":"https:\/\/larevistadigital.com.ar\/blog\/wp-json\/wp\/v2\/comments?post=19195"}],"version-history":[{"count":1,"href":"https:\/\/larevistadigital.com.ar\/blog\/wp-json\/wp\/v2\/posts\/19195\/revisions"}],"predecessor-version":[{"id":19197,"href":"https:\/\/larevistadigital.com.ar\/blog\/wp-json\/wp\/v2\/posts\/19195\/revisions\/19197"}],"wp:featuredmedia":[{"embeddable":true,"href":"https:\/\/larevistadigital.com.ar\/blog\/wp-json\/wp\/v2\/media\/19192"}],"wp:attachment":[{"href":"https:\/\/larevistadigital.com.ar\/blog\/wp-json\/wp\/v2\/media?parent=19195"}],"wp:term":[{"taxonomy":"category","embeddable":true,"href":"https:\/\/larevistadigital.com.ar\/blog\/wp-json\/wp\/v2\/categories?post=19195"},{"taxonomy":"post_tag","embeddable":true,"href":"https:\/\/larevistadigital.com.ar\/blog\/wp-json\/wp\/v2\/tags?post=19195"}],"curies":[{"name":"wp","href":"https:\/\/api.w.org\/{rel}","templated":true}]}}