{"id":19198,"date":"2021-03-08T03:19:36","date_gmt":"2021-03-08T03:19:36","guid":{"rendered":"https:\/\/larevistadigital.com.ar\/blog\/?p=19198"},"modified":"2021-03-08T03:20:15","modified_gmt":"2021-03-08T03:20:15","slug":"el-frente-de-todos-apoyo-en-las-redes-a-unidad-por-chascomus-en-el-conflicto-con-los-profesionales","status":"publish","type":"post","link":"https:\/\/larevistadigital.com.ar\/blog\/el-frente-de-todos-apoyo-en-las-redes-a-unidad-por-chascomus-en-el-conflicto-con-los-profesionales\/","title":{"rendered":"EL FRENTE DE TODOS APOY\u00d3 EN LAS REDES A UNIDAD POR CHASCOM\u00daS EN EL CONFLICTO CON LOS PROFESIONALES"},"content":{"rendered":"<h2>En una obvia presi\u00f3n vecinalista, Unidad por Chascom\u00fas public\u00f3 en su p\u00e1gina de Facebook una nota del Frente de Todos, apoyando la gesti\u00f3n de salud a pesar de las quejas, despidos y renuncias. Esto, lamentablemente deja de manifiesto que los \u00abacuerdos pol\u00edticos\u00bb pueden m\u00e1s que los reclamos de los trabajadores por sus derechos. \u00bfQu\u00e9 dir\u00eda el \u00abGeneral\u00bb? \u00bfLa nota ser\u00e1 cierta?<\/h2>\n<p>Realmente el gobierno local est\u00e1 preocupado. Pero equivoc\u00f3 el objeto de su preocupaci\u00f3n. Porque en lugar de preocuparse (y ocuparse) de los serios problemas que han ocasionado la gesti\u00f3n de la Secretaria de Salud, <strong>Marcela Arias<\/strong>, o de los maltratos denunciados por parte de <strong>Eduardo Claverol<\/strong>, o los inconvenientes edilicios y de infraestructura que deben tolerar los m\u00e9dicos, enfermeros, administrativos, mucamas, y todo el personal que trabaja en el Hospital Municipal, el Secretario de Gobierno y el Intendente <strong>Javier Gast\u00f3n<\/strong>, se preocupan (y mucho) por la marcha que organizaron y convocaron los profesionales que trabajaban en el nosocomio.<\/p>\n<blockquote>\n<h3>Por eso, lo que tratan de hacer, es lo que siempre hicieron desde su asunci\u00f3n: cuando enfrentan un problema, tratan de \u00abcorrer el eje\u00bb de la discusi\u00f3n, y contraatacar, negando lo que los profesionales han denunciado, de manera atrevida e ins\u00f3lita y contando una realidad ideal que ellos mismos inventan: \u00bfResulta que ahora los vecinos debemos creer que todos los profesionales (m\u00e1s de 30) mienten?&#8230;\u00bfQu\u00e9 echaron, jubilaron, y \u00abrenunciaron\u00bb a tantas personas porque era necesario? Solo Arias y el director Rodriguez dicen la verdad, seg\u00fan Gast\u00f3n. La gente, mucamas, enfermeras, m\u00e9dicos e inclusive algunos vecinos que comentan en las redes mienten&#8230;<\/h3>\n<\/blockquote>\n<p>Ni ellos creen semejante mentira, pero lo peor de todo, es que si lo publicado se confirma como\u00a0 de \u00abautor\u00eda\u00bb del Frente de Todos, estaremos presenciando el suicidio pol\u00edtico de gran parte del peronismo de Chascom\u00fas, que de no presentarse ma\u00f1ana, para acompa\u00f1ar a los\u00a0 trabajadores, estar\u00eda aceptando t\u00e1citamente que el documento publicado por Unidad Por Chascom\u00fas en su p\u00e1gina de facebook, es realmente cierto. \u00bfSer\u00e1 as\u00ed, o los concejales del peronismo ma\u00f1ana se presentar\u00e1n en el Hospital a las 12, para estar junto a los trabajadores como lo dicta la doctrina justicialista? Veremos que ocurre.<\/p>\n<p><b>Ac\u00e1 publicamos el texto que se public\u00f3 en la p\u00e1gina de UxCH:<\/b><\/p>\n<div class=\"kvgmc6g5 cxmmr5t8 oygrvhab hcukyx3x c1et5uql ii04i59q\">\n<div dir=\"auto\"><strong>CON EL DERECHO A LA SALUD NO SE JUEGA<\/strong><\/div>\n<div dir=\"auto\"><em><strong>Ante la irresponsabilidad y la liviandad con la que algunos representantes de los partidos pol\u00edticos de la oposici\u00f3n vienen manejando la cuesti\u00f3n del Servicio de Guardia de nuestro Hospital municipal, concejalas y concejales, referentes de diferentes espacios pol\u00edticos, organizaciones sociales y sindicales del FRENTE DE TODOS CHASCOMUS, hacemos p\u00fablica nuestra posici\u00f3n al respecto.<\/strong><\/em><\/div>\n<div dir=\"auto\"><em><strong>La salud constituye uno de los derechos humanos fundamentales, que son aquellos que existen con anterioridad a la sociedad y al Estado, ya que corresponden a la persona humana por su condici\u00f3n de tal y por el s\u00f3lo hecho de serlo; por eso entendemos que de ninguna manera puede ser utilizado con fines pol\u00edticos (a\u00f1o electoral mediante) tal como viene haci\u00e9ndolo la oposici\u00f3n, generando desinformaci\u00f3n y confusi\u00f3n en la poblaci\u00f3n.<\/strong><\/em><\/div>\n<div dir=\"auto\"><em><strong>Por eso y con el prop\u00f3sito de llevar tranquilidad a la ciudadan\u00eda, consideramos necesario hacer saber:<\/strong><\/em><\/div>\n<div dir=\"auto\"><em><strong>-En la actualidad la guardia de nuestro Hospital funciona normalmente atendiendo a todos y todas las que se acercan al mismo las 24 horas del d\u00eda, los 7 d\u00edas de la semana.<\/strong><\/em><\/div>\n<div dir=\"auto\"><em><strong>-No es cierto que haya un solo profesional de guardia. La guardia funciona con dos m\u00e9dicos cl\u00ednicos y dos pediatras todos los d\u00edas, y los fines de semana se contrata un tercer medico cl\u00ednico de 12 hs., adem\u00e1s de haber m\u00e9dicos de guardia activa en cirug\u00eda, ginecolog\u00eda, unidad de terapia intensiva; sumado a los profesionales de guardia pasiva en Traumatolog\u00eda y Ortopedia, Cardiolog\u00eda, Ecograf\u00edas, Cirug\u00edas, Cl\u00ednica M\u00e9dica, Laboratorio, Ginecolog\u00eda, Farmacia, Pediatr\u00eda, Anestesiolog\u00eda e Instrumentador quir\u00fargico, para el caso de ser necesario su intervenci\u00f3n.<\/strong><\/em><\/div>\n<div dir=\"auto\"><em><strong>-No es cierto que la guardia se est\u00e1 quedando sin profesionales. Los m\u00e9dicos de guardia en la \u00faltima semana han renovado casi en su totalidad sus contratos para este a\u00f1o 2021.<\/strong><\/em><\/div>\n<div dir=\"auto\"><em><strong>-No es cierto que no se haya generado el di\u00e1logo necesario con las autoridades municipales. Ante el reclamo presentado en la Delegaci\u00f3n Regional de Trabajo de nuestra localidad, el mismo fue contestado punto por punto por los representantes del Ejecutivo Municipal, aclarando y buscando puntos de acuerdo.<\/strong><\/em><\/div>\n<div dir=\"auto\"><em><strong>-Es cierto que existen problemas edilicios que son estructurales y vienen desde hace much\u00edsimos a\u00f1os; lo cual es una preocupaci\u00f3n para el gobierno municipal, a punto tal que ha llevado adelante obras, reparaciones y modificaciones en el edificio que nunca antes hab\u00edan sido realizadas, tales como, a modo ejemplo: nuevo servicio de esterilizaci\u00f3n, laboratorio de farmacia, cloacas en el sector de cocina, techos de guardia y de consultorios externos, se arregl\u00f3 toda la habitaci\u00f3n de los choferes de ambulancia de la guarda, se restauraron completamente los viejos consultorios externos transform\u00e1ndolos en 7 habitaciones para pacientes, se compraron 16 aires acondicionados y varios sectores del hospital se sumaron al equipo electr\u00f3geno, entre otras mejoras.<\/strong><\/em><\/div>\n<div dir=\"auto\"><em><strong>-Es cierto que la situaci\u00f3n de enfermer\u00eda debe ser revisada y modificada, por eso se vienen manteniendo reuniones con las Jefas del Departamento de Enfermer\u00eda y de los distintos servicios desde hace un mes, los d\u00edas mi\u00e9rcoles, a fin de encontrar una salida conjunta a los problemas que se identificaron en la primera reuni\u00f3n.<\/strong><\/em><\/div>\n<div dir=\"auto\"><em><strong>Queremos llevar tranquilidad a la comunidad, sabemos que se trabaj\u00f3, trabaja y trabajar\u00e1 para que el derecho fundamental a la salud se brinde como corresponde.<\/strong><\/em><\/div>\n<div dir=\"auto\"><em><strong>No permitiremos que se confunda a vecinas y vecinos politizando este derecho social y colectivo tan importante, con un cinismo pocas veces visto, en el marco de una pandemia que ha generado una crisis econ\u00f3mica, social y sanitaria sin precedentes en todo el mundo.<\/strong><\/em><\/div>\n<\/div>\n<div class=\"o9v6fnle cxmmr5t8 oygrvhab hcukyx3x c1et5uql ii04i59q\">\n<div dir=\"auto\"><em><strong>FRENTE DE TODOS<\/strong><\/em><\/div>\n<div dir=\"auto\"><em><strong>Chascom\u00fas<\/strong><\/em><\/div>\n<\/div>\n<p>&nbsp;<\/p>\n<p>&nbsp;<\/p>\n","protected":false},"excerpt":{"rendered":"<div class=\"mh-excerpt\"><p>En una obvia presi\u00f3n vecinalista, Unidad por Chascom\u00fas public\u00f3 en su p\u00e1gina de Facebook una nota del Frente de Todos, apoyando la gesti\u00f3n de salud a pesar de las quejas, despidos y renuncias. Esto, lamentablemente <a class=\"mh-excerpt-more\" href=\"https:\/\/larevistadigital.com.ar\/blog\/el-frente-de-todos-apoyo-en-las-redes-a-unidad-por-chascomus-en-el-conflicto-con-los-profesionales\/\" title=\"EL FRENTE DE TODOS APOY\u00d3 EN LAS REDES A UNIDAD POR CHASCOM\u00daS EN EL CONFLICTO CON LOS PROFESIONALES\">[Leer M\u00e1s]<\/a><\/p>\n<\/div>","protected":false},"author":3,"featured_media":19199,"comment_status":"open","ping_status":"open","sticky":false,"template":"","format":"standard","meta":{"_jetpack_memberships_contains_paid_content":false,"footnotes":"","jetpack_publicize_message":"","jetpack_publicize_feature_enabled":true,"jetpack_social_post_already_shared":true,"jetpack_social_options":{"image_generator_settings":{"template":"highway","default_image_id":0,"font":"","enabled":false},"version":2}},"categories":[6],"tags":[],"class_list":{"0":"post-19198","1":"post","2":"type-post","3":"status-publish","4":"format-standard","5":"has-post-thumbnail","7":"category-chascomus"},"jetpack_publicize_connections":[],"jetpack_featured_media_url":"https:\/\/i0.wp.com\/larevistadigital.com.ar\/blog\/wp-content\/uploads\/Captura-22.png?fit=1386%2C803&ssl=1","jetpack_sharing_enabled":true,"jetpack_shortlink":"https:\/\/wp.me\/p8qtrQ-4ZE","jetpack-related-posts":[{"id":28042,"url":"https:\/\/larevistadigital.com.ar\/blog\/ramiro-ferrante-el-bloque-de-uxch-frente-de-todos-trajo-la-mentira-y-la-mala-fe-a-la-politica\/","url_meta":{"origin":19198,"position":0},"title":"RAMIRO FERRANTE: \u00abEL BLOQUE DE UXCH-FRENTE DE TODOS TRAJO LA MENTIRA Y LA MALA F\u00c9 A LA POL\u00cdTICA\u00bb","author":"Alejandro Sosa Ruda","date":"24 septiembre, 2022","format":false,"excerpt":"El presidente del Concejo Deliberante se mostr\u00f3 muy molesto por una publicaci\u00f3n de Unidad por Chascom\u00fas que sostiene afirmaciones que dijo \"no se ajustan a la verdad\", para ello nos acerc\u00f3 documentaci\u00f3n que puede leerse al final de la nota siguiendo los enlaces. 24 de septiembre de 2022 CHASCOM\u00daS -\u00a0\u2026","rel":"","context":"En \u00abDESTACADAS\u00bb","block_context":{"text":"DESTACADAS","link":"https:\/\/larevistadigital.com.ar\/blog\/category\/destacadas\/"},"img":{"alt_text":"","src":"https:\/\/i0.wp.com\/larevistadigital.com.ar\/blog\/wp-content\/uploads\/2019\/05\/Screenshot_2-7.jpg?fit=1200%2C707&ssl=1&resize=350%2C200","width":350,"height":200,"srcset":"https:\/\/i0.wp.com\/larevistadigital.com.ar\/blog\/wp-content\/uploads\/2019\/05\/Screenshot_2-7.jpg?fit=1200%2C707&ssl=1&resize=350%2C200 1x, https:\/\/i0.wp.com\/larevistadigital.com.ar\/blog\/wp-content\/uploads\/2019\/05\/Screenshot_2-7.jpg?fit=1200%2C707&ssl=1&resize=525%2C300 1.5x, https:\/\/i0.wp.com\/larevistadigital.com.ar\/blog\/wp-content\/uploads\/2019\/05\/Screenshot_2-7.jpg?fit=1200%2C707&ssl=1&resize=700%2C400 2x, https:\/\/i0.wp.com\/larevistadigital.com.ar\/blog\/wp-content\/uploads\/2019\/05\/Screenshot_2-7.jpg?fit=1200%2C707&ssl=1&resize=1050%2C600 3x"},"classes":[]},{"id":21266,"url":"https:\/\/larevistadigital.com.ar\/blog\/la-izquierda-formo-el-frente-izquierda-unidad-en-chascomus\/","url_meta":{"origin":19198,"position":1},"title":"LA IZQUIERDA FORM\u00d3 EL \u00abFRENTE IZQUIERDA UNIDAD\u00bb EN CHASCOM\u00daS","author":"Alejandro Sosa Ruda","date":"26 julio, 2021","format":false,"excerpt":"CHASCOM\u00daS -\u00a0 Qued\u00f3 conformado y se present\u00f3 por Chascom\u00fas la lista del FITU (Frente de Izquierda Unidad), que cuenta con la presencia de trabajadores del P.O. y del PTS. La persona que encabeza el mencionado frente, es Santiago Castro, como precandidato a primer concejal, \u00a0seguido por Ana Talavera, Ricardo Enrique\u2026","rel":"","context":"En \u00abINTERES GENERAL\u00bb","block_context":{"text":"INTERES GENERAL","link":"https:\/\/larevistadigital.com.ar\/blog\/category\/interes-general\/"},"img":{"alt_text":"","src":"https:\/\/i0.wp.com\/larevistadigital.com.ar\/blog\/wp-content\/uploads\/2671b0975d5ec8b73d11518a0fd29b53_XL.jpg?fit=1200%2C1200&ssl=1&resize=350%2C200","width":350,"height":200,"srcset":"https:\/\/i0.wp.com\/larevistadigital.com.ar\/blog\/wp-content\/uploads\/2671b0975d5ec8b73d11518a0fd29b53_XL.jpg?fit=1200%2C1200&ssl=1&resize=350%2C200 1x, https:\/\/i0.wp.com\/larevistadigital.com.ar\/blog\/wp-content\/uploads\/2671b0975d5ec8b73d11518a0fd29b53_XL.jpg?fit=1200%2C1200&ssl=1&resize=525%2C300 1.5x, https:\/\/i0.wp.com\/larevistadigital.com.ar\/blog\/wp-content\/uploads\/2671b0975d5ec8b73d11518a0fd29b53_XL.jpg?fit=1200%2C1200&ssl=1&resize=700%2C400 2x, https:\/\/i0.wp.com\/larevistadigital.com.ar\/blog\/wp-content\/uploads\/2671b0975d5ec8b73d11518a0fd29b53_XL.jpg?fit=1200%2C1200&ssl=1&resize=1050%2C600 3x"},"classes":[]},{"id":3600,"url":"https:\/\/larevistadigital.com.ar\/blog\/chascomus-gaston-aseguro-salieron-tereceros-arrastre-vidal-gestion-no-cambiar-nada\/","url_meta":{"origin":19198,"position":2},"title":"CHASCOM\u00daS: GAST\u00d3N ASEGUR\u00d3 QUE SALIERON TERECEROS POR EL ARRASTRE DE VIDAL, Y QUE EN SU GESTI\u00d3N \u201cNO HAY QUE CAMBIAR NADA\u201d","author":"Alejandro Sosa Ruda","date":"25 octubre, 2017","format":false,"excerpt":"Entrevistado en el programa AM Show, que se emite en la FM 101.5 y conducen Alberto Morel, y Mart\u00edn Palmero, el intendente de Chascom\u00fas, Javier Gast\u00f3n se refiri\u00f3 entre otros temas al resultado de la elecci\u00f3n del domingo pasado. Lo jugoso de la nota, es que pese a salir tercero\u2026","rel":"","context":"En \u00abCHASCOM\u00daS\u00bb","block_context":{"text":"CHASCOM\u00daS","link":"https:\/\/larevistadigital.com.ar\/blog\/category\/chascomus\/"},"img":{"alt_text":"","src":"https:\/\/i0.wp.com\/larevistadigital.com.ar\/blog\/wp-content\/uploads\/2017\/10\/oidos-sordos-1.jpg?fit=900%2C376&ssl=1&resize=350%2C200","width":350,"height":200,"srcset":"https:\/\/i0.wp.com\/larevistadigital.com.ar\/blog\/wp-content\/uploads\/2017\/10\/oidos-sordos-1.jpg?fit=900%2C376&ssl=1&resize=350%2C200 1x, https:\/\/i0.wp.com\/larevistadigital.com.ar\/blog\/wp-content\/uploads\/2017\/10\/oidos-sordos-1.jpg?fit=900%2C376&ssl=1&resize=525%2C300 1.5x, https:\/\/i0.wp.com\/larevistadigital.com.ar\/blog\/wp-content\/uploads\/2017\/10\/oidos-sordos-1.jpg?fit=900%2C376&ssl=1&resize=700%2C400 2x"},"classes":[]},{"id":15310,"url":"https:\/\/larevistadigital.com.ar\/blog\/la-cicop-chascomus-emitio-un-duro-comunicado\/","url_meta":{"origin":19198,"position":3},"title":"LA CICOP CHASCOM\u00daS EMITI\u00d3 UN DURO COMUNICADO","author":"Alejandro Sosa Ruda","date":"25 mayo, 2020","format":false,"excerpt":"La Cicop Chascom\u00fas, emiti\u00f3 un duro comunicado en donde habla de la situaci\u00f3n y fija su opini\u00f3n. Aqu\u00ed lo reproducimos. En solidaridad con nuestros compa\u00f1eros. A lo largo de todas estas semanas hemos ido comunicando nuestros aportes y reclamos ante la presente situaci\u00f3n de pandemia en lo que respecta al\u2026","rel":"","context":"En \u00abINTERES GENERAL\u00bb","block_context":{"text":"INTERES GENERAL","link":"https:\/\/larevistadigital.com.ar\/blog\/category\/interes-general\/"},"img":{"alt_text":"","src":"https:\/\/i0.wp.com\/larevistadigital.com.ar\/blog\/wp-content\/uploads\/2017\/09\/CICOP.jpg?fit=960%2C720&ssl=1&resize=350%2C200","width":350,"height":200,"srcset":"https:\/\/i0.wp.com\/larevistadigital.com.ar\/blog\/wp-content\/uploads\/2017\/09\/CICOP.jpg?fit=960%2C720&ssl=1&resize=350%2C200 1x, https:\/\/i0.wp.com\/larevistadigital.com.ar\/blog\/wp-content\/uploads\/2017\/09\/CICOP.jpg?fit=960%2C720&ssl=1&resize=525%2C300 1.5x, https:\/\/i0.wp.com\/larevistadigital.com.ar\/blog\/wp-content\/uploads\/2017\/09\/CICOP.jpg?fit=960%2C720&ssl=1&resize=700%2C400 2x"},"classes":[]},{"id":3648,"url":"https:\/\/larevistadigital.com.ar\/blog\/chascomus-primicia-confirmada-la-mayoria-los-jefes-area-del-hospital-presentaron-renuncia\/","url_meta":{"origin":19198,"position":4},"title":"CHASCOM\u00daS: PRIMICIA CONFIRMADA. LA MAYOR\u00cdA DE LOS JEFES DE \u00c1REA DEL HOSPITAL PRESENTARON SU RENUNCIA","author":"Alejandro Sosa Ruda","date":"30 octubre, 2017","format":false,"excerpt":"Lamentablemente distintas fuentes del hospital confirmaron a LRD lo que hab\u00eda anticipado la presidente de la CICOP, Rebeca Biggi con respecto a la presentaci\u00f3n de la renuncia de casi todos los jefes de \u00e1rea del Hospital Municipal San Vicente de Paul. Circul\u00f3 el rumor que esto alcanzar\u00eda a otras \u00e1reas,\u2026","rel":"","context":"En \u00abDESTACADAS\u00bb","block_context":{"text":"DESTACADAS","link":"https:\/\/larevistadigital.com.ar\/blog\/category\/destacadas\/"},"img":{"alt_text":"","src":"https:\/\/i0.wp.com\/larevistadigital.com.ar\/blog\/wp-content\/uploads\/2017\/10\/hospi1-1024x767-111-700x524.jpg?fit=700%2C524&ssl=1&resize=350%2C200","width":350,"height":200,"srcset":"https:\/\/i0.wp.com\/larevistadigital.com.ar\/blog\/wp-content\/uploads\/2017\/10\/hospi1-1024x767-111-700x524.jpg?fit=700%2C524&ssl=1&resize=350%2C200 1x, https:\/\/i0.wp.com\/larevistadigital.com.ar\/blog\/wp-content\/uploads\/2017\/10\/hospi1-1024x767-111-700x524.jpg?fit=700%2C524&ssl=1&resize=525%2C300 1.5x, https:\/\/i0.wp.com\/larevistadigital.com.ar\/blog\/wp-content\/uploads\/2017\/10\/hospi1-1024x767-111-700x524.jpg?fit=700%2C524&ssl=1&resize=700%2C400 2x"},"classes":[]},{"id":6733,"url":"https:\/\/larevistadigital.com.ar\/blog\/chascomus-aqui-mas-pruebas-de-los-entredichos-por-supuestas-sobrefacturaciones-entre-cambiemos-y-unidad-por-chascomus\/","url_meta":{"origin":19198,"position":5},"title":"CHASCOM\u00daS: AQU\u00cd M\u00c1S PRUEBAS DE LOS ENTREDICHOS POR SUPUESTAS SOBREFACTURACIONES ENTRE CAMBIEMOS Y UNIDAD POR CHASCOM\u00daS","author":"Alejandro Sosa Ruda","date":"4 octubre, 2018","format":false,"excerpt":"Algunas fuentes nos hacen llegar informaci\u00f3n y elementos que dejan probado que los \u201cinconvenientes\u201d entre el oficialismo y cambiemos dentro del Consejo Escolar, ya vienen ocurriendo por distintas razones, que hasta hoy se desconoc\u00edan. Evidentemente los \u00faltimos acontecimientos respecto de una auditor\u00eda que salieron a la luz y que brindamos\u2026","rel":"","context":"En \u00abDESTACADAS\u00bb","block_context":{"text":"DESTACADAS","link":"https:\/\/larevistadigital.com.ar\/blog\/category\/destacadas\/"},"img":{"alt_text":"","src":"https:\/\/i0.wp.com\/larevistadigital.com.ar\/blog\/wp-content\/uploads\/2018\/10\/Sin-t%C3%ADtulo-1.jpg?fit=1200%2C675&ssl=1&resize=350%2C200","width":350,"height":200,"srcset":"https:\/\/i0.wp.com\/larevistadigital.com.ar\/blog\/wp-content\/uploads\/2018\/10\/Sin-t%C3%ADtulo-1.jpg?fit=1200%2C675&ssl=1&resize=350%2C200 1x, https:\/\/i0.wp.com\/larevistadigital.com.ar\/blog\/wp-content\/uploads\/2018\/10\/Sin-t%C3%ADtulo-1.jpg?fit=1200%2C675&ssl=1&resize=525%2C300 1.5x, https:\/\/i0.wp.com\/larevistadigital.com.ar\/blog\/wp-content\/uploads\/2018\/10\/Sin-t%C3%ADtulo-1.jpg?fit=1200%2C675&ssl=1&resize=700%2C400 2x, https:\/\/i0.wp.com\/larevistadigital.com.ar\/blog\/wp-content\/uploads\/2018\/10\/Sin-t%C3%ADtulo-1.jpg?fit=1200%2C675&ssl=1&resize=1050%2C600 3x"},"classes":[]}],"_links":{"self":[{"href":"https:\/\/larevistadigital.com.ar\/blog\/wp-json\/wp\/v2\/posts\/19198","targetHints":{"allow":["GET"]}}],"collection":[{"href":"https:\/\/larevistadigital.com.ar\/blog\/wp-json\/wp\/v2\/posts"}],"about":[{"href":"https:\/\/larevistadigital.com.ar\/blog\/wp-json\/wp\/v2\/types\/post"}],"author":[{"embeddable":true,"href":"https:\/\/larevistadigital.com.ar\/blog\/wp-json\/wp\/v2\/users\/3"}],"replies":[{"embeddable":true,"href":"https:\/\/larevistadigital.com.ar\/blog\/wp-json\/wp\/v2\/comments?post=19198"}],"version-history":[{"count":2,"href":"https:\/\/larevistadigital.com.ar\/blog\/wp-json\/wp\/v2\/posts\/19198\/revisions"}],"predecessor-version":[{"id":19201,"href":"https:\/\/larevistadigital.com.ar\/blog\/wp-json\/wp\/v2\/posts\/19198\/revisions\/19201"}],"wp:featuredmedia":[{"embeddable":true,"href":"https:\/\/larevistadigital.com.ar\/blog\/wp-json\/wp\/v2\/media\/19199"}],"wp:attachment":[{"href":"https:\/\/larevistadigital.com.ar\/blog\/wp-json\/wp\/v2\/media?parent=19198"}],"wp:term":[{"taxonomy":"category","embeddable":true,"href":"https:\/\/larevistadigital.com.ar\/blog\/wp-json\/wp\/v2\/categories?post=19198"},{"taxonomy":"post_tag","embeddable":true,"href":"https:\/\/larevistadigital.com.ar\/blog\/wp-json\/wp\/v2\/tags?post=19198"}],"curies":[{"name":"wp","href":"https:\/\/api.w.org\/{rel}","templated":true}]}}