{"id":19202,"date":"2021-03-08T03:48:55","date_gmt":"2021-03-08T03:48:55","guid":{"rendered":"https:\/\/larevistadigital.com.ar\/blog\/?p=19202"},"modified":"2021-03-08T03:48:55","modified_gmt":"2021-03-08T03:48:55","slug":"mensaje-del-intendente-que-solo-sirve-para-provocar","status":"publish","type":"post","link":"https:\/\/larevistadigital.com.ar\/blog\/mensaje-del-intendente-que-solo-sirve-para-provocar\/","title":{"rendered":"MENSAJE DEL INTENDENTE QUE SOLO SIRVE PARA PROVOCAR&#8230;"},"content":{"rendered":"<p>El intendente de Chascom\u00fas, <strong>Javier Gast\u00f3n<\/strong>, film\u00f3 un video que subi\u00f3 a las redes donde habl\u00f3 en relaci\u00f3n al conflicto que mantienen los profesionales de la salud que trabajan y trabajaban en el Hospital Municipal San Vicente de Paul.<\/p>\n<p>De manera incre\u00edble, mencion\u00f3 el conflicto como algo que <em><strong>\u00aben los \u00faltimos d\u00edas ha estado en boca de muchos\u00bb<\/strong><\/em>&#8230;Para continuar diciendo que <strong><em>\u00abquiero expresar mi acompa\u00f1amiento y total respaldo a las decisiones que el director, el doctor Jorge Rodriguez y su equipo han ido realizando para acompa\u00f1ar las necesidades de todos los vecinos\u00bb (\u00bfSe referir\u00e1 a las decisiones de echar m\u00e9dicos, o a la de renunciar a otros?) \u00bfo a los aprietes a quienes osaron contar sus padeceres?<\/em><\/strong><\/p>\n<p>El video solamente dura un minuto con veinte segundos, y no dice absolutamente nada. Eso es lo m\u00e1s grave: No aborda el problema en su real magnitud, y respalda a un director, cuando hay m\u00e1s de 30 personas que est\u00e1n diciendo y denunciando todo tipo de anomal\u00edas, que Gast\u00f3n desecha, sin ni siquiera verificar, o poner en duda. Simplemente ignora y descree lo que plantean los trabajadores, que seg\u00fan el intendente seguramente se han confabulado.<\/p>\n<p>Luego invierte la situaci\u00f3n, porque afirma que <strong><em>\u00abse han dicho muchas cosas que lo que hacen es da\u00f1ar la confianza que tenemos que tener para poder ir al Hospital y sentirnos seguros y tranquilos\u00bb_\u00bfQU\u00c9EEEE SE\u00d1OR INTENDENTE? AS\u00cd QUE PARA USTED, QUE M\u00c1S DE 30 PROFESIONALES CUENTEN LO QUE OCURRE ES \u00abDA\u00d1AR LA CONFIANZA\u00bb??? ENTONCES, EXPLIQUE POR FAVOR \u00bfQUE DEBER\u00cdAN HABER HECHO LUEGO DE SER MALTRATADOS, HUMILLADOS Y DESPEDIDOS U OBLIGADOS A RENUNCIAR?<\/em><\/strong><\/p>\n<p><strong>\u00bfUSTED HABLA EN SERIO, SE\u00d1OR JAVIER GAST\u00d3N?<\/strong><\/p>\n<p>Luego se limita a \u00abagradecer infinitamente a m\u00e9dicos y enfermeras\u00bb\u00a0 (mientras en la vida real, se\u00f1or intendente, los echan de sus trabajos, o se limitan a maltratarlos.<\/p>\n<p>Una verdadera burla a las \u00fanicas v\u00edctimas de esta historia.<\/p>\n<p><strong>EL VIDEO:<\/strong><\/p>\n<div style=\"width: 848px;\" class=\"wp-video\"><!--[if lt IE 9]><script>document.createElement('video');<\/script><![endif]-->\n<video class=\"wp-video-shortcode\" id=\"video-19202-1\" width=\"848\" height=\"480\" preload=\"metadata\" controls=\"controls\"><source type=\"video\/mp4\" src=\"https:\/\/larevistadigital.com.ar\/blog\/wp-content\/uploads\/VIDEO-GASTON.mp4?_=1\" \/><a href=\"https:\/\/larevistadigital.com.ar\/blog\/wp-content\/uploads\/VIDEO-GASTON.mp4\">https:\/\/larevistadigital.com.ar\/blog\/wp-content\/uploads\/VIDEO-GASTON.mp4<\/a><\/video><\/div>\n","protected":false},"excerpt":{"rendered":"<div class=\"mh-excerpt\"><p>El intendente de Chascom\u00fas, Javier Gast\u00f3n, film\u00f3 un video que subi\u00f3 a las redes donde habl\u00f3 en relaci\u00f3n al conflicto que mantienen los profesionales de la salud que trabajan y trabajaban en el Hospital Municipal <a class=\"mh-excerpt-more\" href=\"https:\/\/larevistadigital.com.ar\/blog\/mensaje-del-intendente-que-solo-sirve-para-provocar\/\" title=\"MENSAJE DEL INTENDENTE QUE SOLO SIRVE PARA PROVOCAR&#8230;\">[Leer M\u00e1s]<\/a><\/p>\n<\/div>","protected":false},"author":3,"featured_media":19204,"comment_status":"open","ping_status":"open","sticky":false,"template":"","format":"standard","meta":{"_jetpack_memberships_contains_paid_content":false,"footnotes":"","jetpack_publicize_message":"","jetpack_publicize_feature_enabled":true,"jetpack_social_post_already_shared":true,"jetpack_social_options":{"image_generator_settings":{"template":"highway","default_image_id":0,"font":"","enabled":false},"version":2}},"categories":[50,12],"tags":[],"class_list":{"0":"post-19202","1":"post","2":"type-post","3":"status-publish","4":"format-standard","5":"has-post-thumbnail","7":"category-interes-general","8":"category-politica"},"jetpack_publicize_connections":[],"jetpack_featured_media_url":"https:\/\/i0.wp.com\/larevistadigital.com.ar\/blog\/wp-content\/uploads\/Captura-23.png?fit=788%2C659&ssl=1","jetpack_sharing_enabled":true,"jetpack_shortlink":"https:\/\/wp.me\/p8qtrQ-4ZI","jetpack-related-posts":[{"id":19149,"url":"https:\/\/larevistadigital.com.ar\/blog\/es-el-mejor-momento-para-que-el-intendente-tome-vacaciones\/","url_meta":{"origin":19202,"position":0},"title":"\u00bfES EL MEJOR MOMENTO PARA QUE EL INTENDENTE TOME VACACIONES?","author":"Alejandro Sosa Ruda","date":"3 marzo, 2021","format":false,"excerpt":"Antes que nada, queremos hacer la salvedad que el intendente, al igual que cualquiera tiene el derecho de tomar vacaciones, y disfrutar un descanso con su familia. Eso no est\u00e1 en discusi\u00f3n. Lo que nos surge, es la duda acerca si este es el mejor momento para hacerlo, ya que\u2026","rel":"","context":"En \u00abDESTACADAS\u00bb","block_context":{"text":"DESTACADAS","link":"https:\/\/larevistadigital.com.ar\/blog\/category\/destacadas\/"},"img":{"alt_text":"","src":"https:\/\/i0.wp.com\/larevistadigital.com.ar\/blog\/wp-content\/uploads\/VACACIONES-CHAPA.jpg?fit=780%2C1040&ssl=1&resize=350%2C200","width":350,"height":200,"srcset":"https:\/\/i0.wp.com\/larevistadigital.com.ar\/blog\/wp-content\/uploads\/VACACIONES-CHAPA.jpg?fit=780%2C1040&ssl=1&resize=350%2C200 1x, https:\/\/i0.wp.com\/larevistadigital.com.ar\/blog\/wp-content\/uploads\/VACACIONES-CHAPA.jpg?fit=780%2C1040&ssl=1&resize=525%2C300 1.5x, https:\/\/i0.wp.com\/larevistadigital.com.ar\/blog\/wp-content\/uploads\/VACACIONES-CHAPA.jpg?fit=780%2C1040&ssl=1&resize=700%2C400 2x"},"classes":[]},{"id":208,"url":"https:\/\/larevistadigital.com.ar\/blog\/municipalidad-gral-paz-intendente-alvarez-solicito-la-conciliacion-obligatoria-conflicto-rapido-argentino\/","url_meta":{"origin":19202,"position":1},"title":"Municipalidad de Gral. Paz: EL INTENDENTE ALVAREZ SOLICITO LA CONCILIACI\u00d3N OBLIGATORIA EN EL CONFLICTO DE \u00c9L R\u00c1PIDO ARGENTINO.","author":"editor","date":"12 febrero, 2017","format":false,"excerpt":"La Municipalidad de General Paz informa, que a ra\u00edz del conflicto que mantienen los trabajadores agremiados en UTA (Uni\u00f3n de Tranviarios Automotor) y la empresa El R\u00e1pido Argentino y que consecuentemente ha originado el cese por tiempo indeterminado del servicio de transporte de pasajeros del ramal La Plata \u2013 General\u2026","rel":"","context":"En \u00abRANCHOS\u00bb","block_context":{"text":"RANCHOS","link":"https:\/\/larevistadigital.com.ar\/blog\/category\/ranchos\/"},"img":{"alt_text":"","src":"https:\/\/i0.wp.com\/larevistadigital.com.ar\/blog\/wp-content\/uploads\/2017\/02\/micro.jpg?fit=388%2C235&ssl=1&resize=350%2C200","width":350,"height":200},"classes":[]},{"id":19587,"url":"https:\/\/larevistadigital.com.ar\/blog\/19587-2\/","url_meta":{"origin":19202,"position":2},"title":"LA UCR LOCAL EMITI\u00d3 UN COMUNICADO","author":"Alejandro Sosa Ruda","date":"3 abril, 2021","format":false,"excerpt":"COMUNICADO DE LA UNION CIVICA RADICAL DE CHASCOMUS Frente a la gravedad de la pandemia Necesitamos que se abra al di\u00e1logo Intendente y que se acaben las decisiones a puertas cerradas En estos \u00faltimos d\u00edas es de p\u00fablico conocimiento el incremento de infectados por Covid19 con la novedad que han\u2026","rel":"","context":"En \u00abCHASCOM\u00daS\u00bb","block_context":{"text":"CHASCOM\u00daS","link":"https:\/\/larevistadigital.com.ar\/blog\/category\/chascomus\/"},"img":{"alt_text":"","src":"https:\/\/i0.wp.com\/larevistadigital.com.ar\/blog\/wp-content\/uploads\/ucr_elfuerte-02deoctubre.jpg?fit=737%2C415&ssl=1&resize=350%2C200","width":350,"height":200,"srcset":"https:\/\/i0.wp.com\/larevistadigital.com.ar\/blog\/wp-content\/uploads\/ucr_elfuerte-02deoctubre.jpg?fit=737%2C415&ssl=1&resize=350%2C200 1x, https:\/\/i0.wp.com\/larevistadigital.com.ar\/blog\/wp-content\/uploads\/ucr_elfuerte-02deoctubre.jpg?fit=737%2C415&ssl=1&resize=525%2C300 1.5x, https:\/\/i0.wp.com\/larevistadigital.com.ar\/blog\/wp-content\/uploads\/ucr_elfuerte-02deoctubre.jpg?fit=737%2C415&ssl=1&resize=700%2C400 2x"},"classes":[]},{"id":5694,"url":"https:\/\/larevistadigital.com.ar\/blog\/chascomus-el-intendente-intercedio-para-garantizar-el-servicio-de-transporte-escolar\/","url_meta":{"origin":19202,"position":3},"title":"CHASCOMUS: EL INTENDENTE INTERCEDI\u00d3 PARA GARANTIZAR EL SERVICIO DE TRANSPORTE ESCOLAR","author":"Alejandro Sosa Ruda","date":"1 junio, 2018","format":false,"excerpt":"Esta ma\u00f1ana el Intendente Municipal hizo efectiva la asistencia econ\u00f3mica al Consejo Escolar para cancelar la deuda que mantiene el Estado Provincial con los proveedores del servicio de transporte escolar, y de esta manera, continuar garantizando el servicio. \u201cDestinamos, nuevamente, parte de los recursos del Fondo de Financiamiento para destrabar\u2026","rel":"","context":"En \u00abPOLITICA\u00bb","block_context":{"text":"POLITICA","link":"https:\/\/larevistadigital.com.ar\/blog\/category\/politica\/"},"img":{"alt_text":"","src":"https:\/\/i0.wp.com\/larevistadigital.com.ar\/blog\/wp-content\/uploads\/2018\/06\/34074353_1897328463621363_5684504793825935360_n.jpg?fit=960%2C640&ssl=1&resize=350%2C200","width":350,"height":200,"srcset":"https:\/\/i0.wp.com\/larevistadigital.com.ar\/blog\/wp-content\/uploads\/2018\/06\/34074353_1897328463621363_5684504793825935360_n.jpg?fit=960%2C640&ssl=1&resize=350%2C200 1x, https:\/\/i0.wp.com\/larevistadigital.com.ar\/blog\/wp-content\/uploads\/2018\/06\/34074353_1897328463621363_5684504793825935360_n.jpg?fit=960%2C640&ssl=1&resize=525%2C300 1.5x, https:\/\/i0.wp.com\/larevistadigital.com.ar\/blog\/wp-content\/uploads\/2018\/06\/34074353_1897328463621363_5684504793825935360_n.jpg?fit=960%2C640&ssl=1&resize=700%2C400 2x"},"classes":[]},{"id":5690,"url":"https:\/\/larevistadigital.com.ar\/blog\/chascomus-el-intendente-encabezo-los-festejos-por-el-239-aniversario-de-la-ciudad\/","url_meta":{"origin":19202,"position":4},"title":"CHASCOM\u00daS: EL INTENDENTE ENCABEZ\u00d3 LOS FESTEJOS POR EL 239 ANIVERSARIO DE LA CIUDAD","author":"Alejandro Sosa Ruda","date":"31 mayo, 2018","format":false,"excerpt":"Durante la ma\u00f1ana de hoy, el intendente municipal, Javier Gast\u00f3n, junto a familiares directos de Pedro Nicolas Escribano, encabezaron los festejos por el 239\u00b0 aniversario de la Fundaci\u00f3n de la Ciudad de Chascom\u00fas. Al inicio del encuentro, se acercaron a la Plaza Independencia para entregar una ofrenda floral en homenaje\u2026","rel":"","context":"En \u00abDESTACADAS\u00bb","block_context":{"text":"DESTACADAS","link":"https:\/\/larevistadigital.com.ar\/blog\/category\/destacadas\/"},"img":{"alt_text":"","src":"https:\/\/i0.wp.com\/larevistadigital.com.ar\/blog\/wp-content\/uploads\/2018\/05\/34015772_1895135910507285_121383446596550656_n.jpg?fit=960%2C641&ssl=1&resize=350%2C200","width":350,"height":200,"srcset":"https:\/\/i0.wp.com\/larevistadigital.com.ar\/blog\/wp-content\/uploads\/2018\/05\/34015772_1895135910507285_121383446596550656_n.jpg?fit=960%2C641&ssl=1&resize=350%2C200 1x, https:\/\/i0.wp.com\/larevistadigital.com.ar\/blog\/wp-content\/uploads\/2018\/05\/34015772_1895135910507285_121383446596550656_n.jpg?fit=960%2C641&ssl=1&resize=525%2C300 1.5x, https:\/\/i0.wp.com\/larevistadigital.com.ar\/blog\/wp-content\/uploads\/2018\/05\/34015772_1895135910507285_121383446596550656_n.jpg?fit=960%2C641&ssl=1&resize=700%2C400 2x"},"classes":[]},{"id":19343,"url":"https:\/\/larevistadigital.com.ar\/blog\/claverol-le-dije-al-intendente-que-mi-renuncia-esta-arriba-de-la-mesa\/","url_meta":{"origin":19202,"position":5},"title":"CLAVEROL: \u00abLE DIJE AL INTENDENTE QUE MI RENUNCIA EST\u00c1 ARRIBA DE LA MESA\u00bb","author":"Alejandro Sosa Ruda","date":"21 marzo, 2021","format":false,"excerpt":"Una nota con el pol\u00e9mico funcionario, que dej\u00f3 bien expuesta la estrategia del oficialismo de negar, minimizar, y politizar el conflicto con los profesionales, adoptando el papel de v\u00edctima y \"ofreciendo\" su renuncia. D\u00edas atr\u00e1s, el responsable de \"Recursos Humanos\" del Hospital Municipal San Vicente de Paul, Eduardo Claverol, mantuvo\u2026","rel":"","context":"En \u00abDESTACADAS\u00bb","block_context":{"text":"DESTACADAS","link":"https:\/\/larevistadigital.com.ar\/blog\/category\/destacadas\/"},"img":{"alt_text":"","src":"https:\/\/i0.wp.com\/larevistadigital.com.ar\/blog\/wp-content\/uploads\/CLAVEROL-SANTO.jpg?fit=800%2C531&ssl=1&resize=350%2C200","width":350,"height":200,"srcset":"https:\/\/i0.wp.com\/larevistadigital.com.ar\/blog\/wp-content\/uploads\/CLAVEROL-SANTO.jpg?fit=800%2C531&ssl=1&resize=350%2C200 1x, https:\/\/i0.wp.com\/larevistadigital.com.ar\/blog\/wp-content\/uploads\/CLAVEROL-SANTO.jpg?fit=800%2C531&ssl=1&resize=525%2C300 1.5x, https:\/\/i0.wp.com\/larevistadigital.com.ar\/blog\/wp-content\/uploads\/CLAVEROL-SANTO.jpg?fit=800%2C531&ssl=1&resize=700%2C400 2x"},"classes":[]}],"_links":{"self":[{"href":"https:\/\/larevistadigital.com.ar\/blog\/wp-json\/wp\/v2\/posts\/19202","targetHints":{"allow":["GET"]}}],"collection":[{"href":"https:\/\/larevistadigital.com.ar\/blog\/wp-json\/wp\/v2\/posts"}],"about":[{"href":"https:\/\/larevistadigital.com.ar\/blog\/wp-json\/wp\/v2\/types\/post"}],"author":[{"embeddable":true,"href":"https:\/\/larevistadigital.com.ar\/blog\/wp-json\/wp\/v2\/users\/3"}],"replies":[{"embeddable":true,"href":"https:\/\/larevistadigital.com.ar\/blog\/wp-json\/wp\/v2\/comments?post=19202"}],"version-history":[{"count":1,"href":"https:\/\/larevistadigital.com.ar\/blog\/wp-json\/wp\/v2\/posts\/19202\/revisions"}],"predecessor-version":[{"id":19205,"href":"https:\/\/larevistadigital.com.ar\/blog\/wp-json\/wp\/v2\/posts\/19202\/revisions\/19205"}],"wp:featuredmedia":[{"embeddable":true,"href":"https:\/\/larevistadigital.com.ar\/blog\/wp-json\/wp\/v2\/media\/19204"}],"wp:attachment":[{"href":"https:\/\/larevistadigital.com.ar\/blog\/wp-json\/wp\/v2\/media?parent=19202"}],"wp:term":[{"taxonomy":"category","embeddable":true,"href":"https:\/\/larevistadigital.com.ar\/blog\/wp-json\/wp\/v2\/categories?post=19202"},{"taxonomy":"post_tag","embeddable":true,"href":"https:\/\/larevistadigital.com.ar\/blog\/wp-json\/wp\/v2\/tags?post=19202"}],"curies":[{"name":"wp","href":"https:\/\/api.w.org\/{rel}","templated":true}]}}