{"id":19206,"date":"2021-03-08T14:47:13","date_gmt":"2021-03-08T14:47:13","guid":{"rendered":"https:\/\/larevistadigital.com.ar\/blog\/?p=19206"},"modified":"2021-03-08T14:47:13","modified_gmt":"2021-03-08T14:47:13","slug":"por-que-el-8-de-marzo-se-celebra-el-dia-internacional-de-la-mujer","status":"publish","type":"post","link":"https:\/\/larevistadigital.com.ar\/blog\/por-que-el-8-de-marzo-se-celebra-el-dia-internacional-de-la-mujer\/","title":{"rendered":"\u00bfPOR QU\u00c9 EL 8 DE MARZO SE CELEBRA EL D\u00cdA INTERNACIONAL DE LA MUJER?"},"content":{"rendered":"<p>Hoy lunes 8 de Marzo se celebra el D\u00eda Internacional de la Mujer. Pero \u00bfqu\u00e9 pas\u00f3 el 8 de marzo de 1857? La fecha recuerda el incendio de una f\u00e1brica de camisas de Nueva York en el que murieron 146 personas marc\u00f3 la lucha por los derechos de la mujer. Desde Ayacuchoaldia.com.ar enviamos un fuerte abrazo a todas las mujeres de nuestra ciudad como las lectoras que en distintos puntos del planeta nos siguen a diario.<\/p>\n<blockquote>\n<h3>El D\u00eda Internacional de la Mujer del 8 de marzo fue declarado por las Naciones Unidas en 1975. Dos a\u00f1os m\u00e1s tarde se convirti\u00f3 en el D\u00eda Internacional de la Mujer y la Paz Internacional. En Estados Unidos se celebra oficialmente tan solo desde 1994, a pesar de que es en aquel pa\u00eds donde se encuentran los or\u00edgenes de la conmemoraci\u00f3n. \u00bfPor qu\u00e9 se eligi\u00f3 ese d\u00eda?<\/h3>\n<\/blockquote>\n<p>La explicaci\u00f3n m\u00e1s veros\u00edmil se remonta a mediados del siglo XIX, en plena revoluci\u00f3n industrial. El 8 de marzo de 1857, miles de trabajadoras textiles decidieron salir a las calles de Nueva York con el lema \u2018Pan y rosas\u2019 para protestar por las m\u00edseras condiciones laborales y reivindicar un recorte del horario y el fin del trabajo infantil.<\/p>\n<blockquote>\n<h3>Fue una de las primeras manifestaciones para luchar por sus derechos, y distintos movimientos, sucesos y movilizaciones (como la huelga de las camiseras de 1909) se sucedieron a partir de entonces. El episodio tambi\u00e9n sirvi\u00f3 de referencia para fijar la fecha del D\u00eda Internacional de la Mujer en el 8 de marzo.<\/h3>\n<\/blockquote>\n<p>El cap\u00edtulo m\u00e1s cruento de la lucha por los derechos de la mujer se produjo, sin embargo, el 25 de marzo de 1911, cuando se incendi\u00f3 la f\u00e1brica de camisas Triangle Shirtwaist de Nueva York. Un total de 123 mujeres y 23 hombres murieron. La mayor\u00eda eran j\u00f3venes inmigrantes de entre 14 y 23 a\u00f1os.<\/p>\n<blockquote>\n<h3>Seg\u00fan el informe de los bomberos, una colilla mal apagada tirada en un cubo de restos de tela que no se hab\u00eda vaciado en dos meses fue el origen del incendio. Las trabajadoras y sus compa\u00f1eros no pudieron escapar porque los responsables de la f\u00e1brica hab\u00edan cerrado todas las puertas de escaleras y de las salidas, una pr\u00e1ctica habitual entonces para evitar robos.<\/h3>\n<\/blockquote>\n<p>Al no poder huir, muchas de las trabajadores saltaron a la calle desde los pisos octavo, noveno y d\u00e9cimo del edificio. La mayor\u00eda de las v\u00edctimas murieron por quemaduras, asfixia, lesiones por impacto contundente o una combinaci\u00f3n de estas causas.<\/p>\n<p>El desastre industrial, el m\u00e1s mort\u00edfero de la historia de la ciudad, supuso la introducci\u00f3n de nuevas normas de seguridad y salud laboral en el pa\u00eds.<\/p>\n<p><strong>Historia del D\u00eda Internacional de la Mujer<\/strong><\/p>\n<p>Antes de esta fecha, en EEUU, Nueva York y Chicago ya hab\u00edan acogido el 28 de febrero de 1909 un acto que bautizaron con el nombre de \u2018D\u00eda de la Mujer\u2019, organizado por destacadas mujeres socialistas como Corinne Brown y Gertrude Breslau-Hunt.<\/p>\n<blockquote>\n<h3>En Europa, fue en 1910 cuando durante la 2\u00aa Conferencia Internacional de Mujeres Socialistas, celebrada en Copenhague (Dinamarca) con la asistencia de m\u00e1s de 100 mujeres procedentes de 17 pa\u00edses, se decidi\u00f3 proclamar el D\u00eda Internacional de la Mujer Trabajadora.<\/h3>\n<\/blockquote>\n<p>Detr\u00e1s de esta iniciativa estaban defensoras de los derechos de las mujeres como Clara Zetkin y Rosa Luxemburgo. No fijaron una fecha concreta, pero s\u00ed el mes: marzo.<\/p>\n<p><strong>Derecho a votar<\/strong><\/p>\n<p>Como consecuencia de esa cumbre de Copenhague, el mes de marzo de 1911 se celebr\u00f3 por primera vez el D\u00eda de la Mujer en Alemania, Austria, Dinamarca y Suiza. Se organizaron m\u00edtines en los que las mujeres reclamaron el derecho a votar, a ocupar cargos p\u00fablicos, a trabajar, a la formaci\u00f3n profesional y a la no discriminaci\u00f3n laboral.<\/p>\n<p>Coincidiendo con la primera guerra mundial, la fecha se aprovech\u00f3 en toda Europa para protestar por las consecuencias de la guerra.<\/p>\n","protected":false},"excerpt":{"rendered":"<div class=\"mh-excerpt\"><p>Hoy lunes 8 de Marzo se celebra el D\u00eda Internacional de la Mujer. Pero \u00bfqu\u00e9 pas\u00f3 el 8 de marzo de 1857? La fecha recuerda el incendio de una f\u00e1brica de camisas de Nueva York <a class=\"mh-excerpt-more\" href=\"https:\/\/larevistadigital.com.ar\/blog\/por-que-el-8-de-marzo-se-celebra-el-dia-internacional-de-la-mujer\/\" title=\"\u00bfPOR QU\u00c9 EL 8 DE MARZO SE CELEBRA EL D\u00cdA INTERNACIONAL DE LA MUJER?\">[Leer M\u00e1s]<\/a><\/p>\n<\/div>","protected":false},"author":3,"featured_media":19207,"comment_status":"open","ping_status":"open","sticky":false,"template":"","format":"standard","meta":{"_jetpack_memberships_contains_paid_content":false,"footnotes":"","jetpack_publicize_message":"","jetpack_publicize_feature_enabled":true,"jetpack_social_post_already_shared":true,"jetpack_social_options":{"image_generator_settings":{"template":"highway","default_image_id":0,"font":"","enabled":false},"version":2}},"categories":[50],"tags":[],"class_list":{"0":"post-19206","1":"post","2":"type-post","3":"status-publish","4":"format-standard","5":"has-post-thumbnail","7":"category-interes-general"},"jetpack_publicize_connections":[],"jetpack_featured_media_url":"https:\/\/i0.wp.com\/larevistadigital.com.ar\/blog\/wp-content\/uploads\/dia-mujer.jpg?fit=1200%2C676&ssl=1","jetpack_sharing_enabled":true,"jetpack_shortlink":"https:\/\/wp.me\/p8qtrQ-4ZM","jetpack-related-posts":[{"id":717,"url":"https:\/\/larevistadigital.com.ar\/blog\/walker-decreto-asueto-administrativo-dia-la-mujer\/","url_meta":{"origin":19206,"position":0},"title":"Walker decret\u00f3 asueto administrativo por el D\u00eda de la Mujer","author":"editor","date":"8 marzo, 2017","format":false,"excerpt":"Como es de dominio p\u00fablico, este mi\u00e9rcoles 8 de marzo se celebra el \u201cD\u00eda Internacional de la Mujer\u201d reconocido por la Organizaci\u00f3n de las Naciones Unidas (O.N.U.), donde se conmemora la lucha de la mujer por su participaci\u00f3n , en pie de igualdad con el hombre, en la sociedad y\u2026","rel":"","context":"En \u00abPILA\u00bb","block_context":{"text":"PILA","link":"https:\/\/larevistadigital.com.ar\/blog\/category\/pila\/"},"img":{"alt_text":"","src":"https:\/\/i0.wp.com\/larevistadigital.com.ar\/blog\/wp-content\/uploads\/2017\/03\/562eb5d12b64e_639x0.jpg?fit=639%2C473&ssl=1&resize=350%2C200","width":350,"height":200,"srcset":"https:\/\/i0.wp.com\/larevistadigital.com.ar\/blog\/wp-content\/uploads\/2017\/03\/562eb5d12b64e_639x0.jpg?fit=639%2C473&ssl=1&resize=350%2C200 1x, https:\/\/i0.wp.com\/larevistadigital.com.ar\/blog\/wp-content\/uploads\/2017\/03\/562eb5d12b64e_639x0.jpg?fit=639%2C473&ssl=1&resize=525%2C300 1.5x"},"classes":[]},{"id":24416,"url":"https:\/\/larevistadigital.com.ar\/blog\/homenaje-de-la-ucr-en-el-dia-internacional-de-la-mujer\/","url_meta":{"origin":19206,"position":1},"title":"HOMENAJE DE LA UCR EN EL D\u00cdA INTERNACIONAL DE LA MUJER","author":"Alejandro Sosa Ruda","date":"8 marzo, 2022","format":false,"excerpt":"Uni\u00f3n C\u00edvica Radical Comit\u00e9 Chascom\u00fas\u00a0\u00a0\u00a0\u00a0\u00a0\u00a0\u00a0\u00a0\u00a0\u00a0\u00a0\u00a0\u00a0\u00a0\u00a0\u00a0\u00a0\u00a0\u00a0\u00a0\u00a0\u00a0\u00a0\u00a0\u00a0\u00a0\u00a0\u00a0\u00a0\u00a0\u00a0\u00a0 8 de marzo de 2022 \u00a0 MARGARITA MALHARRO de TORRES (1921-11994) Profesora, activista y pol\u00edtica argentina, integrante de la Uni\u00f3n C\u00edvica Radical Autora de la Ley 24012.\u00a0 Ley de Cupo Femenino, aprobada en el a\u00f1o 1991. \u00a0 \u00a0\u00a0\u00a0\u00a0\u00a0\u00a0\u00a0\u00a0\u00a0\u00a0\u00a0\u00a0\u00a0\u00a0\u00a0\u00a0\u00a0\u00a0\u00a0\u00a0\u00a0\u00a0\u00a0\u00a0\u00a0\u00a0\u00a0\u00a0 Uni\u00f3n C\u00edvica Radical \u00a0\u00a0 Comit\u00e9 Chascom\u00fas\u00a0\u00a0\u00a0\u00a0\u00a0\u00a0\u00a0\u00a0\u00a0\u00a0\u00a0\u00a0\u00a0\u00a0\u00a0\u00a0\u00a0\u00a0\u00a0\u00a0\u00a0\u00a0\u00a0\u00a0\u00a0\u00a0\u00a0\u00a0\u00a0\u00a0\u00a0\u00a0 8\u2026","rel":"","context":"En \u00abINTERES GENERAL\u00bb","block_context":{"text":"INTERES GENERAL","link":"https:\/\/larevistadigital.com.ar\/blog\/category\/interes-general\/"},"img":{"alt_text":"","src":"https:\/\/i0.wp.com\/larevistadigital.com.ar\/blog\/wp-content\/uploads\/ESTE.jpg?fit=800%2C1154&ssl=1&resize=350%2C200","width":350,"height":200,"srcset":"https:\/\/i0.wp.com\/larevistadigital.com.ar\/blog\/wp-content\/uploads\/ESTE.jpg?fit=800%2C1154&ssl=1&resize=350%2C200 1x, https:\/\/i0.wp.com\/larevistadigital.com.ar\/blog\/wp-content\/uploads\/ESTE.jpg?fit=800%2C1154&ssl=1&resize=525%2C300 1.5x, https:\/\/i0.wp.com\/larevistadigital.com.ar\/blog\/wp-content\/uploads\/ESTE.jpg?fit=800%2C1154&ssl=1&resize=700%2C400 2x"},"classes":[]},{"id":612,"url":"https:\/\/larevistadigital.com.ar\/blog\/la-multisectorial-mujeres-anuncio-actividades-miercoles-8-marzo\/","url_meta":{"origin":19206,"position":2},"title":"La Multisectorial de Mujeres anunci\u00f3 actividades para el mi\u00e9rcoles 8 de marzo","author":"editor","date":"6 marzo, 2017","format":false,"excerpt":"La mutisectorial de mujeres de Chascom\u00fas, ni una menos, emiti\u00f3 un comunicado de prensa, en el marco del pr\u00f3ximo d\u00eda internacional de la mujer. El texto completo de dicho documento, es el siguiente: El 8 de marzo conmemoramos el D\u00eda Internacional de la Mujer Trabajadora. El a\u00f1o 1910 se propone\u2026","rel":"","context":"En \u00abCHASCOM\u00daS\u00bb","block_context":{"text":"CHASCOM\u00daS","link":"https:\/\/larevistadigital.com.ar\/blog\/category\/chascomus\/"},"img":{"alt_text":"","src":"https:\/\/i0.wp.com\/larevistadigital.com.ar\/blog\/wp-content\/uploads\/2017\/03\/1476947836_262548_1476948391_album_normal.jpg?fit=980%2C653&ssl=1&resize=350%2C200","width":350,"height":200,"srcset":"https:\/\/i0.wp.com\/larevistadigital.com.ar\/blog\/wp-content\/uploads\/2017\/03\/1476947836_262548_1476948391_album_normal.jpg?fit=980%2C653&ssl=1&resize=350%2C200 1x, https:\/\/i0.wp.com\/larevistadigital.com.ar\/blog\/wp-content\/uploads\/2017\/03\/1476947836_262548_1476948391_album_normal.jpg?fit=980%2C653&ssl=1&resize=525%2C300 1.5x, https:\/\/i0.wp.com\/larevistadigital.com.ar\/blog\/wp-content\/uploads\/2017\/03\/1476947836_262548_1476948391_album_normal.jpg?fit=980%2C653&ssl=1&resize=700%2C400 2x"},"classes":[]},{"id":8932,"url":"https:\/\/larevistadigital.com.ar\/blog\/lezama-inspectoria-y-la-comisaria-de-la-mujer-agasajaron-a-residentes-y-trabajadoras-del-geriatrico-municipal\/","url_meta":{"origin":19206,"position":3},"title":"LEZAMA: INSPECTOR\u00cdA Y LA COMISAR\u00cdA DE LA MUJER AGASAJARON A RESIDENTES Y TRABAJADORAS DEL GERI\u00c1TRICO MUNICIPAL","author":"Alejandro Sosa Ruda","date":"8 marzo, 2019","format":false,"excerpt":"Durante la jornada de ayer, a modo de agasajo por el D\u00eda Internacional de la Mujer, personal de la Comisar\u00eda de la Mujer y la Familia de Lezama e Inspector\u00eda Municipal entregaron presentes al personal femenino que desempe\u00f1a tareas en el Geri\u00e1trico Do\u00f1a Celina Girard, como as\u00ed tambi\u00e9n a las\u2026","rel":"","context":"En \u00abLEZAMA\u00bb","block_context":{"text":"LEZAMA","link":"https:\/\/larevistadigital.com.ar\/blog\/category\/lezama\/"},"img":{"alt_text":"","src":"https:\/\/i0.wp.com\/larevistadigital.com.ar\/blog\/wp-content\/uploads\/2019\/03\/54206322_1417647671761263_7773368052405501952_n.jpg?fit=960%2C720&ssl=1&resize=350%2C200","width":350,"height":200,"srcset":"https:\/\/i0.wp.com\/larevistadigital.com.ar\/blog\/wp-content\/uploads\/2019\/03\/54206322_1417647671761263_7773368052405501952_n.jpg?fit=960%2C720&ssl=1&resize=350%2C200 1x, https:\/\/i0.wp.com\/larevistadigital.com.ar\/blog\/wp-content\/uploads\/2019\/03\/54206322_1417647671761263_7773368052405501952_n.jpg?fit=960%2C720&ssl=1&resize=525%2C300 1.5x, https:\/\/i0.wp.com\/larevistadigital.com.ar\/blog\/wp-content\/uploads\/2019\/03\/54206322_1417647671761263_7773368052405501952_n.jpg?fit=960%2C720&ssl=1&resize=700%2C400 2x"},"classes":[]},{"id":5211,"url":"https:\/\/larevistadigital.com.ar\/blog\/chascomus-se-convoco-sesion-extraordinaria-manana\/","url_meta":{"origin":19206,"position":4},"title":"CHASCOM\u00daS: SE CONVOC\u00d3 A SESI\u00d3N EXTRAORDINARIA PARA MA\u00d1ANA","author":"Alejandro Sosa Ruda","date":"7 marzo, 2018","format":false,"excerpt":"Se convoc\u00f3 a Sesiones Extraordinarias para el pr\u00f3ximo jueves 8 del corriente y para sus respectivos Jefes de bancadas a Comisi\u00f3n de Labor Deliberativa, mismo d\u00eda a las 10 y 45 hs.- Las solicitudes han sido formuladas por: Unidad Ciudadana-PJ, por los bloques Cambiemos Chascom\u00fas, UCR en Cambiemos y UxCh,\u2026","rel":"","context":"En \u00abDESTACADAS\u00bb","block_context":{"text":"DESTACADAS","link":"https:\/\/larevistadigital.com.ar\/blog\/category\/destacadas\/"},"img":{"alt_text":"","src":"https:\/\/i0.wp.com\/larevistadigital.com.ar\/blog\/wp-content\/uploads\/2018\/03\/449787492_1_concejo-chascomus.jpg?fit=825%2C490&ssl=1&resize=350%2C200","width":350,"height":200,"srcset":"https:\/\/i0.wp.com\/larevistadigital.com.ar\/blog\/wp-content\/uploads\/2018\/03\/449787492_1_concejo-chascomus.jpg?fit=825%2C490&ssl=1&resize=350%2C200 1x, https:\/\/i0.wp.com\/larevistadigital.com.ar\/blog\/wp-content\/uploads\/2018\/03\/449787492_1_concejo-chascomus.jpg?fit=825%2C490&ssl=1&resize=525%2C300 1.5x, https:\/\/i0.wp.com\/larevistadigital.com.ar\/blog\/wp-content\/uploads\/2018\/03\/449787492_1_concejo-chascomus.jpg?fit=825%2C490&ssl=1&resize=700%2C400 2x"},"classes":[]},{"id":1006,"url":"https:\/\/larevistadigital.com.ar\/blog\/la-camara-de-comercio-reconocera-a-las-mujeres-por-su-labor-destacada\/","url_meta":{"origin":19206,"position":5},"title":"La C\u00e1mara de Comercio reconocer\u00e1 a las mujeres por su labor destacada","author":"editor","date":"12 marzo, 2017","format":false,"excerpt":"El 31 de Marzo La C\u00e1mara de Comercio, Industria, Producci\u00f3n y Servicios de Chascom\u00fas en el \"D\u00eda Internacional de la Mujer\", como lo viene haciendo los \u00faltimos a\u00f1os, reconocer\u00e1 en el presente mes, a mujeres que han contribuido al desarrollo comercial y emprendedor de nuestro distrito, como tambi\u00e9n aquellas que\u2026","rel":"","context":"En \u00abCHASCOM\u00daS\u00bb","block_context":{"text":"CHASCOM\u00daS","link":"https:\/\/larevistadigital.com.ar\/blog\/category\/chascomus\/"},"img":{"alt_text":"","src":"https:\/\/i0.wp.com\/larevistadigital.com.ar\/blog\/wp-content\/uploads\/2017\/03\/camara_elfuerte_100317.jpg?fit=959%2C761&ssl=1&resize=350%2C200","width":350,"height":200,"srcset":"https:\/\/i0.wp.com\/larevistadigital.com.ar\/blog\/wp-content\/uploads\/2017\/03\/camara_elfuerte_100317.jpg?fit=959%2C761&ssl=1&resize=350%2C200 1x, https:\/\/i0.wp.com\/larevistadigital.com.ar\/blog\/wp-content\/uploads\/2017\/03\/camara_elfuerte_100317.jpg?fit=959%2C761&ssl=1&resize=525%2C300 1.5x, https:\/\/i0.wp.com\/larevistadigital.com.ar\/blog\/wp-content\/uploads\/2017\/03\/camara_elfuerte_100317.jpg?fit=959%2C761&ssl=1&resize=700%2C400 2x"},"classes":[]}],"_links":{"self":[{"href":"https:\/\/larevistadigital.com.ar\/blog\/wp-json\/wp\/v2\/posts\/19206","targetHints":{"allow":["GET"]}}],"collection":[{"href":"https:\/\/larevistadigital.com.ar\/blog\/wp-json\/wp\/v2\/posts"}],"about":[{"href":"https:\/\/larevistadigital.com.ar\/blog\/wp-json\/wp\/v2\/types\/post"}],"author":[{"embeddable":true,"href":"https:\/\/larevistadigital.com.ar\/blog\/wp-json\/wp\/v2\/users\/3"}],"replies":[{"embeddable":true,"href":"https:\/\/larevistadigital.com.ar\/blog\/wp-json\/wp\/v2\/comments?post=19206"}],"version-history":[{"count":1,"href":"https:\/\/larevistadigital.com.ar\/blog\/wp-json\/wp\/v2\/posts\/19206\/revisions"}],"predecessor-version":[{"id":19208,"href":"https:\/\/larevistadigital.com.ar\/blog\/wp-json\/wp\/v2\/posts\/19206\/revisions\/19208"}],"wp:featuredmedia":[{"embeddable":true,"href":"https:\/\/larevistadigital.com.ar\/blog\/wp-json\/wp\/v2\/media\/19207"}],"wp:attachment":[{"href":"https:\/\/larevistadigital.com.ar\/blog\/wp-json\/wp\/v2\/media?parent=19206"}],"wp:term":[{"taxonomy":"category","embeddable":true,"href":"https:\/\/larevistadigital.com.ar\/blog\/wp-json\/wp\/v2\/categories?post=19206"},{"taxonomy":"post_tag","embeddable":true,"href":"https:\/\/larevistadigital.com.ar\/blog\/wp-json\/wp\/v2\/tags?post=19206"}],"curies":[{"name":"wp","href":"https:\/\/api.w.org\/{rel}","templated":true}]}}