{"id":19210,"date":"2021-03-08T23:45:00","date_gmt":"2021-03-08T23:45:00","guid":{"rendered":"https:\/\/larevistadigital.com.ar\/blog\/?p=19210"},"modified":"2021-03-08T23:45:00","modified_gmt":"2021-03-08T23:45:00","slug":"choque-de-frente-en-la-ruta-2","status":"publish","type":"post","link":"https:\/\/larevistadigital.com.ar\/blog\/choque-de-frente-en-la-ruta-2\/","title":{"rendered":"CHOQUE DE FRENTE EN LA RUTA 2"},"content":{"rendered":"<p><strong>CHASCOM\u00daS &#8211;<\/strong> Los Bomberos Voluntarios de Chascom\u00fas, informaron acerca de su salida a las 17:39 hs.\u00a0 con motivo de un accidente ocurrido en la ruta 2, en el km 125.<\/p>\n<p>Al arribar al lugar, se encontraron con un tremendo choque frontal, con la particularidad que ambos veh\u00edculos estaban ubicados en el sentido opuesto de circulaci\u00f3n, y se est\u00e1n tratando de establecer as causas del siniestro.<\/p>\n<p>A\u00fan desconocemos quienes ocupaban los veh\u00edculos y el estado en que se encuentran.<\/p>\n<p>fuente e imagen; INFOZONA<\/p>\n<p>&nbsp;<\/p>\n","protected":false},"excerpt":{"rendered":"<div class=\"mh-excerpt\"><p>CHASCOM\u00daS &#8211; Los Bomberos Voluntarios de Chascom\u00fas, informaron acerca de su salida a las 17:39 hs.\u00a0 con motivo de un accidente ocurrido en la ruta 2, en el km 125. Al arribar al lugar, se <a class=\"mh-excerpt-more\" href=\"https:\/\/larevistadigital.com.ar\/blog\/choque-de-frente-en-la-ruta-2\/\" title=\"CHOQUE DE FRENTE EN LA RUTA 2\">[Leer M\u00e1s]<\/a><\/p>\n<\/div>","protected":false},"author":3,"featured_media":19211,"comment_status":"open","ping_status":"open","sticky":false,"template":"","format":"standard","meta":{"_jetpack_memberships_contains_paid_content":false,"footnotes":"","jetpack_publicize_message":"","jetpack_publicize_feature_enabled":true,"jetpack_social_post_already_shared":true,"jetpack_social_options":{"image_generator_settings":{"template":"highway","default_image_id":0,"font":"","enabled":false},"version":2}},"categories":[50,44],"tags":[],"class_list":{"0":"post-19210","1":"post","2":"type-post","3":"status-publish","4":"format-standard","5":"has-post-thumbnail","7":"category-interes-general","8":"category-policiales"},"jetpack_publicize_connections":[],"jetpack_featured_media_url":"https:\/\/i0.wp.com\/larevistadigital.com.ar\/blog\/wp-content\/uploads\/Captura-24.png?fit=1139%2C639&ssl=1","jetpack_sharing_enabled":true,"jetpack_shortlink":"https:\/\/wp.me\/p8qtrQ-4ZQ","jetpack-related-posts":[{"id":21975,"url":"https:\/\/larevistadigital.com.ar\/blog\/terrible-accidente-en-chascomus-murio-un-bebe-de-4-meses-y-hay-heridos\/","url_meta":{"origin":19210,"position":0},"title":"TERRIBLE ACCIDENTE EN CHASCOM\u00daS: MURI\u00d3 UN BEB\u00c9 DE 4 MESES Y HAY  HERIDOS","author":"Alejandro Sosa Ruda","date":"15 septiembre, 2021","format":false,"excerpt":"Ocurri\u00f3 esta madrugada. Estuvieron involucrados tres veh\u00edculos: un mini bus, una camioneta y un cami\u00f3n. CHASCOM\u00daS - Un beb\u00e9 de cuatro meses muri\u00f3 y seis personas resultaron heridas este mi\u00e9rcoles a la madrugada en un choque m\u00faltiple entre tres veh\u00edculos, que volcaron sobre la calzada y la banquina, en la\u2026","rel":"","context":"En \u00abDESTACADAS\u00bb","block_context":{"text":"DESTACADAS","link":"https:\/\/larevistadigital.com.ar\/blog\/category\/destacadas\/"},"img":{"alt_text":"","src":"https:\/\/i0.wp.com\/larevistadigital.com.ar\/blog\/wp-content\/uploads\/choque.png?fit=1200%2C587&ssl=1&resize=350%2C200","width":350,"height":200,"srcset":"https:\/\/i0.wp.com\/larevistadigital.com.ar\/blog\/wp-content\/uploads\/choque.png?fit=1200%2C587&ssl=1&resize=350%2C200 1x, https:\/\/i0.wp.com\/larevistadigital.com.ar\/blog\/wp-content\/uploads\/choque.png?fit=1200%2C587&ssl=1&resize=525%2C300 1.5x, https:\/\/i0.wp.com\/larevistadigital.com.ar\/blog\/wp-content\/uploads\/choque.png?fit=1200%2C587&ssl=1&resize=700%2C400 2x, https:\/\/i0.wp.com\/larevistadigital.com.ar\/blog\/wp-content\/uploads\/choque.png?fit=1200%2C587&ssl=1&resize=1050%2C600 3x"},"classes":[]},{"id":13108,"url":"https:\/\/larevistadigital.com.ar\/blog\/choque-frontal-con-dos-muertos-en-la-ruta-11\/","url_meta":{"origin":19210,"position":1},"title":"CHOQUE FRONTAL CON DOS MUERTOS EN LA RUTA 11","author":"Alejandro Sosa Ruda","date":"7 noviembre, 2019","format":false,"excerpt":"El accidente ocurri\u00f3 hace instantes a la altura de Mar de Cobo. El conductor de uno de los veh\u00edculos fue hospitalizado, mientras que los ocupantes del restante fallecieron en el lugar. Dos personas murieron esta ma\u00f1ana\u00a0al chocar dos veh\u00edculos de frente en la ruta 11. El accidente se registr\u00f3 alrededor\u2026","rel":"","context":"En \u00abDESTACADAS\u00bb","block_context":{"text":"DESTACADAS","link":"https:\/\/larevistadigital.com.ar\/blog\/category\/destacadas\/"},"img":{"alt_text":"","src":"https:\/\/i0.wp.com\/larevistadigital.com.ar\/blog\/wp-content\/uploads\/Screenshot_1-61.jpg?fit=1012%2C645&ssl=1&resize=350%2C200","width":350,"height":200,"srcset":"https:\/\/i0.wp.com\/larevistadigital.com.ar\/blog\/wp-content\/uploads\/Screenshot_1-61.jpg?fit=1012%2C645&ssl=1&resize=350%2C200 1x, https:\/\/i0.wp.com\/larevistadigital.com.ar\/blog\/wp-content\/uploads\/Screenshot_1-61.jpg?fit=1012%2C645&ssl=1&resize=525%2C300 1.5x, https:\/\/i0.wp.com\/larevistadigital.com.ar\/blog\/wp-content\/uploads\/Screenshot_1-61.jpg?fit=1012%2C645&ssl=1&resize=700%2C400 2x"},"classes":[]},{"id":28591,"url":"https:\/\/larevistadigital.com.ar\/blog\/zarate-cinco-heridos-en-un-choque-en-la-ruta-nacional-12\/","url_meta":{"origin":19210,"position":2},"title":"ZARATE: CINCO HERIDOS EN UN CHOQUE EN LA RUTA NACIONAL 12","author":"Alejandro Sosa Ruda","date":"25 octubre, 2022","format":false,"excerpt":"Ocurri\u00f3 cuando un micro de larga distancia, un cami\u00f3n y una camioneta chocaron en cadena. El siniestro se dio en inmediaciones de Isla Talavera, en la zona del delta bonaerense. Personal de seguridad vial y Gendarmer\u00eda Nacional facilitaron las tareas de asistencia y posterior remoci\u00f3n de los veh\u00edculos siniestrados. 25\u2026","rel":"","context":"En \u00abPOLITICA\u00bb","block_context":{"text":"POLITICA","link":"https:\/\/larevistadigital.com.ar\/blog\/category\/politica\/"},"img":{"alt_text":"","src":"https:\/\/i0.wp.com\/larevistadigital.com.ar\/blog\/wp-content\/uploads\/20221024183402_choque.jpg?fit=880%2C512&ssl=1&resize=350%2C200","width":350,"height":200,"srcset":"https:\/\/i0.wp.com\/larevistadigital.com.ar\/blog\/wp-content\/uploads\/20221024183402_choque.jpg?fit=880%2C512&ssl=1&resize=350%2C200 1x, https:\/\/i0.wp.com\/larevistadigital.com.ar\/blog\/wp-content\/uploads\/20221024183402_choque.jpg?fit=880%2C512&ssl=1&resize=525%2C300 1.5x, https:\/\/i0.wp.com\/larevistadigital.com.ar\/blog\/wp-content\/uploads\/20221024183402_choque.jpg?fit=880%2C512&ssl=1&resize=700%2C400 2x"},"classes":[]},{"id":13892,"url":"https:\/\/larevistadigital.com.ar\/blog\/choque-en-la-ruta-11-un-herido-con-heridas-de-consideracion\/","url_meta":{"origin":19210,"position":3},"title":"CHOQUE EN LA RUTA 11. UN HERIDO CON HERIDAS DE CONSIDERACI\u00d3N","author":"Alejandro Sosa Ruda","date":"29 diciembre, 2019","format":false,"excerpt":"Otro choque en cadena se produjo durante la tarde de ayer, en este caso fue en el kil\u00f3metro 288 de la Ruta 11, en jurisdicci\u00f3n de General Lavalle. Fueron cuatro los veh\u00edculos involucrados y once las personas que debieron ser atendidas en el lugar, de las cuales una fue trasladada\u2026","rel":"","context":"En \u00abREGIONALES\u00bb","block_context":{"text":"REGIONALES","link":"https:\/\/larevistadigital.com.ar\/blog\/category\/regionales\/"},"img":{"alt_text":"","src":"https:\/\/i0.wp.com\/larevistadigital.com.ar\/blog\/wp-content\/uploads\/e4266c8485676aa195db623388a9406742cec28b.jpg?fit=1140%2C855&ssl=1&resize=350%2C200","width":350,"height":200,"srcset":"https:\/\/i0.wp.com\/larevistadigital.com.ar\/blog\/wp-content\/uploads\/e4266c8485676aa195db623388a9406742cec28b.jpg?fit=1140%2C855&ssl=1&resize=350%2C200 1x, https:\/\/i0.wp.com\/larevistadigital.com.ar\/blog\/wp-content\/uploads\/e4266c8485676aa195db623388a9406742cec28b.jpg?fit=1140%2C855&ssl=1&resize=525%2C300 1.5x, https:\/\/i0.wp.com\/larevistadigital.com.ar\/blog\/wp-content\/uploads\/e4266c8485676aa195db623388a9406742cec28b.jpg?fit=1140%2C855&ssl=1&resize=700%2C400 2x, https:\/\/i0.wp.com\/larevistadigital.com.ar\/blog\/wp-content\/uploads\/e4266c8485676aa195db623388a9406742cec28b.jpg?fit=1140%2C855&ssl=1&resize=1050%2C600 3x"},"classes":[]},{"id":7582,"url":"https:\/\/larevistadigital.com.ar\/blog\/chascomus-extrano-choque-en-belgrano-y-arenales\/","url_meta":{"origin":19210,"position":4},"title":"CHASCOM\u00daS: EXTRA\u00d1O CHOQUE EN BELGRANO Y ARENALES","author":"Alejandro Sosa Ruda","date":"5 enero, 2019","format":false,"excerpt":"El hecho se produjo en horas de la tarde, y fue protagonizado por una camioneta RAM 4x4, que embisti\u00f3 autos que estaban estacionados sobre calle Arenales, casi en la esquina con Belgrano. Lo extra\u00f1o del caso, es que seg\u00fan explic\u00f3 el propietario de la camioneta, luego de sufrir un desperfecto\u2026","rel":"","context":"En \u00abPOLICIALES\u00bb","block_context":{"text":"POLICIALES","link":"https:\/\/larevistadigital.com.ar\/blog\/category\/policiales\/"},"img":{"alt_text":"","src":"https:\/\/i0.wp.com\/larevistadigital.com.ar\/blog\/wp-content\/uploads\/2019\/01\/49368476_2113971361956296_8720852702784913408_o.jpg?fit=1040%2C585&ssl=1&resize=350%2C200","width":350,"height":200,"srcset":"https:\/\/i0.wp.com\/larevistadigital.com.ar\/blog\/wp-content\/uploads\/2019\/01\/49368476_2113971361956296_8720852702784913408_o.jpg?fit=1040%2C585&ssl=1&resize=350%2C200 1x, https:\/\/i0.wp.com\/larevistadigital.com.ar\/blog\/wp-content\/uploads\/2019\/01\/49368476_2113971361956296_8720852702784913408_o.jpg?fit=1040%2C585&ssl=1&resize=525%2C300 1.5x, https:\/\/i0.wp.com\/larevistadigital.com.ar\/blog\/wp-content\/uploads\/2019\/01\/49368476_2113971361956296_8720852702784913408_o.jpg?fit=1040%2C585&ssl=1&resize=700%2C400 2x"},"classes":[]},{"id":12503,"url":"https:\/\/larevistadigital.com.ar\/blog\/choque-en-cadena-en-pleno-centro-de-chascomus\/","url_meta":{"origin":19210,"position":5},"title":"CHOQUE EN CADENA EN PLENO CENTRO DE CHASCOM\u00daS","author":"Alejandro Sosa Ruda","date":"8 octubre, 2019","format":false,"excerpt":"El siniestro ocurri\u00f3 por la tarde, y afect\u00f3 a cinco veh\u00edculos, en la esquina de Juli\u00e1n Quintana y Bolivar, donde colision\u00f3 una camioneta Ford Ranger con un Ford Fiesta, perdiendo el control la camioneta y chocando a tres autos m\u00e1s que estaban estacionados. Aparentemente no hubo heridos por el accidente\u2026","rel":"","context":"En \u00abINTERES GENERAL\u00bb","block_context":{"text":"INTERES GENERAL","link":"https:\/\/larevistadigital.com.ar\/blog\/category\/interes-general\/"},"img":{"alt_text":"","src":"https:\/\/i0.wp.com\/larevistadigital.com.ar\/blog\/wp-content\/uploads\/WhatsApp-Image-2019-10-07-at-12.12.41.jpeg?fit=1200%2C900&ssl=1&resize=350%2C200","width":350,"height":200,"srcset":"https:\/\/i0.wp.com\/larevistadigital.com.ar\/blog\/wp-content\/uploads\/WhatsApp-Image-2019-10-07-at-12.12.41.jpeg?fit=1200%2C900&ssl=1&resize=350%2C200 1x, https:\/\/i0.wp.com\/larevistadigital.com.ar\/blog\/wp-content\/uploads\/WhatsApp-Image-2019-10-07-at-12.12.41.jpeg?fit=1200%2C900&ssl=1&resize=525%2C300 1.5x, https:\/\/i0.wp.com\/larevistadigital.com.ar\/blog\/wp-content\/uploads\/WhatsApp-Image-2019-10-07-at-12.12.41.jpeg?fit=1200%2C900&ssl=1&resize=700%2C400 2x, https:\/\/i0.wp.com\/larevistadigital.com.ar\/blog\/wp-content\/uploads\/WhatsApp-Image-2019-10-07-at-12.12.41.jpeg?fit=1200%2C900&ssl=1&resize=1050%2C600 3x"},"classes":[]}],"_links":{"self":[{"href":"https:\/\/larevistadigital.com.ar\/blog\/wp-json\/wp\/v2\/posts\/19210","targetHints":{"allow":["GET"]}}],"collection":[{"href":"https:\/\/larevistadigital.com.ar\/blog\/wp-json\/wp\/v2\/posts"}],"about":[{"href":"https:\/\/larevistadigital.com.ar\/blog\/wp-json\/wp\/v2\/types\/post"}],"author":[{"embeddable":true,"href":"https:\/\/larevistadigital.com.ar\/blog\/wp-json\/wp\/v2\/users\/3"}],"replies":[{"embeddable":true,"href":"https:\/\/larevistadigital.com.ar\/blog\/wp-json\/wp\/v2\/comments?post=19210"}],"version-history":[{"count":1,"href":"https:\/\/larevistadigital.com.ar\/blog\/wp-json\/wp\/v2\/posts\/19210\/revisions"}],"predecessor-version":[{"id":19212,"href":"https:\/\/larevistadigital.com.ar\/blog\/wp-json\/wp\/v2\/posts\/19210\/revisions\/19212"}],"wp:featuredmedia":[{"embeddable":true,"href":"https:\/\/larevistadigital.com.ar\/blog\/wp-json\/wp\/v2\/media\/19211"}],"wp:attachment":[{"href":"https:\/\/larevistadigital.com.ar\/blog\/wp-json\/wp\/v2\/media?parent=19210"}],"wp:term":[{"taxonomy":"category","embeddable":true,"href":"https:\/\/larevistadigital.com.ar\/blog\/wp-json\/wp\/v2\/categories?post=19210"},{"taxonomy":"post_tag","embeddable":true,"href":"https:\/\/larevistadigital.com.ar\/blog\/wp-json\/wp\/v2\/tags?post=19210"}],"curies":[{"name":"wp","href":"https:\/\/api.w.org\/{rel}","templated":true}]}}