{"id":19213,"date":"2021-03-09T00:00:56","date_gmt":"2021-03-09T00:00:56","guid":{"rendered":"https:\/\/larevistadigital.com.ar\/blog\/?p=19213"},"modified":"2021-03-09T00:00:56","modified_gmt":"2021-03-09T00:00:56","slug":"en-tucuman-crearon-una-milicia-vecinal-para-repeler-la-delincuencia","status":"publish","type":"post","link":"https:\/\/larevistadigital.com.ar\/blog\/en-tucuman-crearon-una-milicia-vecinal-para-repeler-la-delincuencia\/","title":{"rendered":"EN TUCUM\u00c1N CREARON UNA MILICIA VECINAL PARA REPELER LA DELINCUENCIA"},"content":{"rendered":"<h2><strong>El grupo est\u00e1 integrado por vecinos que se dividen en turnos y salen a patrullar las calles.<\/strong><\/h2>\n<p>Un grupos de vecinos y familiares de v\u00edctima de la violencia conformaron un grupo de\u00a0<strong>milicias vecinales en un barrio de San Miguel de Tucum\u00e1n<\/strong>\u00a0para combatir la delincuencia, realizando patrullajes con armas, cuchillos, machetes, bastones y otro tipo de armas caseras.<\/p>\n<blockquote>\n<h3>\u00abEs un grupo de padres, t\u00edos y vecinos que se cans\u00f3 de que los delincuentes vengan y ataquen a los m\u00e1s chicos. Les ponen la pistola en la cabeza para sacafrles una bicicleta, asaltan a sus hijas, a sus hermanas y a sus esposas. La gente est\u00e1 cansada\u00bb, se\u00f1al\u00f3 Gustavo Parra, un comerciante del barrio Diza.<\/h3>\n<\/blockquote>\n<p>El posicionamiento de los vecinos, incluso, los llev\u00f3 a enviarles un mensaje de advertencia a la polic\u00eda: <em><strong>\u00abEstamos cansados y somos ignorados por la comisar\u00eda 9\u00aa. OJal\u00e1 no leguemos a matar a un delincuente para que ellos act\u00faen\u00bb.<\/strong><\/em><\/p>\n<p>fuente e imagen DLN<\/p>\n","protected":false},"excerpt":{"rendered":"<div class=\"mh-excerpt\"><p>El grupo est\u00e1 integrado por vecinos que se dividen en turnos y salen a patrullar las calles. Un grupos de vecinos y familiares de v\u00edctima de la violencia conformaron un grupo de\u00a0milicias vecinales en un <a class=\"mh-excerpt-more\" href=\"https:\/\/larevistadigital.com.ar\/blog\/en-tucuman-crearon-una-milicia-vecinal-para-repeler-la-delincuencia\/\" title=\"EN TUCUM\u00c1N CREARON UNA MILICIA VECINAL PARA REPELER LA DELINCUENCIA\">[Leer M\u00e1s]<\/a><\/p>\n<\/div>","protected":false},"author":3,"featured_media":19214,"comment_status":"open","ping_status":"open","sticky":false,"template":"","format":"standard","meta":{"_jetpack_memberships_contains_paid_content":false,"footnotes":"","jetpack_publicize_message":"","jetpack_publicize_feature_enabled":true,"jetpack_social_post_already_shared":true,"jetpack_social_options":{"image_generator_settings":{"template":"highway","default_image_id":0,"font":"","enabled":false},"version":2}},"categories":[50],"tags":[],"class_list":{"0":"post-19213","1":"post","2":"type-post","3":"status-publish","4":"format-standard","5":"has-post-thumbnail","7":"category-interes-general"},"jetpack_publicize_connections":[],"jetpack_featured_media_url":"https:\/\/i0.wp.com\/larevistadigital.com.ar\/blog\/wp-content\/uploads\/milicias.jpg?fit=929%2C523&ssl=1","jetpack_sharing_enabled":true,"jetpack_shortlink":"https:\/\/wp.me\/p8qtrQ-4ZT","jetpack-related-posts":[{"id":39210,"url":"https:\/\/larevistadigital.com.ar\/blog\/terror-en-berisso-una-noche-de-violencia-extrema-sacude-a-un-barrio-entero\/","url_meta":{"origin":19213,"position":0},"title":"Terror en Berisso: una noche de violencia extrema sacude a un barrio entero","author":"Alejandro Sosa Ruda","date":"30 marzo, 2025","format":false,"excerpt":"Vecinos denunciaron que un grupo vinculado a la UOCRA irrumpi\u00f3 con armas y brutalidad, dejando heridos y un clima de miedo. 30 de Marzo de 2025 BERISSO -\u00a0 La tranquilidad de la noche del s\u00e1bado se transform\u00f3 en un escenario de terror en la calle Nueva York de Berisso, cuando\u2026","rel":"","context":"En \u00abGREMIALES\u00bb","block_context":{"text":"GREMIALES","link":"https:\/\/larevistadigital.com.ar\/blog\/category\/gremiales\/"},"img":{"alt_text":"","src":"https:\/\/i0.wp.com\/larevistadigital.com.ar\/blog\/wp-content\/uploads\/Captura-de-pantalla-2025-03-30-114843.jpg?fit=886%2C464&ssl=1&resize=350%2C200","width":350,"height":200,"srcset":"https:\/\/i0.wp.com\/larevistadigital.com.ar\/blog\/wp-content\/uploads\/Captura-de-pantalla-2025-03-30-114843.jpg?fit=886%2C464&ssl=1&resize=350%2C200 1x, https:\/\/i0.wp.com\/larevistadigital.com.ar\/blog\/wp-content\/uploads\/Captura-de-pantalla-2025-03-30-114843.jpg?fit=886%2C464&ssl=1&resize=525%2C300 1.5x, https:\/\/i0.wp.com\/larevistadigital.com.ar\/blog\/wp-content\/uploads\/Captura-de-pantalla-2025-03-30-114843.jpg?fit=886%2C464&ssl=1&resize=700%2C400 2x"},"classes":[]},{"id":16870,"url":"https:\/\/larevistadigital.com.ar\/blog\/chascomus-los-vecinos-del-barrio-san-cayetano-cortan-el-acceso-a-la-ciudad\/","url_meta":{"origin":19213,"position":1},"title":"CHASCOM\u00daS. LOS VECINOS DEL BARRIO SAN CAYETANO CORTAN EL ACCESO A LA CIUDAD","author":"Alejandro Sosa Ruda","date":"9 octubre, 2020","format":false,"excerpt":"Tal como lo hab\u00edan anunciado, los vecinos autoconvocados del barrio San Cayetano volvieron a cortar el acceso a la ciudad, y lo har\u00e1n de nuevo ma\u00f1ana s\u00e1bado 10 de octubre desde las 10 de la ma\u00f1ana, ante la falta de respuestas del gobierno local. Respecto precisamente del gobierno local, desde\u2026","rel":"","context":"En \u00abCHASCOM\u00daS\u00bb","block_context":{"text":"CHASCOM\u00daS","link":"https:\/\/larevistadigital.com.ar\/blog\/category\/chascomus\/"},"img":{"alt_text":"","src":"https:\/\/i0.wp.com\/larevistadigital.com.ar\/blog\/wp-content\/uploads\/CORTE-ACCESO.jpg?fit=1000%2C790&ssl=1&resize=350%2C200","width":350,"height":200,"srcset":"https:\/\/i0.wp.com\/larevistadigital.com.ar\/blog\/wp-content\/uploads\/CORTE-ACCESO.jpg?fit=1000%2C790&ssl=1&resize=350%2C200 1x, https:\/\/i0.wp.com\/larevistadigital.com.ar\/blog\/wp-content\/uploads\/CORTE-ACCESO.jpg?fit=1000%2C790&ssl=1&resize=525%2C300 1.5x, https:\/\/i0.wp.com\/larevistadigital.com.ar\/blog\/wp-content\/uploads\/CORTE-ACCESO.jpg?fit=1000%2C790&ssl=1&resize=700%2C400 2x"},"classes":[]},{"id":2749,"url":"https:\/\/larevistadigital.com.ar\/blog\/chascomus-el-precandidato-de-cambiemos-santiago-dos-santos-recorrio-las-calles-del-barrio-30-de-mayo\/","url_meta":{"origin":19213,"position":2},"title":"CHASCOM\u00daS: EL PRECANDIDATO DE CAMBIEMOS SANTIAGO DOS SANTOS, RECORRI\u00d3 LAS CALLES DEL BARRIO 30 DE MAYO.","author":"Alejandro Sosa Ruda","date":"23 julio, 2017","format":false,"excerpt":"El timbreo nacional de Cambiemos en todo el pa\u00eds tuvo tambi\u00e9n como protagonista al precandidato a concejal de la UCR - Cambiemos, Santiago Dos Santos, que junto con un grupo de amigos, integrantes de la lista y militantes, se acercaron al Barrio 30 de Mayo, en donde escucharon los reclamos\u2026","rel":"","context":"En \u00abCHASCOM\u00daS\u00bb","block_context":{"text":"CHASCOM\u00daS","link":"https:\/\/larevistadigital.com.ar\/blog\/category\/chascomus\/"},"img":{"alt_text":"","src":"https:\/\/i0.wp.com\/larevistadigital.com.ar\/blog\/wp-content\/uploads\/2017\/07\/20232763_10212941138380601_2732405127209186598_o.jpg?fit=1080%2C810&ssl=1&resize=350%2C200","width":350,"height":200,"srcset":"https:\/\/i0.wp.com\/larevistadigital.com.ar\/blog\/wp-content\/uploads\/2017\/07\/20232763_10212941138380601_2732405127209186598_o.jpg?fit=1080%2C810&ssl=1&resize=350%2C200 1x, https:\/\/i0.wp.com\/larevistadigital.com.ar\/blog\/wp-content\/uploads\/2017\/07\/20232763_10212941138380601_2732405127209186598_o.jpg?fit=1080%2C810&ssl=1&resize=525%2C300 1.5x, https:\/\/i0.wp.com\/larevistadigital.com.ar\/blog\/wp-content\/uploads\/2017\/07\/20232763_10212941138380601_2732405127209186598_o.jpg?fit=1080%2C810&ssl=1&resize=700%2C400 2x, https:\/\/i0.wp.com\/larevistadigital.com.ar\/blog\/wp-content\/uploads\/2017\/07\/20232763_10212941138380601_2732405127209186598_o.jpg?fit=1080%2C810&ssl=1&resize=1050%2C600 3x"},"classes":[]},{"id":17033,"url":"https:\/\/larevistadigital.com.ar\/blog\/videos-barrio-san-cayetano-de-esto-hablaban-los-vecinos-senor-secretario\/","url_meta":{"origin":19213,"position":3},"title":"[VIDEOS] BARRIO SAN CAYETANO: \u00a1DE ESTO HABLABAN LOS VECINOS, SE\u00d1OR SECRETARIO!","author":"Alejandro Sosa Ruda","date":"19 octubre, 2020","format":false,"excerpt":"Como si fuera un mensaje divino, sucedi\u00f3 lo que siempre pasa, pero en esta ocasi\u00f3n a un veh\u00edculo policial. Ah\u00ed tiene el secretario que dijo hace d\u00edas no entender el reclamo de los vecinos. \u00bfAhora entender\u00e1? Otra vez lluvias, y otra vez los vecinos del Barrio San Cayetano que no\u2026","rel":"","context":"En \u00abDESTACADAS\u00bb","block_context":{"text":"DESTACADAS","link":"https:\/\/larevistadigital.com.ar\/blog\/category\/destacadas\/"},"img":{"alt_text":"","src":"https:\/\/i0.wp.com\/larevistadigital.com.ar\/blog\/wp-content\/uploads\/WhatsApp-Image-2020-10-19-at-13.42.39.jpeg?fit=1032%2C581&ssl=1&resize=350%2C200","width":350,"height":200,"srcset":"https:\/\/i0.wp.com\/larevistadigital.com.ar\/blog\/wp-content\/uploads\/WhatsApp-Image-2020-10-19-at-13.42.39.jpeg?fit=1032%2C581&ssl=1&resize=350%2C200 1x, https:\/\/i0.wp.com\/larevistadigital.com.ar\/blog\/wp-content\/uploads\/WhatsApp-Image-2020-10-19-at-13.42.39.jpeg?fit=1032%2C581&ssl=1&resize=525%2C300 1.5x, https:\/\/i0.wp.com\/larevistadigital.com.ar\/blog\/wp-content\/uploads\/WhatsApp-Image-2020-10-19-at-13.42.39.jpeg?fit=1032%2C581&ssl=1&resize=700%2C400 2x"},"classes":[]},{"id":21904,"url":"https:\/\/larevistadigital.com.ar\/blog\/juntos-por-chascomus-prioriza-escuchar-a-los-vecinos-de-la-ciudad\/","url_meta":{"origin":19213,"position":4},"title":"JUNTOS POR CHASCOM\u00daS PRIORIZA ESCUCHAR A LOS VECINOS DE LA CIUDAD","author":"Alejandro Sosa Ruda","date":"7 septiembre, 2021","format":false,"excerpt":"CHASCOM\u00daS - Juntos Por Chascom\u00fas continua sus recorridas por los barrios de la ciudad, la precandidatos al Concejo Deliberante y Consejeros Escolares recorrieron en la tarde de ayer el Barrio Los Aromos, escuchando sus planteos y sugerencias, compartiendo el trabajo que se viene realizando desde el espacio local. En tanto\u2026","rel":"","context":"En \u00abINTERES GENERAL\u00bb","block_context":{"text":"INTERES GENERAL","link":"https:\/\/larevistadigital.com.ar\/blog\/category\/interes-general\/"},"img":{"alt_text":"","src":"https:\/\/i0.wp.com\/larevistadigital.com.ar\/blog\/wp-content\/uploads\/WhatsApp-Image-2021-09-06-at-19.38.34.jpeg?fit=1024%2C461&ssl=1&resize=350%2C200","width":350,"height":200,"srcset":"https:\/\/i0.wp.com\/larevistadigital.com.ar\/blog\/wp-content\/uploads\/WhatsApp-Image-2021-09-06-at-19.38.34.jpeg?fit=1024%2C461&ssl=1&resize=350%2C200 1x, https:\/\/i0.wp.com\/larevistadigital.com.ar\/blog\/wp-content\/uploads\/WhatsApp-Image-2021-09-06-at-19.38.34.jpeg?fit=1024%2C461&ssl=1&resize=525%2C300 1.5x, https:\/\/i0.wp.com\/larevistadigital.com.ar\/blog\/wp-content\/uploads\/WhatsApp-Image-2021-09-06-at-19.38.34.jpeg?fit=1024%2C461&ssl=1&resize=700%2C400 2x"},"classes":[]},{"id":37688,"url":"https:\/\/larevistadigital.com.ar\/blog\/la-muni-cerca-gran-afluencia-de-vecinos-del-barrio-el-porteno\/","url_meta":{"origin":19213,"position":5},"title":"\u201cLa Muni Cerca\u201d: Gran afluencia de vecinos del barrio El Porte\u00f1o","author":"Alejandro Sosa Ruda","date":"31 octubre, 2024","format":false,"excerpt":"Es una gran oportunidad, para contactar con las distintas oficinas municipales y realizar los tr\u00e1mites o consultas muy cerca de casa. 31 de octubre de 2024 Durante los d\u00edas martes 29 y mi\u00e9rcoles 30 de octubre, la propuesta municipal denominada la \u201cMuni Cerca\u201d, tuvo gran \u00e9xito en el barrio El\u2026","rel":"","context":"En \u00abINTERES GENERAL\u00bb","block_context":{"text":"INTERES GENERAL","link":"https:\/\/larevistadigital.com.ar\/blog\/category\/interes-general\/"},"img":{"alt_text":"","src":"https:\/\/i0.wp.com\/larevistadigital.com.ar\/blog\/wp-content\/uploads\/6723c0730dbdb.png?fit=668%2C445&ssl=1&resize=350%2C200","width":350,"height":200,"srcset":"https:\/\/i0.wp.com\/larevistadigital.com.ar\/blog\/wp-content\/uploads\/6723c0730dbdb.png?fit=668%2C445&ssl=1&resize=350%2C200 1x, https:\/\/i0.wp.com\/larevistadigital.com.ar\/blog\/wp-content\/uploads\/6723c0730dbdb.png?fit=668%2C445&ssl=1&resize=525%2C300 1.5x"},"classes":[]}],"_links":{"self":[{"href":"https:\/\/larevistadigital.com.ar\/blog\/wp-json\/wp\/v2\/posts\/19213","targetHints":{"allow":["GET"]}}],"collection":[{"href":"https:\/\/larevistadigital.com.ar\/blog\/wp-json\/wp\/v2\/posts"}],"about":[{"href":"https:\/\/larevistadigital.com.ar\/blog\/wp-json\/wp\/v2\/types\/post"}],"author":[{"embeddable":true,"href":"https:\/\/larevistadigital.com.ar\/blog\/wp-json\/wp\/v2\/users\/3"}],"replies":[{"embeddable":true,"href":"https:\/\/larevistadigital.com.ar\/blog\/wp-json\/wp\/v2\/comments?post=19213"}],"version-history":[{"count":1,"href":"https:\/\/larevistadigital.com.ar\/blog\/wp-json\/wp\/v2\/posts\/19213\/revisions"}],"predecessor-version":[{"id":19215,"href":"https:\/\/larevistadigital.com.ar\/blog\/wp-json\/wp\/v2\/posts\/19213\/revisions\/19215"}],"wp:featuredmedia":[{"embeddable":true,"href":"https:\/\/larevistadigital.com.ar\/blog\/wp-json\/wp\/v2\/media\/19214"}],"wp:attachment":[{"href":"https:\/\/larevistadigital.com.ar\/blog\/wp-json\/wp\/v2\/media?parent=19213"}],"wp:term":[{"taxonomy":"category","embeddable":true,"href":"https:\/\/larevistadigital.com.ar\/blog\/wp-json\/wp\/v2\/categories?post=19213"},{"taxonomy":"post_tag","embeddable":true,"href":"https:\/\/larevistadigital.com.ar\/blog\/wp-json\/wp\/v2\/tags?post=19213"}],"curies":[{"name":"wp","href":"https:\/\/api.w.org\/{rel}","templated":true}]}}