{"id":19216,"date":"2021-03-09T00:29:02","date_gmt":"2021-03-09T00:29:02","guid":{"rendered":"https:\/\/larevistadigital.com.ar\/blog\/?p=19216"},"modified":"2021-03-09T00:29:02","modified_gmt":"2021-03-09T00:29:02","slug":"el-presidente-confirmo-que-marcela-losardo-se-va-de-justicia","status":"publish","type":"post","link":"https:\/\/larevistadigital.com.ar\/blog\/el-presidente-confirmo-que-marcela-losardo-se-va-de-justicia\/","title":{"rendered":"EL PRESIDENTE CONFIRM\u00d3 QUE MARCELA LOSARDO SE VA DE JUSTICIA"},"content":{"rendered":"<h2>Dijo que \u201cella cree que el tiempo que viene es un tiempo para otra actitud\u201d. El Presidente volvi\u00f3 a cargar contra la Justicia al afirmar que est\u00e1 \u201cen parte de los s\u00f3tanos oscuros de la democracia\u201d.<\/h2>\n<p>El presidente<strong> Alberto Fern\u00e1ndez<\/strong> confirm\u00f3 la salida de la ministra de Justicia de la Naci\u00f3n, <strong>Marcela Losardo<\/strong>, tal como hab\u00eda anticipado Clar\u00edn<\/p>\n<blockquote>\n<h3>\u00abMarcela (Losardo) me ha planteado la semana pasada y ya me lo ven\u00eda planteando de antes<strong>, su idea de dejar el Ministerio.\u00a0<\/strong>Ella cree que el tiempo que viene es un tiempo para otra actitud\u00bb, sostuvo Fern\u00e1ndez.<\/h3>\n<\/blockquote>\n<p>Sigui\u00f3:\u00a0<strong><em>\u00abPero fundamentalmente m\u00e1s que otra actitud, porque el compromiso de Marcela es absoluto&#8230; Lo que creo es que Marcela es una mujer que no viene la pol\u00edtica.\u00a0La verdad es que est\u00e1 agobiada\u00bb.<\/em><\/strong><\/p>\n<p>Asimismo, el Presidente volvi\u00f3 a cuestionar a la Justicia. Esta vez tom\u00f3 una frase que \u00e9l mismo hab\u00eda dicho en su discurso de asunci\u00f3n presencial del 10 de diciembre de 2019 cuando defini\u00f3 a la exSide como los \u00abs\u00f3tanos de la democracia\u00bb. Ahora agreg<strong>\u00f3: \u00abEn parte de los s\u00f3tanos oscuros de la democracia est\u00e1 la Justicia\u00bb.<\/strong><\/p>\n<blockquote>\n<h3><strong>Fern\u00e1ndez<\/strong> se expres\u00f3 en la noche de este lunes durante una entrevista con\u00a0<em>C5N,<\/em>\u00a0en una jornada que durante la ma\u00f1ana lo tuvo como protagonista de la firma de la firma del Acuerdo Federal Argentina Unida contra la\u00a0<strong>Violencia de G\u00e9nero\u00a0<\/strong>en Casa Rosada.<\/h3>\n<\/blockquote>\n<p>Ese encuentro tuvo dos hechos destacados: por un lado la presencia de <strong>Gildo Insfran<\/strong>, el cuestionado gobernador de Formosa que vive en estas horas una ola de protestas en su provincia. Y, por otra parte, la ausencia de <strong>Horacio Rodriguez Larreta.<\/strong><\/p>\n<blockquote>\n<h3>Consultado si <strong>Larreta<\/strong> no particip\u00f3 por la presencia de <strong>Insfr\u00e1n<\/strong>, el Presidente respondi\u00f3:\u00a0<strong>\u00abNo fue lo que nos dijo a nosotros<\/strong>, que era un problema de agenda. Lo importantes es que dijo adherir al acuerdo; despu\u00e9s c\u00f3mo lo quiere explicar discursivamente es secundario\u00bb.<\/h3>\n<\/blockquote>\n<p>En el contexto de la firma de este acuerdo cuestion\u00f3 a la Justicia por su actuaci\u00f3n ante los femicidios y la sum\u00f3 a sus habituales cr\u00edticas por los \u00abprocesamientos arbitrarios\u00bb. En ese sentido, insisti\u00f3 con la creaci\u00f3n de la Comisi\u00f3n Bicameral.<\/p>\n<p>publicado en clarin<\/p>\n","protected":false},"excerpt":{"rendered":"<div class=\"mh-excerpt\"><p>Dijo que \u201cella cree que el tiempo que viene es un tiempo para otra actitud\u201d. El Presidente volvi\u00f3 a cargar contra la Justicia al afirmar que est\u00e1 \u201cen parte de los s\u00f3tanos oscuros de la <a class=\"mh-excerpt-more\" href=\"https:\/\/larevistadigital.com.ar\/blog\/el-presidente-confirmo-que-marcela-losardo-se-va-de-justicia\/\" title=\"EL PRESIDENTE CONFIRM\u00d3 QUE MARCELA LOSARDO SE VA DE JUSTICIA\">[Leer M\u00e1s]<\/a><\/p>\n<\/div>","protected":false},"author":3,"featured_media":19217,"comment_status":"open","ping_status":"open","sticky":false,"template":"","format":"standard","meta":{"_jetpack_memberships_contains_paid_content":false,"footnotes":"","jetpack_publicize_message":"","jetpack_publicize_feature_enabled":true,"jetpack_social_post_already_shared":true,"jetpack_social_options":{"image_generator_settings":{"template":"highway","default_image_id":0,"font":"","enabled":false},"version":2}},"categories":[50],"tags":[],"class_list":{"0":"post-19216","1":"post","2":"type-post","3":"status-publish","4":"format-standard","5":"has-post-thumbnail","7":"category-interes-general"},"jetpack_publicize_connections":[],"jetpack_featured_media_url":"https:\/\/i0.wp.com\/larevistadigital.com.ar\/blog\/wp-content\/uploads\/alberto-fernandez.jpg?fit=1536%2C1103&ssl=1","jetpack_sharing_enabled":true,"jetpack_shortlink":"https:\/\/wp.me\/p8qtrQ-4ZW","jetpack-related-posts":[{"id":18051,"url":"https:\/\/larevistadigital.com.ar\/blog\/estela-de-carlotto-apoyo-a-boudou-y-apunto-contra-la-justicia\/","url_meta":{"origin":19216,"position":0},"title":"ESTELA DE CARLOTTO APOY\u00d3 A BOUDOU, Y APUNT\u00d3 CONTRA LA JUSTICIA","author":"Alejandro Sosa Ruda","date":"10 diciembre, 2020","format":false,"excerpt":"\"Al gobierno de Alberto Fern\u00e1ndez le piden cosas que no se pueden hacer en un a\u00f1o. Hace lo m\u00e1s necesario y urgente. Puso el foco en la pandemia, en salvar vidas, y tambi\u00e9n en la deuda externa. Dos temas dur\u00edsimos en los que hubo que trabajar, y se sigue trabajando.\u2026","rel":"","context":"En \u00abINTERES GENERAL\u00bb","block_context":{"text":"INTERES GENERAL","link":"https:\/\/larevistadigital.com.ar\/blog\/category\/interes-general\/"},"img":{"alt_text":"","src":"https:\/\/i0.wp.com\/larevistadigital.com.ar\/blog\/wp-content\/uploads\/Estela-de-Carlotto.jpg?fit=1147%2C765&ssl=1&resize=350%2C200","width":350,"height":200,"srcset":"https:\/\/i0.wp.com\/larevistadigital.com.ar\/blog\/wp-content\/uploads\/Estela-de-Carlotto.jpg?fit=1147%2C765&ssl=1&resize=350%2C200 1x, https:\/\/i0.wp.com\/larevistadigital.com.ar\/blog\/wp-content\/uploads\/Estela-de-Carlotto.jpg?fit=1147%2C765&ssl=1&resize=525%2C300 1.5x, https:\/\/i0.wp.com\/larevistadigital.com.ar\/blog\/wp-content\/uploads\/Estela-de-Carlotto.jpg?fit=1147%2C765&ssl=1&resize=700%2C400 2x, https:\/\/i0.wp.com\/larevistadigital.com.ar\/blog\/wp-content\/uploads\/Estela-de-Carlotto.jpg?fit=1147%2C765&ssl=1&resize=1050%2C600 3x"},"classes":[]},{"id":25079,"url":"https:\/\/larevistadigital.com.ar\/blog\/limpiaban-un-predio-y-encontraron-un-craneo-la-justicia-trata-de-determinar-su-origen\/","url_meta":{"origin":19216,"position":1},"title":"LIMPIABAN UN PREDIO Y ENCONTRARON UN CR\u00c1NEO. LA JUSTICIA TRATA DE DETERMINAR SU ORIGEN","author":"Alejandro Sosa Ruda","date":"15 abril, 2022","format":false,"excerpt":"El macabro hallazgo tuvo como protagonistas a voluntarios de la Asociaci\u00f3n Civil Marplatenses Conservacionistas, cuando realizaban tareas de limpieza en inmediaciones de la playa Isabel. Una jornada matutina de limpieza en un predio de la zona sur de Mar del Plata termin\u00f3 con el hallazgo macabro de un\u00a0cr\u00e1neo\u00a0y ahora la\u2026","rel":"","context":"En \u00abPOLICIALES\u00bb","block_context":{"text":"POLICIALES","link":"https:\/\/larevistadigital.com.ar\/blog\/category\/policiales\/"},"img":{"alt_text":"","src":"https:\/\/i0.wp.com\/larevistadigital.com.ar\/blog\/wp-content\/uploads\/Captura-de-pantalla-2022-04-15-144349.jpg?fit=892%2C513&ssl=1&resize=350%2C200","width":350,"height":200,"srcset":"https:\/\/i0.wp.com\/larevistadigital.com.ar\/blog\/wp-content\/uploads\/Captura-de-pantalla-2022-04-15-144349.jpg?fit=892%2C513&ssl=1&resize=350%2C200 1x, https:\/\/i0.wp.com\/larevistadigital.com.ar\/blog\/wp-content\/uploads\/Captura-de-pantalla-2022-04-15-144349.jpg?fit=892%2C513&ssl=1&resize=525%2C300 1.5x, https:\/\/i0.wp.com\/larevistadigital.com.ar\/blog\/wp-content\/uploads\/Captura-de-pantalla-2022-04-15-144349.jpg?fit=892%2C513&ssl=1&resize=700%2C400 2x"},"classes":[]},{"id":12878,"url":"https:\/\/larevistadigital.com.ar\/blog\/alberto-fernandez-es-el-nuevo-presidente-de-los-argentinos\/","url_meta":{"origin":19216,"position":2},"title":"ALBERTO FERNANDEZ ES EL NUEVO PRESIDENTE DE LOS ARGENTINOS","author":"Alejandro Sosa Ruda","date":"28 octubre, 2019","format":false,"excerpt":"Confirm\u00f3 que ma\u00f1ana a las 9 se reunir\u00e1 con Macri en la Rosada. \u201cMa\u00f1ana me reunir\u00e9 con Macri y\u00a0empezaremos a ver c\u00f3mo transcurrimos el tiempo que nos queda. Vamos a colaborar en todo en lo que podamos colaborar porque lo \u00fanico que nos interesa es que los argentinos dejen de\u2026","rel":"","context":"En \u00abDESTACADAS\u00bb","block_context":{"text":"DESTACADAS","link":"https:\/\/larevistadigital.com.ar\/blog\/category\/destacadas\/"},"img":{"alt_text":"","src":"https:\/\/i0.wp.com\/larevistadigital.com.ar\/blog\/wp-content\/uploads\/Screenshot_1-54.jpg?fit=1200%2C662&ssl=1&resize=350%2C200","width":350,"height":200,"srcset":"https:\/\/i0.wp.com\/larevistadigital.com.ar\/blog\/wp-content\/uploads\/Screenshot_1-54.jpg?fit=1200%2C662&ssl=1&resize=350%2C200 1x, https:\/\/i0.wp.com\/larevistadigital.com.ar\/blog\/wp-content\/uploads\/Screenshot_1-54.jpg?fit=1200%2C662&ssl=1&resize=525%2C300 1.5x, https:\/\/i0.wp.com\/larevistadigital.com.ar\/blog\/wp-content\/uploads\/Screenshot_1-54.jpg?fit=1200%2C662&ssl=1&resize=700%2C400 2x, https:\/\/i0.wp.com\/larevistadigital.com.ar\/blog\/wp-content\/uploads\/Screenshot_1-54.jpg?fit=1200%2C662&ssl=1&resize=1050%2C600 3x"},"classes":[]},{"id":4170,"url":"https:\/\/larevistadigital.com.ar\/blog\/cristina-fernandez-kirchner-afirmo-una-causa-inventada\/","url_meta":{"origin":19216,"position":3},"title":"CRISTINA FERN\u00c1NDEZ DE KIRCHNER AFIRM\u00d3 QUE ES TODO UNA CAUSA INVENTADA","author":"Alejandro Sosa Ruda","date":"7 diciembre, 2017","format":false,"excerpt":"Luego de haber sido acusada del delito de \u201ctraici\u00f3n a la patria\u201d por el Juez Claudio Bonad\u00edo, con pedido de desafuero incluido, la ex presidente Cristina Fern\u00e1ndez de Kirchner convoc\u00f3 a una conferencia de prensa, junto a los diputados del FPV a las 16:30 horas. En di\u00e1logo con los periodistas,\u2026","rel":"","context":"En \u00abDESTACADAS\u00bb","block_context":{"text":"DESTACADAS","link":"https:\/\/larevistadigital.com.ar\/blog\/category\/destacadas\/"},"img":{"alt_text":"","src":"https:\/\/i0.wp.com\/larevistadigital.com.ar\/blog\/wp-content\/uploads\/2017\/12\/CONFERENCIA-DE-PRENSA-CRISTINA-KIRCHNER-01.jpg?fit=999%2C561&ssl=1&resize=350%2C200","width":350,"height":200,"srcset":"https:\/\/i0.wp.com\/larevistadigital.com.ar\/blog\/wp-content\/uploads\/2017\/12\/CONFERENCIA-DE-PRENSA-CRISTINA-KIRCHNER-01.jpg?fit=999%2C561&ssl=1&resize=350%2C200 1x, https:\/\/i0.wp.com\/larevistadigital.com.ar\/blog\/wp-content\/uploads\/2017\/12\/CONFERENCIA-DE-PRENSA-CRISTINA-KIRCHNER-01.jpg?fit=999%2C561&ssl=1&resize=525%2C300 1.5x, https:\/\/i0.wp.com\/larevistadigital.com.ar\/blog\/wp-content\/uploads\/2017\/12\/CONFERENCIA-DE-PRENSA-CRISTINA-KIRCHNER-01.jpg?fit=999%2C561&ssl=1&resize=700%2C400 2x"},"classes":[]},{"id":26293,"url":"https:\/\/larevistadigital.com.ar\/blog\/cristina-en-ensenada-y-la-respuesta-al-presidente-peron-cazo-la-lapicera-y-no-la-largo-mas\/","url_meta":{"origin":19216,"position":4},"title":"CRISTINA EN ENSENADA Y LA RESPUESTA AL PRESIDENTE \u00abPER\u00d3N CAZ\u00d3 LA LAPICERA Y NO LA LARG\u00d3 M\u00c1S\u00bb","author":"Alejandro Sosa Ruda","date":"2 julio, 2022","format":false,"excerpt":"La vicepresidenta volvi\u00f3 a responderle a Alberto Fern\u00e1ndez, al encabezar este s\u00e1bado un acto en Ensenada en otra de las conmemoraciones por el 48\u00ba aniversario del fallecimiento del general Juan Domingo Per\u00f3n. Volvi\u00f3 a disparar contra el Movimiento Evita. \u201cEleg\u00ed alg\u00fan p\u00e1rrafo de los que N\u00e9stor ten\u00eda se\u00f1alados en un\u2026","rel":"","context":"En \u00abINTERES GENERAL\u00bb","block_context":{"text":"INTERES GENERAL","link":"https:\/\/larevistadigital.com.ar\/blog\/category\/interes-general\/"},"img":{"alt_text":"","src":"https:\/\/i0.wp.com\/larevistadigital.com.ar\/blog\/wp-content\/uploads\/Captura-de-pantalla-2022-07-02-232013.png?fit=800%2C740&ssl=1&resize=350%2C200","width":350,"height":200,"srcset":"https:\/\/i0.wp.com\/larevistadigital.com.ar\/blog\/wp-content\/uploads\/Captura-de-pantalla-2022-07-02-232013.png?fit=800%2C740&ssl=1&resize=350%2C200 1x, https:\/\/i0.wp.com\/larevistadigital.com.ar\/blog\/wp-content\/uploads\/Captura-de-pantalla-2022-07-02-232013.png?fit=800%2C740&ssl=1&resize=525%2C300 1.5x, https:\/\/i0.wp.com\/larevistadigital.com.ar\/blog\/wp-content\/uploads\/Captura-de-pantalla-2022-07-02-232013.png?fit=800%2C740&ssl=1&resize=700%2C400 2x"},"classes":[]},{"id":20727,"url":"https:\/\/larevistadigital.com.ar\/blog\/alfonsin-habla-por-fuera-de-la-ucr-y-respalda-a-alberto-fernandez\/","url_meta":{"origin":19216,"position":5},"title":"ALFONS\u00cdN HABLA \u00abPOR FUERA\u00bb DE LA UCR, Y RESPALDA A ALBERTO FERN\u00c1NDEZ","author":"Alejandro Sosa Ruda","date":"11 junio, 2021","format":false,"excerpt":"El embajador argentino en Espa\u00f1a, defendi\u00f3 al presidente Alberto Fern\u00e1ndez, y ubic\u00e1ndose impl\u00edcitamente fuera de su partido, critic\u00f3 la postura de la UCR, por formar parte de Cambiemos. Ricardo Alfons\u00edn, dijo que \u00abhay una interpretaci\u00f3n forzada\u00bb sobre la frase de Alberto Fern\u00e1ndez acerca de la descendencia de los habitantes de\u2026","rel":"","context":"En \u00abDESTACADAS\u00bb","block_context":{"text":"DESTACADAS","link":"https:\/\/larevistadigital.com.ar\/blog\/category\/destacadas\/"},"img":{"alt_text":"","src":"https:\/\/i0.wp.com\/larevistadigital.com.ar\/blog\/wp-content\/uploads\/64b5de0c758fbeb51d6edda5758bbb37.jpg?fit=1200%2C840&ssl=1&resize=350%2C200","width":350,"height":200,"srcset":"https:\/\/i0.wp.com\/larevistadigital.com.ar\/blog\/wp-content\/uploads\/64b5de0c758fbeb51d6edda5758bbb37.jpg?fit=1200%2C840&ssl=1&resize=350%2C200 1x, https:\/\/i0.wp.com\/larevistadigital.com.ar\/blog\/wp-content\/uploads\/64b5de0c758fbeb51d6edda5758bbb37.jpg?fit=1200%2C840&ssl=1&resize=525%2C300 1.5x, https:\/\/i0.wp.com\/larevistadigital.com.ar\/blog\/wp-content\/uploads\/64b5de0c758fbeb51d6edda5758bbb37.jpg?fit=1200%2C840&ssl=1&resize=700%2C400 2x, https:\/\/i0.wp.com\/larevistadigital.com.ar\/blog\/wp-content\/uploads\/64b5de0c758fbeb51d6edda5758bbb37.jpg?fit=1200%2C840&ssl=1&resize=1050%2C600 3x"},"classes":[]}],"_links":{"self":[{"href":"https:\/\/larevistadigital.com.ar\/blog\/wp-json\/wp\/v2\/posts\/19216","targetHints":{"allow":["GET"]}}],"collection":[{"href":"https:\/\/larevistadigital.com.ar\/blog\/wp-json\/wp\/v2\/posts"}],"about":[{"href":"https:\/\/larevistadigital.com.ar\/blog\/wp-json\/wp\/v2\/types\/post"}],"author":[{"embeddable":true,"href":"https:\/\/larevistadigital.com.ar\/blog\/wp-json\/wp\/v2\/users\/3"}],"replies":[{"embeddable":true,"href":"https:\/\/larevistadigital.com.ar\/blog\/wp-json\/wp\/v2\/comments?post=19216"}],"version-history":[{"count":1,"href":"https:\/\/larevistadigital.com.ar\/blog\/wp-json\/wp\/v2\/posts\/19216\/revisions"}],"predecessor-version":[{"id":19218,"href":"https:\/\/larevistadigital.com.ar\/blog\/wp-json\/wp\/v2\/posts\/19216\/revisions\/19218"}],"wp:featuredmedia":[{"embeddable":true,"href":"https:\/\/larevistadigital.com.ar\/blog\/wp-json\/wp\/v2\/media\/19217"}],"wp:attachment":[{"href":"https:\/\/larevistadigital.com.ar\/blog\/wp-json\/wp\/v2\/media?parent=19216"}],"wp:term":[{"taxonomy":"category","embeddable":true,"href":"https:\/\/larevistadigital.com.ar\/blog\/wp-json\/wp\/v2\/categories?post=19216"},{"taxonomy":"post_tag","embeddable":true,"href":"https:\/\/larevistadigital.com.ar\/blog\/wp-json\/wp\/v2\/tags?post=19216"}],"curies":[{"name":"wp","href":"https:\/\/api.w.org\/{rel}","templated":true}]}}