{"id":19225,"date":"2021-03-15T15:02:58","date_gmt":"2021-03-15T15:02:58","guid":{"rendered":"https:\/\/larevistadigital.com.ar\/blog\/?p=19225"},"modified":"2021-03-15T15:02:58","modified_gmt":"2021-03-15T15:02:58","slug":"impactante-vuelco-por-esquivar-un-animal-en-la-ruta-29","status":"publish","type":"post","link":"https:\/\/larevistadigital.com.ar\/blog\/impactante-vuelco-por-esquivar-un-animal-en-la-ruta-29\/","title":{"rendered":"IMPACTANTE VUELCO POR ESQUIVAR UN ANIMAL EN LA RUTA 29"},"content":{"rendered":"<p>Fue este fin de semana y el conductor result\u00f3 ileso. Un veh\u00edculo despist\u00f3 y posteriormente volc\u00f3 en la Ruta N\u00ba 29, a casi 1000 metros del acceso a Udaquiola.<\/p>\n<blockquote>\n<h3>Seg\u00fan se pudo saber, el conductor intent\u00f3 esquivar un animal, perdi\u00f3 el control, peg\u00f3 varios tumbos y termin\u00f3 sobre la banquina.<\/h3>\n<\/blockquote>\n<p>Afortunadamente, el \u00fanico ocupante, oriundo de Ayacucho, recibi\u00f3 atenci\u00f3n m\u00e9dica, aunque no sufri\u00f3 heridas de gravedad.<\/p>\n<p>fuente: entrel\u00edneas<\/p>\n","protected":false},"excerpt":{"rendered":"<div class=\"mh-excerpt\"><p>Fue este fin de semana y el conductor result\u00f3 ileso. Un veh\u00edculo despist\u00f3 y posteriormente volc\u00f3 en la Ruta N\u00ba 29, a casi 1000 metros del acceso a Udaquiola. Seg\u00fan se pudo saber, el conductor <a class=\"mh-excerpt-more\" href=\"https:\/\/larevistadigital.com.ar\/blog\/impactante-vuelco-por-esquivar-un-animal-en-la-ruta-29\/\" title=\"IMPACTANTE VUELCO POR ESQUIVAR UN ANIMAL EN LA RUTA 29\">[Leer M\u00e1s]<\/a><\/p>\n<\/div>","protected":false},"author":3,"featured_media":19226,"comment_status":"open","ping_status":"open","sticky":false,"template":"","format":"standard","meta":{"_jetpack_memberships_contains_paid_content":false,"footnotes":"","jetpack_publicize_message":"","jetpack_publicize_feature_enabled":true,"jetpack_social_post_already_shared":true,"jetpack_social_options":{"image_generator_settings":{"template":"highway","default_image_id":0,"font":"","enabled":false},"version":2}},"categories":[51],"tags":[],"class_list":{"0":"post-19225","1":"post","2":"type-post","3":"status-publish","4":"format-standard","5":"has-post-thumbnail","7":"category-regionales"},"jetpack_publicize_connections":[],"jetpack_featured_media_url":"https:\/\/i0.wp.com\/larevistadigital.com.ar\/blog\/wp-content\/uploads\/vuelco-ayacuchenses-13-3-2021.jpg?fit=1140%2C729&ssl=1","jetpack_sharing_enabled":true,"jetpack_shortlink":"https:\/\/wp.me\/p8qtrQ-505","jetpack-related-posts":[{"id":43920,"url":"https:\/\/larevistadigital.com.ar\/blog\/fatal-choque-en-la-ruta-3-un-automovilista-murio-tras-esquivar-carpinchos-y-colisionar-con-un-camion\/","url_meta":{"origin":19225,"position":0},"title":"Fatal choque en la Ruta 3: un automovilista muri\u00f3 tras esquivar carpinchos y colisionar con un cami\u00f3n","author":"Alejandro Sosa Ruda","date":"10 febrero, 2026","format":false,"excerpt":"El siniestro ocurri\u00f3 de madrugada entre Gonzales Chaves y Benito Ju\u00e1rez. El conductor perdi\u00f3 el control del veh\u00edculo, cruz\u00f3 de carril y falleci\u00f3 en el acto. 10 de febrero de 2026 Un tr\u00e1gico accidente vial ocurri\u00f3 durante la madrugada del domingo sobre la Ruta Nacional N\u00ba 3, a la altura\u2026","rel":"","context":"En \u00abPOLICIALES\u00bb","block_context":{"text":"POLICIALES","link":"https:\/\/larevistadigital.com.ar\/blog\/category\/policiales\/"},"img":{"alt_text":"","src":"https:\/\/i0.wp.com\/larevistadigital.com.ar\/blog\/wp-content\/uploads\/5d5e32f53afec5032d50378eaee5624ae3883bca.png?fit=1140%2C726&ssl=1&resize=350%2C200","width":350,"height":200,"srcset":"https:\/\/i0.wp.com\/larevistadigital.com.ar\/blog\/wp-content\/uploads\/5d5e32f53afec5032d50378eaee5624ae3883bca.png?fit=1140%2C726&ssl=1&resize=350%2C200 1x, https:\/\/i0.wp.com\/larevistadigital.com.ar\/blog\/wp-content\/uploads\/5d5e32f53afec5032d50378eaee5624ae3883bca.png?fit=1140%2C726&ssl=1&resize=525%2C300 1.5x, https:\/\/i0.wp.com\/larevistadigital.com.ar\/blog\/wp-content\/uploads\/5d5e32f53afec5032d50378eaee5624ae3883bca.png?fit=1140%2C726&ssl=1&resize=700%2C400 2x, https:\/\/i0.wp.com\/larevistadigital.com.ar\/blog\/wp-content\/uploads\/5d5e32f53afec5032d50378eaee5624ae3883bca.png?fit=1140%2C726&ssl=1&resize=1050%2C600 3x"},"classes":[]},{"id":32610,"url":"https:\/\/larevistadigital.com.ar\/blog\/insolito-cayo-un-ternero-sobre-un-auto-en-plena-ruta-nacional-7\/","url_meta":{"origin":19225,"position":1},"title":"INS\u00d3LITO: CAY\u00d3 UN TERNERO SOBRE UN AUTO EN PLENA RUTA NACIONAL 7","author":"Alejandro Sosa Ruda","date":"27 julio, 2023","format":false,"excerpt":"El accidente fue a la altura del km 232 de la Ruta Nacional 7 cuando dos veh\u00edculos circulaban en la misma direcci\u00f3n, Chacabuco-Jun\u00edn. Por delante iba una camioneta Ford Ranger que en la caja llevaba un ternero y por detr\u00e1s el Chevrolet Cruze. 26 de julio de 2023 BUENOS AIRES\u2026","rel":"","context":"En \u00abCURIOSAS\u00bb","block_context":{"text":"CURIOSAS","link":"https:\/\/larevistadigital.com.ar\/blog\/category\/curiosas\/"},"img":{"alt_text":"","src":"https:\/\/i0.wp.com\/larevistadigital.com.ar\/blog\/wp-content\/uploads\/20230726173432_auto.jpg?fit=880%2C512&ssl=1&resize=350%2C200","width":350,"height":200,"srcset":"https:\/\/i0.wp.com\/larevistadigital.com.ar\/blog\/wp-content\/uploads\/20230726173432_auto.jpg?fit=880%2C512&ssl=1&resize=350%2C200 1x, https:\/\/i0.wp.com\/larevistadigital.com.ar\/blog\/wp-content\/uploads\/20230726173432_auto.jpg?fit=880%2C512&ssl=1&resize=525%2C300 1.5x, https:\/\/i0.wp.com\/larevistadigital.com.ar\/blog\/wp-content\/uploads\/20230726173432_auto.jpg?fit=880%2C512&ssl=1&resize=700%2C400 2x"},"classes":[]},{"id":23696,"url":"https:\/\/larevistadigital.com.ar\/blog\/vuelca-un-auto-en-la-ruta-por-esquivar-una-sombrilla\/","url_meta":{"origin":19225,"position":2},"title":"VUELCA UN AUTO EN LA RUTA POR ESQUIVAR UNA SOMBRILLA","author":"Alejandro Sosa Ruda","date":"30 enero, 2022","format":false,"excerpt":"Un fuerte accidente de tr\u00e1nsito se produjo en el kil\u00f3metro 5 de la Ruta 74. Los hechos sucedieron cuando a un veh\u00edculo se le vol\u00f3 una sombrilla, el autom\u00f3vil que ven\u00eda atr\u00e1s intent\u00f3 esquivarla y por la maniobra termin\u00f3 volcando. Lamentablemente, a ra\u00edz del accidente tres personas, 2 mayores y\u2026","rel":"","context":"En \u00abINTERES GENERAL\u00bb","block_context":{"text":"INTERES GENERAL","link":"https:\/\/larevistadigital.com.ar\/blog\/category\/interes-general\/"},"img":{"alt_text":"","src":"https:\/\/i0.wp.com\/larevistadigital.com.ar\/blog\/wp-content\/uploads\/3a6909cb07ced79cb24fb8d8be58a0b724a1ad74.jpg?fit=900%2C900&ssl=1&resize=350%2C200","width":350,"height":200,"srcset":"https:\/\/i0.wp.com\/larevistadigital.com.ar\/blog\/wp-content\/uploads\/3a6909cb07ced79cb24fb8d8be58a0b724a1ad74.jpg?fit=900%2C900&ssl=1&resize=350%2C200 1x, https:\/\/i0.wp.com\/larevistadigital.com.ar\/blog\/wp-content\/uploads\/3a6909cb07ced79cb24fb8d8be58a0b724a1ad74.jpg?fit=900%2C900&ssl=1&resize=525%2C300 1.5x, https:\/\/i0.wp.com\/larevistadigital.com.ar\/blog\/wp-content\/uploads\/3a6909cb07ced79cb24fb8d8be58a0b724a1ad74.jpg?fit=900%2C900&ssl=1&resize=700%2C400 2x"},"classes":[]},{"id":44019,"url":"https:\/\/larevistadigital.com.ar\/blog\/tragedia-en-la-ruta-88-murio-un-hombre-tras-un-choque-en-cadena-provocado-por-un-carpincho\/","url_meta":{"origin":19225,"position":3},"title":"Tragedia en la Ruta 88: muri\u00f3 un hombre tras un choque en cadena provocado por un carpincho","author":"Alejandro Sosa Ruda","date":"15 febrero, 2026","format":false,"excerpt":"El siniestro ocurri\u00f3 a la altura del kil\u00f3metro 65. Un automovilista embisti\u00f3 al animal y, en medio de la asistencia, otro veh\u00edculo atropell\u00f3 a un trabajador rural que hab\u00eda acudido a ayudar. 15 de febrero de 2026 Un tr\u00e1gico accidente se registr\u00f3 en la Ruta 88, a la altura del\u2026","rel":"","context":"En \u00abPOLICIALES\u00bb","block_context":{"text":"POLICIALES","link":"https:\/\/larevistadigital.com.ar\/blog\/category\/policiales\/"},"img":{"alt_text":"","src":"https:\/\/i0.wp.com\/larevistadigital.com.ar\/blog\/wp-content\/uploads\/55782ee2da9816635c726bc41e2d4a4770e80e31.jpg?fit=1140%2C856&ssl=1&resize=350%2C200","width":350,"height":200,"srcset":"https:\/\/i0.wp.com\/larevistadigital.com.ar\/blog\/wp-content\/uploads\/55782ee2da9816635c726bc41e2d4a4770e80e31.jpg?fit=1140%2C856&ssl=1&resize=350%2C200 1x, https:\/\/i0.wp.com\/larevistadigital.com.ar\/blog\/wp-content\/uploads\/55782ee2da9816635c726bc41e2d4a4770e80e31.jpg?fit=1140%2C856&ssl=1&resize=525%2C300 1.5x, https:\/\/i0.wp.com\/larevistadigital.com.ar\/blog\/wp-content\/uploads\/55782ee2da9816635c726bc41e2d4a4770e80e31.jpg?fit=1140%2C856&ssl=1&resize=700%2C400 2x, https:\/\/i0.wp.com\/larevistadigital.com.ar\/blog\/wp-content\/uploads\/55782ee2da9816635c726bc41e2d4a4770e80e31.jpg?fit=1140%2C856&ssl=1&resize=1050%2C600 3x"},"classes":[]},{"id":24611,"url":"https:\/\/larevistadigital.com.ar\/blog\/otra-vez-nuevamente-un-auto-choco-contra-un-poste-en-la-ruta-11-ahora-fallecio-un-policia-retirado\/","url_meta":{"origin":19225,"position":4},"title":"OTRA VEZ: NUEVAMENTE UN AUTO CHOC\u00d3 CONTRA UN POSTE EN LA RUTA 11, AHORA FALLECI\u00d3 UN POLIC\u00cdA RETIRADO","author":"Alejandro Sosa Ruda","date":"16 marzo, 2022","format":false,"excerpt":"El accidente se produjo a la altura del kil\u00f3metro 504, en las cercan\u00edas del Grupo de Artiller\u00eda Antia\u00e9reo 601, en Mar del Plata. MAR DEL PLATA -\u00a0 El conductor de un veh\u00edculo utilitario falleci\u00f3 en la noche del martes cuando colision\u00f3 una de las columnas ubicadas en el cantero divisor\u2026","rel":"","context":"En \u00abPOLICIALES\u00bb","block_context":{"text":"POLICIALES","link":"https:\/\/larevistadigital.com.ar\/blog\/category\/policiales\/"},"img":{"alt_text":"","src":"https:\/\/i0.wp.com\/larevistadigital.com.ar\/blog\/wp-content\/uploads\/f2ce65359259d3680baa7d7f4f64a61f54c18d56.jpg?fit=1140%2C646&ssl=1&resize=350%2C200","width":350,"height":200,"srcset":"https:\/\/i0.wp.com\/larevistadigital.com.ar\/blog\/wp-content\/uploads\/f2ce65359259d3680baa7d7f4f64a61f54c18d56.jpg?fit=1140%2C646&ssl=1&resize=350%2C200 1x, https:\/\/i0.wp.com\/larevistadigital.com.ar\/blog\/wp-content\/uploads\/f2ce65359259d3680baa7d7f4f64a61f54c18d56.jpg?fit=1140%2C646&ssl=1&resize=525%2C300 1.5x, https:\/\/i0.wp.com\/larevistadigital.com.ar\/blog\/wp-content\/uploads\/f2ce65359259d3680baa7d7f4f64a61f54c18d56.jpg?fit=1140%2C646&ssl=1&resize=700%2C400 2x, https:\/\/i0.wp.com\/larevistadigital.com.ar\/blog\/wp-content\/uploads\/f2ce65359259d3680baa7d7f4f64a61f54c18d56.jpg?fit=1140%2C646&ssl=1&resize=1050%2C600 3x"},"classes":[]},{"id":22789,"url":"https:\/\/larevistadigital.com.ar\/blog\/trenque-lauquen-choque-frontal-con-cinco-muertos\/","url_meta":{"origin":19225,"position":5},"title":"TRENQUE LAUQUEN: CHOQUE FRONTAL CON CINCO MUERTOS","author":"Alejandro Sosa Ruda","date":"24 noviembre, 2021","format":false,"excerpt":"Seg\u00fan fuentes policiales, las v\u00edctimas fatales son dos hombres y tres ni\u00f1os que viajaban en un Renault Cl\u00edo procedentes de la ciudad rionegrina de Bariloche y que se dirig\u00edan por la ruta nacional en sentido Buenos Aires. Cinco personas fallecieron esta ma\u00f1ana de martes cuando el autom\u00f3vil en el que\u2026","rel":"","context":"En \u00abPOLICIALES\u00bb","block_context":{"text":"POLICIALES","link":"https:\/\/larevistadigital.com.ar\/blog\/category\/policiales\/"},"img":{"alt_text":"","src":"https:\/\/i0.wp.com\/larevistadigital.com.ar\/blog\/wp-content\/uploads\/Captura-33.png?fit=992%2C506&ssl=1&resize=350%2C200","width":350,"height":200,"srcset":"https:\/\/i0.wp.com\/larevistadigital.com.ar\/blog\/wp-content\/uploads\/Captura-33.png?fit=992%2C506&ssl=1&resize=350%2C200 1x, https:\/\/i0.wp.com\/larevistadigital.com.ar\/blog\/wp-content\/uploads\/Captura-33.png?fit=992%2C506&ssl=1&resize=525%2C300 1.5x, https:\/\/i0.wp.com\/larevistadigital.com.ar\/blog\/wp-content\/uploads\/Captura-33.png?fit=992%2C506&ssl=1&resize=700%2C400 2x"},"classes":[]}],"_links":{"self":[{"href":"https:\/\/larevistadigital.com.ar\/blog\/wp-json\/wp\/v2\/posts\/19225","targetHints":{"allow":["GET"]}}],"collection":[{"href":"https:\/\/larevistadigital.com.ar\/blog\/wp-json\/wp\/v2\/posts"}],"about":[{"href":"https:\/\/larevistadigital.com.ar\/blog\/wp-json\/wp\/v2\/types\/post"}],"author":[{"embeddable":true,"href":"https:\/\/larevistadigital.com.ar\/blog\/wp-json\/wp\/v2\/users\/3"}],"replies":[{"embeddable":true,"href":"https:\/\/larevistadigital.com.ar\/blog\/wp-json\/wp\/v2\/comments?post=19225"}],"version-history":[{"count":1,"href":"https:\/\/larevistadigital.com.ar\/blog\/wp-json\/wp\/v2\/posts\/19225\/revisions"}],"predecessor-version":[{"id":19227,"href":"https:\/\/larevistadigital.com.ar\/blog\/wp-json\/wp\/v2\/posts\/19225\/revisions\/19227"}],"wp:featuredmedia":[{"embeddable":true,"href":"https:\/\/larevistadigital.com.ar\/blog\/wp-json\/wp\/v2\/media\/19226"}],"wp:attachment":[{"href":"https:\/\/larevistadigital.com.ar\/blog\/wp-json\/wp\/v2\/media?parent=19225"}],"wp:term":[{"taxonomy":"category","embeddable":true,"href":"https:\/\/larevistadigital.com.ar\/blog\/wp-json\/wp\/v2\/categories?post=19225"},{"taxonomy":"post_tag","embeddable":true,"href":"https:\/\/larevistadigital.com.ar\/blog\/wp-json\/wp\/v2\/tags?post=19225"}],"curies":[{"name":"wp","href":"https:\/\/api.w.org\/{rel}","templated":true}]}}