{"id":19228,"date":"2021-03-15T15:15:22","date_gmt":"2021-03-15T15:15:22","guid":{"rendered":"https:\/\/larevistadigital.com.ar\/blog\/?p=19228"},"modified":"2021-03-15T15:15:22","modified_gmt":"2021-03-15T15:15:22","slug":"cruce-entre-rutas-2-y-41-camion-se-paso-de-largo-y-quedo-en-el-cantero-central","status":"publish","type":"post","link":"https:\/\/larevistadigital.com.ar\/blog\/cruce-entre-rutas-2-y-41-camion-se-paso-de-largo-y-quedo-en-el-cantero-central\/","title":{"rendered":"CRUCE ENTRE RUTAS 2 Y 41: CAMI\u00d3N SE PAS\u00d3 DE LARGO Y QUED\u00d3 EN EL CANTERO CENTRAL"},"content":{"rendered":"<p>Un cami\u00f3n cargado de hierro, que circulaba por la ruta 41, sigui\u00f3 de largo, deteni\u00e9ndose sobre el cantero central de la autov\u00eda 2, milagrosamente sin que nadie circulara por la misma en ese momento, lo que hubiera significado una desgracias con graves consecuencias.<\/p>\n<blockquote>\n<h3>El siniestro ocurri\u00f3 durante la ma\u00f1ana del s\u00e1bado, siendo el saldo algunos da\u00f1os materiales, pero el conductor del veh\u00edculo, a Dios gracias result\u00f3 ileso.<\/h3>\n<\/blockquote>\n<p>Afortunadamente, a esa hora el tr\u00e1nsito era escaso, y el cami\u00f3n<em><strong> \u00abse pas\u00f3 de largo, y termin\u00f3 haciendo una tijera\u00bb<\/strong> <\/em>mencionaron fuentes policiales.<\/p>\n<p>Posteriormente, y luego de descargar el veh\u00edculo se procedi\u00f3 a remolcarlo.<\/p>\n<p>&nbsp;<\/p>\n","protected":false},"excerpt":{"rendered":"<div class=\"mh-excerpt\"><p>Un cami\u00f3n cargado de hierro, que circulaba por la ruta 41, sigui\u00f3 de largo, deteni\u00e9ndose sobre el cantero central de la autov\u00eda 2, milagrosamente sin que nadie circulara por la misma en ese momento, lo <a class=\"mh-excerpt-more\" href=\"https:\/\/larevistadigital.com.ar\/blog\/cruce-entre-rutas-2-y-41-camion-se-paso-de-largo-y-quedo-en-el-cantero-central\/\" title=\"CRUCE ENTRE RUTAS 2 Y 41: CAMI\u00d3N SE PAS\u00d3 DE LARGO Y QUED\u00d3 EN EL CANTERO CENTRAL\">[Leer M\u00e1s]<\/a><\/p>\n<\/div>","protected":false},"author":3,"featured_media":19229,"comment_status":"open","ping_status":"open","sticky":false,"template":"","format":"standard","meta":{"_jetpack_memberships_contains_paid_content":false,"footnotes":"","jetpack_publicize_message":"","jetpack_publicize_feature_enabled":true,"jetpack_social_post_already_shared":true,"jetpack_social_options":{"image_generator_settings":{"template":"highway","default_image_id":0,"font":"","enabled":false},"version":2}},"categories":[44,51],"tags":[],"class_list":{"0":"post-19228","1":"post","2":"type-post","3":"status-publish","4":"format-standard","5":"has-post-thumbnail","7":"category-policiales","8":"category-regionales"},"jetpack_publicize_connections":[],"jetpack_featured_media_url":"https:\/\/i0.wp.com\/larevistadigital.com.ar\/blog\/wp-content\/uploads\/Captura-de-pantalla-2021-03-15-121413.png?fit=868%2C381&ssl=1","jetpack_sharing_enabled":true,"jetpack_shortlink":"https:\/\/wp.me\/p8qtrQ-508","jetpack-related-posts":[{"id":17350,"url":"https:\/\/larevistadigital.com.ar\/blog\/ruta-2-camion-volco-en-el-terraplen-central-de-la-autopista\/","url_meta":{"origin":19228,"position":0},"title":"RUTA 2: CAMI\u00d3N VOLC\u00d3 EN EL TERRAPLEN CENTRAL DE LA AUTOPISTA","author":"Alejandro Sosa Ruda","date":"30 octubre, 2020","format":false,"excerpt":"Un cami\u00f3n se despist\u00f3 ayer por la\u00a0 madrugada y cay\u00f3 al cantero central en la Autov\u00eda 2 en jurisdicci\u00f3n del distrito de General Guido. El accidente se produjo alrededor de la una de la madrugada, cuando un cami\u00f3n Iveco con acoplado que circulaba en direcci\u00f3n a Mar del Plata, se\u2026","rel":"","context":"En \u00abREGIONALES\u00bb","block_context":{"text":"REGIONALES","link":"https:\/\/larevistadigital.com.ar\/blog\/category\/regionales\/"},"img":{"alt_text":"","src":"https:\/\/i0.wp.com\/larevistadigital.com.ar\/blog\/wp-content\/uploads\/598ca16625d4e185de29d4bb47fd81d137970156.jpg?fit=1140%2C759&ssl=1&resize=350%2C200","width":350,"height":200,"srcset":"https:\/\/i0.wp.com\/larevistadigital.com.ar\/blog\/wp-content\/uploads\/598ca16625d4e185de29d4bb47fd81d137970156.jpg?fit=1140%2C759&ssl=1&resize=350%2C200 1x, https:\/\/i0.wp.com\/larevistadigital.com.ar\/blog\/wp-content\/uploads\/598ca16625d4e185de29d4bb47fd81d137970156.jpg?fit=1140%2C759&ssl=1&resize=525%2C300 1.5x, https:\/\/i0.wp.com\/larevistadigital.com.ar\/blog\/wp-content\/uploads\/598ca16625d4e185de29d4bb47fd81d137970156.jpg?fit=1140%2C759&ssl=1&resize=700%2C400 2x, https:\/\/i0.wp.com\/larevistadigital.com.ar\/blog\/wp-content\/uploads\/598ca16625d4e185de29d4bb47fd81d137970156.jpg?fit=1140%2C759&ssl=1&resize=1050%2C600 3x"},"classes":[]},{"id":29616,"url":"https:\/\/larevistadigital.com.ar\/blog\/tragedia-mueren-dos-personas-al-caer-un-camion-al-vacio-desde-el-puente-zarate-brazo-largo\/","url_meta":{"origin":19228,"position":1},"title":"TRAGEDIA: MUEREN DOS PERSONAS AL CAER UN CAMI\u00d3N AL VAC\u00cdO DESDE EL PUENTE Z\u00c1RATE BRAZO LARGO","author":"Alejandro Sosa Ruda","date":"24 diciembre, 2022","format":false,"excerpt":"El hecho tuvo lugar a eso de las 6 de la ma\u00f1ana en el kil\u00f3metro 88 de la ruta nacional 12, en el puente Bartolom\u00e9 Mitre del complejo Z\u00e1rate-Brazo Largo, cuando un cami\u00f3n rompi\u00f3 las barandas de contenci\u00f3n y cay\u00f3 al vac\u00edo a la vera del r\u00edo Paran\u00e1. 23 de\u2026","rel":"","context":"En \u00abINTERES GENERAL\u00bb","block_context":{"text":"INTERES GENERAL","link":"https:\/\/larevistadigital.com.ar\/blog\/category\/interes-general\/"},"img":{"alt_text":"","src":"https:\/\/i0.wp.com\/larevistadigital.com.ar\/blog\/wp-content\/uploads\/20221223145222_camion3.jpg?fit=880%2C512&ssl=1&resize=350%2C200","width":350,"height":200,"srcset":"https:\/\/i0.wp.com\/larevistadigital.com.ar\/blog\/wp-content\/uploads\/20221223145222_camion3.jpg?fit=880%2C512&ssl=1&resize=350%2C200 1x, https:\/\/i0.wp.com\/larevistadigital.com.ar\/blog\/wp-content\/uploads\/20221223145222_camion3.jpg?fit=880%2C512&ssl=1&resize=525%2C300 1.5x, https:\/\/i0.wp.com\/larevistadigital.com.ar\/blog\/wp-content\/uploads\/20221223145222_camion3.jpg?fit=880%2C512&ssl=1&resize=700%2C400 2x"},"classes":[]},{"id":40470,"url":"https:\/\/larevistadigital.com.ar\/blog\/impactante-triple-choque-en-mar-del-plata-un-auto-quedo-aplastado-entre-un-colectivo-y-un-camion\/","url_meta":{"origin":19228,"position":2},"title":"Impactante triple choque en Mar del Plata: un auto qued\u00f3 aplastado entre un colectivo y un cami\u00f3n","author":"Alejandro Sosa Ruda","date":"14 julio, 2025","format":false,"excerpt":"Ocurri\u00f3 en plena avenida Juan B. Justo. A pesar de lo dram\u00e1tico del siniestro, el conductor del auto logr\u00f3 salir con vida entre los hierros retorcidos. 14 de Julio de 2025 MAR DEL PLATA\u00a0 -\u00a0 \u00a0Una escena digna de una pel\u00edcula de acci\u00f3n se vivi\u00f3 este lunes por la tarde\u2026","rel":"","context":"En \u00abPOLICIALES\u00bb","block_context":{"text":"POLICIALES","link":"https:\/\/larevistadigital.com.ar\/blog\/category\/policiales\/"},"img":{"alt_text":"","src":"https:\/\/i0.wp.com\/larevistadigital.com.ar\/blog\/wp-content\/uploads\/ACCIDENTE-MAR-DEL-PLATA.jpg?fit=644%2C401&ssl=1&resize=350%2C200","width":350,"height":200,"srcset":"https:\/\/i0.wp.com\/larevistadigital.com.ar\/blog\/wp-content\/uploads\/ACCIDENTE-MAR-DEL-PLATA.jpg?fit=644%2C401&ssl=1&resize=350%2C200 1x, https:\/\/i0.wp.com\/larevistadigital.com.ar\/blog\/wp-content\/uploads\/ACCIDENTE-MAR-DEL-PLATA.jpg?fit=644%2C401&ssl=1&resize=525%2C300 1.5x"},"classes":[]},{"id":10638,"url":"https:\/\/larevistadigital.com.ar\/blog\/maipu-auto-choca-con-camion-estacionado-un-muerto-y-un-herido\/","url_meta":{"origin":19228,"position":3},"title":"MAIP\u00da: AUTO CHOCA CON CAMI\u00d3N ESTACIONADO. UN MUERTO Y UN HERIDO.","author":"Alejandro Sosa Ruda","date":"15 junio, 2019","format":false,"excerpt":"Un joven vecino de Maipu falleci\u00f3 esta madrugada como consecuencia de un siniestro vial ocurrido en la calle Lavalle de tal ciudad, frente al predio del club Atl\u00e9tico. Por causas que se tratan de establecer, el veh\u00edculo en el que se trasladaba el maipuense, colision\u00f3 contra un cami\u00f3n que estaba\u2026","rel":"","context":"En \u00abPOLICIALES\u00bb","block_context":{"text":"POLICIALES","link":"https:\/\/larevistadigital.com.ar\/blog\/category\/policiales\/"},"img":{"alt_text":"","src":"https:\/\/i0.wp.com\/larevistadigital.com.ar\/blog\/wp-content\/uploads\/64445929_2294786880612685_2261391686837993472_n.jpg?fit=960%2C540&ssl=1&resize=350%2C200","width":350,"height":200,"srcset":"https:\/\/i0.wp.com\/larevistadigital.com.ar\/blog\/wp-content\/uploads\/64445929_2294786880612685_2261391686837993472_n.jpg?fit=960%2C540&ssl=1&resize=350%2C200 1x, https:\/\/i0.wp.com\/larevistadigital.com.ar\/blog\/wp-content\/uploads\/64445929_2294786880612685_2261391686837993472_n.jpg?fit=960%2C540&ssl=1&resize=525%2C300 1.5x, https:\/\/i0.wp.com\/larevistadigital.com.ar\/blog\/wp-content\/uploads\/64445929_2294786880612685_2261391686837993472_n.jpg?fit=960%2C540&ssl=1&resize=700%2C400 2x"},"classes":[]},{"id":12038,"url":"https:\/\/larevistadigital.com.ar\/blog\/video-impactante-un-camion-se-quedo-sin-frenos-y-aplasto-un-auto\/","url_meta":{"origin":19228,"position":4},"title":"[VIDEO] \u00a1Impactante! Un cami\u00f3n se qued\u00f3 sin frenos y aplast\u00f3 un auto","author":"Alejandro Sosa Ruda","date":"13 septiembre, 2019","format":false,"excerpt":"La secuencia fue filmada por las c\u00e1maras de seguridad de la Autopista Panamericana. Los dos veh\u00edculos chocaron con una cabina de peaje.\u00a0 Momentos de extrema tensi\u00f3n se vivieron a la altura de la localidad bonaerense de Campana donde un cami\u00f3n se qued\u00f3 sin frenos, aplast\u00f3 a un autom\u00f3vil y choc\u00f3\u2026","rel":"","context":"En \u00abDESTACADAS\u00bb","block_context":{"text":"DESTACADAS","link":"https:\/\/larevistadigital.com.ar\/blog\/category\/destacadas\/"},"img":{"alt_text":"","src":"https:\/\/i0.wp.com\/larevistadigital.com.ar\/blog\/wp-content\/uploads\/Screenshot_2-36.jpg?fit=689%2C343&ssl=1&resize=350%2C200","width":350,"height":200,"srcset":"https:\/\/i0.wp.com\/larevistadigital.com.ar\/blog\/wp-content\/uploads\/Screenshot_2-36.jpg?fit=689%2C343&ssl=1&resize=350%2C200 1x, https:\/\/i0.wp.com\/larevistadigital.com.ar\/blog\/wp-content\/uploads\/Screenshot_2-36.jpg?fit=689%2C343&ssl=1&resize=525%2C300 1.5x"},"classes":[]},{"id":44669,"url":"https:\/\/larevistadigital.com.ar\/blog\/tragedia-en-ruta-2-un-hombre-murio-atropellado-por-un-camion-en-brandsen\/","url_meta":{"origin":19228,"position":5},"title":"Tragedia en Ruta 2: un hombre muri\u00f3 atropellado por un cami\u00f3n en Brandsen","author":"Alejandro Sosa Ruda","date":"23 marzo, 2026","format":false,"excerpt":"El hecho ocurri\u00f3 a la altura del kil\u00f3metro 50, en sentido a la Costa Atl\u00e1ntica. La v\u00edctima falleci\u00f3 en el lugar y el conductor del veh\u00edculo result\u00f3 ileso. 23 de Marzo de 2026 BRANDSEN -\u00a0 \u00a0Un nuevo y tr\u00e1gico accidente vial se registr\u00f3 en las \u00faltimas horas sobre la Ruta\u2026","rel":"","context":"En \u00abPOLICIALES\u00bb","block_context":{"text":"POLICIALES","link":"https:\/\/larevistadigital.com.ar\/blog\/category\/policiales\/"},"img":{"alt_text":"","src":"https:\/\/i0.wp.com\/larevistadigital.com.ar\/blog\/wp-content\/uploads\/0306918813d30b29a629495ccd854201b84b941f.jpg?fit=1140%2C807&ssl=1&resize=350%2C200","width":350,"height":200,"srcset":"https:\/\/i0.wp.com\/larevistadigital.com.ar\/blog\/wp-content\/uploads\/0306918813d30b29a629495ccd854201b84b941f.jpg?fit=1140%2C807&ssl=1&resize=350%2C200 1x, https:\/\/i0.wp.com\/larevistadigital.com.ar\/blog\/wp-content\/uploads\/0306918813d30b29a629495ccd854201b84b941f.jpg?fit=1140%2C807&ssl=1&resize=525%2C300 1.5x, https:\/\/i0.wp.com\/larevistadigital.com.ar\/blog\/wp-content\/uploads\/0306918813d30b29a629495ccd854201b84b941f.jpg?fit=1140%2C807&ssl=1&resize=700%2C400 2x, https:\/\/i0.wp.com\/larevistadigital.com.ar\/blog\/wp-content\/uploads\/0306918813d30b29a629495ccd854201b84b941f.jpg?fit=1140%2C807&ssl=1&resize=1050%2C600 3x"},"classes":[]}],"_links":{"self":[{"href":"https:\/\/larevistadigital.com.ar\/blog\/wp-json\/wp\/v2\/posts\/19228","targetHints":{"allow":["GET"]}}],"collection":[{"href":"https:\/\/larevistadigital.com.ar\/blog\/wp-json\/wp\/v2\/posts"}],"about":[{"href":"https:\/\/larevistadigital.com.ar\/blog\/wp-json\/wp\/v2\/types\/post"}],"author":[{"embeddable":true,"href":"https:\/\/larevistadigital.com.ar\/blog\/wp-json\/wp\/v2\/users\/3"}],"replies":[{"embeddable":true,"href":"https:\/\/larevistadigital.com.ar\/blog\/wp-json\/wp\/v2\/comments?post=19228"}],"version-history":[{"count":1,"href":"https:\/\/larevistadigital.com.ar\/blog\/wp-json\/wp\/v2\/posts\/19228\/revisions"}],"predecessor-version":[{"id":19230,"href":"https:\/\/larevistadigital.com.ar\/blog\/wp-json\/wp\/v2\/posts\/19228\/revisions\/19230"}],"wp:featuredmedia":[{"embeddable":true,"href":"https:\/\/larevistadigital.com.ar\/blog\/wp-json\/wp\/v2\/media\/19229"}],"wp:attachment":[{"href":"https:\/\/larevistadigital.com.ar\/blog\/wp-json\/wp\/v2\/media?parent=19228"}],"wp:term":[{"taxonomy":"category","embeddable":true,"href":"https:\/\/larevistadigital.com.ar\/blog\/wp-json\/wp\/v2\/categories?post=19228"},{"taxonomy":"post_tag","embeddable":true,"href":"https:\/\/larevistadigital.com.ar\/blog\/wp-json\/wp\/v2\/tags?post=19228"}],"curies":[{"name":"wp","href":"https:\/\/api.w.org\/{rel}","templated":true}]}}