{"id":19231,"date":"2021-03-15T15:21:22","date_gmt":"2021-03-15T15:21:22","guid":{"rendered":"https:\/\/larevistadigital.com.ar\/blog\/?p=19231"},"modified":"2021-03-15T15:22:25","modified_gmt":"2021-03-15T15:22:25","slug":"apedrearon-dos-micros-de-la-linea-51-donde-viajaban-vecinos-de-san-vicente-y-brandsen","status":"publish","type":"post","link":"https:\/\/larevistadigital.com.ar\/blog\/apedrearon-dos-micros-de-la-linea-51-donde-viajaban-vecinos-de-san-vicente-y-brandsen\/","title":{"rendered":"APEDREARON DOS MICROS DE LA L\u00cdNEA 51, DONDE VIAJABAN VECINOS DE SAN VICENTE Y BRANDSEN"},"content":{"rendered":"<h2><strong>Los hechos ocurrieron entre las 4 y las 6 de la ma\u00f1ana de este sabado 13 de marzo en Domselaar y provoc\u00f3 que los cristales estallen. No hubo heridos. <\/strong><strong>La empresa estar\u00eda analizando dejar de ingresar a esa localidad por los reiterados hechos de vandalismo contra las unidades.<\/strong><\/h2>\n<p><strong>DOMSELAR &#8211; <\/strong>Los sucesos se dieron cuando un grupo de al menos 15 personas -que ser\u00edan menores-, atacaron dos unidades a piedrazos para luego escapar corriendo. Los pasajeros aseguran que los v\u00e1ndalos lo hacen s\u00f3lo por diversi\u00f3n y para \u00abpasar el rato\u00bb.<\/p>\n<p><em><strong>\u00abCerca de las 4:00 de la ma\u00f1ana hab\u00edan apedreado un colectivo. El ch\u00f3fer, le advierte al que manejaba el micro en el que yo viajaba que no pasara por la estaci\u00f3n de Domselaar porque ah\u00ed estaban los delincuentes. Entonces nos desviamos unas cuadras antes, pero los agresores ven el colectivo, vienen corriendo, y comienzan a estallar los vidrios de las puertas y ventanas de la unidad\u00bb<\/strong><\/em> coment\u00f3 a\u00a0<a href=\"http:\/\/www.detrasdelanoticia.com.ar\/\">detrasdelanoticia.com.ar<\/a>\u00a0<strong>Alberto<\/strong>, uno de los pasajeros que presenci\u00f3 todo lo sucedido.<\/p>\n<blockquote>\n<h3>\u00abYo ten\u00eda que tomar en Las Acacias el colectivo de las 4:30, que iba hacia Alejandro Korn, pero no lo pude tomar porque nunca lleg\u00f3 a\u00a0<a title=\"Brandsen\" href=\"https:\/\/detrasdelanoticia.com.ar\/ciudad\/brandsen\/\" target=\"_blank\" rel=\"noopener\" data-seo-automated-link-building=\"1\">Brandsen<\/a>, entonces me sub\u00ed al de 5:40. Al chofer le coment\u00e9 que ten\u00eda que tomar el anterior, y le pregunt\u00e9 si hab\u00eda pasado antes. Ah\u00ed me comenta que no lleg\u00f3 porque hab\u00eda sido atacado en Domselaar, que le hab\u00edan estallado todos los vidrios\u00bb relat\u00f3 a nuestro medio Nestor, otro de los pasajeros que vivi\u00f3 momentos de mucha angustia.<\/h3>\n<\/blockquote>\n<p><em><strong>\u00abCuando llegamos a 9 de julio y Alfonsina Storni, de Domselaar, tambi\u00e9n comenzaron a estallar los vidrios de nuestra unidad. Eran 15, 20 menores que salieron corriendo\u00bb<\/strong><\/em> agreg\u00f3<\/p>\n<p><strong><em>\u00abEl colectivero dijo que seguramente la empresa tome la determinaci\u00f3n de no pasar por adentro en esos horarios durante un tiempo. Es lamentablemente por los vecinos de esa localidad que van a tener que caminar hasta la ruta para tomar el colectivo por estos inadaptados\u00bb<\/em><\/strong> concluy\u00f3 el hombre.<\/p>\n<p>La polic\u00eda investiga los hechos pero al momento no se identific\u00f3 ninguno de los v\u00e1ndalos<\/p>\n","protected":false},"excerpt":{"rendered":"<div class=\"mh-excerpt\"><p>Los hechos ocurrieron entre las 4 y las 6 de la ma\u00f1ana de este sabado 13 de marzo en Domselaar y provoc\u00f3 que los cristales estallen. No hubo heridos. La empresa estar\u00eda analizando dejar de <a class=\"mh-excerpt-more\" href=\"https:\/\/larevistadigital.com.ar\/blog\/apedrearon-dos-micros-de-la-linea-51-donde-viajaban-vecinos-de-san-vicente-y-brandsen\/\" title=\"APEDREARON DOS MICROS DE LA L\u00cdNEA 51, DONDE VIAJABAN VECINOS DE SAN VICENTE Y BRANDSEN\">[Leer M\u00e1s]<\/a><\/p>\n<\/div>","protected":false},"author":3,"featured_media":19233,"comment_status":"open","ping_status":"open","sticky":false,"template":"","format":"standard","meta":{"_jetpack_memberships_contains_paid_content":false,"footnotes":"","jetpack_publicize_message":"","jetpack_publicize_feature_enabled":true,"jetpack_social_post_already_shared":true,"jetpack_social_options":{"image_generator_settings":{"template":"highway","default_image_id":0,"font":"","enabled":false},"version":2}},"categories":[44,51],"tags":[],"class_list":{"0":"post-19231","1":"post","2":"type-post","3":"status-publish","4":"format-standard","5":"has-post-thumbnail","7":"category-policiales","8":"category-regionales"},"jetpack_publicize_connections":[],"jetpack_featured_media_url":"https:\/\/i0.wp.com\/larevistadigital.com.ar\/blog\/wp-content\/uploads\/Captura-de-pantalla-2021-03-15-121814.png?fit=1245%2C617&ssl=1","jetpack_sharing_enabled":true,"jetpack_shortlink":"https:\/\/wp.me\/p8qtrQ-50b","jetpack-related-posts":[{"id":12323,"url":"https:\/\/larevistadigital.com.ar\/blog\/san-vicente-compactan-vehiculos-acumulados-en-el-deposito-judicial\/","url_meta":{"origin":19231,"position":0},"title":"SAN VICENTE: COMPACTAN VEH\u00cdCULOS ACUMULADOS EN EL DEP\u00d3SITO JUDICIAL","author":"Alejandro Sosa Ruda","date":"26 septiembre, 2019","format":false,"excerpt":"A partir de la firma de un convenio entre el intendente Mauricio Gomez y el Ministerio de Justicia y Derechos Humanos, es que se pudo comenzar con las tareas para compactar y remover veh\u00edculos acumulados en dep\u00f3sito judicial en predios de\u00a0 San Vicente, Alejandro Korn y Domselaar. La limpieza de\u2026","rel":"","context":"En \u00abREGIONALES\u00bb","block_context":{"text":"REGIONALES","link":"https:\/\/larevistadigital.com.ar\/blog\/category\/regionales\/"},"img":{"alt_text":"","src":"https:\/\/i0.wp.com\/larevistadigital.com.ar\/blog\/wp-content\/uploads\/71135700_2345914385737461_143477170684035072_n.jpg?fit=960%2C720&ssl=1&resize=350%2C200","width":350,"height":200,"srcset":"https:\/\/i0.wp.com\/larevistadigital.com.ar\/blog\/wp-content\/uploads\/71135700_2345914385737461_143477170684035072_n.jpg?fit=960%2C720&ssl=1&resize=350%2C200 1x, https:\/\/i0.wp.com\/larevistadigital.com.ar\/blog\/wp-content\/uploads\/71135700_2345914385737461_143477170684035072_n.jpg?fit=960%2C720&ssl=1&resize=525%2C300 1.5x, https:\/\/i0.wp.com\/larevistadigital.com.ar\/blog\/wp-content\/uploads\/71135700_2345914385737461_143477170684035072_n.jpg?fit=960%2C720&ssl=1&resize=700%2C400 2x"},"classes":[]},{"id":12541,"url":"https:\/\/larevistadigital.com.ar\/blog\/el-intendente-mauricio-gomez-aseguro-que-la-planta-que-buquebus-tiene-en-domselaar-es-una-bomba-de-tiempo\/","url_meta":{"origin":19231,"position":1},"title":"EL INTENDENTE MAURICIO G\u00d3MEZ ASEGUR\u00d3 QUE LA PLANTA QUE BUQUEB\u00daS TIENE EN DOMSELAAR ES UNA BOMBA DE TIEMPO","author":"Alejandro Sosa Ruda","date":"9 octubre, 2019","format":false,"excerpt":"La planta que pone en peligro a toda la comunidad le da trabajo s\u00f3lo a 3 sanvicentinos. El intendente responsabiliz\u00f3 a la gesti\u00f3n anterior por permitir la construcci\u00f3n de \"una bomba de tiempo que no trae ning\u00fan beneficio para el vecino\". Meses atr\u00e1s, un incendio en la\u00a0planta de generaci\u00f3n de\u2026","rel":"","context":"En \u00abREGIONALES\u00bb","block_context":{"text":"REGIONALES","link":"https:\/\/larevistadigital.com.ar\/blog\/category\/regionales\/"},"img":{"alt_text":"","src":"https:\/\/i0.wp.com\/larevistadigital.com.ar\/blog\/wp-content\/uploads\/1570565274977.jpg?fit=1200%2C674&ssl=1&resize=350%2C200","width":350,"height":200,"srcset":"https:\/\/i0.wp.com\/larevistadigital.com.ar\/blog\/wp-content\/uploads\/1570565274977.jpg?fit=1200%2C674&ssl=1&resize=350%2C200 1x, https:\/\/i0.wp.com\/larevistadigital.com.ar\/blog\/wp-content\/uploads\/1570565274977.jpg?fit=1200%2C674&ssl=1&resize=525%2C300 1.5x, https:\/\/i0.wp.com\/larevistadigital.com.ar\/blog\/wp-content\/uploads\/1570565274977.jpg?fit=1200%2C674&ssl=1&resize=700%2C400 2x, https:\/\/i0.wp.com\/larevistadigital.com.ar\/blog\/wp-content\/uploads\/1570565274977.jpg?fit=1200%2C674&ssl=1&resize=1050%2C600 3x"},"classes":[]},{"id":10334,"url":"https:\/\/larevistadigital.com.ar\/blog\/10334-2\/","url_meta":{"origin":19231,"position":2},"title":"FUERTE CHOQUE EN LA RUTA 29","author":"Alejandro Sosa Ruda","date":"29 mayo, 2019","format":false,"excerpt":"En la ma\u00f1ana de ayer, se produjo un fuerte choque entre un auto y una camioneta en ruta 29 a la altura del kil\u00f3metro 3. Seg\u00fan supo DLN, el conductor de la camioneta Ford Ranger que circulaba en sentido Brandsen- Jeppener, se cruz\u00f3 de carril para doblar hacia el Feedlot,\u2026","rel":"","context":"En \u00abPOLICIALES\u00bb","block_context":{"text":"POLICIALES","link":"https:\/\/larevistadigital.com.ar\/blog\/category\/policiales\/"},"img":{"alt_text":"","src":"https:\/\/i0.wp.com\/larevistadigital.com.ar\/blog\/wp-content\/uploads\/2019\/05\/Screenshot_2-9.jpg?fit=857%2C559&ssl=1&resize=350%2C200","width":350,"height":200,"srcset":"https:\/\/i0.wp.com\/larevistadigital.com.ar\/blog\/wp-content\/uploads\/2019\/05\/Screenshot_2-9.jpg?fit=857%2C559&ssl=1&resize=350%2C200 1x, https:\/\/i0.wp.com\/larevistadigital.com.ar\/blog\/wp-content\/uploads\/2019\/05\/Screenshot_2-9.jpg?fit=857%2C559&ssl=1&resize=525%2C300 1.5x, https:\/\/i0.wp.com\/larevistadigital.com.ar\/blog\/wp-content\/uploads\/2019\/05\/Screenshot_2-9.jpg?fit=857%2C559&ssl=1&resize=700%2C400 2x"},"classes":[]},{"id":3203,"url":"https:\/\/larevistadigital.com.ar\/blog\/chascomus-incidentes-fuego-disparos-y-dos-individuos-se-van-de-la-ciudad\/","url_meta":{"origin":19231,"position":3},"title":"CHASCOM\u00daS: INCIDENTES, FUEGO, DISPAROS Y DOS INDIVIDUOS SE VAN DE LA CIUDAD.","author":"Alejandro Sosa Ruda","date":"27 agosto, 2017","format":false,"excerpt":"Luego de una serie de hechos de inseguridad que se le atribuyeron a dos personas que viv\u00edan en el barrio, el d\u00eda jueves pasado hubo incidentes que culminaron con el abandono de la ciudad de ambos. La presidenta del Foro Vecinal de Seguridad, Sonia Cabrera confirm\u00f3 los hechos que tuvieron\u2026","rel":"","context":"En \u00abCHASCOM\u00daS\u00bb","block_context":{"text":"CHASCOM\u00daS","link":"https:\/\/larevistadigital.com.ar\/blog\/category\/chascomus\/"},"img":{"alt_text":"","src":"https:\/\/i0.wp.com\/larevistadigital.com.ar\/blog\/wp-content\/uploads\/2017\/08\/maxresdefault.jpg?fit=1200%2C675&ssl=1&resize=350%2C200","width":350,"height":200,"srcset":"https:\/\/i0.wp.com\/larevistadigital.com.ar\/blog\/wp-content\/uploads\/2017\/08\/maxresdefault.jpg?fit=1200%2C675&ssl=1&resize=350%2C200 1x, https:\/\/i0.wp.com\/larevistadigital.com.ar\/blog\/wp-content\/uploads\/2017\/08\/maxresdefault.jpg?fit=1200%2C675&ssl=1&resize=525%2C300 1.5x, https:\/\/i0.wp.com\/larevistadigital.com.ar\/blog\/wp-content\/uploads\/2017\/08\/maxresdefault.jpg?fit=1200%2C675&ssl=1&resize=700%2C400 2x, https:\/\/i0.wp.com\/larevistadigital.com.ar\/blog\/wp-content\/uploads\/2017\/08\/maxresdefault.jpg?fit=1200%2C675&ssl=1&resize=1050%2C600 3x"},"classes":[]},{"id":5835,"url":"https:\/\/larevistadigital.com.ar\/blog\/se-incendio-un-automovil\/","url_meta":{"origin":19231,"position":4},"title":"Se incendi\u00f3 un autom\u00f3vil","author":"admin","date":"22 junio, 2018","format":false,"excerpt":"El siniestro ocurri\u00f3 en la ma\u00f1ana del domingo 24, cerca de las 6.45hs, en Caseros al 200 de nuestra ciudad. Al \u00a0llegar los bomberos, constataron que un autom\u00f3vil estaba envuelto en llamas. Seg\u00fan detallaron a este portal las p\u00e9rdidas fueron totales. Al lugar arribaron dos unidades de bomberos voluntarios. Imagen\u2026","rel":"","context":"En \u00abCASTELLI\u00bb","block_context":{"text":"CASTELLI","link":"https:\/\/larevistadigital.com.ar\/blog\/category\/castelli\/"},"img":{"alt_text":"","src":"https:\/\/i0.wp.com\/larevistadigital.com.ar\/blog\/wp-content\/uploads\/2018\/06\/bomb.jpg?fit=700%2C525&ssl=1&resize=350%2C200","width":350,"height":200,"srcset":"https:\/\/i0.wp.com\/larevistadigital.com.ar\/blog\/wp-content\/uploads\/2018\/06\/bomb.jpg?fit=700%2C525&ssl=1&resize=350%2C200 1x, https:\/\/i0.wp.com\/larevistadigital.com.ar\/blog\/wp-content\/uploads\/2018\/06\/bomb.jpg?fit=700%2C525&ssl=1&resize=525%2C300 1.5x, https:\/\/i0.wp.com\/larevistadigital.com.ar\/blog\/wp-content\/uploads\/2018\/06\/bomb.jpg?fit=700%2C525&ssl=1&resize=700%2C400 2x"},"classes":[]},{"id":22959,"url":"https:\/\/larevistadigital.com.ar\/blog\/el-actor-fabian-gianola-fue-denunciado-por-seis-hechos-de-abuso-sexual\/","url_meta":{"origin":19231,"position":5},"title":"EL ACTOR FABIAN GIANOLA FUE DENUNCIADO POR SEIS HECHOS DE ABUSO SEXUAL","author":"Alejandro Sosa Ruda","date":"15 diciembre, 2021","format":false,"excerpt":"El colectivo Actrices Argentinas explic\u00f3 que los hechos por los que se lo imputa ocurrieron en el \u00e1mbito laboral donde el acusado ejerc\u00eda abuso de poder y sus v\u00edctimas fueron desplazadas de sus trabajos. La audiencia se realizar\u00e1 el viernes, v\u00eda zoom. La pena va de 8 a 20 a\u00f1os\u2026","rel":"","context":"En \u00abINTERES GENERAL\u00bb","block_context":{"text":"INTERES GENERAL","link":"https:\/\/larevistadigital.com.ar\/blog\/category\/interes-general\/"},"img":{"alt_text":"","src":"https:\/\/i0.wp.com\/larevistadigital.com.ar\/blog\/wp-content\/uploads\/fabian_gianolajpg.jpg?fit=1200%2C1200&ssl=1&resize=350%2C200","width":350,"height":200,"srcset":"https:\/\/i0.wp.com\/larevistadigital.com.ar\/blog\/wp-content\/uploads\/fabian_gianolajpg.jpg?fit=1200%2C1200&ssl=1&resize=350%2C200 1x, https:\/\/i0.wp.com\/larevistadigital.com.ar\/blog\/wp-content\/uploads\/fabian_gianolajpg.jpg?fit=1200%2C1200&ssl=1&resize=525%2C300 1.5x, https:\/\/i0.wp.com\/larevistadigital.com.ar\/blog\/wp-content\/uploads\/fabian_gianolajpg.jpg?fit=1200%2C1200&ssl=1&resize=700%2C400 2x, https:\/\/i0.wp.com\/larevistadigital.com.ar\/blog\/wp-content\/uploads\/fabian_gianolajpg.jpg?fit=1200%2C1200&ssl=1&resize=1050%2C600 3x"},"classes":[]}],"_links":{"self":[{"href":"https:\/\/larevistadigital.com.ar\/blog\/wp-json\/wp\/v2\/posts\/19231","targetHints":{"allow":["GET"]}}],"collection":[{"href":"https:\/\/larevistadigital.com.ar\/blog\/wp-json\/wp\/v2\/posts"}],"about":[{"href":"https:\/\/larevistadigital.com.ar\/blog\/wp-json\/wp\/v2\/types\/post"}],"author":[{"embeddable":true,"href":"https:\/\/larevistadigital.com.ar\/blog\/wp-json\/wp\/v2\/users\/3"}],"replies":[{"embeddable":true,"href":"https:\/\/larevistadigital.com.ar\/blog\/wp-json\/wp\/v2\/comments?post=19231"}],"version-history":[{"count":1,"href":"https:\/\/larevistadigital.com.ar\/blog\/wp-json\/wp\/v2\/posts\/19231\/revisions"}],"predecessor-version":[{"id":19232,"href":"https:\/\/larevistadigital.com.ar\/blog\/wp-json\/wp\/v2\/posts\/19231\/revisions\/19232"}],"wp:featuredmedia":[{"embeddable":true,"href":"https:\/\/larevistadigital.com.ar\/blog\/wp-json\/wp\/v2\/media\/19233"}],"wp:attachment":[{"href":"https:\/\/larevistadigital.com.ar\/blog\/wp-json\/wp\/v2\/media?parent=19231"}],"wp:term":[{"taxonomy":"category","embeddable":true,"href":"https:\/\/larevistadigital.com.ar\/blog\/wp-json\/wp\/v2\/categories?post=19231"},{"taxonomy":"post_tag","embeddable":true,"href":"https:\/\/larevistadigital.com.ar\/blog\/wp-json\/wp\/v2\/tags?post=19231"}],"curies":[{"name":"wp","href":"https:\/\/api.w.org\/{rel}","templated":true}]}}