{"id":19234,"date":"2021-03-15T15:29:16","date_gmt":"2021-03-15T15:29:16","guid":{"rendered":"https:\/\/larevistadigital.com.ar\/blog\/?p=19234"},"modified":"2021-03-15T17:05:32","modified_gmt":"2021-03-15T17:05:32","slug":"murio-el-cura-abusador-que-estuvo-40-anos-como-parroco-de-dolores-tenia-covid-19","status":"publish","type":"post","link":"https:\/\/larevistadigital.com.ar\/blog\/murio-el-cura-abusador-que-estuvo-40-anos-como-parroco-de-dolores-tenia-covid-19\/","title":{"rendered":"MURI\u00d3 EL CURA ABUSADOR QUE ESTUVO 40 A\u00d1OS COMO P\u00c1RROCO DE DOLORES. TEN\u00cdA COVID 19"},"content":{"rendered":"<h2 class=\"nota__hero__summary\">Hab\u00eda sido excluido del sacerdocio en 2015. Estaba radicado en Mar del Plata. Una historia de pedofilia y complicidad.<\/h2>\n<p>En Mar del Plata, d\u00f3nde estaba radicado desde 2008, muri\u00f3 v\u00edctima de Covid <strong>Rodolfo Hamerler<\/strong>, el cura ped\u00f3filo que durante 40 a\u00f1os estuvo al frente de la Parroquia Nuestra Se\u00f1ora de los Dolores.<\/p>\n<p><strong>Hamerler<\/strong> hab\u00eda sido expulsado del sacerdocio por el obispo de Chascom\u00fas, <strong>Carlos Malfa<\/strong>, en 2015, luego de que numerosas v\u00edctimas, ya personas adultas, prestaran su testimonio ante la curia. El mismo obispado fue el encargado de difundir la noticia de su fallecimiento en las \u00faltimas horas del domingo.<\/p>\n<blockquote>\n<h3>El de Hamerler es uno de los tantos curas abusadores que la Iglesia protegi\u00f3 durante a\u00f1os. Las primeras denuncias en su contra se iniciaron en 1975, por parte de los padres de un grupo de ni\u00f1as de 12 a\u00f1os que asist\u00edan al colegio cat\u00f3lico del que era asesor legal. Seg\u00fan los relatos de las v\u00edctimas, Hamerler aprovechaba el momento de la confesi\u00f3n para manosearlas en sus partes \u00edntimas.<\/h3>\n<\/blockquote>\n<p>Sin embargo, pese a todo esto, el caso nunca lleg\u00f3 a la justicia y el abusador se mantuvo en su puesto hasta 2008, fecha en que intempestivamente abandon\u00f3 la ciudad. Se hab\u00eda reactivado la causa can\u00f3nica en su contra y 7 a\u00f1os despu\u00e9s fue excluido del sacerdocio.<\/p>\n<blockquote>\n<h3>Hamerler fue protegido durante los a\u00f1os de plomo de la dictadura militar por el arzobispo de La Plata, Antonio Plaza, quien figura en el Nunca M\u00e1s como uno de los c\u00f3mplices del gobierno dictatorial.<\/h3>\n<\/blockquote>\n<p>Adem\u00e1s, entre los asiduos visitantes a la casa parroquial de Dolores estaba <strong>Cristian Von Wernich<\/strong>, ex capell\u00e1n de la Polic\u00eda Bonaerense durante ese per\u00edodo, quien fue condenado en 2007 a reclusi\u00f3n perpetua por hallarlo culpable de 34 casos de secuestro, 31 casos de tortura y 7 homicidios calificados.<\/p>\n<blockquote>\n<h3>Pero m\u00e1s all\u00e1 de la recuperaci\u00f3n de la democracia, y pese a que en diversos per\u00edodos las v\u00edctimas volv\u00edan a pedir ante las autoridades eclesi\u00e1sticas la remoci\u00f3n de Hamerler de su cargo tanto en la parroquia como en el colegio, fue sostenido al frente de la iglesia principal de la ciudad y en car\u00e1cter de tal particip\u00f3 de todos los actos oficiales que en ella se realizaron en un lugar preferencial.<\/h3>\n<\/blockquote>\n<p>publicado en entrelineas.info<\/p>\n","protected":false},"excerpt":{"rendered":"<div class=\"mh-excerpt\"><p>Hab\u00eda sido excluido del sacerdocio en 2015. Estaba radicado en Mar del Plata. Una historia de pedofilia y complicidad. En Mar del Plata, d\u00f3nde estaba radicado desde 2008, muri\u00f3 v\u00edctima de Covid Rodolfo Hamerler, el <a class=\"mh-excerpt-more\" href=\"https:\/\/larevistadigital.com.ar\/blog\/murio-el-cura-abusador-que-estuvo-40-anos-como-parroco-de-dolores-tenia-covid-19\/\" title=\"MURI\u00d3 EL CURA ABUSADOR QUE ESTUVO 40 A\u00d1OS COMO P\u00c1RROCO DE DOLORES. TEN\u00cdA COVID 19\">[Leer M\u00e1s]<\/a><\/p>\n<\/div>","protected":false},"author":3,"featured_media":19235,"comment_status":"open","ping_status":"open","sticky":false,"template":"","format":"standard","meta":{"_jetpack_memberships_contains_paid_content":false,"footnotes":"","jetpack_publicize_message":"","jetpack_publicize_feature_enabled":true,"jetpack_social_post_already_shared":true,"jetpack_social_options":{"image_generator_settings":{"template":"highway","default_image_id":0,"font":"","enabled":false},"version":2}},"categories":[43,50],"tags":[],"class_list":{"0":"post-19234","1":"post","2":"type-post","3":"status-publish","4":"format-standard","5":"has-post-thumbnail","7":"category-dolores","8":"category-interes-general"},"jetpack_publicize_connections":[],"jetpack_featured_media_url":"https:\/\/i0.wp.com\/larevistadigital.com.ar\/blog\/wp-content\/uploads\/24ef68c29234c53ad49e25dbf2d2cc60218abce3.jpg?fit=1140%2C592&ssl=1","jetpack_sharing_enabled":true,"jetpack_shortlink":"https:\/\/wp.me\/p8qtrQ-50e","jetpack-related-posts":[{"id":34368,"url":"https:\/\/larevistadigital.com.ar\/blog\/mar-del-plata-muere-un-matrimonio-de-dolores-al-incendiarse-su-vivienda\/","url_meta":{"origin":19234,"position":0},"title":"MAR DEL PLATA: MUERE UN MATRIMONIO DE DOLORES AL INCENDIARSE SU VIVIENDA","author":"Alejandro Sosa Ruda","date":"5 noviembre, 2023","format":false,"excerpt":"Se trataba de una pareja de ancianos que hace a\u00f1os se hab\u00edan radicado en Mar del Plata. 5 de Noviembre de 2023 MAR DEL PLATA -\u00a0 Una pareja de adultos mayores\u00a0oriunda de Dolores, radicada hace muchos a\u00f1os en Mar del Plata, falleci\u00f3 tras registrarse un incendio en su vivienda del\u2026","rel":"","context":"En \u00abREGIONALES\u00bb","block_context":{"text":"REGIONALES","link":"https:\/\/larevistadigital.com.ar\/blog\/category\/regionales\/"},"img":{"alt_text":"","src":"https:\/\/i0.wp.com\/larevistadigital.com.ar\/blog\/wp-content\/uploads\/626ad173ce95b8ff25e68d737cc167494c1ee519.jpeg?fit=1140%2C763&ssl=1&resize=350%2C200","width":350,"height":200,"srcset":"https:\/\/i0.wp.com\/larevistadigital.com.ar\/blog\/wp-content\/uploads\/626ad173ce95b8ff25e68d737cc167494c1ee519.jpeg?fit=1140%2C763&ssl=1&resize=350%2C200 1x, https:\/\/i0.wp.com\/larevistadigital.com.ar\/blog\/wp-content\/uploads\/626ad173ce95b8ff25e68d737cc167494c1ee519.jpeg?fit=1140%2C763&ssl=1&resize=525%2C300 1.5x, https:\/\/i0.wp.com\/larevistadigital.com.ar\/blog\/wp-content\/uploads\/626ad173ce95b8ff25e68d737cc167494c1ee519.jpeg?fit=1140%2C763&ssl=1&resize=700%2C400 2x, https:\/\/i0.wp.com\/larevistadigital.com.ar\/blog\/wp-content\/uploads\/626ad173ce95b8ff25e68d737cc167494c1ee519.jpeg?fit=1140%2C763&ssl=1&resize=1050%2C600 3x"},"classes":[]},{"id":30729,"url":"https:\/\/larevistadigital.com.ar\/blog\/murio-tristan-a-los-86-anos-de-edad\/","url_meta":{"origin":19234,"position":1},"title":"MURI\u00d3 TRIST\u00c1N A LOS 86 A\u00d1OS DE EDAD","author":"Alejandro Sosa Ruda","date":"25 marzo, 2023","format":false,"excerpt":"El actor estaba internado en un hospital de C\u00f3rdoba en grave estado por una neumon\u00eda bilateral. Particip\u00f3 en 32 pel\u00edculas y 40 obras de teatro. 25 de marzo de 2023 La noticia se la confirm\u00f3 a Teleshow su hijo, Mariano D\u00edaz Ocampo. El actor se encontraba internado en el Hospital\u2026","rel":"","context":"En \u00abINTERES GENERAL\u00bb","block_context":{"text":"INTERES GENERAL","link":"https:\/\/larevistadigital.com.ar\/blog\/category\/interes-general\/"},"img":{"alt_text":"","src":"https:\/\/i0.wp.com\/larevistadigital.com.ar\/blog\/wp-content\/uploads\/tristan.jpg?fit=800%2C448&ssl=1&resize=350%2C200","width":350,"height":200,"srcset":"https:\/\/i0.wp.com\/larevistadigital.com.ar\/blog\/wp-content\/uploads\/tristan.jpg?fit=800%2C448&ssl=1&resize=350%2C200 1x, https:\/\/i0.wp.com\/larevistadigital.com.ar\/blog\/wp-content\/uploads\/tristan.jpg?fit=800%2C448&ssl=1&resize=525%2C300 1.5x, https:\/\/i0.wp.com\/larevistadigital.com.ar\/blog\/wp-content\/uploads\/tristan.jpg?fit=800%2C448&ssl=1&resize=700%2C400 2x"},"classes":[]},{"id":2864,"url":"https:\/\/larevistadigital.com.ar\/blog\/murio-el-hombre-que-habia-sido-baleado-durante-una-pelea-con-familiares-en-calle-juncal\/","url_meta":{"origin":19234,"position":2},"title":"Muri\u00f3 el hombre que hab\u00eda sido baleado durante una pelea con familiares en calle Juncal","author":"admin","date":"3 agosto, 2017","format":false,"excerpt":"El hecho hab\u00eda ocurrido el pasado 21 de julio en la ciudad de Dolores, cuando Abel Luna result\u00f3 gravemente herido de dos disparos de arma de fuego a la altura costal y cuello, tras discutir con sus familiares cuando habr\u00eda ido a una vivienda, a buscar a una mujer. La\u2026","rel":"","context":"En \u00abDOLORES\u00bb","block_context":{"text":"DOLORES","link":"https:\/\/larevistadigital.com.ar\/blog\/category\/dolores\/"},"img":{"alt_text":"","src":"https:\/\/i0.wp.com\/larevistadigital.com.ar\/blog\/wp-content\/uploads\/2017\/08\/dolores_03deagostode2017_elfuerte.jpg?fit=737%2C415&ssl=1&resize=350%2C200","width":350,"height":200,"srcset":"https:\/\/i0.wp.com\/larevistadigital.com.ar\/blog\/wp-content\/uploads\/2017\/08\/dolores_03deagostode2017_elfuerte.jpg?fit=737%2C415&ssl=1&resize=350%2C200 1x, https:\/\/i0.wp.com\/larevistadigital.com.ar\/blog\/wp-content\/uploads\/2017\/08\/dolores_03deagostode2017_elfuerte.jpg?fit=737%2C415&ssl=1&resize=525%2C300 1.5x, https:\/\/i0.wp.com\/larevistadigital.com.ar\/blog\/wp-content\/uploads\/2017\/08\/dolores_03deagostode2017_elfuerte.jpg?fit=737%2C415&ssl=1&resize=700%2C400 2x"},"classes":[]},{"id":23540,"url":"https:\/\/larevistadigital.com.ar\/blog\/mar-del-plata-joven-muere-atropellado-por-colectivo-a-la-salida-del-boliche\/","url_meta":{"origin":19234,"position":3},"title":"MAR DEL PLATA: JOVEN MUERE ATROPELLADO POR COLECTIVO A LA SALIDA DEL BOLICHE","author":"Alejandro Sosa Ruda","date":"24 enero, 2022","format":false,"excerpt":"Sucedi\u00f3 en Playa Grande. La v\u00edctima, de 21 a\u00f1os, era de Tucum\u00e1n y estaba de vacaciones con su familia en el Partido La Costa, pero hab\u00eda viajado a Mar del Plata para encontrarse con unos amigos. MAR DEL PLATA -\u00a0 Un tr\u00e1gico episodio vial se registr\u00f3 esta madrugada en Mar\u2026","rel":"","context":"En \u00abPOLICIALES\u00bb","block_context":{"text":"POLICIALES","link":"https:\/\/larevistadigital.com.ar\/blog\/category\/policiales\/"},"img":{"alt_text":"","src":"https:\/\/i0.wp.com\/larevistadigital.com.ar\/blog\/wp-content\/uploads\/c87f8cee6c1f783878f3846c44acae2691429364.jpg?fit=1140%2C684&ssl=1&resize=350%2C200","width":350,"height":200,"srcset":"https:\/\/i0.wp.com\/larevistadigital.com.ar\/blog\/wp-content\/uploads\/c87f8cee6c1f783878f3846c44acae2691429364.jpg?fit=1140%2C684&ssl=1&resize=350%2C200 1x, https:\/\/i0.wp.com\/larevistadigital.com.ar\/blog\/wp-content\/uploads\/c87f8cee6c1f783878f3846c44acae2691429364.jpg?fit=1140%2C684&ssl=1&resize=525%2C300 1.5x, https:\/\/i0.wp.com\/larevistadigital.com.ar\/blog\/wp-content\/uploads\/c87f8cee6c1f783878f3846c44acae2691429364.jpg?fit=1140%2C684&ssl=1&resize=700%2C400 2x, https:\/\/i0.wp.com\/larevistadigital.com.ar\/blog\/wp-content\/uploads\/c87f8cee6c1f783878f3846c44acae2691429364.jpg?fit=1140%2C684&ssl=1&resize=1050%2C600 3x"},"classes":[]},{"id":31000,"url":"https:\/\/larevistadigital.com.ar\/blog\/mar-del-plata-turistas-encontraron-el-cadaver-de-un-hombre-que-se-habia-tirado-al-mar\/","url_meta":{"origin":19234,"position":4},"title":"MAR DEL PLATA: TURISTAS ENCONTRARON EL CADAVER DE UN HOMBRE QUE SE HAB\u00cdA TIRADO AL MAR","author":"Alejandro Sosa Ruda","date":"12 abril, 2023","format":false,"excerpt":"MAR DEL PLATA -\u00a0 Luego de m\u00e1s de 24 hs. de b\u00fasqueda, finalmente encontraron en Mar del Plata el cuerpo de un hombre de 33 a\u00f1os de edad, que el d\u00eda viernes a la madrugada se arroj\u00f3 al mar para escapar de la polic\u00eda, que lo persegu\u00eda por el robo\u2026","rel":"","context":"En \u00abPOLICIALES\u00bb","block_context":{"text":"POLICIALES","link":"https:\/\/larevistadigital.com.ar\/blog\/category\/policiales\/"},"img":{"alt_text":"","src":"https:\/\/i0.wp.com\/larevistadigital.com.ar\/blog\/wp-content\/uploads\/fotojet_x98x_1.jpg_1833193316.jpg?fit=720%2C406&ssl=1&resize=350%2C200","width":350,"height":200,"srcset":"https:\/\/i0.wp.com\/larevistadigital.com.ar\/blog\/wp-content\/uploads\/fotojet_x98x_1.jpg_1833193316.jpg?fit=720%2C406&ssl=1&resize=350%2C200 1x, https:\/\/i0.wp.com\/larevistadigital.com.ar\/blog\/wp-content\/uploads\/fotojet_x98x_1.jpg_1833193316.jpg?fit=720%2C406&ssl=1&resize=525%2C300 1.5x, https:\/\/i0.wp.com\/larevistadigital.com.ar\/blog\/wp-content\/uploads\/fotojet_x98x_1.jpg_1833193316.jpg?fit=720%2C406&ssl=1&resize=700%2C400 2x"},"classes":[]},{"id":33021,"url":"https:\/\/larevistadigital.com.ar\/blog\/dolores-choco-un-carpincho-en-la-ruta-2-volco-y-casi-muere-ahogado\/","url_meta":{"origin":19234,"position":5},"title":"DOLORES: CHOC\u00d3 UN CARPINCHO EN LA RUTA 2, VOLC\u00d3 Y CASI MUERE AHOGADO","author":"Alejandro Sosa Ruda","date":"26 agosto, 2023","format":false,"excerpt":"\u201cNos salvamos de milagro\u201d, dijo el conductor de la camioneta, que qued\u00f3 con la cabeza bajo del agua, inconsciente, hasta que fue rescatado por sus amigos. 26 de agosto de 2023 DOLORES\u00a0 -\u00a0 Cuatro individuos que se desplazaban a bordo de una camioneta por la Ruta 2 sufrieron un vuelco\u2026","rel":"","context":"En \u00abDOLORES\u00bb","block_context":{"text":"DOLORES","link":"https:\/\/larevistadigital.com.ar\/blog\/category\/dolores\/"},"img":{"alt_text":"","src":"https:\/\/i0.wp.com\/larevistadigital.com.ar\/blog\/wp-content\/uploads\/549fb590741e8f9315714c805563a2dd9390f451.jpg?fit=1140%2C640&ssl=1&resize=350%2C200","width":350,"height":200,"srcset":"https:\/\/i0.wp.com\/larevistadigital.com.ar\/blog\/wp-content\/uploads\/549fb590741e8f9315714c805563a2dd9390f451.jpg?fit=1140%2C640&ssl=1&resize=350%2C200 1x, https:\/\/i0.wp.com\/larevistadigital.com.ar\/blog\/wp-content\/uploads\/549fb590741e8f9315714c805563a2dd9390f451.jpg?fit=1140%2C640&ssl=1&resize=525%2C300 1.5x, https:\/\/i0.wp.com\/larevistadigital.com.ar\/blog\/wp-content\/uploads\/549fb590741e8f9315714c805563a2dd9390f451.jpg?fit=1140%2C640&ssl=1&resize=700%2C400 2x, https:\/\/i0.wp.com\/larevistadigital.com.ar\/blog\/wp-content\/uploads\/549fb590741e8f9315714c805563a2dd9390f451.jpg?fit=1140%2C640&ssl=1&resize=1050%2C600 3x"},"classes":[]}],"_links":{"self":[{"href":"https:\/\/larevistadigital.com.ar\/blog\/wp-json\/wp\/v2\/posts\/19234","targetHints":{"allow":["GET"]}}],"collection":[{"href":"https:\/\/larevistadigital.com.ar\/blog\/wp-json\/wp\/v2\/posts"}],"about":[{"href":"https:\/\/larevistadigital.com.ar\/blog\/wp-json\/wp\/v2\/types\/post"}],"author":[{"embeddable":true,"href":"https:\/\/larevistadigital.com.ar\/blog\/wp-json\/wp\/v2\/users\/3"}],"replies":[{"embeddable":true,"href":"https:\/\/larevistadigital.com.ar\/blog\/wp-json\/wp\/v2\/comments?post=19234"}],"version-history":[{"count":1,"href":"https:\/\/larevistadigital.com.ar\/blog\/wp-json\/wp\/v2\/posts\/19234\/revisions"}],"predecessor-version":[{"id":19236,"href":"https:\/\/larevistadigital.com.ar\/blog\/wp-json\/wp\/v2\/posts\/19234\/revisions\/19236"}],"wp:featuredmedia":[{"embeddable":true,"href":"https:\/\/larevistadigital.com.ar\/blog\/wp-json\/wp\/v2\/media\/19235"}],"wp:attachment":[{"href":"https:\/\/larevistadigital.com.ar\/blog\/wp-json\/wp\/v2\/media?parent=19234"}],"wp:term":[{"taxonomy":"category","embeddable":true,"href":"https:\/\/larevistadigital.com.ar\/blog\/wp-json\/wp\/v2\/categories?post=19234"},{"taxonomy":"post_tag","embeddable":true,"href":"https:\/\/larevistadigital.com.ar\/blog\/wp-json\/wp\/v2\/tags?post=19234"}],"curies":[{"name":"wp","href":"https:\/\/api.w.org\/{rel}","templated":true}]}}