{"id":19237,"date":"2021-03-15T21:07:44","date_gmt":"2021-03-15T21:07:44","guid":{"rendered":"https:\/\/larevistadigital.com.ar\/blog\/?p=19237"},"modified":"2021-03-15T21:07:44","modified_gmt":"2021-03-15T21:07:44","slug":"corte-de-ruta-regional-en-chascomus","status":"publish","type":"post","link":"https:\/\/larevistadigital.com.ar\/blog\/corte-de-ruta-regional-en-chascomus\/","title":{"rendered":"\u00bfCORTE DE RUTA \u00abREGIONAL\u00bb EN CHASCOM\u00daS?"},"content":{"rendered":"<p>Luego de la difusi\u00f3n que tuvo el conflicto planteado en Chascom\u00fas, entre los profesionales m\u00e9dicos, enfermeros y personal que labora en el Hospital Municipal San Vicente de Paul, y por las caracter\u00edsticas del mismo que si bien obtuvo algunos logros, hubo gente cesanteada por parte de las autoridades municipales, entonces, y como era l\u00f3gico la situaci\u00f3n ha trascendido, haci\u00e9ndose eco por la regi\u00f3n y gran parte de la Provincia de Buenos Aires, con derivaciones que podr\u00edan terminar con un conflicto a nivel provincial.<\/p>\n<p>Esto, no deber\u00eda sonar extra\u00f1o, ya que parte de los profesionales afectados son integrantes de la CICOP, que es un organismo de alcance municipal, provincial y nacional, que nuclea a profesionales m\u00e9dicos (75%) y no m\u00e9dicos (25%).<\/p>\n<blockquote>\n<h3>Es seguramente por eso, adem\u00e1s de la difusi\u00f3n que ha tenido en distintos medios de comunicaci\u00f3n, entre los que se cuenta \u00e9ste, que no solo la situaci\u00f3n se conoce en la provincia, sino que adem\u00e1s nos han llegado algunos mensajes que informan que luego del conflicto en Chascom\u00fas, algunos profesionales que est\u00e1n viviendo situaciones similares estar\u00edan evaluando la posibilidad de organizar un corte de ruta, en la pr\u00f3xima semana santa, y el lugar elegido ser\u00eda el acceso a Chascom\u00fas, al que consideran ideal por su ubicaci\u00f3n geogr\u00e1fica y por ser paso obligado a las localidades balnearias.<\/h3>\n<\/blockquote>\n<p>La Revista Digital consult\u00f3 tres fuentes distintas, y si bien \u00aboff the record\u00bb admiten con tibieza que \u00abalgunos est\u00e1n evaluando el tema como posible\u00bb, nadie se atrevi\u00f3 a confirmarlo totalmente. Seguramente de ser cierto, quieren ser prudentes hasta que la decisi\u00f3n estuviera firme.<\/p>\n<p>Estos d\u00edas, y la evoluci\u00f3n del conflicto en Chascom\u00fas, ser\u00e1n ciertamente observados con atenci\u00f3n, adem\u00e1s que podr\u00edan dar el \u00abpuntapi\u00e9 inicial\u00bb a la regionalizaci\u00f3n de los reclamos.<\/p>\n<h3><strong>ASUMIERON LAS NUEVAS AUTORIDADES DE CICOP:<\/strong><\/h3>\n<p>Con <strong>Pablo Maciel<\/strong> como flamante Presidente, este fin de semana qued\u00f3 constituida la nueva representaci\u00f3n de <strong>CICOP<\/strong> a nivel provincial y seccional. A trav\u00e9s de un comunicado, cuestionaron la demora de paritarias.<\/p>\n<blockquote>\n<h3>La representaci\u00f3n del nuevo Consejo Directivo Provincial qued\u00f3\u00a0conformado por 17 miembros de la actual lista de conducci\u00f3n (UNIDAD 1+3) y por 2 integrantes de la lista 5 (Corriente de Izquierda).\u00a0El mismo proceso de renovaci\u00f3n se observa tambi\u00e9n en la mayor\u00eda de las Comisiones Directivas Seccionales que en estos d\u00edas estar\u00e1n llevando adelante sus reuniones constitutivas.<\/h3>\n<\/blockquote>\n<p>El nuevo Concejo Directivo de CICOP est\u00e1 integrado por <strong>Pablo Maciel<\/strong> (Presidente), <strong>Silvana Scali<\/strong> (Vicepresidenta), <strong>Guillermo Paccagnini<\/strong> (Secretario General), <strong>Pablo Torres<\/strong> (Sec. General Adjunto),<strong> Anibal Aristizaba<\/strong> (Sec. Gremial), <strong>Marite Sosa<\/strong> (Sec. de Finanzas), <strong>M\u00f3nica M\u00e9ndez<\/strong> (Sec. Organizaci\u00f3n) y<strong> Fernando Corsiglia<\/strong> (Se. de Pol\u00edticas Sanitarias y Hospitalarias), entre otros.<\/p>\n<p>Cabe recordar que el viernes pasado culmin\u00f3 la paritaria de los trabajadores estatales donde se acord\u00f3 un incremento del 34% en tres tramos. La misma hab\u00eda sido precedida por la paritaria docente que cerr\u00f3 con un 35%.\u00a0Desde CICOP cuestionaron la demorada paritaria sectorial y anticiparon que se encaminan\u00a0a una nueva negociaci\u00f3n donde pedir\u00e1n\u00a0\u00aburgentes aumentos\u00bb<\/p>\n<p>&nbsp;<\/p>\n","protected":false},"excerpt":{"rendered":"<div class=\"mh-excerpt\"><p>Luego de la difusi\u00f3n que tuvo el conflicto planteado en Chascom\u00fas, entre los profesionales m\u00e9dicos, enfermeros y personal que labora en el Hospital Municipal San Vicente de Paul, y por las caracter\u00edsticas del mismo que <a class=\"mh-excerpt-more\" href=\"https:\/\/larevistadigital.com.ar\/blog\/corte-de-ruta-regional-en-chascomus\/\" title=\"\u00bfCORTE DE RUTA \u00abREGIONAL\u00bb EN CHASCOM\u00daS?\">[Leer M\u00e1s]<\/a><\/p>\n<\/div>","protected":false},"author":3,"featured_media":19255,"comment_status":"open","ping_status":"open","sticky":false,"template":"","format":"standard","meta":{"_jetpack_memberships_contains_paid_content":false,"footnotes":"","jetpack_publicize_message":"","jetpack_publicize_feature_enabled":true,"jetpack_social_post_already_shared":true,"jetpack_social_options":{"image_generator_settings":{"template":"highway","default_image_id":0,"font":"","enabled":false},"version":2}},"categories":[41],"tags":[],"class_list":{"0":"post-19237","1":"post","2":"type-post","3":"status-publish","4":"format-standard","5":"has-post-thumbnail","7":"category-destacadas"},"jetpack_publicize_connections":[],"jetpack_featured_media_url":"https:\/\/i0.wp.com\/larevistadigital.com.ar\/blog\/wp-content\/uploads\/foto-gentileza-julio-giribaldiaaa.jpg?fit=900%2C600&ssl=1","jetpack_sharing_enabled":true,"jetpack_shortlink":"https:\/\/wp.me\/p8qtrQ-50h","jetpack-related-posts":[{"id":19195,"url":"https:\/\/larevistadigital.com.ar\/blog\/el-circulo-medico-apoyo-a-los-profesionales-del-hospital-en-su-reclamo-y-convoco-a-concurrir-a-la-marcha-de-manana-a-las-12-hs\/","url_meta":{"origin":19237,"position":0},"title":"EL C\u00cdRCULO M\u00c9DICO APOY\u00d3 A LOS PROFESIONALES DEL HOSPITAL EN SU RECLAMO Y CONVOC\u00d3 A CONCURRIR A LA MARCHA DE MA\u00d1ANA A LAS 12 HS.","author":"Alejandro Sosa Ruda","date":"7 marzo, 2021","format":false,"excerpt":"CHASCOM\u00daS -\u00a0El C\u00edrculo M\u00e9dico de Chascom\u00fas, emiti\u00f3 un comunicado en el que apoya a los profesionales del Hospital Municipal San Vicente de Paul en el conflicto que vienen manteniendo con las autoridades del municipio en reclamo de mejores condiciones laborales y la recomposici\u00f3n de sus salarios. Todo esto, en realidad\u2026","rel":"","context":"En \u00abDESTACADAS\u00bb","block_context":{"text":"DESTACADAS","link":"https:\/\/larevistadigital.com.ar\/blog\/category\/destacadas\/"},"img":{"alt_text":"","src":"https:\/\/i0.wp.com\/larevistadigital.com.ar\/blog\/wp-content\/uploads\/WhatsApp-Image-2021-03-07-at-7.51.49-PM.jpeg?fit=750%2C694&ssl=1&resize=350%2C200","width":350,"height":200,"srcset":"https:\/\/i0.wp.com\/larevistadigital.com.ar\/blog\/wp-content\/uploads\/WhatsApp-Image-2021-03-07-at-7.51.49-PM.jpeg?fit=750%2C694&ssl=1&resize=350%2C200 1x, https:\/\/i0.wp.com\/larevistadigital.com.ar\/blog\/wp-content\/uploads\/WhatsApp-Image-2021-03-07-at-7.51.49-PM.jpeg?fit=750%2C694&ssl=1&resize=525%2C300 1.5x, https:\/\/i0.wp.com\/larevistadigital.com.ar\/blog\/wp-content\/uploads\/WhatsApp-Image-2021-03-07-at-7.51.49-PM.jpeg?fit=750%2C694&ssl=1&resize=700%2C400 2x"},"classes":[]},{"id":3448,"url":"https:\/\/larevistadigital.com.ar\/blog\/chascomus-los-medicos-del-hospital-municipal-invitan-a-la-poblacion-a-acompanar-su-reclamo\/","url_meta":{"origin":19237,"position":1},"title":"CHASCOMUS: LOS M\u00c9DICOS DEL HOSPITAL MUNICIPAL INVITAN A LA POBLACI\u00d3N A ACOMPA\u00d1AR SU RECLAMO","author":"Alejandro Sosa Ruda","date":"10 octubre, 2017","format":false,"excerpt":"Luego de la decisi\u00f3n del ejecutivo municipal de hacer caso omiso a los reclamos de los profesionales de la salud de Chascom\u00fas, y entre otras cosas \u201ccambiar las reglas de juego\u201d de manera unilateral, en referencia a la modificaci\u00f3n de la grilla salarial, la CICOP ha decidido llevar a cabo\u2026","rel":"","context":"En \u00abDESTACADAS\u00bb","block_context":{"text":"DESTACADAS","link":"https:\/\/larevistadigital.com.ar\/blog\/category\/destacadas\/"},"img":{"alt_text":"","src":"https:\/\/i0.wp.com\/larevistadigital.com.ar\/blog\/wp-content\/uploads\/2017\/10\/21768357_135123350566961_2481987643994153920_n-1.jpg?fit=953%2C627&ssl=1&resize=350%2C200","width":350,"height":200,"srcset":"https:\/\/i0.wp.com\/larevistadigital.com.ar\/blog\/wp-content\/uploads\/2017\/10\/21768357_135123350566961_2481987643994153920_n-1.jpg?fit=953%2C627&ssl=1&resize=350%2C200 1x, https:\/\/i0.wp.com\/larevistadigital.com.ar\/blog\/wp-content\/uploads\/2017\/10\/21768357_135123350566961_2481987643994153920_n-1.jpg?fit=953%2C627&ssl=1&resize=525%2C300 1.5x, https:\/\/i0.wp.com\/larevistadigital.com.ar\/blog\/wp-content\/uploads\/2017\/10\/21768357_135123350566961_2481987643994153920_n-1.jpg?fit=953%2C627&ssl=1&resize=700%2C400 2x"},"classes":[]},{"id":35944,"url":"https:\/\/larevistadigital.com.ar\/blog\/chascomus-apertura-del-registro-de-inscripcion-de-pediatras-para-guardias\/","url_meta":{"origin":19237,"position":2},"title":"CHASCOM\u00daS: APERTURA DEL REGISTRO DE INSCRIPCI\u00d3N DE PEDIATRAS PARA GUARDIAS","author":"Alejandro Sosa Ruda","date":"27 abril, 2024","format":false,"excerpt":"La Municipalidad a trav\u00e9s de la Secretar\u00eda de Salud P\u00fablica, anunci\u00f3 la apertura del registro de inscripci\u00f3n para la contrataci\u00f3n de m\u00e9dicos pediatras para cubrir guardias durante los fines de semana. 27 de abril de 2024 CHASCOM\u00daS\u00a0 -\u00a0 La realidad de la salud p\u00fablica a nivel provincial y nacional, alertada\u2026","rel":"","context":"En \u00abCHASCOM\u00daS\u00bb","block_context":{"text":"CHASCOM\u00daS","link":"https:\/\/larevistadigital.com.ar\/blog\/category\/chascomus\/"},"img":{"alt_text":"","src":"https:\/\/i0.wp.com\/larevistadigital.com.ar\/blog\/wp-content\/uploads\/2024_04_28_00_21_50_5036825.jpg?fit=600%2C401&ssl=1&resize=350%2C200","width":350,"height":200,"srcset":"https:\/\/i0.wp.com\/larevistadigital.com.ar\/blog\/wp-content\/uploads\/2024_04_28_00_21_50_5036825.jpg?fit=600%2C401&ssl=1&resize=350%2C200 1x, https:\/\/i0.wp.com\/larevistadigital.com.ar\/blog\/wp-content\/uploads\/2024_04_28_00_21_50_5036825.jpg?fit=600%2C401&ssl=1&resize=525%2C300 1.5x"},"classes":[]},{"id":21921,"url":"https:\/\/larevistadigital.com.ar\/blog\/tandil-mas-de-24-000-afiliados-de-ioma-sin-cobertura-por-un-conflicto-con-los-medicos\/","url_meta":{"origin":19237,"position":3},"title":"TANDIL: MAS DE 24.000 AFILIADOS DE IOMA SIN COBERTURA POR UN CONFLICTO CON LOS M\u00c9DICOS","author":"Alejandro Sosa Ruda","date":"8 septiembre, 2021","format":false,"excerpt":"La Defensor\u00eda del Pueblo bonaerense convoc\u00f3 a una mediaci\u00f3n a las partes este martes, pero no se lleg\u00f3 a un acuerdo. TANDIL - M\u00e1s de 24 mil afiliados de IOMA en Tandil se ven afectados por un conflicto entre el C\u00edrculo M\u00e9dico del distrito y la obra social bonaerense que\u2026","rel":"","context":"En \u00abREGIONALES\u00bb","block_context":{"text":"REGIONALES","link":"https:\/\/larevistadigital.com.ar\/blog\/category\/regionales\/"},"img":{"alt_text":"","src":"https:\/\/i0.wp.com\/larevistadigital.com.ar\/blog\/wp-content\/uploads\/374677bca7339f6b19fe221e600a596da308f652.jpg?fit=1140%2C744&ssl=1&resize=350%2C200","width":350,"height":200,"srcset":"https:\/\/i0.wp.com\/larevistadigital.com.ar\/blog\/wp-content\/uploads\/374677bca7339f6b19fe221e600a596da308f652.jpg?fit=1140%2C744&ssl=1&resize=350%2C200 1x, https:\/\/i0.wp.com\/larevistadigital.com.ar\/blog\/wp-content\/uploads\/374677bca7339f6b19fe221e600a596da308f652.jpg?fit=1140%2C744&ssl=1&resize=525%2C300 1.5x, https:\/\/i0.wp.com\/larevistadigital.com.ar\/blog\/wp-content\/uploads\/374677bca7339f6b19fe221e600a596da308f652.jpg?fit=1140%2C744&ssl=1&resize=700%2C400 2x, https:\/\/i0.wp.com\/larevistadigital.com.ar\/blog\/wp-content\/uploads\/374677bca7339f6b19fe221e600a596da308f652.jpg?fit=1140%2C744&ssl=1&resize=1050%2C600 3x"},"classes":[]},{"id":3463,"url":"https:\/\/larevistadigital.com.ar\/blog\/chascomus-hoy-a-las-11-los-profesionales-de-la-salud-marchan-al-municipio\/","url_meta":{"origin":19237,"position":4},"title":"CHASCOM\u00daS: HOY A LAS 11 LOS PROFESIONALES DE LA SALUD MARCHAN AL MUNICIPIO.","author":"Alejandro Sosa Ruda","date":"12 octubre, 2017","format":false,"excerpt":"Tal como estaba previsto, el d\u00eda de hoy los profesionales hospitalarios representados por la CICOP se reunir\u00e1n a las 11 en el Hospital, para luego marchar al municipio para hacer entrega de un petitorio en el Concejo Deliberante para que intercedan ante lo que consideran un avasallamiento de los derechos\u2026","rel":"","context":"En \u00abDESTACADAS\u00bb","block_context":{"text":"DESTACADAS","link":"https:\/\/larevistadigital.com.ar\/blog\/category\/destacadas\/"},"img":{"alt_text":"","src":"https:\/\/i0.wp.com\/larevistadigital.com.ar\/blog\/wp-content\/uploads\/2017\/09\/CICOP.jpg?fit=960%2C720&ssl=1&resize=350%2C200","width":350,"height":200,"srcset":"https:\/\/i0.wp.com\/larevistadigital.com.ar\/blog\/wp-content\/uploads\/2017\/09\/CICOP.jpg?fit=960%2C720&ssl=1&resize=350%2C200 1x, https:\/\/i0.wp.com\/larevistadigital.com.ar\/blog\/wp-content\/uploads\/2017\/09\/CICOP.jpg?fit=960%2C720&ssl=1&resize=525%2C300 1.5x, https:\/\/i0.wp.com\/larevistadigital.com.ar\/blog\/wp-content\/uploads\/2017\/09\/CICOP.jpg?fit=960%2C720&ssl=1&resize=700%2C400 2x"},"classes":[]},{"id":19198,"url":"https:\/\/larevistadigital.com.ar\/blog\/el-frente-de-todos-apoyo-en-las-redes-a-unidad-por-chascomus-en-el-conflicto-con-los-profesionales\/","url_meta":{"origin":19237,"position":5},"title":"EL FRENTE DE TODOS APOY\u00d3 EN LAS REDES A UNIDAD POR CHASCOM\u00daS EN EL CONFLICTO CON LOS PROFESIONALES","author":"Alejandro Sosa Ruda","date":"8 marzo, 2021","format":false,"excerpt":"En una obvia presi\u00f3n vecinalista, Unidad por Chascom\u00fas public\u00f3 en su p\u00e1gina de Facebook una nota del Frente de Todos, apoyando la gesti\u00f3n de salud a pesar de las quejas, despidos y renuncias. Esto, lamentablemente deja de manifiesto que los \"acuerdos pol\u00edticos\" pueden m\u00e1s que los reclamos de los trabajadores\u2026","rel":"","context":"En \u00abCHASCOM\u00daS\u00bb","block_context":{"text":"CHASCOM\u00daS","link":"https:\/\/larevistadigital.com.ar\/blog\/category\/chascomus\/"},"img":{"alt_text":"","src":"https:\/\/i0.wp.com\/larevistadigital.com.ar\/blog\/wp-content\/uploads\/Captura-22.png?fit=1200%2C695&ssl=1&resize=350%2C200","width":350,"height":200,"srcset":"https:\/\/i0.wp.com\/larevistadigital.com.ar\/blog\/wp-content\/uploads\/Captura-22.png?fit=1200%2C695&ssl=1&resize=350%2C200 1x, https:\/\/i0.wp.com\/larevistadigital.com.ar\/blog\/wp-content\/uploads\/Captura-22.png?fit=1200%2C695&ssl=1&resize=525%2C300 1.5x, https:\/\/i0.wp.com\/larevistadigital.com.ar\/blog\/wp-content\/uploads\/Captura-22.png?fit=1200%2C695&ssl=1&resize=700%2C400 2x, https:\/\/i0.wp.com\/larevistadigital.com.ar\/blog\/wp-content\/uploads\/Captura-22.png?fit=1200%2C695&ssl=1&resize=1050%2C600 3x"},"classes":[]}],"_links":{"self":[{"href":"https:\/\/larevistadigital.com.ar\/blog\/wp-json\/wp\/v2\/posts\/19237","targetHints":{"allow":["GET"]}}],"collection":[{"href":"https:\/\/larevistadigital.com.ar\/blog\/wp-json\/wp\/v2\/posts"}],"about":[{"href":"https:\/\/larevistadigital.com.ar\/blog\/wp-json\/wp\/v2\/types\/post"}],"author":[{"embeddable":true,"href":"https:\/\/larevistadigital.com.ar\/blog\/wp-json\/wp\/v2\/users\/3"}],"replies":[{"embeddable":true,"href":"https:\/\/larevistadigital.com.ar\/blog\/wp-json\/wp\/v2\/comments?post=19237"}],"version-history":[{"count":2,"href":"https:\/\/larevistadigital.com.ar\/blog\/wp-json\/wp\/v2\/posts\/19237\/revisions"}],"predecessor-version":[{"id":19256,"href":"https:\/\/larevistadigital.com.ar\/blog\/wp-json\/wp\/v2\/posts\/19237\/revisions\/19256"}],"wp:featuredmedia":[{"embeddable":true,"href":"https:\/\/larevistadigital.com.ar\/blog\/wp-json\/wp\/v2\/media\/19255"}],"wp:attachment":[{"href":"https:\/\/larevistadigital.com.ar\/blog\/wp-json\/wp\/v2\/media?parent=19237"}],"wp:term":[{"taxonomy":"category","embeddable":true,"href":"https:\/\/larevistadigital.com.ar\/blog\/wp-json\/wp\/v2\/categories?post=19237"},{"taxonomy":"post_tag","embeddable":true,"href":"https:\/\/larevistadigital.com.ar\/blog\/wp-json\/wp\/v2\/tags?post=19237"}],"curies":[{"name":"wp","href":"https:\/\/api.w.org\/{rel}","templated":true}]}}