{"id":19258,"date":"2021-03-15T21:39:21","date_gmt":"2021-03-15T21:39:21","guid":{"rendered":"https:\/\/larevistadigital.com.ar\/blog\/?p=19258"},"modified":"2021-03-15T23:48:22","modified_gmt":"2021-03-15T23:48:22","slug":"tacticas-y-estrategias-de-turismo-en-chascomus","status":"publish","type":"post","link":"https:\/\/larevistadigital.com.ar\/blog\/tacticas-y-estrategias-de-turismo-en-chascomus\/","title":{"rendered":"T\u00c1CTICAS Y ESTRATEGIAS DE TURISMO EN CH\u00c1SCOM\u00daS"},"content":{"rendered":"<p>D\u00edas pasados en el bolet\u00edn oficial de la Municipalidad, se informaba que dos concesiones de camping venc\u00edan en abril, y otras dos se volver\u00e1n a licitar, para lo cual el \u00e1rea de Turismo se encuentra en la elaboraci\u00f3n de los pliegos de bases y condiciones para modernizar los servicios ,..<em><strong>\u201dtransformando y dotando a estos espacios de infraestructura tur\u00edstica acorde a las nuevas tendencias de camping que existen hoy en el mercado, tales como el glamping, refugios naturales, camping de lujo sostenible y amigable con el ambiente en donde el visitante viva un experiencia al aire libre, conectado con la naturaleza.\u201d<\/strong><\/em>\u2026<\/p>\n<p>Y como en <strong>LRD<\/strong>, si algo tenemos es memoria, y fundamentalmente archivo, tambi\u00e9n tenemos el oportuno bolet\u00edn de prensa cuando se llamo a licitaci\u00f3n a la Tapera y a la parcela 11 ese bolet\u00edn dec\u00eda que el pliego contemplaba:\u2026<strong><em>\u201dla utilizaci\u00f3n de energ\u00edas renovables en los predios y las nuevas tendencias mundiales en estos espacios de alojamiento y recreaci\u00f3n, actualizando y mejorando, de esta manera, los servicios tur\u00edsticos.<\/em><\/strong><br \/>\n<strong><em>Se busca que los usuarios puedan contar con estos sectores nuevamente, y adem\u00e1s, con una mayor y mejor calidad en la infraestructura de servicios para conectarse con el ambiente lagunar y la vida al aire libre.\u201d<\/em><\/strong><\/p>\n<blockquote>\n<h3>Hoy vemos al Camping La Tapera saqueado, no vamos a repetir la nota donde dimos cuenta del estado del mismo, al que el Secretaria de Turismo y el actual bolet\u00edn afirma, se convertir\u00e1 en un espacio verde\u2026\u2026.y el ex camping \u201cCosta Nomade\u201d, tambi\u00e9n abandonado y con faltantes a la vista, solo con darnos una vuelta nos damos cuenta.<\/h3>\n<\/blockquote>\n<p>Como tambi\u00e9n nos damos cuenta de la falta de coherencia en la pol\u00edtica tur\u00edstica (existi\u00f3?) aplicada en estos 5 \u00faltimos a\u00f1os, MUCHO RELATO en los boletines de prensa, mucha exigencia en el papel (pliegos de bases y condiciones) y\u00a0 0 Resultado.<\/p>\n<blockquote>\n<h3>Que va a pasar ahora con los camping de SEPUBA, 6 de Setiembre,\u00a0 Costa Nomade y los Quinchos?\u00a0\u00a0 Se modernizar\u00e1n todos como la TAPERA?<\/h3>\n<\/blockquote>\n<h3>RECUERDEN \u201cLOS CAMPING SON PATRIMONIO MUNICIPAL, Y ES DEBER DEL DEPARTAMENTO EJECUTIVO SU CUIDADO\u201d.<\/h3>\n<h3>ANTE EL SAQUEO O ABANDONO DE LOS MISMOS ,\u2026NO ESTAN INCUMPLIENDO CON SUS DEBERES?<\/h3>\n<p>&nbsp;<\/p>\n<ol>\n<li><strong>El auto prendido fuego en el camino de circunvalaci\u00f3n\u2026es parte de alguna promoci\u00f3n de turismo apocal\u00edptico?&#8230;<\/strong><\/li>\n<li><strong>\u00bfO es una muestra mas del abandono?\u00a0 <\/strong><\/li>\n<li><strong>\u00bfO no lo trasladan porque no tienen a qui\u00e9n cobrar el \u00abacarreo\u00bb?\u00a0 <\/strong><\/li>\n<li><strong>\u00bfO estar\u00e1n planeando juntarlo en un cami\u00f3n y tirarlo como hicieron con todas las esculturas de Mateo Salinas?<\/strong><\/li>\n<\/ol>\n<p>&nbsp;<\/p>\n","protected":false},"excerpt":{"rendered":"<div class=\"mh-excerpt\"><p>D\u00edas pasados en el bolet\u00edn oficial de la Municipalidad, se informaba que dos concesiones de camping venc\u00edan en abril, y otras dos se volver\u00e1n a licitar, para lo cual el \u00e1rea de Turismo se encuentra <a class=\"mh-excerpt-more\" href=\"https:\/\/larevistadigital.com.ar\/blog\/tacticas-y-estrategias-de-turismo-en-chascomus\/\" title=\"T\u00c1CTICAS Y ESTRATEGIAS DE TURISMO EN CH\u00c1SCOM\u00daS\">[Leer M\u00e1s]<\/a><\/p>\n<\/div>","protected":false},"author":3,"featured_media":19259,"comment_status":"open","ping_status":"open","sticky":false,"template":"","format":"standard","meta":{"_jetpack_memberships_contains_paid_content":false,"footnotes":"","jetpack_publicize_message":"","jetpack_publicize_feature_enabled":true,"jetpack_social_post_already_shared":true,"jetpack_social_options":{"image_generator_settings":{"template":"highway","default_image_id":0,"font":"","enabled":false},"version":2}},"categories":[6],"tags":[],"class_list":{"0":"post-19258","1":"post","2":"type-post","3":"status-publish","4":"format-standard","5":"has-post-thumbnail","7":"category-chascomus"},"jetpack_publicize_connections":[],"jetpack_featured_media_url":"https:\/\/i0.wp.com\/larevistadigital.com.ar\/blog\/wp-content\/uploads\/auto-decorativo.jpg?fit=1280%2C720&ssl=1","jetpack_sharing_enabled":true,"jetpack_shortlink":"https:\/\/wp.me\/p8qtrQ-50C","jetpack-related-posts":[{"id":6692,"url":"https:\/\/larevistadigital.com.ar\/blog\/chascomus-estan-a-la-venta-los-pliegos-para-explotar-dos-camping-en-la-zona-riberena\/","url_meta":{"origin":19258,"position":0},"title":"CHASCOM\u00daS: EST\u00c1N A LA VENTA LOS PLIEGOS PARA EXPLOTAR DOS CAMPING EN LA ZONA RIBERE\u00d1A","author":"Alejandro Sosa Ruda","date":"29 septiembre, 2018","format":false,"excerpt":"Desde la Secretar\u00eda de Planificaci\u00f3n y Turismo se hace saber que se encuentra abierto el llamado a licitaci\u00f3n de dos predios municipales con modalidad de uso \u201cCamping Organizado\u201d, correspondientes a la parcela N\u00ba 8 (ex camping ATSA) y la parcela N\u00ba 11 (ex camping Los \u00c1lamos). Los pliegos de licitaci\u00f3n\u2026","rel":"","context":"En \u00abCHASCOM\u00daS\u00bb","block_context":{"text":"CHASCOM\u00daS","link":"https:\/\/larevistadigital.com.ar\/blog\/category\/chascomus\/"},"img":{"alt_text":"","src":"https:\/\/i0.wp.com\/larevistadigital.com.ar\/blog\/wp-content\/uploads\/2018\/09\/2018_09_28_16_19_55_7318725.jpg?fit=600%2C338&ssl=1&resize=350%2C200","width":350,"height":200,"srcset":"https:\/\/i0.wp.com\/larevistadigital.com.ar\/blog\/wp-content\/uploads\/2018\/09\/2018_09_28_16_19_55_7318725.jpg?fit=600%2C338&ssl=1&resize=350%2C200 1x, https:\/\/i0.wp.com\/larevistadigital.com.ar\/blog\/wp-content\/uploads\/2018\/09\/2018_09_28_16_19_55_7318725.jpg?fit=600%2C338&ssl=1&resize=525%2C300 1.5x"},"classes":[]},{"id":29071,"url":"https:\/\/larevistadigital.com.ar\/blog\/chascomus-el-instituto-republica-denuncia-que-pasaron-mas-de-cien-dias-sin-publicaciones-en-el-boletin-oficial-municipal\/","url_meta":{"origin":19258,"position":1},"title":"CHASCOM\u00daS: EL INSTITUTO REP\u00daBLICA DENUNCIA QUE PASARON M\u00c1S DE CIEN D\u00cdAS SIN PUBLICACIONES EN EL BOLET\u00cdN OFICIAL MUNICIPAL","author":"Alejandro Sosa Ruda","date":"25 noviembre, 2022","format":false,"excerpt":"Hicieron llegar su preocupaci\u00f3n por esta situaci\u00f3n que consideran \"preocupante d\u00e9ficit de transparencia\" de parte del gobierno municipal. 25 de noviembre de 2022 Desde el Instituto Rep\u00fablica Chascom\u00fas advierten sobre el preocupante d\u00e9ficit en materia de transparencia de la administraci\u00f3n Gast\u00f3n. Seg\u00fan la investigaci\u00f3n realizada por los equipos t\u00e9cnicos locales\u2026","rel":"","context":"En \u00abCHASCOM\u00daS\u00bb","block_context":{"text":"CHASCOM\u00daS","link":"https:\/\/larevistadigital.com.ar\/blog\/category\/chascomus\/"},"img":{"alt_text":"","src":"https:\/\/i0.wp.com\/larevistadigital.com.ar\/blog\/wp-content\/uploads\/en-terapia.jpg?fit=900%2C588&ssl=1&resize=350%2C200","width":350,"height":200,"srcset":"https:\/\/i0.wp.com\/larevistadigital.com.ar\/blog\/wp-content\/uploads\/en-terapia.jpg?fit=900%2C588&ssl=1&resize=350%2C200 1x, https:\/\/i0.wp.com\/larevistadigital.com.ar\/blog\/wp-content\/uploads\/en-terapia.jpg?fit=900%2C588&ssl=1&resize=525%2C300 1.5x, https:\/\/i0.wp.com\/larevistadigital.com.ar\/blog\/wp-content\/uploads\/en-terapia.jpg?fit=900%2C588&ssl=1&resize=700%2C400 2x"},"classes":[]},{"id":7218,"url":"https:\/\/larevistadigital.com.ar\/blog\/chascomus-fue-adjudicada-la-concesion-del-ex-camping-los-alamos\/","url_meta":{"origin":19258,"position":2},"title":"CHASCOM\u00daS: FUE ADJUDICADA LA CONCESI\u00d3N DEL EX CAMPING LOS \u00c1LAMOS","author":"Alejandro Sosa Ruda","date":"14 diciembre, 2018","format":false,"excerpt":"En virtud de la evaluaci\u00f3n y resoluci\u00f3n del llamado a Licitaci\u00f3n P\u00fablica N\u00ba7\/2018, el Ejecutivo Municipal procedi\u00f3 a adjudicar, mediante el Decreto N\u00ba1080\/2018, la explotaci\u00f3n del ex Camping Los \u00c1lamos al oferente Roberto Daniel Mart\u00edn. Reunida la Junta Adjudicataria, integrada porel secretario de Planificaci\u00f3n y Turismo, Leandro Otondo; la directora\u2026","rel":"","context":"En \u00abCHASCOM\u00daS\u00bb","block_context":{"text":"CHASCOM\u00daS","link":"https:\/\/larevistadigital.com.ar\/blog\/category\/chascomus\/"},"img":{"alt_text":"","src":"https:\/\/i0.wp.com\/larevistadigital.com.ar\/blog\/wp-content\/uploads\/2018\/12\/1076b43d1fdc9c6487b648688ff6ac69.jpg?fit=1127%2C1200&ssl=1&resize=350%2C200","width":350,"height":200,"srcset":"https:\/\/i0.wp.com\/larevistadigital.com.ar\/blog\/wp-content\/uploads\/2018\/12\/1076b43d1fdc9c6487b648688ff6ac69.jpg?fit=1127%2C1200&ssl=1&resize=350%2C200 1x, https:\/\/i0.wp.com\/larevistadigital.com.ar\/blog\/wp-content\/uploads\/2018\/12\/1076b43d1fdc9c6487b648688ff6ac69.jpg?fit=1127%2C1200&ssl=1&resize=525%2C300 1.5x, https:\/\/i0.wp.com\/larevistadigital.com.ar\/blog\/wp-content\/uploads\/2018\/12\/1076b43d1fdc9c6487b648688ff6ac69.jpg?fit=1127%2C1200&ssl=1&resize=700%2C400 2x, https:\/\/i0.wp.com\/larevistadigital.com.ar\/blog\/wp-content\/uploads\/2018\/12\/1076b43d1fdc9c6487b648688ff6ac69.jpg?fit=1127%2C1200&ssl=1&resize=1050%2C600 3x"},"classes":[]},{"id":25368,"url":"https:\/\/larevistadigital.com.ar\/blog\/chascomus-paradojas-de-las-concesiones-municipales\/","url_meta":{"origin":19258,"position":3},"title":"CHASCOM\u00daS: PARADOJAS DE LAS CONCESIONES MUNICIPALES&#8230;","author":"Alejandro Sosa Ruda","date":"23 mayo, 2022","format":false,"excerpt":"Un vecino hizo llegar a nuestra redacci\u00f3n una reflexi\u00f3n acerca del comportamiento de las autoridades con las distintas concesiones, haciendo foco en las notables desigualdades. (PEDIDO DE PUBLICACI\u00d3N) DIJO JES\u00daS: \u201cCON LA MEDIDA CON QUE MIDAN SERAN MEDIDOS\u201d (LUCAS 6, 36-38) (Evidentemente, una frase desconocida por el Intendente y el\u2026","rel":"","context":"En \u00abDESTACADAS\u00bb","block_context":{"text":"DESTACADAS","link":"https:\/\/larevistadigital.com.ar\/blog\/category\/destacadas\/"},"img":{"alt_text":"","src":"https:\/\/i0.wp.com\/larevistadigital.com.ar\/blog\/wp-content\/uploads\/punta-norte-2.jpg?fit=1080%2C526&ssl=1&resize=350%2C200","width":350,"height":200,"srcset":"https:\/\/i0.wp.com\/larevistadigital.com.ar\/blog\/wp-content\/uploads\/punta-norte-2.jpg?fit=1080%2C526&ssl=1&resize=350%2C200 1x, https:\/\/i0.wp.com\/larevistadigital.com.ar\/blog\/wp-content\/uploads\/punta-norte-2.jpg?fit=1080%2C526&ssl=1&resize=525%2C300 1.5x, https:\/\/i0.wp.com\/larevistadigital.com.ar\/blog\/wp-content\/uploads\/punta-norte-2.jpg?fit=1080%2C526&ssl=1&resize=700%2C400 2x, https:\/\/i0.wp.com\/larevistadigital.com.ar\/blog\/wp-content\/uploads\/punta-norte-2.jpg?fit=1080%2C526&ssl=1&resize=1050%2C600 3x"},"classes":[]},{"id":20502,"url":"https:\/\/larevistadigital.com.ar\/blog\/conmovedora-nota-de-un-turista-que-muestra-con-crudeza-la-desidia-de-la-secretaria-de-turismo\/","url_meta":{"origin":19258,"position":4},"title":"CONMOVEDORA NOTA DE UN TURISTA QUE MUESTRA CON CRUDEZA LA DESIDIA DE LA SECRETAR\u00cdA DE TURISMO","author":"Alejandro Sosa Ruda","date":"27 mayo, 2021","format":false,"excerpt":"Un turista, que alquila una parcela en uno de los campings de Chascom\u00fas, hizo p\u00fablica una nota a trav\u00e9s del diario El Argentino, donde cuenta una situaci\u00f3n que les toca vivir a \u00e9l y un grupo de personas que alquilan parcelas, y hoy, por decisi\u00f3n del Secretario de Turismo, pretenden\u2026","rel":"","context":"En \u00abCHASCOM\u00daS\u00bb","block_context":{"text":"CHASCOM\u00daS","link":"https:\/\/larevistadigital.com.ar\/blog\/category\/chascomus\/"},"img":{"alt_text":"","src":"https:\/\/i0.wp.com\/larevistadigital.com.ar\/blog\/wp-content\/uploads\/placa-chasco-antiturismo.jpg?fit=900%2C723&ssl=1&resize=350%2C200","width":350,"height":200,"srcset":"https:\/\/i0.wp.com\/larevistadigital.com.ar\/blog\/wp-content\/uploads\/placa-chasco-antiturismo.jpg?fit=900%2C723&ssl=1&resize=350%2C200 1x, https:\/\/i0.wp.com\/larevistadigital.com.ar\/blog\/wp-content\/uploads\/placa-chasco-antiturismo.jpg?fit=900%2C723&ssl=1&resize=525%2C300 1.5x, https:\/\/i0.wp.com\/larevistadigital.com.ar\/blog\/wp-content\/uploads\/placa-chasco-antiturismo.jpg?fit=900%2C723&ssl=1&resize=700%2C400 2x"},"classes":[]},{"id":22401,"url":"https:\/\/larevistadigital.com.ar\/blog\/terrible-incendio-en-camping-de-chascomus\/","url_meta":{"origin":19258,"position":5},"title":"TERRIBLE INCENDIO EN CAMPING DE CHASCOM\u00daS","author":"Alejandro Sosa Ruda","date":"18 octubre, 2021","format":false,"excerpt":"Un incendio de magnitud se registr\u00f3 en un camping de la localidad de Chascom\u00fas. Seg\u00fan datos oficiales el fuego afect\u00f3 27 quinchos, 14 casillas rodantes y 3 embarcaciones. Si bien la r\u00e1pida acci\u00f3n de los bomberos permiti\u00f3 salvar varias propiedades, los da\u00f1os materiales fueron muy importantes. Fueron 7 las dotaciones\u2026","rel":"","context":"En \u00abDESTACADAS\u00bb","block_context":{"text":"DESTACADAS","link":"https:\/\/larevistadigital.com.ar\/blog\/category\/destacadas\/"},"img":{"alt_text":"","src":"https:\/\/i0.wp.com\/larevistadigital.com.ar\/blog\/wp-content\/uploads\/WhatsApp-Image-2021-10-17-at-14.38.15.jpeg?fit=1200%2C901&ssl=1&resize=350%2C200","width":350,"height":200,"srcset":"https:\/\/i0.wp.com\/larevistadigital.com.ar\/blog\/wp-content\/uploads\/WhatsApp-Image-2021-10-17-at-14.38.15.jpeg?fit=1200%2C901&ssl=1&resize=350%2C200 1x, https:\/\/i0.wp.com\/larevistadigital.com.ar\/blog\/wp-content\/uploads\/WhatsApp-Image-2021-10-17-at-14.38.15.jpeg?fit=1200%2C901&ssl=1&resize=525%2C300 1.5x, https:\/\/i0.wp.com\/larevistadigital.com.ar\/blog\/wp-content\/uploads\/WhatsApp-Image-2021-10-17-at-14.38.15.jpeg?fit=1200%2C901&ssl=1&resize=700%2C400 2x, https:\/\/i0.wp.com\/larevistadigital.com.ar\/blog\/wp-content\/uploads\/WhatsApp-Image-2021-10-17-at-14.38.15.jpeg?fit=1200%2C901&ssl=1&resize=1050%2C600 3x"},"classes":[]}],"_links":{"self":[{"href":"https:\/\/larevistadigital.com.ar\/blog\/wp-json\/wp\/v2\/posts\/19258","targetHints":{"allow":["GET"]}}],"collection":[{"href":"https:\/\/larevistadigital.com.ar\/blog\/wp-json\/wp\/v2\/posts"}],"about":[{"href":"https:\/\/larevistadigital.com.ar\/blog\/wp-json\/wp\/v2\/types\/post"}],"author":[{"embeddable":true,"href":"https:\/\/larevistadigital.com.ar\/blog\/wp-json\/wp\/v2\/users\/3"}],"replies":[{"embeddable":true,"href":"https:\/\/larevistadigital.com.ar\/blog\/wp-json\/wp\/v2\/comments?post=19258"}],"version-history":[{"count":3,"href":"https:\/\/larevistadigital.com.ar\/blog\/wp-json\/wp\/v2\/posts\/19258\/revisions"}],"predecessor-version":[{"id":19266,"href":"https:\/\/larevistadigital.com.ar\/blog\/wp-json\/wp\/v2\/posts\/19258\/revisions\/19266"}],"wp:featuredmedia":[{"embeddable":true,"href":"https:\/\/larevistadigital.com.ar\/blog\/wp-json\/wp\/v2\/media\/19259"}],"wp:attachment":[{"href":"https:\/\/larevistadigital.com.ar\/blog\/wp-json\/wp\/v2\/media?parent=19258"}],"wp:term":[{"taxonomy":"category","embeddable":true,"href":"https:\/\/larevistadigital.com.ar\/blog\/wp-json\/wp\/v2\/categories?post=19258"},{"taxonomy":"post_tag","embeddable":true,"href":"https:\/\/larevistadigital.com.ar\/blog\/wp-json\/wp\/v2\/tags?post=19258"}],"curies":[{"name":"wp","href":"https:\/\/api.w.org\/{rel}","templated":true}]}}