{"id":19267,"date":"2021-03-16T12:02:42","date_gmt":"2021-03-16T12:02:42","guid":{"rendered":"https:\/\/larevistadigital.com.ar\/blog\/?p=19267"},"modified":"2021-03-16T12:02:42","modified_gmt":"2021-03-16T12:02:42","slug":"vecinos-convocan-a-marcha-contra-el-basural-en-la-ruta-20","status":"publish","type":"post","link":"https:\/\/larevistadigital.com.ar\/blog\/vecinos-convocan-a-marcha-contra-el-basural-en-la-ruta-20\/","title":{"rendered":"VECINOS CONVOCAN A MARCHA CONTRA EL BASURAL EN LA RUTA 20"},"content":{"rendered":"<p>Luego de que se conociera la decisi\u00f3n inconsulta y de las autoridades del Municipio de Chascom\u00fas de ubicar el Basurero del distrito en la regi\u00f3n que linda con la ruta 20, m\u00e1s espec\u00edficamente en un campo que fuera donado durante la intendencia de Jos\u00e9 Ochoa, a efectos de\u00a0 <em><strong>\u00ab&#8230;ser utilizado para construir un Hogar de Ancianos, Uno de ni\u00f1os y Una capilla bajo el nombre de Nuestra Se\u00f1ora de Lujan&#8230;\u00bb, seg\u00fan puede leerse en la escritura labrada entonces por el escribano Jorge F. Aprile.<\/strong><\/em><\/p>\n<blockquote>\n<h3>De manera caprichosa, el hoy intendente de Chascom\u00fas, Javier Gast\u00f3n pretende incumplir con el pedido de la viuda, ignorando lo que ella pretendi\u00f3 al donar el campo en cuesti\u00f3n, dejando nuevamente en evidencia que el intendente est\u00e1 dispuesto a todo, solamente para cumplir sus planes, y sin sonrojarse por el atropello. Lo peor, es que adem\u00e1s estar\u00eda perjudicando seriamente a los vecinos de la zona, que se resisten a ver como un humedal se transforma y contamina ante sus ojos, sin hacer nada para evitarlo.<\/h3>\n<\/blockquote>\n<p>Tambi\u00e9n, los vecinos manifiestan que la instalaci\u00f3n en el\u00a0 lugar de un basurero, afectar\u00e1 gravemente a las napas e inclusive pudiendo llegar a perjudicar el acu\u00edfero con todo lo que ello representa.<\/p>\n<blockquote>\n<h3>Los vecinos, manifestaron que est\u00e1n dispuestos a dar pelea, y defender la salud de sus familias hasta las \u00faltimas consecuencias, y que si se concreta el corte de ruta por parte de los m\u00e9dicos en semana santa, van a marchar para acompa\u00f1arlos, y sumarse al mismo.<\/h3>\n<\/blockquote>\n<p><img data-recalc-dims=\"1\" loading=\"lazy\" decoding=\"async\" class=\"alignnone size-full wp-image-19270\" src=\"https:\/\/i0.wp.com\/larevistadigital.com.ar\/blog\/wp-content\/uploads\/WhatsApp-Image-2021-03-15-at-19.49.07.jpeg?resize=720%2C1280&#038;ssl=1\" alt=\"\" width=\"720\" height=\"1280\" srcset=\"https:\/\/i0.wp.com\/larevistadigital.com.ar\/blog\/wp-content\/uploads\/WhatsApp-Image-2021-03-15-at-19.49.07.jpeg?w=720&amp;ssl=1 720w, https:\/\/i0.wp.com\/larevistadigital.com.ar\/blog\/wp-content\/uploads\/WhatsApp-Image-2021-03-15-at-19.49.07.jpeg?resize=169%2C300&amp;ssl=1 169w, https:\/\/i0.wp.com\/larevistadigital.com.ar\/blog\/wp-content\/uploads\/WhatsApp-Image-2021-03-15-at-19.49.07.jpeg?resize=576%2C1024&amp;ssl=1 576w\" sizes=\"auto, (max-width: 720px) 100vw, 720px\" \/><\/p>\n","protected":false},"excerpt":{"rendered":"<div class=\"mh-excerpt\"><p>Luego de que se conociera la decisi\u00f3n inconsulta y de las autoridades del Municipio de Chascom\u00fas de ubicar el Basurero del distrito en la regi\u00f3n que linda con la ruta 20, m\u00e1s espec\u00edficamente en un <a class=\"mh-excerpt-more\" href=\"https:\/\/larevistadigital.com.ar\/blog\/vecinos-convocan-a-marcha-contra-el-basural-en-la-ruta-20\/\" title=\"VECINOS CONVOCAN A MARCHA CONTRA EL BASURAL EN LA RUTA 20\">[Leer M\u00e1s]<\/a><\/p>\n<\/div>","protected":false},"author":3,"featured_media":19269,"comment_status":"open","ping_status":"open","sticky":false,"template":"","format":"standard","meta":{"_jetpack_memberships_contains_paid_content":false,"footnotes":"","jetpack_publicize_message":"","jetpack_publicize_feature_enabled":true,"jetpack_social_post_already_shared":true,"jetpack_social_options":{"image_generator_settings":{"template":"highway","default_image_id":0,"font":"","enabled":false},"version":2}},"categories":[50],"tags":[],"class_list":{"0":"post-19267","1":"post","2":"type-post","3":"status-publish","4":"format-standard","5":"has-post-thumbnail","7":"category-interes-general"},"jetpack_publicize_connections":[],"jetpack_featured_media_url":"https:\/\/i0.wp.com\/larevistadigital.com.ar\/blog\/wp-content\/uploads\/WhatsApp-Image-2021-03-15-at-19.48.55.jpeg?fit=720%2C1280&ssl=1","jetpack_sharing_enabled":true,"jetpack_shortlink":"https:\/\/wp.me\/p8qtrQ-50L","jetpack-related-posts":[{"id":22546,"url":"https:\/\/larevistadigital.com.ar\/blog\/carta-al-dr-raul-alfonsin-de-los-vecinos-autoconvocados-conra-el-basural-ilegal-de-ruta-20-y-convocatoria-para-la-protesta-del-viernes-5-a-las-11-en-el-museo-pampeano\/","url_meta":{"origin":19267,"position":0},"title":"CARTA AL DR. RAUL ALFONS\u00cdN DE LOS VECINOS AUTOCONVOCADOS CONRA EL BASURAL ILEGAL DE RUTA 20 Y CONVOCATORIA PARA LA PROTESTA DEL VIERNES 5 A LAS 11 EN EL MUSEO PAMPEANO","author":"Alejandro Sosa Ruda","date":"31 octubre, 2021","format":false,"excerpt":"En la cuna de la democracia el intendente Gast\u00f3n viola la ley Dr. Alfons\u00edn, sepa lo que pasa por sus pagos en este nuevo aniversario. En la cuna de la democracia violan la ley. Por eso los Vecinos Autoconvocados de Chascom\u00fas denunciamos el atropello a principios b\u00e1sicos de la democracia\u2026","rel":"","context":"En \u00abINTERES GENERAL\u00bb","block_context":{"text":"INTERES GENERAL","link":"https:\/\/larevistadigital.com.ar\/blog\/category\/interes-general\/"},"img":{"alt_text":"","src":"https:\/\/i0.wp.com\/larevistadigital.com.ar\/blog\/wp-content\/uploads\/WhatsApp-Image-2021-10-30-at-14.11.20.jpeg?fit=1200%2C805&ssl=1&resize=350%2C200","width":350,"height":200,"srcset":"https:\/\/i0.wp.com\/larevistadigital.com.ar\/blog\/wp-content\/uploads\/WhatsApp-Image-2021-10-30-at-14.11.20.jpeg?fit=1200%2C805&ssl=1&resize=350%2C200 1x, https:\/\/i0.wp.com\/larevistadigital.com.ar\/blog\/wp-content\/uploads\/WhatsApp-Image-2021-10-30-at-14.11.20.jpeg?fit=1200%2C805&ssl=1&resize=525%2C300 1.5x, https:\/\/i0.wp.com\/larevistadigital.com.ar\/blog\/wp-content\/uploads\/WhatsApp-Image-2021-10-30-at-14.11.20.jpeg?fit=1200%2C805&ssl=1&resize=700%2C400 2x, https:\/\/i0.wp.com\/larevistadigital.com.ar\/blog\/wp-content\/uploads\/WhatsApp-Image-2021-10-30-at-14.11.20.jpeg?fit=1200%2C805&ssl=1&resize=1050%2C600 3x"},"classes":[]},{"id":22458,"url":"https:\/\/larevistadigital.com.ar\/blog\/luego-de-las-publicaciones-de-el-fuerte-y-la-revista-digital-gaston-cambio-su-discurso-sobre-la-rifa-bueno-solo-un-poco\/","url_meta":{"origin":19267,"position":1},"title":"LUEGO DE LAS PUBLICACI\u00d3NES DE EL FUERTE Y LA REVISTA DIGITAL, GAST\u00d3N CAMBI\u00d3 SU DISCURSO SOBRE LA RIFA&#8230; (BUENO, SOLO UN POCO)","author":"Alejandro Sosa Ruda","date":"24 octubre, 2021","format":false,"excerpt":"Luego de salir en las redes a festejar un proyecto de ley, que por ahora solo es eso, con una evidente intenci\u00f3n pol\u00edtica, el intendente de Chascom\u00fas, Javier Gast\u00f3n, tuvo que admitir en una nota de Lili Villaverde en FM ACTIVA (93,1) que el proyecto tiene solo media sanci\u00f3n. CHASCOM\u00daS\u2026","rel":"","context":"En \u00abDESTACADAS\u00bb","block_context":{"text":"DESTACADAS","link":"https:\/\/larevistadigital.com.ar\/blog\/category\/destacadas\/"},"img":{"alt_text":"","src":"https:\/\/i0.wp.com\/larevistadigital.com.ar\/blog\/wp-content\/uploads\/gaston-dedos-cruzados.jpg?fit=814%2C600&ssl=1&resize=350%2C200","width":350,"height":200,"srcset":"https:\/\/i0.wp.com\/larevistadigital.com.ar\/blog\/wp-content\/uploads\/gaston-dedos-cruzados.jpg?fit=814%2C600&ssl=1&resize=350%2C200 1x, https:\/\/i0.wp.com\/larevistadigital.com.ar\/blog\/wp-content\/uploads\/gaston-dedos-cruzados.jpg?fit=814%2C600&ssl=1&resize=525%2C300 1.5x, https:\/\/i0.wp.com\/larevistadigital.com.ar\/blog\/wp-content\/uploads\/gaston-dedos-cruzados.jpg?fit=814%2C600&ssl=1&resize=700%2C400 2x"},"classes":[]},{"id":22449,"url":"https:\/\/larevistadigital.com.ar\/blog\/enganoso-anuncio-del-intendente-gaston-acerca-de-la-rifa-del-campo-que-adeuda-chascomus\/","url_meta":{"origin":19267,"position":2},"title":"ENGA\u00d1OSO ANUNCIO DEL INTENDENTE GAST\u00d3N ACERCA DE LA RIFA DEL CAMPO QUE ADEUDA CHASCOM\u00daS","author":"Alejandro Sosa Ruda","date":"23 octubre, 2021","format":false,"excerpt":"En realidad, hay un \"proyecto de ley\" que en la nota adjuntamos, de un diputado massista que cuenta con media sanci\u00f3n, y espera tratamiento en el senado. Habla de suspender el pago por dos a\u00f1os... CHASCOM\u00daS -\u00a0 El intendente de Chascom\u00fas, Javier Gast\u00f3n, hizo un posteo, donde se manifest\u00f3 muy\u2026","rel":"","context":"En \u00abDESTACADAS\u00bb","block_context":{"text":"DESTACADAS","link":"https:\/\/larevistadigital.com.ar\/blog\/category\/destacadas\/"},"img":{"alt_text":"","src":"https:\/\/i0.wp.com\/larevistadigital.com.ar\/blog\/wp-content\/uploads\/MENTIROSO-MENTIROSO.jpg?fit=736%2C558&ssl=1&resize=350%2C200","width":350,"height":200,"srcset":"https:\/\/i0.wp.com\/larevistadigital.com.ar\/blog\/wp-content\/uploads\/MENTIROSO-MENTIROSO.jpg?fit=736%2C558&ssl=1&resize=350%2C200 1x, https:\/\/i0.wp.com\/larevistadigital.com.ar\/blog\/wp-content\/uploads\/MENTIROSO-MENTIROSO.jpg?fit=736%2C558&ssl=1&resize=525%2C300 1.5x, https:\/\/i0.wp.com\/larevistadigital.com.ar\/blog\/wp-content\/uploads\/MENTIROSO-MENTIROSO.jpg?fit=736%2C558&ssl=1&resize=700%2C400 2x"},"classes":[]},{"id":24165,"url":"https:\/\/larevistadigital.com.ar\/blog\/chascomus-vecinos-furiosos-con-la-indignante-falta-de-respuestas-del-municipio\/","url_meta":{"origin":19267,"position":3},"title":"CHASCOM\u00daS: VECINOS FURIOSOS CON LA INDIGNANTE FALTA DE RESPUESTAS DEL MUNICIPIO","author":"Alejandro Sosa Ruda","date":"25 febrero, 2022","format":false,"excerpt":"El terrible estado de la Ruta provincial 58 (donde termina el asfalto luego de la avenida \"Campa\u00f1as al desierto\") en im\u00e1genes que nos env\u00edan los indignados vecinos de la zona, cansados de tener que pasar por esto cada vez que llueve, pese a los reiterados reclamos y pedidos. En varias\u2026","rel":"","context":"En \u00abDESTACADAS\u00bb","block_context":{"text":"DESTACADAS","link":"https:\/\/larevistadigital.com.ar\/blog\/category\/destacadas\/"},"img":{"alt_text":"","src":"https:\/\/i0.wp.com\/larevistadigital.com.ar\/blog\/wp-content\/uploads\/WhatsApp-Image-2022-02-24-at-15.33.36.jpeg?fit=780%2C1040&ssl=1&resize=350%2C200","width":350,"height":200,"srcset":"https:\/\/i0.wp.com\/larevistadigital.com.ar\/blog\/wp-content\/uploads\/WhatsApp-Image-2022-02-24-at-15.33.36.jpeg?fit=780%2C1040&ssl=1&resize=350%2C200 1x, https:\/\/i0.wp.com\/larevistadigital.com.ar\/blog\/wp-content\/uploads\/WhatsApp-Image-2022-02-24-at-15.33.36.jpeg?fit=780%2C1040&ssl=1&resize=525%2C300 1.5x, https:\/\/i0.wp.com\/larevistadigital.com.ar\/blog\/wp-content\/uploads\/WhatsApp-Image-2022-02-24-at-15.33.36.jpeg?fit=780%2C1040&ssl=1&resize=700%2C400 2x"},"classes":[]},{"id":18401,"url":"https:\/\/larevistadigital.com.ar\/blog\/en-chascomus-el-intendente-gaston-festejo-la-llegada-de-la-vacuna-contra-el-covid-19\/","url_meta":{"origin":19267,"position":4},"title":"EN CHASCOM\u00daS, EL INTENDENTE GAST\u00d3N FESTEJ\u00d3 LA LLEGADA DE LA VACUNA CONTRA EL COVID-19","author":"Alejandro Sosa Ruda","date":"29 diciembre, 2020","format":false,"excerpt":"Lo hizo a trav\u00e9s de las redes, con un mensaje que manifiesta su alegr\u00eda por la llegada de la vacuna. As\u00ed, el intendente escribi\u00f3: \"La vacuna contra el COVID ya est\u00e1 en Chascom\u00fas!! Hace instantes recibimos las primeras dosis y es una gran satisfacci\u00f3n poder contar con ellas para comenzar\u2026","rel":"","context":"En \u00abINTERES GENERAL\u00bb","block_context":{"text":"INTERES GENERAL","link":"https:\/\/larevistadigital.com.ar\/blog\/category\/interes-general\/"},"img":{"alt_text":"","src":"https:\/\/i0.wp.com\/larevistadigital.com.ar\/blog\/wp-content\/uploads\/bbx_412450124_1_EqZzIO0WMAMx-dQ.jpg?fit=800%2C579&ssl=1&resize=350%2C200","width":350,"height":200,"srcset":"https:\/\/i0.wp.com\/larevistadigital.com.ar\/blog\/wp-content\/uploads\/bbx_412450124_1_EqZzIO0WMAMx-dQ.jpg?fit=800%2C579&ssl=1&resize=350%2C200 1x, https:\/\/i0.wp.com\/larevistadigital.com.ar\/blog\/wp-content\/uploads\/bbx_412450124_1_EqZzIO0WMAMx-dQ.jpg?fit=800%2C579&ssl=1&resize=525%2C300 1.5x, https:\/\/i0.wp.com\/larevistadigital.com.ar\/blog\/wp-content\/uploads\/bbx_412450124_1_EqZzIO0WMAMx-dQ.jpg?fit=800%2C579&ssl=1&resize=700%2C400 2x"},"classes":[]},{"id":32639,"url":"https:\/\/larevistadigital.com.ar\/blog\/chascomus-ramiro-ferrante-fortalece-su-alianza-estrategica-con-el-campo\/","url_meta":{"origin":19267,"position":5},"title":"CHASCOM\u00daS: RAMIRO FERRANTE FORTALECE SU ALIANZA ESTRAT\u00c9GICA CON EL CAMPO","author":"Alejandro Sosa Ruda","date":"28 julio, 2023","format":false,"excerpt":"En su visita al paraje rural Manantiales, el precandidato a intendente por Juntos Chascom\u00fas recogi\u00f3 las preocupaciones de los vecinos de la zona y reafirm\u00f3 su compromiso de apuntalar la actividad rural en el distrito: \u201cEl campo es uno de los sectores m\u00e1s importantes que motorizan el eje productivo de\u2026","rel":"","context":"En \u00abINTERES GENERAL\u00bb","block_context":{"text":"INTERES GENERAL","link":"https:\/\/larevistadigital.com.ar\/blog\/category\/interes-general\/"},"img":{"alt_text":"","src":"https:\/\/i0.wp.com\/larevistadigital.com.ar\/blog\/wp-content\/uploads\/FERRANTE-MANANTIALES.jpg?fit=750%2C559&ssl=1&resize=350%2C200","width":350,"height":200,"srcset":"https:\/\/i0.wp.com\/larevistadigital.com.ar\/blog\/wp-content\/uploads\/FERRANTE-MANANTIALES.jpg?fit=750%2C559&ssl=1&resize=350%2C200 1x, https:\/\/i0.wp.com\/larevistadigital.com.ar\/blog\/wp-content\/uploads\/FERRANTE-MANANTIALES.jpg?fit=750%2C559&ssl=1&resize=525%2C300 1.5x, https:\/\/i0.wp.com\/larevistadigital.com.ar\/blog\/wp-content\/uploads\/FERRANTE-MANANTIALES.jpg?fit=750%2C559&ssl=1&resize=700%2C400 2x"},"classes":[]}],"_links":{"self":[{"href":"https:\/\/larevistadigital.com.ar\/blog\/wp-json\/wp\/v2\/posts\/19267","targetHints":{"allow":["GET"]}}],"collection":[{"href":"https:\/\/larevistadigital.com.ar\/blog\/wp-json\/wp\/v2\/posts"}],"about":[{"href":"https:\/\/larevistadigital.com.ar\/blog\/wp-json\/wp\/v2\/types\/post"}],"author":[{"embeddable":true,"href":"https:\/\/larevistadigital.com.ar\/blog\/wp-json\/wp\/v2\/users\/3"}],"replies":[{"embeddable":true,"href":"https:\/\/larevistadigital.com.ar\/blog\/wp-json\/wp\/v2\/comments?post=19267"}],"version-history":[{"count":1,"href":"https:\/\/larevistadigital.com.ar\/blog\/wp-json\/wp\/v2\/posts\/19267\/revisions"}],"predecessor-version":[{"id":19271,"href":"https:\/\/larevistadigital.com.ar\/blog\/wp-json\/wp\/v2\/posts\/19267\/revisions\/19271"}],"wp:featuredmedia":[{"embeddable":true,"href":"https:\/\/larevistadigital.com.ar\/blog\/wp-json\/wp\/v2\/media\/19269"}],"wp:attachment":[{"href":"https:\/\/larevistadigital.com.ar\/blog\/wp-json\/wp\/v2\/media?parent=19267"}],"wp:term":[{"taxonomy":"category","embeddable":true,"href":"https:\/\/larevistadigital.com.ar\/blog\/wp-json\/wp\/v2\/categories?post=19267"},{"taxonomy":"post_tag","embeddable":true,"href":"https:\/\/larevistadigital.com.ar\/blog\/wp-json\/wp\/v2\/tags?post=19267"}],"curies":[{"name":"wp","href":"https:\/\/api.w.org\/{rel}","templated":true}]}}