{"id":19273,"date":"2021-03-17T13:36:15","date_gmt":"2021-03-17T13:36:15","guid":{"rendered":"https:\/\/larevistadigital.com.ar\/blog\/?p=19273"},"modified":"2021-03-17T13:36:15","modified_gmt":"2021-03-17T13:36:15","slug":"se-emitio-un-alerta-por-crecidas-del-mar-en-la-costa-atlantica","status":"publish","type":"post","link":"https:\/\/larevistadigital.com.ar\/blog\/se-emitio-un-alerta-por-crecidas-del-mar-en-la-costa-atlantica\/","title":{"rendered":"SE EMITI\u00d3 UN ALERTA POR CRECIDAS DEL MAR EN LA COSTA ATL\u00c1NTICA"},"content":{"rendered":"<h2 class=\"nota__hero__summary\">En las primeras horas del d\u00eda se observ\u00f3 una tendencia ascendente, situ\u00e1ndose 1,10 metros sobre los valores indicados en la tabla de mareas. En San Clemente la altura llegar\u00e1 a 2,40 metros a las 12:30 aproximadamente.<\/h2>\n<p><strong>COSTA ATL\u00c1NTICA &#8211;<\/strong> El Centro de Prevenci\u00f3n de Crecidas del Servicio de Hidrograf\u00eda Naval, dependiente del Ministerio de Defensa, inform\u00f3 que la Costa Atl\u00e1ntica bonaerense, entre Mar del Plata y San Clemente, sufrir\u00e1 un ascenso de las aguas por lo que estableci\u00f3 una alerta por crecidas.<\/p>\n<p>Luego de observarse una tendencia ascendente durante la madrugada y la ma\u00f1ana de hoy mi\u00e9rcoles, situ\u00e1ndose 1,10 metros sobre los valores indicados en la tabla de mareas, lo que permite estimar que en el Puerto de Mar del Plata se alcanzar\u00e1 una altura de 2,50 metros a las 10:30 de hoy y que en San Clemente llegar\u00e1 a 2,40 metros a las 12:30 aproximadamente.<\/p>\n<p>&nbsp;<\/p>\n","protected":false},"excerpt":{"rendered":"<div class=\"mh-excerpt\"><p>En las primeras horas del d\u00eda se observ\u00f3 una tendencia ascendente, situ\u00e1ndose 1,10 metros sobre los valores indicados en la tabla de mareas. En San Clemente la altura llegar\u00e1 a 2,40 metros a las 12:30 <a class=\"mh-excerpt-more\" href=\"https:\/\/larevistadigital.com.ar\/blog\/se-emitio-un-alerta-por-crecidas-del-mar-en-la-costa-atlantica\/\" title=\"SE EMITI\u00d3 UN ALERTA POR CRECIDAS DEL MAR EN LA COSTA ATL\u00c1NTICA\">[Leer M\u00e1s]<\/a><\/p>\n<\/div>","protected":false},"author":3,"featured_media":19274,"comment_status":"open","ping_status":"open","sticky":false,"template":"","format":"standard","meta":{"_jetpack_memberships_contains_paid_content":false,"footnotes":"","jetpack_publicize_message":"","jetpack_publicize_feature_enabled":true,"jetpack_social_post_already_shared":true,"jetpack_social_options":{"image_generator_settings":{"template":"highway","default_image_id":0,"font":"","enabled":false},"version":2}},"categories":[51],"tags":[],"class_list":{"0":"post-19273","1":"post","2":"type-post","3":"status-publish","4":"format-standard","5":"has-post-thumbnail","7":"category-regionales"},"jetpack_publicize_connections":[],"jetpack_featured_media_url":"https:\/\/i0.wp.com\/larevistadigital.com.ar\/blog\/wp-content\/uploads\/057ba4bef36c6f9a6e5e10a172409b6b00b74016.jpg?fit=888%2C900&ssl=1","jetpack_sharing_enabled":true,"jetpack_shortlink":"https:\/\/wp.me\/p8qtrQ-50R","jetpack-related-posts":[{"id":28694,"url":"https:\/\/larevistadigital.com.ar\/blog\/atencion-emiten-un-alerta-para-hoy-de-crecidas-del-mar-en-la-costa-atlantica\/","url_meta":{"origin":19273,"position":0},"title":"ATENCI\u00d3N: EMITEN UN ALERTA PARA HOY DE CRECIDAS DEL MAR EN LA COSTA ATL\u00c1NTICA","author":"Alejandro Sosa Ruda","date":"31 octubre, 2022","format":false,"excerpt":"El Centro de Prevenci\u00f3n de Crecidas del Servicio de Hidrograf\u00eda Naval inform\u00f3 acerca de un ascenso de las aguas. 31 de Octubre de 2022 Seg\u00fan publica el portal entrel\u00edneas.info, el Centro de Prevenci\u00f3n de Crecidas del Servicio de Hidrograf\u00eda Naval, dependiente del Ministerio de Defensa, inform\u00f3 que la Costa Atl\u00e1ntica\u2026","rel":"","context":"En \u00abREGIONALES\u00bb","block_context":{"text":"REGIONALES","link":"https:\/\/larevistadigital.com.ar\/blog\/category\/regionales\/"},"img":{"alt_text":"","src":"https:\/\/i0.wp.com\/larevistadigital.com.ar\/blog\/wp-content\/uploads\/MAR-CRECIDO.png?fit=640%2C404&ssl=1&resize=350%2C200","width":350,"height":200,"srcset":"https:\/\/i0.wp.com\/larevistadigital.com.ar\/blog\/wp-content\/uploads\/MAR-CRECIDO.png?fit=640%2C404&ssl=1&resize=350%2C200 1x, https:\/\/i0.wp.com\/larevistadigital.com.ar\/blog\/wp-content\/uploads\/MAR-CRECIDO.png?fit=640%2C404&ssl=1&resize=525%2C300 1.5x"},"classes":[]},{"id":18874,"url":"https:\/\/larevistadigital.com.ar\/blog\/alertan-por-nueva-crecida-del-rio-de-la-plata\/","url_meta":{"origin":19273,"position":1},"title":"ALERTAN POR NUEVA CRECIDA DEL R\u00cdO DE LA PLATA","author":"Alejandro Sosa Ruda","date":"15 febrero, 2021","format":false,"excerpt":"Las autoridades emitieron un aviso preventivo y detallaron que durante la tarde y noche de este lunes el rio superar\u00e1 los valores de la tabla de mareas. En las \u00faltimas horas las autoridades lanzaron una advertencia por una nueva crecida del R\u00edo de La Plata.\u00a0En ese sentido,\u00a0el Centro de Prevenci\u00f3n\u2026","rel":"","context":"En \u00abREGIONALES\u00bb","block_context":{"text":"REGIONALES","link":"https:\/\/larevistadigital.com.ar\/blog\/category\/regionales\/"},"img":{"alt_text":"","src":"https:\/\/i0.wp.com\/larevistadigital.com.ar\/blog\/wp-content\/uploads\/0007312079.jpg?fit=1140%2C762&ssl=1&resize=350%2C200","width":350,"height":200,"srcset":"https:\/\/i0.wp.com\/larevistadigital.com.ar\/blog\/wp-content\/uploads\/0007312079.jpg?fit=1140%2C762&ssl=1&resize=350%2C200 1x, https:\/\/i0.wp.com\/larevistadigital.com.ar\/blog\/wp-content\/uploads\/0007312079.jpg?fit=1140%2C762&ssl=1&resize=525%2C300 1.5x, https:\/\/i0.wp.com\/larevistadigital.com.ar\/blog\/wp-content\/uploads\/0007312079.jpg?fit=1140%2C762&ssl=1&resize=700%2C400 2x, https:\/\/i0.wp.com\/larevistadigital.com.ar\/blog\/wp-content\/uploads\/0007312079.jpg?fit=1140%2C762&ssl=1&resize=1050%2C600 3x"},"classes":[]},{"id":15106,"url":"https:\/\/larevistadigital.com.ar\/blog\/interceptan-a-35-turistas-que-pretendian-vacacionar-en-la-costa-atlantica\/","url_meta":{"origin":19273,"position":2},"title":"INTERCEPTAN A 35 TURISTAS QUE PRETEND\u00cdAN VACACIONAR EN LA COSTA ATL\u00c1NTICA","author":"Alejandro Sosa Ruda","date":"1 mayo, 2020","format":false,"excerpt":"Fueron detectados en los distintos controles que hay en las diferentes rutas para evitar el ingreso de turistas a Mar del Plata, La Costa, Gesell, Pinamar y otras localidades de la zona. Al menos 35 automovilistas con intenciones de \u201cvacacionar\u201d en la Costa Atl\u00e1ntica fueron interceptados este jueves a la\u2026","rel":"","context":"En \u00abREGIONALES\u00bb","block_context":{"text":"REGIONALES","link":"https:\/\/larevistadigital.com.ar\/blog\/category\/regionales\/"},"img":{"alt_text":"","src":"https:\/\/i0.wp.com\/larevistadigital.com.ar\/blog\/wp-content\/uploads\/ef5ecd87863f83b1c99692d2617209ba5655340f.jpg?fit=1140%2C758&ssl=1&resize=350%2C200","width":350,"height":200,"srcset":"https:\/\/i0.wp.com\/larevistadigital.com.ar\/blog\/wp-content\/uploads\/ef5ecd87863f83b1c99692d2617209ba5655340f.jpg?fit=1140%2C758&ssl=1&resize=350%2C200 1x, https:\/\/i0.wp.com\/larevistadigital.com.ar\/blog\/wp-content\/uploads\/ef5ecd87863f83b1c99692d2617209ba5655340f.jpg?fit=1140%2C758&ssl=1&resize=525%2C300 1.5x, https:\/\/i0.wp.com\/larevistadigital.com.ar\/blog\/wp-content\/uploads\/ef5ecd87863f83b1c99692d2617209ba5655340f.jpg?fit=1140%2C758&ssl=1&resize=700%2C400 2x, https:\/\/i0.wp.com\/larevistadigital.com.ar\/blog\/wp-content\/uploads\/ef5ecd87863f83b1c99692d2617209ba5655340f.jpg?fit=1140%2C758&ssl=1&resize=1050%2C600 3x"},"classes":[]},{"id":35368,"url":"https:\/\/larevistadigital.com.ar\/blog\/mar-del-plata-preocupacion-fuerte-crecida-del-mar-y-grandes-olas-sin-danos-estructurales\/","url_meta":{"origin":19273,"position":3},"title":"MAR DEL PLATA: PREOCUPACI\u00d3N&#8230;FUERTE CRECIDA DEL MAR, Y GRANDES OLAS SIN DA\u00d1OS ESTRUCTURALES","author":"Alejandro Sosa Ruda","date":"5 marzo, 2024","format":false,"excerpt":"Se mantienen las expectativas por las repercusiones que puede generar en la ciudad un cicl\u00f3n extratropical que se desarrolla dentro del oc\u00e9ano Atl\u00e1ntico. Especialistas indican que \u201cel efecto m\u00e1s fuerte deber\u00eda ser no mucho m\u00e1s all\u00e1 de la madrugada de este martes\u201d. En la zona de Mogotes el agua lleg\u00f3\u2026","rel":"","context":"En \u00abREGIONALES\u00bb","block_context":{"text":"REGIONALES","link":"https:\/\/larevistadigital.com.ar\/blog\/category\/regionales\/"},"img":{"alt_text":"","src":"https:\/\/i0.wp.com\/larevistadigital.com.ar\/blog\/wp-content\/uploads\/Captura-de-pantalla-2024-03-05-083625.png?fit=806%2C444&ssl=1&resize=350%2C200","width":350,"height":200,"srcset":"https:\/\/i0.wp.com\/larevistadigital.com.ar\/blog\/wp-content\/uploads\/Captura-de-pantalla-2024-03-05-083625.png?fit=806%2C444&ssl=1&resize=350%2C200 1x, https:\/\/i0.wp.com\/larevistadigital.com.ar\/blog\/wp-content\/uploads\/Captura-de-pantalla-2024-03-05-083625.png?fit=806%2C444&ssl=1&resize=525%2C300 1.5x, https:\/\/i0.wp.com\/larevistadigital.com.ar\/blog\/wp-content\/uploads\/Captura-de-pantalla-2024-03-05-083625.png?fit=806%2C444&ssl=1&resize=700%2C400 2x"},"classes":[]},{"id":39148,"url":"https:\/\/larevistadigital.com.ar\/blog\/misteriosa-desaparicion-un-joven-de-29-anos-es-buscado-en-la-costa-atlantica\/","url_meta":{"origin":19273,"position":4},"title":"Misteriosa desaparici\u00f3n: un joven de 29 a\u00f1os es buscado en la Costa Atl\u00e1ntica","author":"Alejandro Sosa Ruda","date":"26 marzo, 2025","format":false,"excerpt":"La incertidumbre crece en torno a la desaparici\u00f3n de Juan Pablo Gramigna, un joven de 29 a\u00f1os oriundo de Brandsen, quien fue visto por \u00faltima vez el s\u00e1bado y desde entonces nada se sabe de su desfile. 26 de Marzo de 2025 LA COSTA -\u00a0 Las autoridades han intensificado la\u2026","rel":"","context":"En \u00abPOLICIALES\u00bb","block_context":{"text":"POLICIALES","link":"https:\/\/larevistadigital.com.ar\/blog\/category\/policiales\/"},"img":{"alt_text":"","src":"https:\/\/i0.wp.com\/larevistadigital.com.ar\/blog\/wp-content\/uploads\/48b67031fa0dc06ee90b4e43cb4b757d594e4b97.jpg?fit=1140%2C742&ssl=1&resize=350%2C200","width":350,"height":200,"srcset":"https:\/\/i0.wp.com\/larevistadigital.com.ar\/blog\/wp-content\/uploads\/48b67031fa0dc06ee90b4e43cb4b757d594e4b97.jpg?fit=1140%2C742&ssl=1&resize=350%2C200 1x, https:\/\/i0.wp.com\/larevistadigital.com.ar\/blog\/wp-content\/uploads\/48b67031fa0dc06ee90b4e43cb4b757d594e4b97.jpg?fit=1140%2C742&ssl=1&resize=525%2C300 1.5x, https:\/\/i0.wp.com\/larevistadigital.com.ar\/blog\/wp-content\/uploads\/48b67031fa0dc06ee90b4e43cb4b757d594e4b97.jpg?fit=1140%2C742&ssl=1&resize=700%2C400 2x, https:\/\/i0.wp.com\/larevistadigital.com.ar\/blog\/wp-content\/uploads\/48b67031fa0dc06ee90b4e43cb4b757d594e4b97.jpg?fit=1140%2C742&ssl=1&resize=1050%2C600 3x"},"classes":[]},{"id":20951,"url":"https:\/\/larevistadigital.com.ar\/blog\/se-siguio-buscando-intensamente-a-victoria-la-joven-desaparecida-mientras-practicaba-kitesurf\/","url_meta":{"origin":19273,"position":5},"title":"SE SIGUI\u00d3 BUSCANDO INTENSAMENTE A VICTORIA, LA JOVEN DESAPARECIDA MIENTRAS PRACTICABA KITESURF","author":"Alejandro Sosa Ruda","date":"29 junio, 2021","format":false,"excerpt":"Las condiciones clim\u00e1ticas adversas no impidieron que se contin\u00fae con el operativo. Se ampli\u00f3 la zona de b\u00fasqueda. A pesar del fuerte temporal que azota a la Costa Atl\u00e1ntica, durante toda la jornada de hoy se continu\u00f3 con el operativo de b\u00fasqueda de Victoria Pardo, la joven de 30 a\u00f1os\u2026","rel":"","context":"En \u00abREGIONALES\u00bb","block_context":{"text":"REGIONALES","link":"https:\/\/larevistadigital.com.ar\/blog\/category\/regionales\/"},"img":{"alt_text":"","src":"https:\/\/i0.wp.com\/larevistadigital.com.ar\/blog\/wp-content\/uploads\/5045a33d8554ac633711b1a11adb6ff05cc4003e.jpg?fit=1140%2C767&ssl=1&resize=350%2C200","width":350,"height":200,"srcset":"https:\/\/i0.wp.com\/larevistadigital.com.ar\/blog\/wp-content\/uploads\/5045a33d8554ac633711b1a11adb6ff05cc4003e.jpg?fit=1140%2C767&ssl=1&resize=350%2C200 1x, https:\/\/i0.wp.com\/larevistadigital.com.ar\/blog\/wp-content\/uploads\/5045a33d8554ac633711b1a11adb6ff05cc4003e.jpg?fit=1140%2C767&ssl=1&resize=525%2C300 1.5x, https:\/\/i0.wp.com\/larevistadigital.com.ar\/blog\/wp-content\/uploads\/5045a33d8554ac633711b1a11adb6ff05cc4003e.jpg?fit=1140%2C767&ssl=1&resize=700%2C400 2x, https:\/\/i0.wp.com\/larevistadigital.com.ar\/blog\/wp-content\/uploads\/5045a33d8554ac633711b1a11adb6ff05cc4003e.jpg?fit=1140%2C767&ssl=1&resize=1050%2C600 3x"},"classes":[]}],"_links":{"self":[{"href":"https:\/\/larevistadigital.com.ar\/blog\/wp-json\/wp\/v2\/posts\/19273","targetHints":{"allow":["GET"]}}],"collection":[{"href":"https:\/\/larevistadigital.com.ar\/blog\/wp-json\/wp\/v2\/posts"}],"about":[{"href":"https:\/\/larevistadigital.com.ar\/blog\/wp-json\/wp\/v2\/types\/post"}],"author":[{"embeddable":true,"href":"https:\/\/larevistadigital.com.ar\/blog\/wp-json\/wp\/v2\/users\/3"}],"replies":[{"embeddable":true,"href":"https:\/\/larevistadigital.com.ar\/blog\/wp-json\/wp\/v2\/comments?post=19273"}],"version-history":[{"count":1,"href":"https:\/\/larevistadigital.com.ar\/blog\/wp-json\/wp\/v2\/posts\/19273\/revisions"}],"predecessor-version":[{"id":19275,"href":"https:\/\/larevistadigital.com.ar\/blog\/wp-json\/wp\/v2\/posts\/19273\/revisions\/19275"}],"wp:featuredmedia":[{"embeddable":true,"href":"https:\/\/larevistadigital.com.ar\/blog\/wp-json\/wp\/v2\/media\/19274"}],"wp:attachment":[{"href":"https:\/\/larevistadigital.com.ar\/blog\/wp-json\/wp\/v2\/media?parent=19273"}],"wp:term":[{"taxonomy":"category","embeddable":true,"href":"https:\/\/larevistadigital.com.ar\/blog\/wp-json\/wp\/v2\/categories?post=19273"},{"taxonomy":"post_tag","embeddable":true,"href":"https:\/\/larevistadigital.com.ar\/blog\/wp-json\/wp\/v2\/tags?post=19273"}],"curies":[{"name":"wp","href":"https:\/\/api.w.org\/{rel}","templated":true}]}}