{"id":19276,"date":"2021-03-17T14:23:42","date_gmt":"2021-03-17T14:23:42","guid":{"rendered":"https:\/\/larevistadigital.com.ar\/blog\/?p=19276"},"modified":"2021-03-17T14:23:42","modified_gmt":"2021-03-17T14:23:42","slug":"renovacion-de-autoridades-en-el-pj-bonaerense-como-se-perfila-la-quinta-seccion","status":"publish","type":"post","link":"https:\/\/larevistadigital.com.ar\/blog\/renovacion-de-autoridades-en-el-pj-bonaerense-como-se-perfila-la-quinta-seccion\/","title":{"rendered":"RENOVACI\u00d3N DE AUTORIDADES EN EL PJ BONAERENSE: C\u00d3MO SE PERFILA LA QUINTA SECCI\u00d3N"},"content":{"rendered":"<p>Con la mirada puesta en la renovaci\u00f3n de autoridades del Consejo del Partido Justicialista que tendr\u00e1 lugar el 2 de mayo y donde se prev\u00e9 que <strong>M\u00e1ximo Kirchner<\/strong> quede oficialmente al frente de la presidencia del Partido en la Provincia, comenzaron los armados y en el caso de la Quinta Secci\u00f3n Electoral se definieron qui\u00e9nes ser\u00e1n los cuatro consejeros provinciales.<\/p>\n<blockquote>\n<h3>En este sentido, el intendente de Villa Gesell, Gustavo Barrera, adelant\u00f3 en las redes sociales que ser\u00e1 uno de los representantes de la Quinta, junto con el diputado bonaerense Juan Pablo de Jes\u00fas (el ex intendente de La Costa es en los hechos el principal armador de la secci\u00f3n); la titular de la ANSES, la marplatense Fernanda Raverta, y la concejala de Necochea, Andrea C\u00e1ceres. Tambi\u00e9n aparecen el intendente de Mar Chiquita, Jorge Paredi, y la concejal de Monte, Marcela Basualdo.<\/h3>\n<\/blockquote>\n<p><em><strong>\u201cCon mucho orgullo hoy asum\u00ed el compromiso de ser uno de los cuatro consejeros provinciales del @p_justicialista por la Quinta Secci\u00f3n Electoral, junto a @fer.raverta, @juanpablodejesusok y @andreacaceres81, que me acompa\u00f1a en la foto al igual que el diputado @cote_rossi. Vamos por la reconstrucci\u00f3n de Argentina. Vamos por la unidad con M\u00e1ximo y Alberto\u201d<\/strong><\/em>, se\u00f1al\u00f3 <strong>Barrera<\/strong> en sus redes sociales.<\/p>\n<p>El Consejo del PJ bonaerense convoc\u00f3 a elecciones de renovaci\u00f3n de sus autoridades para el domingo 2 de mayo y el diputado nacional, <strong>M\u00e1ximo Kirchner<\/strong>, ser\u00e1 el conductor del partido en Provincia tras conseguir el consenso de todos los sectores del peronismo bonaerense.<\/p>\n<blockquote>\n<h3><em><strong>\u201cEn el Partido Justicialista de la Provincia que viene tenemos la responsabilidad de acompa\u00f1ar a Axel (Kicillof) en la tarea tit\u00e1nica de ponerla en marcha, que necesita reconstruir su sistema productivo, atender la emergencia social y superar los desaf\u00edos que nos impuso la pandemia\u201d<\/strong><\/em>, se\u00f1al\u00f3 el titular de la C\u00e1mara de Diputados, Federico Oterm\u00edn, luego de llegar a un acuerdo sobre la fecha para el cambio de autoridades.<\/h3>\n<\/blockquote>\n<p><em><strong>\u201cM\u00e1ximo nos dijo alguna vez que los n\u00fameros ten\u00edan que cerrar con la gente adentro, y eso resume nuestra concepci\u00f3n de la pol\u00edtica. Necesitamos fortalecer la unidad para transformar la Provincia, que es el motor de la recuperaci\u00f3n del pa\u00eds\u201d<\/strong><\/em>, agreg\u00f3 <strong>Oterm\u00edn<\/strong>, cercano a su vez a<strong> Mart\u00edn Insaurralde<\/strong>.<\/p>\n<p>A continuaci\u00f3n, los nombres de los consejeros y las consejeras de las ramas femenina, de la juventud y gremial, y de quienes representan a cada una de las ocho secciones electorales.<\/p>\n<h3><strong>Sindical<\/strong><\/h3>\n<p><strong>1. Esteban Sanzio<\/strong><\/p>\n<p><strong>2. Vanesa Siley<\/strong><\/p>\n<p><strong>3. Omar Plaini<\/strong><\/p>\n<p><strong>4. Humberto Bertinat<\/strong><\/p>\n<p><strong>5. Walter Correa<\/strong><\/p>\n<p><strong>6. Cecilia Cechini<\/strong><\/p>\n<p><strong>7. Sergio Oyhamburu<\/strong><\/p>\n<p><strong>8. Laura Baeatriz Borbato<\/strong><\/p>\n<h3><strong>Mujer<\/strong><\/h3>\n<p><strong>1. Mayra Mendoza<\/strong><\/p>\n<p><strong>2. Ver\u00f3nica Magario<\/strong><\/p>\n<p><strong>3. Karina Men\u00e9ndez<\/strong><\/p>\n<p><strong>4. Juliana Di Tulio<\/strong><\/p>\n<p><strong>5. Liliana Schwint<\/strong><\/p>\n<p><strong>6. Fabiana Bertino<\/strong><\/p>\n<p><strong>7. Claudia V\u00e1squez Haro<\/strong><\/p>\n<p><strong>8. Gisela Centomo<\/strong><\/p>\n<h3><strong>Juventud<\/strong><\/h3>\n<p><strong>1. Ayel\u00e9n L\u00f3pez<\/strong><\/p>\n<p><strong>2. Macarena Kunkel<\/strong><\/p>\n<p><strong>3. Amira Curi<\/strong><\/p>\n<p><strong>4. Mar\u00eda Marta Guerra<\/strong><\/p>\n<p><strong>5. Tom\u00e1s Bozzano<\/strong><\/p>\n<p><strong>6. Jos\u00e9 Gallafent<\/strong><\/p>\n<p><strong>7. Roc\u00edo Caballero<\/strong><\/p>\n<p><strong>8. Aldana Benetti<\/strong><\/p>\n<h3><strong>Primera Secci\u00f3n<\/strong><\/h3>\n<p><strong>1. Gabriel Katopodis<\/strong><\/p>\n<p><strong>2. Teresa Garc\u00eda<\/strong><\/p>\n<p><strong>3. Leo Nardini<\/strong><\/p>\n<p><strong>4. Mariel Fern\u00e1ndez<\/strong><\/p>\n<p><strong>5. Juan Zabaleta<\/strong><\/p>\n<p><strong>6. Santiago R\u00e9vora<\/strong><\/p>\n<h3><strong>Segunda Secci\u00f3n<\/strong><\/h3>\n<p><strong>1. Ricardo Casi<\/strong><\/p>\n<p><strong>2. Iv\u00e1n Villagr\u00e1n<\/strong><\/p>\n<p><strong>3. Abel Furl\u00e1n<\/strong><\/p>\n<p><strong>4. Marina Moretti<\/strong><\/p>\n<p><strong>5. Muriel Engelbrecht<\/strong><\/p>\n<p><strong>6. Francisco Dura\u00f1ona<\/strong><\/p>\n<h3><strong>Tercera Secci\u00f3n<\/strong><\/h3>\n<p><strong>1. Mart\u00edn Insaurralde<\/strong><\/p>\n<p><strong>2. Fernando Espinoza<\/strong><\/p>\n<p><strong>3. Dulce Granados<\/strong><\/p>\n<p><strong>4. Jorge Ferraresi<\/strong><\/p>\n<p><strong>5. Mariano Cascallares<\/strong><\/p>\n<p><strong>6. Marisa Fassi<\/strong><\/p>\n<h3><strong>Cuarta Secci\u00f3n<\/strong><\/h3>\n<p><strong>1. Walter Torchio<\/strong><\/p>\n<p><strong>2. Mar\u00eda Celia Gianini<\/strong><\/p>\n<p><strong>3. Alberto Conocciari<\/strong><\/p>\n<p><strong>4. Sol Fern\u00e1ndez<\/strong><\/p>\n<p><strong>5. Germ\u00e1n Lago<\/strong><\/p>\n<p><strong>6. Pablo Zurro<\/strong><\/p>\n<h3><strong>Quinta Secci\u00f3n<\/strong><\/h3>\n<p><strong>1. Fernanda Raverta<\/strong><\/p>\n<p><strong>2. Juan Pablo De Jes\u00fas<\/strong><\/p>\n<p><strong>3. Gustavo Barrera<\/strong><\/p>\n<p><strong>4. Andrea C\u00e1ceres<\/strong><\/p>\n<p><strong>5. Jorge Paredi<\/strong><\/p>\n<p><strong>6. Marcela Basualdo<\/strong><\/p>\n<h3><strong>Sexta Secci\u00f3n<\/strong><\/h3>\n<p><strong>1. Alejandro Di Chiara<\/strong><\/p>\n<p><strong>2. Alejandro Acerbo<\/strong><\/p>\n<p><strong>3. Ayel\u00e9n Dur\u00e1n<\/strong><\/p>\n<p><strong>4. Marcelo Santill\u00e1n<\/strong><\/p>\n<p><strong>5. N\u00e9stor \u00c1lvarez<\/strong><\/p>\n<p><strong>6. Marisol Merkel<\/strong><\/p>\n<h3><strong>S\u00e9ptima Secci\u00f3n<\/strong><\/h3>\n<p><strong>1. Juan Carlos Gasparini<\/strong><\/p>\n<p><strong>2. Hern\u00e1n Ralinqueo<\/strong><\/p>\n<p><strong>3. Laura Aloisi<\/strong><\/p>\n<p><strong>4. Guillermo Santell\u00e1n<\/strong><\/p>\n<p><strong>5. Agustina Rubio<\/strong><\/p>\n<p><strong>6. Mar\u00eda Manzini<\/strong><\/p>\n<h3><strong>Octava Secci\u00f3n<\/strong><\/h3>\n<p><strong>1. Florencia Saintout<\/strong><\/p>\n<p><strong>2. Julio Alak<\/strong><\/p>\n<p><strong>3. Victoria Tolosa Paz<\/strong><\/p>\n<p><strong>4. Andr\u00e9s Larroque<\/strong><\/p>\n<p><strong>5. Gabriel Bruera<\/strong><\/p>\n<p><strong>6. Nancy Beatriz Riquelme<\/strong><\/p>\n<blockquote class=\"instagram-media\" data-instgrm-captioned data-instgrm-permalink=\"https:\/\/www.instagram.com\/p\/CMfuUa0Je97\/?utm_source=ig_embed&amp;utm_campaign=loading\" data-instgrm-version=\"14\" style=\" background:#FFF; border:0; border-radius:3px; box-shadow:0 0 1px 0 rgba(0,0,0,0.5),0 1px 10px 0 rgba(0,0,0,0.15); margin: 1px; max-width:500px; min-width:326px; padding:0; width:99.375%; width:-webkit-calc(100% - 2px); width:calc(100% - 2px);\">\n<div style=\"padding:16px;\"> <a href=\"https:\/\/www.instagram.com\/p\/CMfuUa0Je97\/?utm_source=ig_embed&amp;utm_campaign=loading\" style=\" background:#FFFFFF; line-height:0; padding:0 0; text-align:center; text-decoration:none; width:100%;\" target=\"_blank\"> <\/p>\n<div style=\" display: flex; flex-direction: row; align-items: center;\">\n<div style=\"background-color: #F4F4F4; border-radius: 50%; flex-grow: 0; height: 40px; margin-right: 14px; width: 40px;\"><\/div>\n<div style=\"display: flex; flex-direction: column; flex-grow: 1; justify-content: center;\">\n<div style=\" background-color: #F4F4F4; border-radius: 4px; flex-grow: 0; height: 14px; margin-bottom: 6px; width: 100px;\"><\/div>\n<div style=\" background-color: #F4F4F4; border-radius: 4px; flex-grow: 0; height: 14px; width: 60px;\"><\/div>\n<\/div>\n<\/div>\n<div style=\"padding: 19% 0;\"><\/div>\n<div style=\"display:block; height:50px; margin:0 auto 12px; width:50px;\"><svg width=\"50px\" height=\"50px\" viewBox=\"0 0 60 60\" version=\"1.1\" xmlns=\"https:\/\/www.w3.org\/2000\/svg\" xmlns:xlink=\"https:\/\/www.w3.org\/1999\/xlink\"><g stroke=\"none\" stroke-width=\"1\" fill=\"none\" fill-rule=\"evenodd\"><g transform=\"translate(-511.000000, -20.000000)\" fill=\"#000000\"><g><path d=\"M556.869,30.41 C554.814,30.41 553.148,32.076 553.148,34.131 C553.148,36.186 554.814,37.852 556.869,37.852 C558.924,37.852 560.59,36.186 560.59,34.131 C560.59,32.076 558.924,30.41 556.869,30.41 M541,60.657 C535.114,60.657 530.342,55.887 530.342,50 C530.342,44.114 535.114,39.342 541,39.342 C546.887,39.342 551.658,44.114 551.658,50 C551.658,55.887 546.887,60.657 541,60.657 M541,33.886 C532.1,33.886 524.886,41.1 524.886,50 C524.886,58.899 532.1,66.113 541,66.113 C549.9,66.113 557.115,58.899 557.115,50 C557.115,41.1 549.9,33.886 541,33.886 M565.378,62.101 C565.244,65.022 564.756,66.606 564.346,67.663 C563.803,69.06 563.154,70.057 562.106,71.106 C561.058,72.155 560.06,72.803 558.662,73.347 C557.607,73.757 556.021,74.244 553.102,74.378 C549.944,74.521 548.997,74.552 541,74.552 C533.003,74.552 532.056,74.521 528.898,74.378 C525.979,74.244 524.393,73.757 523.338,73.347 C521.94,72.803 520.942,72.155 519.894,71.106 C518.846,70.057 518.197,69.06 517.654,67.663 C517.244,66.606 516.755,65.022 516.623,62.101 C516.479,58.943 516.448,57.996 516.448,50 C516.448,42.003 516.479,41.056 516.623,37.899 C516.755,34.978 517.244,33.391 517.654,32.338 C518.197,30.938 518.846,29.942 519.894,28.894 C520.942,27.846 521.94,27.196 523.338,26.654 C524.393,26.244 525.979,25.756 528.898,25.623 C532.057,25.479 533.004,25.448 541,25.448 C548.997,25.448 549.943,25.479 553.102,25.623 C556.021,25.756 557.607,26.244 558.662,26.654 C560.06,27.196 561.058,27.846 562.106,28.894 C563.154,29.942 563.803,30.938 564.346,32.338 C564.756,33.391 565.244,34.978 565.378,37.899 C565.522,41.056 565.552,42.003 565.552,50 C565.552,57.996 565.522,58.943 565.378,62.101 M570.82,37.631 C570.674,34.438 570.167,32.258 569.425,30.349 C568.659,28.377 567.633,26.702 565.965,25.035 C564.297,23.368 562.623,22.342 560.652,21.575 C558.743,20.834 556.562,20.326 553.369,20.18 C550.169,20.033 549.148,20 541,20 C532.853,20 531.831,20.033 528.631,20.18 C525.438,20.326 523.257,20.834 521.349,21.575 C519.376,22.342 517.703,23.368 516.035,25.035 C514.368,26.702 513.342,28.377 512.574,30.349 C511.834,32.258 511.326,34.438 511.181,37.631 C511.035,40.831 511,41.851 511,50 C511,58.147 511.035,59.17 511.181,62.369 C511.326,65.562 511.834,67.743 512.574,69.651 C513.342,71.625 514.368,73.296 516.035,74.965 C517.703,76.634 519.376,77.658 521.349,78.425 C523.257,79.167 525.438,79.673 528.631,79.82 C531.831,79.965 532.853,80.001 541,80.001 C549.148,80.001 550.169,79.965 553.369,79.82 C556.562,79.673 558.743,79.167 560.652,78.425 C562.623,77.658 564.297,76.634 565.965,74.965 C567.633,73.296 568.659,71.625 569.425,69.651 C570.167,67.743 570.674,65.562 570.82,62.369 C570.966,59.17 571,58.147 571,50 C571,41.851 570.966,40.831 570.82,37.631\"><\/path><\/g><\/g><\/g><\/svg><\/div>\n<div style=\"padding-top: 8px;\">\n<div style=\" color:#3897f0; font-family:Arial,sans-serif; font-size:14px; font-style:normal; font-weight:550; line-height:18px;\">View this post on Instagram<\/div>\n<\/div>\n<div style=\"padding: 12.5% 0;\"><\/div>\n<div style=\"display: flex; flex-direction: row; margin-bottom: 14px; align-items: center;\">\n<div>\n<div style=\"background-color: #F4F4F4; border-radius: 50%; height: 12.5px; width: 12.5px; transform: translateX(0px) translateY(7px);\"><\/div>\n<div style=\"background-color: #F4F4F4; height: 12.5px; transform: rotate(-45deg) translateX(3px) translateY(1px); width: 12.5px; flex-grow: 0; margin-right: 14px; margin-left: 2px;\"><\/div>\n<div style=\"background-color: #F4F4F4; border-radius: 50%; height: 12.5px; width: 12.5px; transform: translateX(9px) translateY(-18px);\"><\/div>\n<\/div>\n<div style=\"margin-left: 8px;\">\n<div style=\" background-color: #F4F4F4; border-radius: 50%; flex-grow: 0; height: 20px; width: 20px;\"><\/div>\n<div style=\" width: 0; height: 0; border-top: 2px solid transparent; border-left: 6px solid #f4f4f4; border-bottom: 2px solid transparent; transform: translateX(16px) translateY(-4px) rotate(30deg)\"><\/div>\n<\/div>\n<div style=\"margin-left: auto;\">\n<div style=\" width: 0px; border-top: 8px solid #F4F4F4; border-right: 8px solid transparent; transform: translateY(16px);\"><\/div>\n<div style=\" background-color: #F4F4F4; flex-grow: 0; height: 12px; width: 16px; transform: translateY(-4px);\"><\/div>\n<div style=\" width: 0; height: 0; border-top: 8px solid #F4F4F4; border-left: 8px solid transparent; transform: translateY(-4px) translateX(8px);\"><\/div>\n<\/div>\n<\/div>\n<div style=\"display: flex; flex-direction: column; flex-grow: 1; justify-content: center; margin-bottom: 24px;\">\n<div style=\" background-color: #F4F4F4; border-radius: 4px; flex-grow: 0; height: 14px; margin-bottom: 6px; width: 224px;\"><\/div>\n<div style=\" background-color: #F4F4F4; border-radius: 4px; flex-grow: 0; height: 14px; width: 144px;\"><\/div>\n<\/div>\n<p><\/a><\/p>\n<p style=\" color:#c9c8cd; font-family:Arial,sans-serif; font-size:14px; line-height:17px; margin-bottom:0; margin-top:8px; overflow:hidden; padding:8px 0 7px; text-align:center; text-overflow:ellipsis; white-space:nowrap;\"><a href=\"https:\/\/www.instagram.com\/p\/CMfuUa0Je97\/?utm_source=ig_embed&amp;utm_campaign=loading\" style=\" color:#c9c8cd; font-family:Arial,sans-serif; font-size:14px; font-style:normal; font-weight:normal; line-height:17px; text-decoration:none;\" target=\"_blank\">A post shared by Gustavo Barrera (@barreragusok)<\/a><\/p>\n<\/div>\n<\/blockquote>\n<p><script async src=\"\/\/platform.instagram.com\/en_US\/embeds.js\"><\/script><\/p>\n<p>fuente entrelineas.info<\/p>\n","protected":false},"excerpt":{"rendered":"<div class=\"mh-excerpt\"><p>Con la mirada puesta en la renovaci\u00f3n de autoridades del Consejo del Partido Justicialista que tendr\u00e1 lugar el 2 de mayo y donde se prev\u00e9 que M\u00e1ximo Kirchner quede oficialmente al frente de la presidencia <a class=\"mh-excerpt-more\" href=\"https:\/\/larevistadigital.com.ar\/blog\/renovacion-de-autoridades-en-el-pj-bonaerense-como-se-perfila-la-quinta-seccion\/\" title=\"RENOVACI\u00d3N DE AUTORIDADES EN EL PJ BONAERENSE: C\u00d3MO SE PERFILA LA QUINTA SECCI\u00d3N\">[Leer M\u00e1s]<\/a><\/p>\n<\/div>","protected":false},"author":3,"featured_media":19277,"comment_status":"open","ping_status":"open","sticky":false,"template":"","format":"standard","meta":{"_jetpack_memberships_contains_paid_content":false,"footnotes":"","jetpack_publicize_message":"","jetpack_publicize_feature_enabled":true,"jetpack_social_post_already_shared":true,"jetpack_social_options":{"image_generator_settings":{"template":"highway","default_image_id":0,"font":"","enabled":false},"version":2}},"categories":[50,24],"tags":[],"class_list":{"0":"post-19276","1":"post","2":"type-post","3":"status-publish","4":"format-standard","5":"has-post-thumbnail","7":"category-interes-general","8":"category-politica-provincial"},"jetpack_publicize_connections":[],"jetpack_featured_media_url":"https:\/\/i0.wp.com\/larevistadigital.com.ar\/blog\/wp-content\/uploads\/beb9b13ff571677cc35a5211f8653ef947d753a4.jpg?fit=1140%2C719&ssl=1","jetpack_sharing_enabled":true,"jetpack_shortlink":"https:\/\/wp.me\/p8qtrQ-50U","jetpack-related-posts":[{"id":12930,"url":"https:\/\/larevistadigital.com.ar\/blog\/castelli-echarren-fue-el-intendente-mas-votado-de-la-seccion\/","url_meta":{"origin":19276,"position":0},"title":"CASTELLI: ECHARREN FUE EL INTENDENTE M\u00c1S VOTADO DE LA SECCI\u00d3N","author":"Alejandro Sosa Ruda","date":"29 octubre, 2019","format":false,"excerpt":"El jefe comunal de Castelli fue el intendente m\u00e1s votado la Quinta Secci\u00f3n Electoral obteniendo 65 puntos. Detr\u00e1s de \u00e9l se ubicaron Javier Gast\u00f3n de Chascomus y Gustavo Walker de Pila ambos con 63 puntos. Los datos son tomados del escrutinio publicado este 28 de octubre, un dia despu\u00e9s de\u2026","rel":"","context":"En \u00abINTERES GENERAL\u00bb","block_context":{"text":"INTERES GENERAL","link":"https:\/\/larevistadigital.com.ar\/blog\/category\/interes-general\/"},"img":{"alt_text":"","src":"https:\/\/i0.wp.com\/larevistadigital.com.ar\/blog\/wp-content\/uploads\/2017\/11\/echarren.jpg?fit=512%2C512&ssl=1&resize=350%2C200","width":350,"height":200},"classes":[]},{"id":26108,"url":"https:\/\/larevistadigital.com.ar\/blog\/concurrido-e-importante-marco-para-el-lanzamiento-de-martin-larralde-como-el-referente-del-partido-fe-en-chascomus\/","url_meta":{"origin":19276,"position":1},"title":"CONCURRIDO E IMPORTANTE MARCO PARA EL LANZAMIENTO DE MART\u00cdN LARRALDE COMO EL REFERENTE DEL PARTIDO FE EN CHASCOM\u00daS","author":"Alejandro Sosa Ruda","date":"26 junio, 2022","format":false,"excerpt":"Diputados, el presidente del partido en provincia, dirigentes de la quinta con asistencia perfecta y figuras invitadas de otras secciones fueron parte del marco que en un plenario presentaron al dirigente peronista Mart\u00edn Larralde, como el referente del Partido Fe en la quinta secci\u00f3n electoral. CHASCOM\u00daS -\u00a0 El d\u00eda s\u00e1bado,\u2026","rel":"","context":"En \u00abDESTACADAS\u00bb","block_context":{"text":"DESTACADAS","link":"https:\/\/larevistadigital.com.ar\/blog\/category\/destacadas\/"},"img":{"alt_text":"","src":"https:\/\/i0.wp.com\/larevistadigital.com.ar\/blog\/wp-content\/uploads\/20220626130251_sanchez-jauregui-2.jpg?fit=730%2C487&ssl=1&resize=350%2C200","width":350,"height":200,"srcset":"https:\/\/i0.wp.com\/larevistadigital.com.ar\/blog\/wp-content\/uploads\/20220626130251_sanchez-jauregui-2.jpg?fit=730%2C487&ssl=1&resize=350%2C200 1x, https:\/\/i0.wp.com\/larevistadigital.com.ar\/blog\/wp-content\/uploads\/20220626130251_sanchez-jauregui-2.jpg?fit=730%2C487&ssl=1&resize=525%2C300 1.5x, https:\/\/i0.wp.com\/larevistadigital.com.ar\/blog\/wp-content\/uploads\/20220626130251_sanchez-jauregui-2.jpg?fit=730%2C487&ssl=1&resize=700%2C400 2x"},"classes":[]},{"id":19638,"url":"https:\/\/larevistadigital.com.ar\/blog\/ruta-11-el-diputado-juan-pablo-de-jesus-rescato-a-la-victima-de-un-vuelco\/","url_meta":{"origin":19276,"position":2},"title":"RUTA 11: EL DIPUTADO JUAN PABLO DE JES\u00daS RESCAT\u00d3 A LA V\u00cdCTIMA DE UN VUELCO","author":"Alejandro Sosa Ruda","date":"13 abril, 2021","format":false,"excerpt":"El ex intendente del Partido de La Costa y actual diputado provincial por la Quinta Secci\u00f3n transitaba por el lugar cuando advirti\u00f3 el accidente ocurrido en las inmediaciones de la Rotonda Mar de Ajo. Ayer por la noche, un hombre de 63 a\u00f1os circulaba por la ruta 11, a la\u2026","rel":"","context":"En \u00abREGIONALES\u00bb","block_context":{"text":"REGIONALES","link":"https:\/\/larevistadigital.com.ar\/blog\/category\/regionales\/"},"img":{"alt_text":"","src":"https:\/\/i0.wp.com\/larevistadigital.com.ar\/blog\/wp-content\/uploads\/5ce04015d2636de2158bc42544ef8b862d4cd8be.jpg?fit=1140%2C641&ssl=1&resize=350%2C200","width":350,"height":200,"srcset":"https:\/\/i0.wp.com\/larevistadigital.com.ar\/blog\/wp-content\/uploads\/5ce04015d2636de2158bc42544ef8b862d4cd8be.jpg?fit=1140%2C641&ssl=1&resize=350%2C200 1x, https:\/\/i0.wp.com\/larevistadigital.com.ar\/blog\/wp-content\/uploads\/5ce04015d2636de2158bc42544ef8b862d4cd8be.jpg?fit=1140%2C641&ssl=1&resize=525%2C300 1.5x, https:\/\/i0.wp.com\/larevistadigital.com.ar\/blog\/wp-content\/uploads\/5ce04015d2636de2158bc42544ef8b862d4cd8be.jpg?fit=1140%2C641&ssl=1&resize=700%2C400 2x, https:\/\/i0.wp.com\/larevistadigital.com.ar\/blog\/wp-content\/uploads\/5ce04015d2636de2158bc42544ef8b862d4cd8be.jpg?fit=1140%2C641&ssl=1&resize=1050%2C600 3x"},"classes":[]},{"id":29589,"url":"https:\/\/larevistadigital.com.ar\/blog\/chascomus-el-intendente-acompano-los-actos-por-la-creacion-de-la-policia-bonaerense\/","url_meta":{"origin":19276,"position":3},"title":"CHASCOM\u00daS: EL INTENDENTE ACOMPA\u00d1\u00d3 LOS ACTOS POR LA CREACI\u00d3N DE LA POLIC\u00cdA BONAERENSE","author":"Alejandro Sosa Ruda","date":"23 diciembre, 2022","format":false,"excerpt":"El intendente municipal Javier Gast\u00f3n, estuvo junto a la Secretaria de Seguridad Comunal Mariela Moscarellla en el acto de conmemoraci\u00f3n de los 201 a\u00f1os de la creaci\u00f3n de la Polic\u00eda Provincial, donde se entregaron reconocimientos y distinciones. CHASCOM\u00daS -\u00a0 En un muy emotivo acto, donde se percibi\u00f3 la gran camarader\u00eda\u2026","rel":"","context":"En \u00abCHASCOM\u00daS\u00bb","block_context":{"text":"CHASCOM\u00daS","link":"https:\/\/larevistadigital.com.ar\/blog\/category\/chascomus\/"},"img":{"alt_text":"","src":"https:\/\/i0.wp.com\/larevistadigital.com.ar\/blog\/wp-content\/uploads\/2022_12_23_00_27_06_1031904.jpg?fit=600%2C401&ssl=1&resize=350%2C200","width":350,"height":200,"srcset":"https:\/\/i0.wp.com\/larevistadigital.com.ar\/blog\/wp-content\/uploads\/2022_12_23_00_27_06_1031904.jpg?fit=600%2C401&ssl=1&resize=350%2C200 1x, https:\/\/i0.wp.com\/larevistadigital.com.ar\/blog\/wp-content\/uploads\/2022_12_23_00_27_06_1031904.jpg?fit=600%2C401&ssl=1&resize=525%2C300 1.5x"},"classes":[]},{"id":21330,"url":"https:\/\/larevistadigital.com.ar\/blog\/berni-declino-su-candidatura-a-diputado\/","url_meta":{"origin":19276,"position":4},"title":"BERNI DECLIN\u00d3 SU CANDIDATURA A DIPUTADO","author":"Alejandro Sosa Ruda","date":"30 julio, 2021","format":false,"excerpt":"El ministro de Seguridad bonaerense, Sergio Berni, decidi\u00f3 dar de baja la lista de precandidatos a diputados provinciales con la que pensaba competir en las primarias abiertas, simult\u00e1neas y obligatorias (PASO) del Frente de Todos (FdT) en la segunda secci\u00f3n electoral, seg\u00fan confirmaron fuentes de ese espacio. \u201cLa bajamos entendiendo\u2026","rel":"","context":"En \u00abINTERES GENERAL\u00bb","block_context":{"text":"INTERES GENERAL","link":"https:\/\/larevistadigital.com.ar\/blog\/category\/interes-general\/"},"img":{"alt_text":"","src":"https:\/\/i0.wp.com\/larevistadigital.com.ar\/blog\/wp-content\/uploads\/Captura-de-pantalla-2021-07-30-132106.png?fit=1013%2C677&ssl=1&resize=350%2C200","width":350,"height":200,"srcset":"https:\/\/i0.wp.com\/larevistadigital.com.ar\/blog\/wp-content\/uploads\/Captura-de-pantalla-2021-07-30-132106.png?fit=1013%2C677&ssl=1&resize=350%2C200 1x, https:\/\/i0.wp.com\/larevistadigital.com.ar\/blog\/wp-content\/uploads\/Captura-de-pantalla-2021-07-30-132106.png?fit=1013%2C677&ssl=1&resize=525%2C300 1.5x, https:\/\/i0.wp.com\/larevistadigital.com.ar\/blog\/wp-content\/uploads\/Captura-de-pantalla-2021-07-30-132106.png?fit=1013%2C677&ssl=1&resize=700%2C400 2x"},"classes":[]},{"id":21823,"url":"https:\/\/larevistadigital.com.ar\/blog\/gustavo-lopez-recorre-sin-pausa-la-quinta-seccion-electoral\/","url_meta":{"origin":19276,"position":5},"title":"GUSTAVO LOPEZ RECORRE SIN PAUSA LA QUINTA SECCION ELECTORAL","author":"Alejandro Sosa Ruda","date":"31 agosto, 2021","format":false,"excerpt":"A poco m\u00e1s de 15 d\u00edas para las PASO, el precandidato a senador provincial, Gustavo L\u00f3pez, recorre sin pausa las ciudades que integran la 5ta Secci\u00f3n electoral, llevando las propuestas del espacio \u201cDar el paso\u201d, que encabeza Facundo Manes. Este jueves, visit\u00f3 la ciudad de San Miguel del Monte, donde\u2026","rel":"","context":"En \u00abINTERES GENERAL\u00bb","block_context":{"text":"INTERES GENERAL","link":"https:\/\/larevistadigital.com.ar\/blog\/category\/interes-general\/"},"img":{"alt_text":"","src":"https:\/\/i0.wp.com\/larevistadigital.com.ar\/blog\/wp-content\/uploads\/WhatsApp-Image-2021-08-27-at-20.41.41.jpeg?fit=1200%2C731&ssl=1&resize=350%2C200","width":350,"height":200,"srcset":"https:\/\/i0.wp.com\/larevistadigital.com.ar\/blog\/wp-content\/uploads\/WhatsApp-Image-2021-08-27-at-20.41.41.jpeg?fit=1200%2C731&ssl=1&resize=350%2C200 1x, https:\/\/i0.wp.com\/larevistadigital.com.ar\/blog\/wp-content\/uploads\/WhatsApp-Image-2021-08-27-at-20.41.41.jpeg?fit=1200%2C731&ssl=1&resize=525%2C300 1.5x, https:\/\/i0.wp.com\/larevistadigital.com.ar\/blog\/wp-content\/uploads\/WhatsApp-Image-2021-08-27-at-20.41.41.jpeg?fit=1200%2C731&ssl=1&resize=700%2C400 2x, https:\/\/i0.wp.com\/larevistadigital.com.ar\/blog\/wp-content\/uploads\/WhatsApp-Image-2021-08-27-at-20.41.41.jpeg?fit=1200%2C731&ssl=1&resize=1050%2C600 3x"},"classes":[]}],"_links":{"self":[{"href":"https:\/\/larevistadigital.com.ar\/blog\/wp-json\/wp\/v2\/posts\/19276","targetHints":{"allow":["GET"]}}],"collection":[{"href":"https:\/\/larevistadigital.com.ar\/blog\/wp-json\/wp\/v2\/posts"}],"about":[{"href":"https:\/\/larevistadigital.com.ar\/blog\/wp-json\/wp\/v2\/types\/post"}],"author":[{"embeddable":true,"href":"https:\/\/larevistadigital.com.ar\/blog\/wp-json\/wp\/v2\/users\/3"}],"replies":[{"embeddable":true,"href":"https:\/\/larevistadigital.com.ar\/blog\/wp-json\/wp\/v2\/comments?post=19276"}],"version-history":[{"count":1,"href":"https:\/\/larevistadigital.com.ar\/blog\/wp-json\/wp\/v2\/posts\/19276\/revisions"}],"predecessor-version":[{"id":19278,"href":"https:\/\/larevistadigital.com.ar\/blog\/wp-json\/wp\/v2\/posts\/19276\/revisions\/19278"}],"wp:featuredmedia":[{"embeddable":true,"href":"https:\/\/larevistadigital.com.ar\/blog\/wp-json\/wp\/v2\/media\/19277"}],"wp:attachment":[{"href":"https:\/\/larevistadigital.com.ar\/blog\/wp-json\/wp\/v2\/media?parent=19276"}],"wp:term":[{"taxonomy":"category","embeddable":true,"href":"https:\/\/larevistadigital.com.ar\/blog\/wp-json\/wp\/v2\/categories?post=19276"},{"taxonomy":"post_tag","embeddable":true,"href":"https:\/\/larevistadigital.com.ar\/blog\/wp-json\/wp\/v2\/tags?post=19276"}],"curies":[{"name":"wp","href":"https:\/\/api.w.org\/{rel}","templated":true}]}}