{"id":19279,"date":"2021-03-17T15:07:20","date_gmt":"2021-03-17T15:07:20","guid":{"rendered":"https:\/\/larevistadigital.com.ar\/blog\/?p=19279"},"modified":"2021-03-17T15:07:20","modified_gmt":"2021-03-17T15:07:20","slug":"atencion-se-buscan-postulantes-para-adoptar-a-un-nene-de-5-anos-en-mar-del-plata-y-la-region","status":"publish","type":"post","link":"https:\/\/larevistadigital.com.ar\/blog\/atencion-se-buscan-postulantes-para-adoptar-a-un-nene-de-5-anos-en-mar-del-plata-y-la-region\/","title":{"rendered":"ATENCI\u00d3N: SE BUSCAN POSTULANTES PARA ADOPTAR A UN NENE DE 5 A\u00d1OS EN MAR DEL PLATA Y LA REGI\u00d3N"},"content":{"rendered":"<h2 class=\"nota__hero__summary\">El menor fue diagnosticado con cuadriplejia fl\u00e1cida y requiere vivir en un seno familiar. Se busca a adoptantes, referentes afectivos, tutores o figuras de cuidado.<\/h2>\n<p>El Juzgado de Familia N\u00b05 de Mar del Plata solicit\u00f3 postulantes a adoptar a un nene de cinco a\u00f1os (E.E.) que requiere vivir en un seno familiar.<\/p>\n<p>Por disposici\u00f3n de la Suprema Corte de Justicia de la Provincia, se autoriz\u00f3 a solicitar candidatos que <em><strong>\u201ctengan voluntad de adoptantes, referentes afectivos, tutores o figuras an\u00e1logas de cuidado, que residan en Mar del Plata\u201d<\/strong><\/em> o la zona.<\/p>\n<blockquote>\n<h3>Dado que la b\u00fasqueda realizada de adoptantes en la ciudad\u00a0 y en la \u00f3rbita de la Provincia fue infructuosa, es que se abre la convocatoria p\u00fablica a postulantes de acuerdo a la autorizaci\u00f3n del Presidente de la Suprema Corte de Justicia Provincial.<\/h3>\n<\/blockquote>\n<p><em><strong>\u201cEsta convocatoria est\u00e1 dirigida a personas de la ciudad de Mar del Plata y localidades aleda\u00f1as, que tengan el deseo de conocer y ahijar a E.E.\u201d<\/strong><\/em>, se indic\u00f3.<\/p>\n<blockquote>\n<h3>E.E. fue diagnosticado con cuadriplejia fl\u00e1cida, requiriendo tratamiento fonoaudiol\u00f3gico, de terapia ocupacional y a demanda kinesiolog\u00eda respiratoria. \u201cParticipa en propuestas terap\u00e9uticas y recreativas y est\u00e1 atento al entorno y establece v\u00ednculo tanto con pares como con adultos\u201d, detallaron y agregaron que \u201cintegra un proyecto educativo en un Jard\u00edn Municipal\u201d.<\/h3>\n<\/blockquote>\n<p>Tambi\u00e9n contaron que<em><strong> \u201cdisfruta de la m\u00fasica, elije la guitarra o utiliza otros elementos recreando la misma. Repite parte de canciones y coreograf\u00edas\u201d. \u201cEs independiente en el \u00e1rea de alimentaci\u00f3n, requiere asistencia en higiene y arreglo personal. Identifica y nomina a referentes afectivos por su nombre de pila. Comprende consignas simples y las ejecuta\u201d<\/strong><\/em>, a\u00f1adieron.<\/p>\n<p><em><strong>\u201cSe buscan familias y referentes que le brinden el acompa\u00f1amiento afectivo que necesita y puedan sostener sus cuidados\u201d<\/strong><\/em>, remarcaron.<\/p>\n<h3>Quienes decidan asumir el compromiso de ofrecerle afecto y protecci\u00f3n pueden comunicarse a trav\u00e9s de los correos electr\u00f3nicos:\u00a0pcriera@pjba.gov.ar\u00a0o\u00a0regcentraladopcion@scba.gov.ar\u00a0utilizando el pertinente formulario que se encuentra en el sitio www.scba.gov.ar\/servicios\/adopciones.asp.<\/h3>\n<p>fuente entrelineas.info<\/p>\n","protected":false},"excerpt":{"rendered":"<div class=\"mh-excerpt\"><p>El menor fue diagnosticado con cuadriplejia fl\u00e1cida y requiere vivir en un seno familiar. Se busca a adoptantes, referentes afectivos, tutores o figuras de cuidado. El Juzgado de Familia N\u00b05 de Mar del Plata solicit\u00f3 <a class=\"mh-excerpt-more\" href=\"https:\/\/larevistadigital.com.ar\/blog\/atencion-se-buscan-postulantes-para-adoptar-a-un-nene-de-5-anos-en-mar-del-plata-y-la-region\/\" title=\"ATENCI\u00d3N: SE BUSCAN POSTULANTES PARA ADOPTAR A UN NENE DE 5 A\u00d1OS EN MAR DEL PLATA Y LA REGI\u00d3N\">[Leer M\u00e1s]<\/a><\/p>\n<\/div>","protected":false},"author":3,"featured_media":19280,"comment_status":"open","ping_status":"open","sticky":false,"template":"","format":"standard","meta":{"_jetpack_memberships_contains_paid_content":false,"footnotes":"","jetpack_publicize_message":"","jetpack_publicize_feature_enabled":true,"jetpack_social_post_already_shared":true,"jetpack_social_options":{"image_generator_settings":{"template":"highway","default_image_id":0,"font":"","enabled":false},"version":2}},"categories":[51],"tags":[],"class_list":{"0":"post-19279","1":"post","2":"type-post","3":"status-publish","4":"format-standard","5":"has-post-thumbnail","7":"category-regionales"},"jetpack_publicize_connections":[],"jetpack_featured_media_url":"https:\/\/i0.wp.com\/larevistadigital.com.ar\/blog\/wp-content\/uploads\/6fdce5da319a7f5954c8a3c409733e0555ed8eff.jpg?fit=1140%2C759&ssl=1","jetpack_sharing_enabled":true,"jetpack_shortlink":"https:\/\/wp.me\/p8qtrQ-50X","jetpack-related-posts":[{"id":29190,"url":"https:\/\/larevistadigital.com.ar\/blog\/una-buena-modifican-la-ley-de-adopcion-con-menos-obstaculos-mas-educacion-y-mas-derechos\/","url_meta":{"origin":19279,"position":0},"title":"UNA BUENA&#8230; MODIFICAN LA LEY DE ADOPCI\u00d3N CON MENOS OBST\u00c1CULOS, M\u00c1S EDUCACI\u00d3N Y M\u00c1S DERECHOS.","author":"Alejandro Sosa Ruda","date":"30 noviembre, 2022","format":false,"excerpt":"El Senado de la Provincia de Buenos Aires ha dado media sanci\u00f3n por unanimidad al proyecto del Senador bahiense por el Frente de Todos, Marcelo Feli\u00fa, que modifica la vigente Ley de Adopci\u00f3n con la intenci\u00f3n de agilizar y mejorar en varios aspectos el proceso de adopci\u00f3n. 30 de noviembre\u2026","rel":"","context":"En \u00abINTERES GENERAL\u00bb","block_context":{"text":"INTERES GENERAL","link":"https:\/\/larevistadigital.com.ar\/blog\/category\/interes-general\/"},"img":{"alt_text":"","src":"https:\/\/i0.wp.com\/larevistadigital.com.ar\/blog\/wp-content\/uploads\/20221130061347_marcelo-feliu-modifica-ley-adopcion-senado-bonaerense.jpg?fit=880%2C512&ssl=1&resize=350%2C200","width":350,"height":200,"srcset":"https:\/\/i0.wp.com\/larevistadigital.com.ar\/blog\/wp-content\/uploads\/20221130061347_marcelo-feliu-modifica-ley-adopcion-senado-bonaerense.jpg?fit=880%2C512&ssl=1&resize=350%2C200 1x, https:\/\/i0.wp.com\/larevistadigital.com.ar\/blog\/wp-content\/uploads\/20221130061347_marcelo-feliu-modifica-ley-adopcion-senado-bonaerense.jpg?fit=880%2C512&ssl=1&resize=525%2C300 1.5x, https:\/\/i0.wp.com\/larevistadigital.com.ar\/blog\/wp-content\/uploads\/20221130061347_marcelo-feliu-modifica-ley-adopcion-senado-bonaerense.jpg?fit=880%2C512&ssl=1&resize=700%2C400 2x"},"classes":[]},{"id":13175,"url":"https:\/\/larevistadigital.com.ar\/blog\/mar-del-plata-bonfatti-sera-el-secretario-de-gobierno-de-guillermo-montenegro\/","url_meta":{"origin":19279,"position":1},"title":"MAR DEL PLATA: BONFATTI SER\u00c1 EL SECRETARIO DE GOBIERNO DE GUILLERMO MONTENEGRO","author":"Alejandro Sosa Ruda","date":"12 noviembre, 2019","format":false,"excerpt":"Lo anunciar\u00e1 el intendente electo. El concejal, que termina su mandato el 10 de diciembre, tendr\u00e1 un rol protag\u00f3nico en la futura administraci\u00f3n. MAR DEL PLATA - Santiago Bonifatti terminar\u00e1 su mandato de concejal el 10 de diciembre pero no se alejar\u00e1 de la Municipalidad: el intendente electo, Guillermo Montenegro,\u00a0lo\u2026","rel":"","context":"En \u00abREGIONALES\u00bb","block_context":{"text":"REGIONALES","link":"https:\/\/larevistadigital.com.ar\/blog\/category\/regionales\/"},"img":{"alt_text":"","src":"https:\/\/i0.wp.com\/larevistadigital.com.ar\/blog\/wp-content\/uploads\/Screenshot_1-64.jpg?fit=1008%2C714&ssl=1&resize=350%2C200","width":350,"height":200,"srcset":"https:\/\/i0.wp.com\/larevistadigital.com.ar\/blog\/wp-content\/uploads\/Screenshot_1-64.jpg?fit=1008%2C714&ssl=1&resize=350%2C200 1x, https:\/\/i0.wp.com\/larevistadigital.com.ar\/blog\/wp-content\/uploads\/Screenshot_1-64.jpg?fit=1008%2C714&ssl=1&resize=525%2C300 1.5x, https:\/\/i0.wp.com\/larevistadigital.com.ar\/blog\/wp-content\/uploads\/Screenshot_1-64.jpg?fit=1008%2C714&ssl=1&resize=700%2C400 2x"},"classes":[]},{"id":27642,"url":"https:\/\/larevistadigital.com.ar\/blog\/mar-del-plata-se-prohiben-los-nuevos-ingresos-a-la-carcel-de-batan-por-el-deterioro-del-penal-y-la-superpoblacion-de-detenidos\/","url_meta":{"origin":19279,"position":2},"title":"MAR DEL PLATA: SE PROHIBEN LOS NUEVOS INGRESOS A LA CARCEL DE BAT\u00c1N POR EL DETERIORO DEL PENAL Y LA SUPERPOBLACI\u00d3N DE DETENIDOS","author":"Alejandro Sosa Ruda","date":"9 septiembre, 2022","format":false,"excerpt":"La Unidad N\u00b015 tiene una capacidad de alojamiento para 1.106 internos pero hay 1.596. La Justicia estableci\u00f3 que la medida continuar\u00e1 vigente hasta tanto se inicie un plan de obras en ese edificio. MAR DEL PLATA -\u00a0 Tras una evaluaci\u00f3n de las instalaciones y de las condiciones en que est\u00e1n\u2026","rel":"","context":"En \u00abREGIONALES\u00bb","block_context":{"text":"REGIONALES","link":"https:\/\/larevistadigital.com.ar\/blog\/category\/regionales\/"},"img":{"alt_text":"","src":"https:\/\/i0.wp.com\/larevistadigital.com.ar\/blog\/wp-content\/uploads\/1c72ba680bcb38173e973e92743c84af662c6f92.jpg?fit=1140%2C670&ssl=1&resize=350%2C200","width":350,"height":200,"srcset":"https:\/\/i0.wp.com\/larevistadigital.com.ar\/blog\/wp-content\/uploads\/1c72ba680bcb38173e973e92743c84af662c6f92.jpg?fit=1140%2C670&ssl=1&resize=350%2C200 1x, https:\/\/i0.wp.com\/larevistadigital.com.ar\/blog\/wp-content\/uploads\/1c72ba680bcb38173e973e92743c84af662c6f92.jpg?fit=1140%2C670&ssl=1&resize=525%2C300 1.5x, https:\/\/i0.wp.com\/larevistadigital.com.ar\/blog\/wp-content\/uploads\/1c72ba680bcb38173e973e92743c84af662c6f92.jpg?fit=1140%2C670&ssl=1&resize=700%2C400 2x, https:\/\/i0.wp.com\/larevistadigital.com.ar\/blog\/wp-content\/uploads\/1c72ba680bcb38173e973e92743c84af662c6f92.jpg?fit=1140%2C670&ssl=1&resize=1050%2C600 3x"},"classes":[]},{"id":26224,"url":"https:\/\/larevistadigital.com.ar\/blog\/senadores-del-oficialismo-avanzan-en-el-proyecto-de-llevar-a-la-corte-suprema-a-25-miembros\/","url_meta":{"origin":19279,"position":3},"title":"SENADORES DEL OFICIALISMO AVANZAN EN EL PROYECTO DE LLEVAR A LA CORTE SUPREMA A 25 MIEMBROS","author":"Alejandro Sosa Ruda","date":"30 junio, 2022","format":false,"excerpt":"Los senadores del interbloque oficialista del Frente de Todos le dieron dictamen de comisi\u00f3n al proyecto impulsado por los gobernadores alineados con el Gobierno que busca llevar a 25 el n\u00famero de integrantes de la Corte Suprema. Ante la ausencia de la oposici\u00f3n, estuvieron presentes siete mandatarios provinciales que expusieron\u2026","rel":"","context":"En \u00abINTERES GENERAL\u00bb","block_context":{"text":"INTERES GENERAL","link":"https:\/\/larevistadigital.com.ar\/blog\/category\/interes-general\/"},"img":{"alt_text":"","src":"https:\/\/i0.wp.com\/larevistadigital.com.ar\/blog\/wp-content\/uploads\/20220630123718_senadores-oficialistas-avanzan-en-el-proyecto-de-llevar-25-miembros-a-la-corte-suprema.jpg?fit=880%2C512&ssl=1&resize=350%2C200","width":350,"height":200,"srcset":"https:\/\/i0.wp.com\/larevistadigital.com.ar\/blog\/wp-content\/uploads\/20220630123718_senadores-oficialistas-avanzan-en-el-proyecto-de-llevar-25-miembros-a-la-corte-suprema.jpg?fit=880%2C512&ssl=1&resize=350%2C200 1x, https:\/\/i0.wp.com\/larevistadigital.com.ar\/blog\/wp-content\/uploads\/20220630123718_senadores-oficialistas-avanzan-en-el-proyecto-de-llevar-25-miembros-a-la-corte-suprema.jpg?fit=880%2C512&ssl=1&resize=525%2C300 1.5x, https:\/\/i0.wp.com\/larevistadigital.com.ar\/blog\/wp-content\/uploads\/20220630123718_senadores-oficialistas-avanzan-en-el-proyecto-de-llevar-25-miembros-a-la-corte-suprema.jpg?fit=880%2C512&ssl=1&resize=700%2C400 2x"},"classes":[]},{"id":8390,"url":"https:\/\/larevistadigital.com.ar\/blog\/mar-del-plata-nene-de-6-anos-muere-al-caer-al-mar-en-un-lugar-prohibido-al-publico\/","url_meta":{"origin":19279,"position":4},"title":"MAR DEL PLATA: NENE DE 6 A\u00d1OS MUERE AL CAER AL MAR EN UN LUGAR PROHIBIDO AL P\u00daBLICO","author":"Alejandro Sosa Ruda","date":"12 febrero, 2019","format":false,"excerpt":"Hab\u00eda ido a pescar con su hermano y dos primos. Fue trasladado de urgencia al Materno Infantil, pero los m\u00e9dicos no pudieron reanimarlo. Un ni\u00f1o de 6 a\u00f1os falleci\u00f3 este martes en el Hospital Materno Infantil, a donde\u00a0hab\u00eda sido trasladado de urgencia tras caer de un muelle de hierro en\u2026","rel":"","context":"En \u00abPOLITICA\u00bb","block_context":{"text":"POLITICA","link":"https:\/\/larevistadigital.com.ar\/blog\/category\/politica\/"},"img":{"alt_text":"","src":"https:\/\/i0.wp.com\/larevistadigital.com.ar\/blog\/wp-content\/uploads\/2019\/02\/Screenshot_1-3.jpg?fit=935%2C655&ssl=1&resize=350%2C200","width":350,"height":200,"srcset":"https:\/\/i0.wp.com\/larevistadigital.com.ar\/blog\/wp-content\/uploads\/2019\/02\/Screenshot_1-3.jpg?fit=935%2C655&ssl=1&resize=350%2C200 1x, https:\/\/i0.wp.com\/larevistadigital.com.ar\/blog\/wp-content\/uploads\/2019\/02\/Screenshot_1-3.jpg?fit=935%2C655&ssl=1&resize=525%2C300 1.5x, https:\/\/i0.wp.com\/larevistadigital.com.ar\/blog\/wp-content\/uploads\/2019\/02\/Screenshot_1-3.jpg?fit=935%2C655&ssl=1&resize=700%2C400 2x"},"classes":[]},{"id":28318,"url":"https:\/\/larevistadigital.com.ar\/blog\/mar-chiquita-enjuician-a-propietarios-de-explotaciones-agricolas-por-dano-ambiental\/","url_meta":{"origin":19279,"position":5},"title":"MAR CHIQUITA: ENJUICIAN A PROPIETARIOS DE EXPLOTACIONES AGRICOLAS POR \u00abDA\u00d1O AMBIENTAL\u00bb","author":"Alejandro Sosa Ruda","date":"5 octubre, 2022","format":false,"excerpt":"El tribunal lo decidi\u00f3 a partir de una \"acci\u00f3n preventiva de incidencia colectiva\" por los vecinos del \"Corredor Santa Clara, Partido de Mar Chiquita\", por la aplicaci\u00f3n, manipulaci\u00f3n, traslado y disposici\u00f3n\" de \"residuos peligrosos\", incluso agroqu\u00edmicos. 05 de Octubre de 2022 La Corte Suprema de la Naci\u00f3n dispuso que la\u2026","rel":"","context":"En \u00abPOLICIALES\u00bb","block_context":{"text":"POLICIALES","link":"https:\/\/larevistadigital.com.ar\/blog\/category\/policiales\/"},"img":{"alt_text":"","src":"https:\/\/i0.wp.com\/larevistadigital.com.ar\/blog\/wp-content\/uploads\/20221005175017_mar.jpg?fit=880%2C512&ssl=1&resize=350%2C200","width":350,"height":200,"srcset":"https:\/\/i0.wp.com\/larevistadigital.com.ar\/blog\/wp-content\/uploads\/20221005175017_mar.jpg?fit=880%2C512&ssl=1&resize=350%2C200 1x, https:\/\/i0.wp.com\/larevistadigital.com.ar\/blog\/wp-content\/uploads\/20221005175017_mar.jpg?fit=880%2C512&ssl=1&resize=525%2C300 1.5x, https:\/\/i0.wp.com\/larevistadigital.com.ar\/blog\/wp-content\/uploads\/20221005175017_mar.jpg?fit=880%2C512&ssl=1&resize=700%2C400 2x"},"classes":[]}],"_links":{"self":[{"href":"https:\/\/larevistadigital.com.ar\/blog\/wp-json\/wp\/v2\/posts\/19279","targetHints":{"allow":["GET"]}}],"collection":[{"href":"https:\/\/larevistadigital.com.ar\/blog\/wp-json\/wp\/v2\/posts"}],"about":[{"href":"https:\/\/larevistadigital.com.ar\/blog\/wp-json\/wp\/v2\/types\/post"}],"author":[{"embeddable":true,"href":"https:\/\/larevistadigital.com.ar\/blog\/wp-json\/wp\/v2\/users\/3"}],"replies":[{"embeddable":true,"href":"https:\/\/larevistadigital.com.ar\/blog\/wp-json\/wp\/v2\/comments?post=19279"}],"version-history":[{"count":1,"href":"https:\/\/larevistadigital.com.ar\/blog\/wp-json\/wp\/v2\/posts\/19279\/revisions"}],"predecessor-version":[{"id":19281,"href":"https:\/\/larevistadigital.com.ar\/blog\/wp-json\/wp\/v2\/posts\/19279\/revisions\/19281"}],"wp:featuredmedia":[{"embeddable":true,"href":"https:\/\/larevistadigital.com.ar\/blog\/wp-json\/wp\/v2\/media\/19280"}],"wp:attachment":[{"href":"https:\/\/larevistadigital.com.ar\/blog\/wp-json\/wp\/v2\/media?parent=19279"}],"wp:term":[{"taxonomy":"category","embeddable":true,"href":"https:\/\/larevistadigital.com.ar\/blog\/wp-json\/wp\/v2\/categories?post=19279"},{"taxonomy":"post_tag","embeddable":true,"href":"https:\/\/larevistadigital.com.ar\/blog\/wp-json\/wp\/v2\/tags?post=19279"}],"curies":[{"name":"wp","href":"https:\/\/api.w.org\/{rel}","templated":true}]}}