{"id":19283,"date":"2021-03-17T15:51:57","date_gmt":"2021-03-17T15:51:57","guid":{"rendered":"https:\/\/larevistadigital.com.ar\/blog\/?p=19283"},"modified":"2021-03-17T15:51:57","modified_gmt":"2021-03-17T15:51:57","slug":"mar-del-plata-graves-danos-en-diversos-lugares-por-el-temporal-video-impresionante","status":"publish","type":"post","link":"https:\/\/larevistadigital.com.ar\/blog\/mar-del-plata-graves-danos-en-diversos-lugares-por-el-temporal-video-impresionante\/","title":{"rendered":"MAR DEL PLATA: GRAVES DA\u00d1OS EN DIVERSOS LUGARES POR EL TEMPORAL (VIDEO IMPRESIONANTE)"},"content":{"rendered":"<h2 class=\"intro\">Entre otras cosas, el temporal que vive Mar del Plata provoc\u00f3 un crecimiento del mar que avanz\u00f3 sobre las playas. Un lector de 0223.com.ar grab\u00f3 un video que muestra el fen\u00f3meno.<\/h2>\n<p><strong>MAR DEL PLATA &#8211; <\/strong>El temporal de viento y lluvia que se desarrolla en\u00a0<strong>Mar del Plata<\/strong>\u00a0provoc\u00f3 que este mi\u00e9rcoles por la ma\u00f1ana, las\u00a0<strong>playas de la zona sur\u00a0<\/strong>desaparezcan producto de la pleamar.<\/p>\n<p>La importante\u00a0<strong>crecida del nivel del mar<\/strong>\u00a0que afecta particularmente a la zona sur de la ciudad se convirti\u00f3 en una postal de cada alerta meteorol\u00f3gico.<\/p>\n<p><strong>VIDEO DE LA CRECIDA:<\/strong><\/p>\n<p><span class=\"embed-youtube\" style=\"text-align:center; display: block;\"><iframe loading=\"lazy\" class=\"youtube-player\" width=\"640\" height=\"360\" src=\"https:\/\/www.youtube.com\/embed\/tmTRtwBlB9Y?version=3&#038;rel=1&#038;showsearch=0&#038;showinfo=1&#038;iv_load_policy=1&#038;fs=1&#038;hl=es-ES&#038;autohide=2&#038;wmode=transparent\" allowfullscreen=\"true\" style=\"border:0;\" sandbox=\"allow-scripts allow-same-origin allow-popups allow-presentation allow-popups-to-escape-sandbox\"><\/iframe><\/span><\/p>\n<p>El alerta amarillo provoc\u00f3 hasta el momento en la ciudad un\u00a0acumulado de lluvia de<strong>\u00a030 mil\u00edmetros<\/strong>\u00a0y\u00a0<strong>15 \u00e1rboles ca\u00eddos<\/strong>\u00a0y seg\u00fan detallaron desde Defensa Civil, se espera que las\u00a0<strong>condiciones clim\u00e1ticas<\/strong>\u00a0persistan durante toda la jornada.<\/p>\n<p><em><strong>\u00abNo descartamos que esto vaya en aumento por las condiciones meteorol\u00f3gicas\u00bb<\/strong><\/em>, dijo\u00a0<strong>Rodrigo Goncalvez<\/strong>, titular de Defensa Civil y recomend\u00f3 a los marplatenses no salir de su hogar.<\/p>\n<h3>5 BARRIOS AFECTADOS, CA\u00cdDAS DE \u00c1RBOLES Y CORTES DE LUZ:<\/h3>\n<p>El fuerte temporal de lluvia y viento, que provoc\u00f3 varios \u00e1rboles ca\u00eddos, sobre todo en el Bosque de Peralta Ramos, donde hubo severos da\u00f1os sobre autos, tambi\u00e9n dej\u00f3 a varios vecinos marplatenses sin luz.<\/p>\n<p>Desde\u00a0<strong>Edea\u00a0<\/strong>informaron<strong>\u00a0<\/strong>que en las \u00faltimas horas salieron de servicio 3 distribuidores de media tensi\u00f3n y afectan a algunos vecinos. <em><strong>\u00abUno de ellos atraviesa Zacagnini, Constituci\u00f3n, Beltr\u00e1n y Parque Pe\u00f1a y ya fue solucionado, a excepci\u00f3n de\u00a0Parque Pe\u00f1a. El segundo afecta a algunos usuarios de\u00a0Ameghino y Jorge Newbery. que est\u00e1n alimentados por ese cable. Y el tercer distribuidor\u00a0con inconvenientes, dej\u00f3 sin energ\u00eda a algunos usuarios del\u00a0Bosque Peralta Ramos\u00a0y\u00a0El Jard\u00edn.\u00a0Son algunos, no todos los usuarios. Esperamos que para el mediod\u00eda est\u00e9 la mayor\u00eda resuelto\u00bb<\/strong><\/em>, aseguraron desde la distribuidora de energ\u00eda.<\/p>\n<p>publicado en 0223<\/p>\n","protected":false},"excerpt":{"rendered":"<div class=\"mh-excerpt\"><p>Entre otras cosas, el temporal que vive Mar del Plata provoc\u00f3 un crecimiento del mar que avanz\u00f3 sobre las playas. Un lector de 0223.com.ar grab\u00f3 un video que muestra el fen\u00f3meno. MAR DEL PLATA &#8211; <a class=\"mh-excerpt-more\" href=\"https:\/\/larevistadigital.com.ar\/blog\/mar-del-plata-graves-danos-en-diversos-lugares-por-el-temporal-video-impresionante\/\" title=\"MAR DEL PLATA: GRAVES DA\u00d1OS EN DIVERSOS LUGARES POR EL TEMPORAL (VIDEO IMPRESIONANTE)\">[Leer M\u00e1s]<\/a><\/p>\n<\/div>","protected":false},"author":3,"featured_media":19284,"comment_status":"open","ping_status":"open","sticky":false,"template":"","format":"standard","meta":{"_jetpack_memberships_contains_paid_content":false,"footnotes":"","jetpack_publicize_message":"","jetpack_publicize_feature_enabled":true,"jetpack_social_post_already_shared":true,"jetpack_social_options":{"image_generator_settings":{"template":"highway","default_image_id":0,"font":"","enabled":false},"version":2}},"categories":[51],"tags":[],"class_list":{"0":"post-19283","1":"post","2":"type-post","3":"status-publish","4":"format-standard","5":"has-post-thumbnail","7":"category-regionales"},"jetpack_publicize_connections":[],"jetpack_featured_media_url":"https:\/\/i0.wp.com\/larevistadigital.com.ar\/blog\/wp-content\/uploads\/Captura-de-pantalla-2021-03-17-124952.png?fit=1000%2C560&ssl=1","jetpack_sharing_enabled":true,"jetpack_shortlink":"https:\/\/wp.me\/p8qtrQ-511","jetpack-related-posts":[{"id":18878,"url":"https:\/\/larevistadigital.com.ar\/blog\/mar-del-plata-autos-bajo-el-agua-arboles-caidos-y-demas-consecuencias-del-temporal\/","url_meta":{"origin":19283,"position":0},"title":"MAR DEL PLATA: AUTOS BAJO EL AGUA, ARBOLES CA\u00cdDOS, Y DEM\u00c1S CONSECUENCIAS DEL TEMPORAL","author":"Alejandro Sosa Ruda","date":"16 febrero, 2021","format":false,"excerpt":"El temporal de lluvia que azota este martes a Mar del Plata afecta a distintos barrios. MAR DEL PLATA - El \u00faltimo d\u00eda del feriado de Carnaval es el m\u00e1s lluvioso: desde la madrugada, el agua no dio tregua. Y se espera que las lluvias fuertes persistan durante toda la\u2026","rel":"","context":"En \u00abREGIONALES\u00bb","block_context":{"text":"REGIONALES","link":"https:\/\/larevistadigital.com.ar\/blog\/category\/regionales\/"},"img":{"alt_text":"","src":"https:\/\/i0.wp.com\/larevistadigital.com.ar\/blog\/wp-content\/uploads\/Captura-11.png?fit=1012%2C565&ssl=1&resize=350%2C200","width":350,"height":200,"srcset":"https:\/\/i0.wp.com\/larevistadigital.com.ar\/blog\/wp-content\/uploads\/Captura-11.png?fit=1012%2C565&ssl=1&resize=350%2C200 1x, https:\/\/i0.wp.com\/larevistadigital.com.ar\/blog\/wp-content\/uploads\/Captura-11.png?fit=1012%2C565&ssl=1&resize=525%2C300 1.5x, https:\/\/i0.wp.com\/larevistadigital.com.ar\/blog\/wp-content\/uploads\/Captura-11.png?fit=1012%2C565&ssl=1&resize=700%2C400 2x"},"classes":[]},{"id":29488,"url":"https:\/\/larevistadigital.com.ar\/blog\/un-pequeno-tsunami-habria-sido-lo-que-provoco-destrozos-en-playas-de-mar-del-plata\/","url_meta":{"origin":19283,"position":1},"title":"UN \u00abPEQUE\u00d1O TSUNAMI\u00bb HABR\u00cdA SIDO LO QUE PROVOC\u00d3 DESTROZOS EN PLAYAS DE MAR DEL PLATA.","author":"Alejandro Sosa Ruda","date":"15 diciembre, 2022","format":false,"excerpt":"Las playas de la zona sur de la ciudad de Mar del Plata se vieron afectadas por olas con la altura suficiente para generar da\u00f1os en la infraestructura de algunos balnearios. Cient\u00edficos del Gabinete de Oceanograf\u00eda del Instituto Nacional de Investigaci\u00f3n y Desarrollo Pesquero (INIDEP) informan que el fen\u00f3meno pudo\u2026","rel":"","context":"En \u00abREGIONALES\u00bb","block_context":{"text":"REGIONALES","link":"https:\/\/larevistadigital.com.ar\/blog\/category\/regionales\/"},"img":{"alt_text":"","src":"https:\/\/i0.wp.com\/larevistadigital.com.ar\/blog\/wp-content\/uploads\/20221214191125_un-meteotsunami-el-fenomeno-que-habria-generado-destrozos-en-playas-de-mar-del-plata.png?fit=880%2C512&ssl=1&resize=350%2C200","width":350,"height":200,"srcset":"https:\/\/i0.wp.com\/larevistadigital.com.ar\/blog\/wp-content\/uploads\/20221214191125_un-meteotsunami-el-fenomeno-que-habria-generado-destrozos-en-playas-de-mar-del-plata.png?fit=880%2C512&ssl=1&resize=350%2C200 1x, https:\/\/i0.wp.com\/larevistadigital.com.ar\/blog\/wp-content\/uploads\/20221214191125_un-meteotsunami-el-fenomeno-que-habria-generado-destrozos-en-playas-de-mar-del-plata.png?fit=880%2C512&ssl=1&resize=525%2C300 1.5x, https:\/\/i0.wp.com\/larevistadigital.com.ar\/blog\/wp-content\/uploads\/20221214191125_un-meteotsunami-el-fenomeno-que-habria-generado-destrozos-en-playas-de-mar-del-plata.png?fit=880%2C512&ssl=1&resize=700%2C400 2x"},"classes":[]},{"id":18526,"url":"https:\/\/larevistadigital.com.ar\/blog\/videos-e-imagenes-los-desastres-ocasionados-por-el-temporal-en-villa-gesell\/","url_meta":{"origin":19283,"position":2},"title":"[VIDEOS E IM\u00c1GENES] LOS DESASTRES OCASIONADOS POR EL TEMPORAL EN VILLA GESELL","author":"Alejandro Sosa Ruda","date":"6 enero, 2021","format":false,"excerpt":"Las im\u00e1genes son elocuentes, y demuestran la violencia del temporal que provoc\u00f3 graves da\u00f1os en Villa Gesell. Hay alerta roja para Mar del Plata y la zona. Se registraron intensas lluvias, fuertes r\u00e1fagas de viento, calles intransitables y advierten por una ocasional ca\u00edda de granizo en los municipios balnearios. El\u00a0Servicio\u2026","rel":"","context":"En \u00abINTERES GENERAL\u00bb","block_context":{"text":"INTERES GENERAL","link":"https:\/\/larevistadigital.com.ar\/blog\/category\/interes-general\/"},"img":{"alt_text":"","src":"https:\/\/i0.wp.com\/larevistadigital.com.ar\/blog\/wp-content\/uploads\/WhatsApp-Image-2021-01-06-at-13.24.44.jpeg?fit=719%2C1127&ssl=1&resize=350%2C200","width":350,"height":200,"srcset":"https:\/\/i0.wp.com\/larevistadigital.com.ar\/blog\/wp-content\/uploads\/WhatsApp-Image-2021-01-06-at-13.24.44.jpeg?fit=719%2C1127&ssl=1&resize=350%2C200 1x, https:\/\/i0.wp.com\/larevistadigital.com.ar\/blog\/wp-content\/uploads\/WhatsApp-Image-2021-01-06-at-13.24.44.jpeg?fit=719%2C1127&ssl=1&resize=525%2C300 1.5x, https:\/\/i0.wp.com\/larevistadigital.com.ar\/blog\/wp-content\/uploads\/WhatsApp-Image-2021-01-06-at-13.24.44.jpeg?fit=719%2C1127&ssl=1&resize=700%2C400 2x"},"classes":[]},{"id":20435,"url":"https:\/\/larevistadigital.com.ar\/blog\/mar-del-plata-el-fuerte-viento-volo-el-techo-de-una-vivienda\/","url_meta":{"origin":19283,"position":3},"title":"MAR DEL PLATA: EL FUERTE VIENTO VOL\u00d3 EL TECHO DE UNA VIVIENDA","author":"Alejandro Sosa Ruda","date":"24 mayo, 2021","format":false,"excerpt":"Ocurri\u00f3 en la zona sur de Mar del Plata. La casa estaba deshabitada en el momento en que las fuertes r\u00e1fagas arrasaron con las chapas y el cielo raso. MAR DEL PLATA - El temporal de lluvia y viento provoc\u00f3 diversos inconvenientes en Mar del Plata y la zona. Adem\u00e1s\u2026","rel":"","context":"En \u00abREGIONALES\u00bb","block_context":{"text":"REGIONALES","link":"https:\/\/larevistadigital.com.ar\/blog\/category\/regionales\/"},"img":{"alt_text":"","src":"https:\/\/i0.wp.com\/larevistadigital.com.ar\/blog\/wp-content\/uploads\/techo-3.jpg?fit=1200%2C675&ssl=1&resize=350%2C200","width":350,"height":200,"srcset":"https:\/\/i0.wp.com\/larevistadigital.com.ar\/blog\/wp-content\/uploads\/techo-3.jpg?fit=1200%2C675&ssl=1&resize=350%2C200 1x, https:\/\/i0.wp.com\/larevistadigital.com.ar\/blog\/wp-content\/uploads\/techo-3.jpg?fit=1200%2C675&ssl=1&resize=525%2C300 1.5x, https:\/\/i0.wp.com\/larevistadigital.com.ar\/blog\/wp-content\/uploads\/techo-3.jpg?fit=1200%2C675&ssl=1&resize=700%2C400 2x, https:\/\/i0.wp.com\/larevistadigital.com.ar\/blog\/wp-content\/uploads\/techo-3.jpg?fit=1200%2C675&ssl=1&resize=1050%2C600 3x"},"classes":[]},{"id":23040,"url":"https:\/\/larevistadigital.com.ar\/blog\/mar-del-plata-una-sombrilla-volo-durante-el-temporal-y-se-incrusto-en-la-pierna-de-un-hombre\/","url_meta":{"origin":19283,"position":4},"title":"MAR DEL PLATA: UNA SOMBRILLA VOL\u00d3 DURANTE EL TEMPORAL Y SE INCRUST\u00d3 EN LA PIERNA DE UN HOMBRE","author":"Alejandro Sosa Ruda","date":"26 diciembre, 2021","format":false,"excerpt":"El accidente sucedi\u00f3 en la tarde del viernes en una de las playas de la escollera sur marplatense, al desatarse una fuerte tormenta de viento. El joven accidentado, que hab\u00eda ido a festejar el aniversario con su pareja, tuvo que ser asistido por personal del SAME, con el auxilio de\u2026","rel":"","context":"En \u00abINTERES GENERAL\u00bb","block_context":{"text":"INTERES GENERAL","link":"https:\/\/larevistadigital.com.ar\/blog\/category\/interes-general\/"},"img":{"alt_text":"","src":"https:\/\/i0.wp.com\/larevistadigital.com.ar\/blog\/wp-content\/uploads\/20211225191229_fierro-incrustado-pierna.jpg?fit=880%2C512&ssl=1&resize=350%2C200","width":350,"height":200,"srcset":"https:\/\/i0.wp.com\/larevistadigital.com.ar\/blog\/wp-content\/uploads\/20211225191229_fierro-incrustado-pierna.jpg?fit=880%2C512&ssl=1&resize=350%2C200 1x, https:\/\/i0.wp.com\/larevistadigital.com.ar\/blog\/wp-content\/uploads\/20211225191229_fierro-incrustado-pierna.jpg?fit=880%2C512&ssl=1&resize=525%2C300 1.5x, https:\/\/i0.wp.com\/larevistadigital.com.ar\/blog\/wp-content\/uploads\/20211225191229_fierro-incrustado-pierna.jpg?fit=880%2C512&ssl=1&resize=700%2C400 2x"},"classes":[]},{"id":29766,"url":"https:\/\/larevistadigital.com.ar\/blog\/mar-del-plata-denuncian-ocupacion-ilegal-en-playas-publicas\/","url_meta":{"origin":19283,"position":5},"title":"MAR DEL PLATA: DENUNCIAN OCUPACI\u00d3N ILEGAL EN PLAYAS P\u00daBLICAS","author":"Alejandro Sosa Ruda","date":"16 enero, 2023","format":false,"excerpt":"Nuevamente sucede. lo denunci\u00f3 una vecina y abogada. 16 de enero de 2023 MAR DEL PLATA -\u00a0 La ocupaci\u00f3n ilegal de espacios de sombra en playas p\u00fablicas de Mar del Plata vuelve a ser noticia este verano. Esta vez, una vecina y abogada radic\u00f3 una denuncia penal tras indignarse por\u2026","rel":"","context":"En \u00abPOLICIALES\u00bb","block_context":{"text":"POLICIALES","link":"https:\/\/larevistadigital.com.ar\/blog\/category\/policiales\/"},"img":{"alt_text":"","src":"https:\/\/i0.wp.com\/larevistadigital.com.ar\/blog\/wp-content\/uploads\/Ocupacion-1024x768-1.jpg?fit=1024%2C768&ssl=1&resize=350%2C200","width":350,"height":200,"srcset":"https:\/\/i0.wp.com\/larevistadigital.com.ar\/blog\/wp-content\/uploads\/Ocupacion-1024x768-1.jpg?fit=1024%2C768&ssl=1&resize=350%2C200 1x, https:\/\/i0.wp.com\/larevistadigital.com.ar\/blog\/wp-content\/uploads\/Ocupacion-1024x768-1.jpg?fit=1024%2C768&ssl=1&resize=525%2C300 1.5x, https:\/\/i0.wp.com\/larevistadigital.com.ar\/blog\/wp-content\/uploads\/Ocupacion-1024x768-1.jpg?fit=1024%2C768&ssl=1&resize=700%2C400 2x"},"classes":[]}],"_links":{"self":[{"href":"https:\/\/larevistadigital.com.ar\/blog\/wp-json\/wp\/v2\/posts\/19283","targetHints":{"allow":["GET"]}}],"collection":[{"href":"https:\/\/larevistadigital.com.ar\/blog\/wp-json\/wp\/v2\/posts"}],"about":[{"href":"https:\/\/larevistadigital.com.ar\/blog\/wp-json\/wp\/v2\/types\/post"}],"author":[{"embeddable":true,"href":"https:\/\/larevistadigital.com.ar\/blog\/wp-json\/wp\/v2\/users\/3"}],"replies":[{"embeddable":true,"href":"https:\/\/larevistadigital.com.ar\/blog\/wp-json\/wp\/v2\/comments?post=19283"}],"version-history":[{"count":1,"href":"https:\/\/larevistadigital.com.ar\/blog\/wp-json\/wp\/v2\/posts\/19283\/revisions"}],"predecessor-version":[{"id":19285,"href":"https:\/\/larevistadigital.com.ar\/blog\/wp-json\/wp\/v2\/posts\/19283\/revisions\/19285"}],"wp:featuredmedia":[{"embeddable":true,"href":"https:\/\/larevistadigital.com.ar\/blog\/wp-json\/wp\/v2\/media\/19284"}],"wp:attachment":[{"href":"https:\/\/larevistadigital.com.ar\/blog\/wp-json\/wp\/v2\/media?parent=19283"}],"wp:term":[{"taxonomy":"category","embeddable":true,"href":"https:\/\/larevistadigital.com.ar\/blog\/wp-json\/wp\/v2\/categories?post=19283"},{"taxonomy":"post_tag","embeddable":true,"href":"https:\/\/larevistadigital.com.ar\/blog\/wp-json\/wp\/v2\/tags?post=19283"}],"curies":[{"name":"wp","href":"https:\/\/api.w.org\/{rel}","templated":true}]}}