{"id":19286,"date":"2021-03-17T16:08:40","date_gmt":"2021-03-17T16:08:40","guid":{"rendered":"https:\/\/larevistadigital.com.ar\/blog\/?p=19286"},"modified":"2021-03-17T16:08:40","modified_gmt":"2021-03-17T16:08:40","slug":"necochea-rafagas-de-hasta-74-km-por-hora","status":"publish","type":"post","link":"https:\/\/larevistadigital.com.ar\/blog\/necochea-rafagas-de-hasta-74-km-por-hora\/","title":{"rendered":"NECOCHEA: R\u00c1FAGAS DE HASTA 74 KM POR HORA"},"content":{"rendered":"<h2 class=\"intro\">Durante la madrugada de este mi\u00e9rcoles el viento gener\u00f3 la ca\u00edda de algunos postes y ramas de \u00e1rboles quebradas, seg\u00fan se inform\u00f3 desde el \u00e1rea de Defensa Civil local\u00a0a cargo de Augusto Fulton.<\/h2>\n<p>El fuerte viento del sector sudeste impacta en toda la costa atl\u00e1ntica bonaerense desde la madrugada de este mi\u00e9rcoles y en el partido de Necochea se reportaron r\u00e1fagas de hasta 74 kil\u00f3metros en la hora.<\/p>\n<p>El fen\u00f3meno gener\u00f3 la ca\u00edda de algunos postes y ramas de \u00e1rboles quebradas, seg\u00fan se inform\u00f3 desde el \u00e1rea de Defensa Civil local, a cargo de Augusto Fulton.<\/p>\n<p>Con la lluvia de las \u00faltimas 24 horas, se totaliza 37 mil\u00edmetros de agua ca\u00edda en el distrito, donde se espera que la situaci\u00f3n clim\u00e1tica contin\u00fae de esta misma manera al menos hasta la tarde-noche de este 17 de marzo.<\/p>\n<p><em><strong>\u201cEstamos recorriendo toda la ciudad, viendo cu\u00e1l es la situaci\u00f3n en cada barrio, pero en principio no hubo mayores inconvenientes\u201d, destac\u00f3 el funcionario. \u201cS\u00f3lo hemos observado algunos postes y ramas ca\u00eddas\u201d<\/strong><\/em>, repar\u00f3.<\/p>\n<p>Seg\u00fan asegur\u00f3 Fulton\u00a0tambi\u00e9n se encuentran\u00a0trabajando y recorriendo la localidad de Quequ\u00e9n cuadrillas de la Direcci\u00f3n de Espacios P\u00fablicos, a cargo de Ariel Rodr\u00edguez, quienes verifican la situaci\u00f3n general de esa ciudad.<\/p>\n","protected":false},"excerpt":{"rendered":"<div class=\"mh-excerpt\"><p>Durante la madrugada de este mi\u00e9rcoles el viento gener\u00f3 la ca\u00edda de algunos postes y ramas de \u00e1rboles quebradas, seg\u00fan se inform\u00f3 desde el \u00e1rea de Defensa Civil local\u00a0a cargo de Augusto Fulton. El fuerte <a class=\"mh-excerpt-more\" href=\"https:\/\/larevistadigital.com.ar\/blog\/necochea-rafagas-de-hasta-74-km-por-hora\/\" title=\"NECOCHEA: R\u00c1FAGAS DE HASTA 74 KM POR HORA\">[Leer M\u00e1s]<\/a><\/p>\n<\/div>","protected":false},"author":3,"featured_media":19287,"comment_status":"open","ping_status":"open","sticky":false,"template":"","format":"standard","meta":{"_jetpack_memberships_contains_paid_content":false,"footnotes":"","jetpack_publicize_message":"","jetpack_publicize_feature_enabled":true,"jetpack_social_post_already_shared":true,"jetpack_social_options":{"image_generator_settings":{"template":"highway","default_image_id":0,"font":"","enabled":false},"version":2}},"categories":[51],"tags":[],"class_list":{"0":"post-19286","1":"post","2":"type-post","3":"status-publish","4":"format-standard","5":"has-post-thumbnail","7":"category-regionales"},"jetpack_publicize_connections":[],"jetpack_featured_media_url":"https:\/\/i0.wp.com\/larevistadigital.com.ar\/blog\/wp-content\/uploads\/Captura-de-pantalla-2021-03-17-130617.png?fit=997%2C557&ssl=1","jetpack_sharing_enabled":true,"jetpack_shortlink":"https:\/\/wp.me\/p8qtrQ-514","jetpack-related-posts":[{"id":21166,"url":"https:\/\/larevistadigital.com.ar\/blog\/mar-del-plata-las-fotos-del-temporal-que-ocasiono-voladuras-de-techos-postes-y-arboles\/","url_meta":{"origin":19286,"position":0},"title":"MAR DEL PLATA: LAS FOTOS DEL TEMPORAL QUE OCASION\u00d3 VOLADURAS DE TECHOS, POSTES Y \u00c1RBOLES","author":"Alejandro Sosa Ruda","date":"19 julio, 2021","format":false,"excerpt":"MAR DEL PLATA - El aviso del Servicio Meteorol\u00f3gico Nacional (SMN) sobre fuertes vientos que azotar\u00edan amplias zonas del pa\u00eds, especialmente el litoral atl\u00e1ntico bonaerense, se cumpli\u00f3\u00a0a rajatabla y fueron varias las ciudades costeras que sufrieron serios da\u00f1os. Una de las que llev\u00f3 la peor parte fue Mar del Plata,\u2026","rel":"","context":"En \u00abREGIONALES\u00bb","block_context":{"text":"REGIONALES","link":"https:\/\/larevistadigital.com.ar\/blog\/category\/regionales\/"},"img":{"alt_text":"","src":"https:\/\/i0.wp.com\/larevistadigital.com.ar\/blog\/wp-content\/uploads\/Mar-del-Plata-temporal-18-7-2021.jpg?fit=1200%2C675&ssl=1&resize=350%2C200","width":350,"height":200,"srcset":"https:\/\/i0.wp.com\/larevistadigital.com.ar\/blog\/wp-content\/uploads\/Mar-del-Plata-temporal-18-7-2021.jpg?fit=1200%2C675&ssl=1&resize=350%2C200 1x, https:\/\/i0.wp.com\/larevistadigital.com.ar\/blog\/wp-content\/uploads\/Mar-del-Plata-temporal-18-7-2021.jpg?fit=1200%2C675&ssl=1&resize=525%2C300 1.5x, https:\/\/i0.wp.com\/larevistadigital.com.ar\/blog\/wp-content\/uploads\/Mar-del-Plata-temporal-18-7-2021.jpg?fit=1200%2C675&ssl=1&resize=700%2C400 2x, https:\/\/i0.wp.com\/larevistadigital.com.ar\/blog\/wp-content\/uploads\/Mar-del-Plata-temporal-18-7-2021.jpg?fit=1200%2C675&ssl=1&resize=1050%2C600 3x"},"classes":[]},{"id":40153,"url":"https:\/\/larevistadigital.com.ar\/blog\/fuertes-vientos-provocaron-caida-de-postes-y-cables-en-distintos-puntos-de-la-ciudad\/","url_meta":{"origin":19286,"position":1},"title":"Fuertes vientos provocaron ca\u00edda de postes y cables en distintos puntos de la ciudad","author":"Alejandro Sosa Ruda","date":"23 junio, 2025","format":false,"excerpt":"Defensa Civil intervino en una docena de casos durante la ma\u00f1ana del lunes. El Servicio Meteorol\u00f3gico Nacional mantiene un alerta por r\u00e1fagas que podr\u00edan superar los 90 kil\u00f3metros por hora. 23 de Junio de 2025 CHASCOM\u00daS -\u00a0 \u00a0Los intensos vientos registrados durante la jornada del lunes generaron complicaciones en distintos\u2026","rel":"","context":"En \u00abINTERES GENERAL\u00bb","block_context":{"text":"INTERES GENERAL","link":"https:\/\/larevistadigital.com.ar\/blog\/category\/interes-general\/"},"img":{"alt_text":"","src":"https:\/\/i0.wp.com\/larevistadigital.com.ar\/blog\/wp-content\/uploads\/685994724ccb1.png?fit=668%2C445&ssl=1&resize=350%2C200","width":350,"height":200,"srcset":"https:\/\/i0.wp.com\/larevistadigital.com.ar\/blog\/wp-content\/uploads\/685994724ccb1.png?fit=668%2C445&ssl=1&resize=350%2C200 1x, https:\/\/i0.wp.com\/larevistadigital.com.ar\/blog\/wp-content\/uploads\/685994724ccb1.png?fit=668%2C445&ssl=1&resize=525%2C300 1.5x"},"classes":[]},{"id":32865,"url":"https:\/\/larevistadigital.com.ar\/blog\/mar-del-plata-consecuencias-de-los-fuertes-vientos-que-azotaron-a-la-ciudad\/","url_meta":{"origin":19286,"position":2},"title":"MAR DEL PLATA: CONSECUENCIAS DE LOS FUERTES VIENTOS QUE AZOTARON A LA CIUDAD","author":"Alejandro Sosa Ruda","date":"12 agosto, 2023","format":false,"excerpt":"Seg\u00fan el Servicio Meteorol\u00f3gico Nacional se registraron r\u00e1fagas de viento y lluvia que alcanzaron los 80 kil\u00f3metros por hora y para esta tarde-noche se prev\u00e9n una reducci\u00f3n a 60 k\/h. 12 de agosto de 2023 MAR DEL PLATA -\u00a0 Las fuertes r\u00e1fagas de viento de hasta 80 kil\u00f3metros por hora\u2026","rel":"","context":"En \u00abSin categor\u00eda\u00bb","block_context":{"text":"Sin categor\u00eda","link":"https:\/\/larevistadigital.com.ar\/blog\/category\/sin-categoria\/"},"img":{"alt_text":"","src":"https:\/\/i0.wp.com\/larevistadigital.com.ar\/blog\/wp-content\/uploads\/20230812170531_viento-mar-del-plata.jpg?fit=880%2C512&ssl=1&resize=350%2C200","width":350,"height":200,"srcset":"https:\/\/i0.wp.com\/larevistadigital.com.ar\/blog\/wp-content\/uploads\/20230812170531_viento-mar-del-plata.jpg?fit=880%2C512&ssl=1&resize=350%2C200 1x, https:\/\/i0.wp.com\/larevistadigital.com.ar\/blog\/wp-content\/uploads\/20230812170531_viento-mar-del-plata.jpg?fit=880%2C512&ssl=1&resize=525%2C300 1.5x, https:\/\/i0.wp.com\/larevistadigital.com.ar\/blog\/wp-content\/uploads\/20230812170531_viento-mar-del-plata.jpg?fit=880%2C512&ssl=1&resize=700%2C400 2x"},"classes":[]},{"id":20435,"url":"https:\/\/larevistadigital.com.ar\/blog\/mar-del-plata-el-fuerte-viento-volo-el-techo-de-una-vivienda\/","url_meta":{"origin":19286,"position":3},"title":"MAR DEL PLATA: EL FUERTE VIENTO VOL\u00d3 EL TECHO DE UNA VIVIENDA","author":"Alejandro Sosa Ruda","date":"24 mayo, 2021","format":false,"excerpt":"Ocurri\u00f3 en la zona sur de Mar del Plata. La casa estaba deshabitada en el momento en que las fuertes r\u00e1fagas arrasaron con las chapas y el cielo raso. MAR DEL PLATA - El temporal de lluvia y viento provoc\u00f3 diversos inconvenientes en Mar del Plata y la zona. Adem\u00e1s\u2026","rel":"","context":"En \u00abREGIONALES\u00bb","block_context":{"text":"REGIONALES","link":"https:\/\/larevistadigital.com.ar\/blog\/category\/regionales\/"},"img":{"alt_text":"","src":"https:\/\/i0.wp.com\/larevistadigital.com.ar\/blog\/wp-content\/uploads\/techo-3.jpg?fit=1200%2C675&ssl=1&resize=350%2C200","width":350,"height":200,"srcset":"https:\/\/i0.wp.com\/larevistadigital.com.ar\/blog\/wp-content\/uploads\/techo-3.jpg?fit=1200%2C675&ssl=1&resize=350%2C200 1x, https:\/\/i0.wp.com\/larevistadigital.com.ar\/blog\/wp-content\/uploads\/techo-3.jpg?fit=1200%2C675&ssl=1&resize=525%2C300 1.5x, https:\/\/i0.wp.com\/larevistadigital.com.ar\/blog\/wp-content\/uploads\/techo-3.jpg?fit=1200%2C675&ssl=1&resize=700%2C400 2x, https:\/\/i0.wp.com\/larevistadigital.com.ar\/blog\/wp-content\/uploads\/techo-3.jpg?fit=1200%2C675&ssl=1&resize=1050%2C600 3x"},"classes":[]},{"id":11029,"url":"https:\/\/larevistadigital.com.ar\/blog\/mar-del-plata-temporal-de-viento-ocasiono-caida-de-arboles-y-barrios-sin-luz\/","url_meta":{"origin":19286,"position":4},"title":"MAR DEL PLATA:; TEMPORAL DE VIENTO OCASION\u00d3 CA\u00cdDA DE \u00c1RBOLES, Y BARRIOS SIN LUZ","author":"Alejandro Sosa Ruda","date":"3 julio, 2019","format":false,"excerpt":"Ese el balance informado por Edea y Defensa Civil Mar del Plata. Desde anoche un corte de energ\u00eda afect\u00f3 al barrio San Carlos, Lomas del Golf y Parque Camet. En el transcurso de la ma\u00f1ana estar\u00eda solucionado. El intenso temporal de viento dej\u00f3 a varios barrios de Mar del Plata\u2026","rel":"","context":"En \u00abREGIONALES\u00bb","block_context":{"text":"REGIONALES","link":"https:\/\/larevistadigital.com.ar\/blog\/category\/regionales\/"},"img":{"alt_text":"","src":"https:\/\/i0.wp.com\/larevistadigital.com.ar\/blog\/wp-content\/uploads\/Screenshot_2-17.jpg?fit=940%2C571&ssl=1&resize=350%2C200","width":350,"height":200,"srcset":"https:\/\/i0.wp.com\/larevistadigital.com.ar\/blog\/wp-content\/uploads\/Screenshot_2-17.jpg?fit=940%2C571&ssl=1&resize=350%2C200 1x, https:\/\/i0.wp.com\/larevistadigital.com.ar\/blog\/wp-content\/uploads\/Screenshot_2-17.jpg?fit=940%2C571&ssl=1&resize=525%2C300 1.5x, https:\/\/i0.wp.com\/larevistadigital.com.ar\/blog\/wp-content\/uploads\/Screenshot_2-17.jpg?fit=940%2C571&ssl=1&resize=700%2C400 2x"},"classes":[]},{"id":28885,"url":"https:\/\/larevistadigital.com.ar\/blog\/alerta-meteorologico-en-mar-del-plata-y-la-zona-por-lluvias-y-posible-caida-de-granizo\/","url_meta":{"origin":19286,"position":5},"title":"ALERTA METEOROL\u00d3GICO EN MAR DEL PLATA Y LA ZONA POR LLUVIAS Y POSIBLE CAIDA DE GRANIZO","author":"Alejandro Sosa Ruda","date":"19 noviembre, 2022","format":false,"excerpt":"Las condiciones clim\u00e1ticas podr\u00edan extenderse hasta la madrugada. Recomendaciones para evitar accidentes y da\u00f1os mayores. 19 de noviembre de 2022 El\u00a0Servicio Meteorol\u00f3gico Nacional\u00a0(SMN) emiti\u00f3 un alerta por\u00a0fuertes tormentas\u00a0para la Costa Atl\u00e1ntica. Seg\u00fan detallaron se trata de un alerta a corto plazo por tormentas fuertes con\u00a0lluvias intensas, r\u00e1fagas y ocasional ca\u00edda\u2026","rel":"","context":"En \u00abREGIONALES\u00bb","block_context":{"text":"REGIONALES","link":"https:\/\/larevistadigital.com.ar\/blog\/category\/regionales\/"},"img":{"alt_text":"","src":"https:\/\/i0.wp.com\/larevistadigital.com.ar\/blog\/wp-content\/uploads\/ALERTA-METEOROLOGICO.jpg?fit=1140%2C758&ssl=1&resize=350%2C200","width":350,"height":200,"srcset":"https:\/\/i0.wp.com\/larevistadigital.com.ar\/blog\/wp-content\/uploads\/ALERTA-METEOROLOGICO.jpg?fit=1140%2C758&ssl=1&resize=350%2C200 1x, https:\/\/i0.wp.com\/larevistadigital.com.ar\/blog\/wp-content\/uploads\/ALERTA-METEOROLOGICO.jpg?fit=1140%2C758&ssl=1&resize=525%2C300 1.5x, https:\/\/i0.wp.com\/larevistadigital.com.ar\/blog\/wp-content\/uploads\/ALERTA-METEOROLOGICO.jpg?fit=1140%2C758&ssl=1&resize=700%2C400 2x, https:\/\/i0.wp.com\/larevistadigital.com.ar\/blog\/wp-content\/uploads\/ALERTA-METEOROLOGICO.jpg?fit=1140%2C758&ssl=1&resize=1050%2C600 3x"},"classes":[]}],"_links":{"self":[{"href":"https:\/\/larevistadigital.com.ar\/blog\/wp-json\/wp\/v2\/posts\/19286","targetHints":{"allow":["GET"]}}],"collection":[{"href":"https:\/\/larevistadigital.com.ar\/blog\/wp-json\/wp\/v2\/posts"}],"about":[{"href":"https:\/\/larevistadigital.com.ar\/blog\/wp-json\/wp\/v2\/types\/post"}],"author":[{"embeddable":true,"href":"https:\/\/larevistadigital.com.ar\/blog\/wp-json\/wp\/v2\/users\/3"}],"replies":[{"embeddable":true,"href":"https:\/\/larevistadigital.com.ar\/blog\/wp-json\/wp\/v2\/comments?post=19286"}],"version-history":[{"count":1,"href":"https:\/\/larevistadigital.com.ar\/blog\/wp-json\/wp\/v2\/posts\/19286\/revisions"}],"predecessor-version":[{"id":19288,"href":"https:\/\/larevistadigital.com.ar\/blog\/wp-json\/wp\/v2\/posts\/19286\/revisions\/19288"}],"wp:featuredmedia":[{"embeddable":true,"href":"https:\/\/larevistadigital.com.ar\/blog\/wp-json\/wp\/v2\/media\/19287"}],"wp:attachment":[{"href":"https:\/\/larevistadigital.com.ar\/blog\/wp-json\/wp\/v2\/media?parent=19286"}],"wp:term":[{"taxonomy":"category","embeddable":true,"href":"https:\/\/larevistadigital.com.ar\/blog\/wp-json\/wp\/v2\/categories?post=19286"},{"taxonomy":"post_tag","embeddable":true,"href":"https:\/\/larevistadigital.com.ar\/blog\/wp-json\/wp\/v2\/tags?post=19286"}],"curies":[{"name":"wp","href":"https:\/\/api.w.org\/{rel}","templated":true}]}}