{"id":195,"date":"2017-02-10T02:30:08","date_gmt":"2017-02-10T02:30:08","guid":{"rendered":"https:\/\/larevistadigital.com.ar\/blog\/?p=195"},"modified":"2017-02-12T02:31:04","modified_gmt":"2017-02-12T02:31:04","slug":"vecino-lezama-fue-hospitalizado-tras-despiste-la-autovia-2","status":"publish","type":"post","link":"https:\/\/larevistadigital.com.ar\/blog\/vecino-lezama-fue-hospitalizado-tras-despiste-la-autovia-2\/","title":{"rendered":"Vecino de Lezama fue hospitalizado tras despiste en la Autov\u00eda 2"},"content":{"rendered":"<p>Ayer cerca de las 9 de la ma\u00f1ana, se produjo el despiste de una camioneta en la Autov\u00eda, a la altura del cruce con Avenida Presidente Alfons\u00edn. Por causa que se tratan de establecer, el veh\u00edculo marca Chevrolet S10 que era conducido por un vecino de Lezama, pero que pertenec\u00eda a la firma YPF de Castelli, perdi\u00f3 el control y termin\u00f3 cayendo a la zanja e impactando contra una alcantarilla.<\/p>\n<p>De acuerdo a algunos testimonios, el conductor se habr\u00eda descompuesto, provocando el despiste. Al lugar acudi\u00f3 la ambulancia para trasladarlo hasta el nosocomio local para su atenci\u00f3n. Se iniciaron actuaciones por \u00abLesiones por accidente\u00bb con intervenci\u00f3n de la Fiscal\u00eda N\u00ba 9.<\/p>\n<p><a href=\"https:\/\/i0.wp.com\/larevistadigital.com.ar\/blog\/wp-content\/uploads\/2017\/02\/vuelco_10defebrerode2017_elfuerte.jpg?ssl=1\"><img data-recalc-dims=\"1\" loading=\"lazy\" decoding=\"async\" class=\"alignnone size-medium wp-image-196\" src=\"https:\/\/i0.wp.com\/larevistadigital.com.ar\/blog\/wp-content\/uploads\/2017\/02\/vuelco_10defebrerode2017_elfuerte.jpg?resize=300%2C244&#038;ssl=1\" alt=\"\" width=\"300\" height=\"244\" srcset=\"https:\/\/i0.wp.com\/larevistadigital.com.ar\/blog\/wp-content\/uploads\/2017\/02\/vuelco_10defebrerode2017_elfuerte.jpg?resize=300%2C244&amp;ssl=1 300w, https:\/\/i0.wp.com\/larevistadigital.com.ar\/blog\/wp-content\/uploads\/2017\/02\/vuelco_10defebrerode2017_elfuerte.jpg?w=703&amp;ssl=1 703w\" sizes=\"auto, (max-width: 300px) 100vw, 300px\" \/><\/a><\/p>\n","protected":false},"excerpt":{"rendered":"<div class=\"mh-excerpt\"><p>Ayer cerca de las 9 de la ma\u00f1ana, se produjo el despiste de una camioneta en la Autov\u00eda, a la altura del cruce con Avenida Presidente Alfons\u00edn. Por causa que se tratan de establecer, el <a class=\"mh-excerpt-more\" href=\"https:\/\/larevistadigital.com.ar\/blog\/vecino-lezama-fue-hospitalizado-tras-despiste-la-autovia-2\/\" title=\"Vecino de Lezama fue hospitalizado tras despiste en la Autov\u00eda 2\">[Leer M\u00e1s]<\/a><\/p>\n<\/div>","protected":false},"author":2,"featured_media":196,"comment_status":"open","ping_status":"open","sticky":false,"template":"","format":"standard","meta":{"_jetpack_memberships_contains_paid_content":false,"footnotes":"","jetpack_publicize_message":"","jetpack_publicize_feature_enabled":true,"jetpack_social_post_already_shared":false,"jetpack_social_options":{"image_generator_settings":{"template":"highway","default_image_id":0,"font":"","enabled":false},"version":2}},"categories":[7],"tags":[],"class_list":{"0":"post-195","1":"post","2":"type-post","3":"status-publish","4":"format-standard","5":"has-post-thumbnail","7":"category-lezama"},"jetpack_publicize_connections":[],"jetpack_featured_media_url":"https:\/\/i0.wp.com\/larevistadigital.com.ar\/blog\/wp-content\/uploads\/2017\/02\/vuelco_10defebrerode2017_elfuerte.jpg?fit=703%2C572&ssl=1","jetpack_sharing_enabled":true,"jetpack_shortlink":"https:\/\/wp.me\/p8qtrQ-39","jetpack-related-posts":[{"id":35990,"url":"https:\/\/larevistadigital.com.ar\/blog\/chascomus-vuelvo-y-despiste-en-la-autovia-2\/","url_meta":{"origin":195,"position":0},"title":"CHASCOM\u00daS: VUELVO Y DESPISTE EN LA AUTOV\u00cdA 2","author":"Alejandro Sosa Ruda","date":"5 mayo, 2024","format":false,"excerpt":"El accidente ocurri\u00f3 cerca de las 20:10 hs. aprocimadamente. 5 de mayo de 2024 CHASCOM\u00daS -\u00a0 \u00a0Por circunstancias que se tratan de establecer, un veh\u00edculo que est\u00e1ba circulando en sentido Sur-Norte, despist\u00f3 y vuelc\u00f3, sobre la Ruta 2 km 137 desc. quedando sobre lateral a escasos metros de la V\u00eda.\u2026","rel":"","context":"En \u00abDESTACADAS\u00bb","block_context":{"text":"DESTACADAS","link":"https:\/\/larevistadigital.com.ar\/blog\/category\/destacadas\/"},"img":{"alt_text":"","src":"https:\/\/i0.wp.com\/larevistadigital.com.ar\/blog\/wp-content\/uploads\/WhatsApp-Image-2024-05-05-at-22.41.37.jpeg?fit=1200%2C900&ssl=1&resize=350%2C200","width":350,"height":200,"srcset":"https:\/\/i0.wp.com\/larevistadigital.com.ar\/blog\/wp-content\/uploads\/WhatsApp-Image-2024-05-05-at-22.41.37.jpeg?fit=1200%2C900&ssl=1&resize=350%2C200 1x, https:\/\/i0.wp.com\/larevistadigital.com.ar\/blog\/wp-content\/uploads\/WhatsApp-Image-2024-05-05-at-22.41.37.jpeg?fit=1200%2C900&ssl=1&resize=525%2C300 1.5x, https:\/\/i0.wp.com\/larevistadigital.com.ar\/blog\/wp-content\/uploads\/WhatsApp-Image-2024-05-05-at-22.41.37.jpeg?fit=1200%2C900&ssl=1&resize=700%2C400 2x, https:\/\/i0.wp.com\/larevistadigital.com.ar\/blog\/wp-content\/uploads\/WhatsApp-Image-2024-05-05-at-22.41.37.jpeg?fit=1200%2C900&ssl=1&resize=1050%2C600 3x"},"classes":[]},{"id":31141,"url":"https:\/\/larevistadigital.com.ar\/blog\/ruta-2-despiste-vuelco-y-milagro-un-hombre-en-grave-estado-quedo-internado\/","url_meta":{"origin":195,"position":1},"title":"RUTA 2: DESPISTE, VUELCO Y MILAGRO. UN HOMBRE EN GRAVE ESTADO QUED\u00d3 INTERNADO","author":"Alejandro Sosa Ruda","date":"20 abril, 2023","format":false,"excerpt":"El conductor de una camioneta perdi\u00f3 el control y sufri\u00f3 un grav\u00edsimo vuelco en la banquina de la autov\u00eda. Fue internado y se encuentra en estado cr\u00edtico. 20 de abril de 2023 LEZAMA -\u00a0 Un brutal accidente de tr\u00e1nsito estuvo a punto de terminar en tragedia en las primeras horas\u2026","rel":"","context":"En \u00abINTERES GENERAL\u00bb","block_context":{"text":"INTERES GENERAL","link":"https:\/\/larevistadigital.com.ar\/blog\/category\/interes-general\/"},"img":{"alt_text":"","src":"https:\/\/i0.wp.com\/larevistadigital.com.ar\/blog\/wp-content\/uploads\/1681997589303.jpeg?fit=1200%2C594&ssl=1&resize=350%2C200","width":350,"height":200,"srcset":"https:\/\/i0.wp.com\/larevistadigital.com.ar\/blog\/wp-content\/uploads\/1681997589303.jpeg?fit=1200%2C594&ssl=1&resize=350%2C200 1x, https:\/\/i0.wp.com\/larevistadigital.com.ar\/blog\/wp-content\/uploads\/1681997589303.jpeg?fit=1200%2C594&ssl=1&resize=525%2C300 1.5x, https:\/\/i0.wp.com\/larevistadigital.com.ar\/blog\/wp-content\/uploads\/1681997589303.jpeg?fit=1200%2C594&ssl=1&resize=700%2C400 2x, https:\/\/i0.wp.com\/larevistadigital.com.ar\/blog\/wp-content\/uploads\/1681997589303.jpeg?fit=1200%2C594&ssl=1&resize=1050%2C600 3x"},"classes":[]},{"id":8864,"url":"https:\/\/larevistadigital.com.ar\/blog\/despiste-y-caida-sobre-el-puente-distribuidor-de-autovia-2-y-ruta-63\/","url_meta":{"origin":195,"position":2},"title":"DESPISTE Y CA\u00cdDA SOBRE EL PUENTE DISTRIBUIDOR DE AUTOV\u00cdA 2 Y RUTA 63","author":"Alejandro Sosa Ruda","date":"3 marzo, 2019","format":false,"excerpt":"El hecho ocurri\u00f3 este domingo, poco despu\u00e9s de las 14:30 hs. en el puente distribuidor de la autov\u00eda 2 y la ruta 63. Una moto marca Zanella Patagonian Eagle 150 en la que viajaban dos j\u00f3venes (masculino y femenina) por motivos que se desconocen, el conductor pierde el control del\u2026","rel":"","context":"En \u00abDOLORES\u00bb","block_context":{"text":"DOLORES","link":"https:\/\/larevistadigital.com.ar\/blog\/category\/dolores\/"},"img":{"alt_text":"","src":"https:\/\/i0.wp.com\/larevistadigital.com.ar\/blog\/wp-content\/uploads\/2019\/03\/Screenshot_1-2.jpg?fit=863%2C581&ssl=1&resize=350%2C200","width":350,"height":200,"srcset":"https:\/\/i0.wp.com\/larevistadigital.com.ar\/blog\/wp-content\/uploads\/2019\/03\/Screenshot_1-2.jpg?fit=863%2C581&ssl=1&resize=350%2C200 1x, https:\/\/i0.wp.com\/larevistadigital.com.ar\/blog\/wp-content\/uploads\/2019\/03\/Screenshot_1-2.jpg?fit=863%2C581&ssl=1&resize=525%2C300 1.5x, https:\/\/i0.wp.com\/larevistadigital.com.ar\/blog\/wp-content\/uploads\/2019\/03\/Screenshot_1-2.jpg?fit=863%2C581&ssl=1&resize=700%2C400 2x"},"classes":[]},{"id":4039,"url":"https:\/\/larevistadigital.com.ar\/blog\/impresionante-choque-2-vehiculos-la-autovia-2\/","url_meta":{"origin":195,"position":3},"title":"Impresionante choque entre 2 veh\u00edculos en la Autov\u00eda 2","author":"admin","date":"26 noviembre, 2017","format":false,"excerpt":"Por causas que se ignoran, se produjo un accidente automovil\u00edstico pasado el mediod\u00eda de este domingo 26 a la altura del kil\u00f3metro 147 de la autov\u00eda 2, en jurisdicci\u00f3n del partido de Lezama, en el carril con sentido hacia la Capital Federal. Seg\u00fan ocasionales testigos, un veh\u00edculo utilitario colision\u00f3 con\u2026","rel":"","context":"En \u00abLEZAMA\u00bb","block_context":{"text":"LEZAMA","link":"https:\/\/larevistadigital.com.ar\/blog\/category\/lezama\/"},"img":{"alt_text":"","src":"https:\/\/i0.wp.com\/larevistadigital.com.ar\/blog\/wp-content\/uploads\/2017\/11\/CHOQUE-LEZAMA1-Copiar-e1511766843243.jpg?fit=602%2C352&ssl=1&resize=350%2C200","width":350,"height":200,"srcset":"https:\/\/i0.wp.com\/larevistadigital.com.ar\/blog\/wp-content\/uploads\/2017\/11\/CHOQUE-LEZAMA1-Copiar-e1511766843243.jpg?fit=602%2C352&ssl=1&resize=350%2C200 1x, https:\/\/i0.wp.com\/larevistadigital.com.ar\/blog\/wp-content\/uploads\/2017\/11\/CHOQUE-LEZAMA1-Copiar-e1511766843243.jpg?fit=602%2C352&ssl=1&resize=525%2C300 1.5x"},"classes":[]},{"id":37577,"url":"https:\/\/larevistadigital.com.ar\/blog\/tragedia-en-castelli-un-muerto-y-cuatro-heridos-tras-el-despiste-de-un-micro-en-la-ruta-2\/","url_meta":{"origin":195,"position":4},"title":"Tragedia en Castelli: un muerto y cuatro heridos tras el despiste de un micro en la ruta 2","author":"Alejandro Sosa Ruda","date":"20 octubre, 2024","format":false,"excerpt":"Accidente fatal, se desconocen a\u00fan las causas que lo originaron. 20 de Octubre de 2024 CASTELLI -\u00a0 \u00a0En un fatal accidente un colectivo de la empresa PlataBus,\u00a0\u200bdespist\u00f3 a la altura del kil\u00f3metro 185 de la Autov\u00eda 2\u00a0en la mano hacia\u00a0 Mar del Plata.\u00a0 La causa del siniestro, habr\u00eda sido una\u2026","rel":"","context":"En \u00abCASTELLI\u00bb","block_context":{"text":"CASTELLI","link":"https:\/\/larevistadigital.com.ar\/blog\/category\/castelli\/"},"img":{"alt_text":"","src":"https:\/\/i0.wp.com\/larevistadigital.com.ar\/blog\/wp-content\/uploads\/fb6419854f90c4174408b94ad6806f38f4326539.jpg?fit=1140%2C630&ssl=1&resize=350%2C200","width":350,"height":200,"srcset":"https:\/\/i0.wp.com\/larevistadigital.com.ar\/blog\/wp-content\/uploads\/fb6419854f90c4174408b94ad6806f38f4326539.jpg?fit=1140%2C630&ssl=1&resize=350%2C200 1x, https:\/\/i0.wp.com\/larevistadigital.com.ar\/blog\/wp-content\/uploads\/fb6419854f90c4174408b94ad6806f38f4326539.jpg?fit=1140%2C630&ssl=1&resize=525%2C300 1.5x, https:\/\/i0.wp.com\/larevistadigital.com.ar\/blog\/wp-content\/uploads\/fb6419854f90c4174408b94ad6806f38f4326539.jpg?fit=1140%2C630&ssl=1&resize=700%2C400 2x, https:\/\/i0.wp.com\/larevistadigital.com.ar\/blog\/wp-content\/uploads\/fb6419854f90c4174408b94ad6806f38f4326539.jpg?fit=1140%2C630&ssl=1&resize=1050%2C600 3x"},"classes":[]},{"id":5958,"url":"https:\/\/larevistadigital.com.ar\/blog\/interceptaron-un-auto-con-importante-cantidad-de-drogas-en-la-autovia-2\/","url_meta":{"origin":195,"position":5},"title":"interceptaron un auto con importante cantidad de drogas en la Autov\u00eda 2","author":"admin","date":"8 julio, 2018","format":false,"excerpt":"Se logr\u00f3 secuestrar ocho ladrillos de marihuana que eran transportados en un veh\u00edculo Peugeot 206 de color gris proveniente de la Ciudad Aut\u00f3noma de Buenos Aires. Desde la Superintendencia de Investigaciones del trafico de drogas il\u00edcitas y Crimen Organizado de la Provincia de Buenos Aires a cargo del Comisario General\u2026","rel":"","context":"En \u00abLEZAMA\u00bb","block_context":{"text":"LEZAMA","link":"https:\/\/larevistadigital.com.ar\/blog\/category\/lezama\/"},"img":{"alt_text":"","src":"https:\/\/i0.wp.com\/larevistadigital.com.ar\/blog\/wp-content\/uploads\/2018\/07\/resize_1530185976.jpg?fit=696%2C522&ssl=1&resize=350%2C200","width":350,"height":200,"srcset":"https:\/\/i0.wp.com\/larevistadigital.com.ar\/blog\/wp-content\/uploads\/2018\/07\/resize_1530185976.jpg?fit=696%2C522&ssl=1&resize=350%2C200 1x, https:\/\/i0.wp.com\/larevistadigital.com.ar\/blog\/wp-content\/uploads\/2018\/07\/resize_1530185976.jpg?fit=696%2C522&ssl=1&resize=525%2C300 1.5x"},"classes":[]}],"_links":{"self":[{"href":"https:\/\/larevistadigital.com.ar\/blog\/wp-json\/wp\/v2\/posts\/195","targetHints":{"allow":["GET"]}}],"collection":[{"href":"https:\/\/larevistadigital.com.ar\/blog\/wp-json\/wp\/v2\/posts"}],"about":[{"href":"https:\/\/larevistadigital.com.ar\/blog\/wp-json\/wp\/v2\/types\/post"}],"author":[{"embeddable":true,"href":"https:\/\/larevistadigital.com.ar\/blog\/wp-json\/wp\/v2\/users\/2"}],"replies":[{"embeddable":true,"href":"https:\/\/larevistadigital.com.ar\/blog\/wp-json\/wp\/v2\/comments?post=195"}],"version-history":[{"count":1,"href":"https:\/\/larevistadigital.com.ar\/blog\/wp-json\/wp\/v2\/posts\/195\/revisions"}],"predecessor-version":[{"id":197,"href":"https:\/\/larevistadigital.com.ar\/blog\/wp-json\/wp\/v2\/posts\/195\/revisions\/197"}],"wp:featuredmedia":[{"embeddable":true,"href":"https:\/\/larevistadigital.com.ar\/blog\/wp-json\/wp\/v2\/media\/196"}],"wp:attachment":[{"href":"https:\/\/larevistadigital.com.ar\/blog\/wp-json\/wp\/v2\/media?parent=195"}],"wp:term":[{"taxonomy":"category","embeddable":true,"href":"https:\/\/larevistadigital.com.ar\/blog\/wp-json\/wp\/v2\/categories?post=195"},{"taxonomy":"post_tag","embeddable":true,"href":"https:\/\/larevistadigital.com.ar\/blog\/wp-json\/wp\/v2\/tags?post=195"}],"curies":[{"name":"wp","href":"https:\/\/api.w.org\/{rel}","templated":true}]}}