{"id":19641,"date":"2021-04-13T18:41:41","date_gmt":"2021-04-13T18:41:41","guid":{"rendered":"https:\/\/larevistadigital.com.ar\/blog\/?p=19641"},"modified":"2021-04-13T18:41:41","modified_gmt":"2021-04-13T18:41:41","slug":"grave-perdida-para-el-municipio-por-un-olvido-que-ademas-puede-costar-juicios-a-la-comuna","status":"publish","type":"post","link":"https:\/\/larevistadigital.com.ar\/blog\/grave-perdida-para-el-municipio-por-un-olvido-que-ademas-puede-costar-juicios-a-la-comuna\/","title":{"rendered":"GRAVE P\u00c9RDIDA PARA EL MUNICIPIO POR UN \u00abOLVIDO\u00bb QUE ADEM\u00c1S PUEDE COSTAR JUICIOS A LA COMUNA"},"content":{"rendered":"<p><strong>CHASCOM\u00daS &#8211;<\/strong> En los \u00faltimos d\u00edas, y debido a la oportuna consulta realizada por el Bloque Cambiemos por ante el Honorable Tribunal de Cuentas, nos enteramos que desde el Departamento Ejecutivo se olvidaron de publicar la ordenanza Fiscal y la ordenanza Impositiva 2020 en el Bolet\u00edn Oficial, y por ese motivo\u00a0 nunca estuvo vigente.<\/p>\n<blockquote>\n<h3><strong>Esto significa, lisa y llanamente que las tasas por el concepto que sea , Servicios Generales, Servicios Sanitarios, Seguridad e Higiene, Ocupaci\u00f3n del Espacio P\u00fablico, por nombrar algunas, que fueron aumentadas con respecto al a\u00f1o 2019 durante 2020, al no haber sido publicadas, no cuentan con sustento legal su aumento y por lo tanto deber\u00edan devolver los importes a cada contribuyente.<\/strong><\/h3>\n<\/blockquote>\n<p>A veces, no es tan extraordinario el olvido en publicar en el Bolet\u00edn Oficial, ocurri\u00f3 con <strong>la Ordenanza fiscal 2021<\/strong>. Y reci\u00e9n <strong>fue publicada el 05\/04\/21<\/strong>. \u00bfEs una costumbre?<\/p>\n<blockquote>\n<h3>En este preciso momento, nos detenemos. Y ac\u00e1 nos hacemos una pregunta respecto de una tasa que fuera muy comentada durante lo que va del corriente a\u00f1o. La del estacionamiento Medido.<\/h3>\n<\/blockquote>\n<p>Esta ordenanza preve\u00eda un tiempo de 15 minutos de gracia, para que cuando uno iba, paraba 5 minutos en un kiosco a comprar cigarrillos o caramelos, en la panader\u00eda por medio kilo de pan, en la farmacia por una tirita de ibuprofeno y segu\u00eda no fuera necesario el pago del tributo. Ese fue el esp\u00edritu de la norma. Ordenar, cobrar, pero no abusar.<\/p>\n<blockquote>\n<h3>Pero la Ordenanza <strong>Fiscal 2021<\/strong>, en su Articulo 34\u00b0 3, dice:\u00a0<em><span style=\"font-size: 18.72px\">Der\u00f3guese<\/span>\u00a0la franquicia establecida en el Art 19\u00b0 de la ordenanza N\u00b0 3502, introducida por el Art 4\u00b0 de la Ordenanza N\u00b0 4700,<\/em>\u00a0 ESTO QUIERE DECIR QUE LOS 15 MINUTOS NO VAN MAS Y DONDE ESTACIONAS UN MINUTO Y TE TOMAN LA PATENTE O PAGAS EL ESTACIONAMIENTO O TE COBRO MULTA.\u00a0\u00a0 Y as\u00ed funciona este a\u00f1o\u2026<\/h3>\n<\/blockquote>\n<h3>AHORA NOS PREGUNTAMOS?<\/h3>\n<p>Si\u00a0 el articulo 34\u00b03 de la fiscal 2021 modifica una ordenanza vigente, pero la Ordenanza fiscal 2021 <strong>NO ESTUVO VIGENTE HASTA SU PUBLICACION EL DIA 05\/04\/21<\/strong>,\u2026.<\/p>\n<p><strong>ENTONCES<\/strong>.. las multas cobradas hasta ese d\u00eda&#8230; \u00bfSer\u00edan ilegales y deber\u00edan devolver los importes?<\/p>\n<p><img data-recalc-dims=\"1\" loading=\"lazy\" decoding=\"async\" class=\"alignnone size-full wp-image-19642\" src=\"https:\/\/i0.wp.com\/larevistadigital.com.ar\/blog\/wp-content\/uploads\/WhatsApp-Image-2021-04-09-at-20.39.22-e1618337876205.jpeg?resize=1280%2C688&#038;ssl=1\" alt=\"\" width=\"1280\" height=\"688\" srcset=\"https:\/\/i0.wp.com\/larevistadigital.com.ar\/blog\/wp-content\/uploads\/WhatsApp-Image-2021-04-09-at-20.39.22-e1618337876205.jpeg?w=1280&amp;ssl=1 1280w, https:\/\/i0.wp.com\/larevistadigital.com.ar\/blog\/wp-content\/uploads\/WhatsApp-Image-2021-04-09-at-20.39.22-e1618337876205.jpeg?resize=300%2C161&amp;ssl=1 300w, https:\/\/i0.wp.com\/larevistadigital.com.ar\/blog\/wp-content\/uploads\/WhatsApp-Image-2021-04-09-at-20.39.22-e1618337876205.jpeg?resize=1024%2C550&amp;ssl=1 1024w, https:\/\/i0.wp.com\/larevistadigital.com.ar\/blog\/wp-content\/uploads\/WhatsApp-Image-2021-04-09-at-20.39.22-e1618337876205.jpeg?resize=768%2C413&amp;ssl=1 768w\" sizes=\"auto, (max-width: 1000px) 100vw, 1000px\" \/><\/p>\n<p><img data-recalc-dims=\"1\" loading=\"lazy\" decoding=\"async\" class=\"alignnone size-full wp-image-19643\" src=\"https:\/\/i0.wp.com\/larevistadigital.com.ar\/blog\/wp-content\/uploads\/WhatsApp-Image-2021-04-09-at-20.39.22-1-e1618337940819.jpeg?resize=1280%2C960&#038;ssl=1\" alt=\"\" width=\"1280\" height=\"960\" \/><\/p>\n<p>&nbsp;<\/p>\n<p>&nbsp;<\/p>\n<p>&nbsp;<\/p>\n","protected":false},"excerpt":{"rendered":"<div class=\"mh-excerpt\"><p>CHASCOM\u00daS &#8211; En los \u00faltimos d\u00edas, y debido a la oportuna consulta realizada por el Bloque Cambiemos por ante el Honorable Tribunal de Cuentas, nos enteramos que desde el Departamento Ejecutivo se olvidaron de publicar <a class=\"mh-excerpt-more\" href=\"https:\/\/larevistadigital.com.ar\/blog\/grave-perdida-para-el-municipio-por-un-olvido-que-ademas-puede-costar-juicios-a-la-comuna\/\" title=\"GRAVE P\u00c9RDIDA PARA EL MUNICIPIO POR UN \u00abOLVIDO\u00bb QUE ADEM\u00c1S PUEDE COSTAR JUICIOS A LA COMUNA\">[Leer M\u00e1s]<\/a><\/p>\n<\/div>","protected":false},"author":3,"featured_media":19642,"comment_status":"open","ping_status":"open","sticky":false,"template":"","format":"standard","meta":{"_jetpack_memberships_contains_paid_content":false,"footnotes":"","jetpack_publicize_message":"","jetpack_publicize_feature_enabled":true,"jetpack_social_post_already_shared":true,"jetpack_social_options":{"image_generator_settings":{"template":"highway","default_image_id":0,"font":"","enabled":false},"version":2}},"categories":[41],"tags":[],"class_list":{"0":"post-19641","1":"post","2":"type-post","3":"status-publish","4":"format-standard","5":"has-post-thumbnail","7":"category-destacadas"},"jetpack_publicize_connections":[],"jetpack_featured_media_url":"https:\/\/i0.wp.com\/larevistadigital.com.ar\/blog\/wp-content\/uploads\/WhatsApp-Image-2021-04-09-at-20.39.22-e1618337876205.jpeg?fit=1280%2C688&ssl=1","jetpack_sharing_enabled":true,"jetpack_shortlink":"https:\/\/wp.me\/p8qtrQ-56N","jetpack-related-posts":[{"id":17245,"url":"https:\/\/larevistadigital.com.ar\/blog\/la-ucr-presento-un-proyecto-de-consulta-popular-por-el-tema-del-basurero-regional-en-chascomus\/","url_meta":{"origin":19641,"position":0},"title":"LA UCR PRESENT\u00d3 UN PROYECTO DE CONSULTA POPULAR POR EL TEMA DEL \u00abBASURERO REGIONAL EN CHASCOM\u00daS\u00bb","author":"Alejandro Sosa Ruda","date":"27 octubre, 2020","format":false,"excerpt":"Mientras que desde el Departamento Ejecutivo de Chascom\u00fas se pretende hacer aprobar una ordenanza en la sesi\u00f3n del d\u00eda jueves pr\u00f3ximo, donde se lo faculte a contratar o acordar lo que desee con respecto del tema de traer la basura de otros distritos a Chascom\u00fas, sin posibilidad de discusi\u00f3n por\u2026","rel":"","context":"En \u00abINTERES GENERAL\u00bb","block_context":{"text":"INTERES GENERAL","link":"https:\/\/larevistadigital.com.ar\/blog\/category\/interes-general\/"},"img":{"alt_text":"","src":"https:\/\/i0.wp.com\/larevistadigital.com.ar\/blog\/wp-content\/uploads\/consulta-popular.jpeg?fit=750%2C375&ssl=1&resize=350%2C200","width":350,"height":200,"srcset":"https:\/\/i0.wp.com\/larevistadigital.com.ar\/blog\/wp-content\/uploads\/consulta-popular.jpeg?fit=750%2C375&ssl=1&resize=350%2C200 1x, https:\/\/i0.wp.com\/larevistadigital.com.ar\/blog\/wp-content\/uploads\/consulta-popular.jpeg?fit=750%2C375&ssl=1&resize=525%2C300 1.5x, https:\/\/i0.wp.com\/larevistadigital.com.ar\/blog\/wp-content\/uploads\/consulta-popular.jpeg?fit=750%2C375&ssl=1&resize=700%2C400 2x"},"classes":[]},{"id":29071,"url":"https:\/\/larevistadigital.com.ar\/blog\/chascomus-el-instituto-republica-denuncia-que-pasaron-mas-de-cien-dias-sin-publicaciones-en-el-boletin-oficial-municipal\/","url_meta":{"origin":19641,"position":1},"title":"CHASCOM\u00daS: EL INSTITUTO REP\u00daBLICA DENUNCIA QUE PASARON M\u00c1S DE CIEN D\u00cdAS SIN PUBLICACIONES EN EL BOLET\u00cdN OFICIAL MUNICIPAL","author":"Alejandro Sosa Ruda","date":"25 noviembre, 2022","format":false,"excerpt":"Hicieron llegar su preocupaci\u00f3n por esta situaci\u00f3n que consideran \"preocupante d\u00e9ficit de transparencia\" de parte del gobierno municipal. 25 de noviembre de 2022 Desde el Instituto Rep\u00fablica Chascom\u00fas advierten sobre el preocupante d\u00e9ficit en materia de transparencia de la administraci\u00f3n Gast\u00f3n. Seg\u00fan la investigaci\u00f3n realizada por los equipos t\u00e9cnicos locales\u2026","rel":"","context":"En \u00abCHASCOM\u00daS\u00bb","block_context":{"text":"CHASCOM\u00daS","link":"https:\/\/larevistadigital.com.ar\/blog\/category\/chascomus\/"},"img":{"alt_text":"","src":"https:\/\/i0.wp.com\/larevistadigital.com.ar\/blog\/wp-content\/uploads\/en-terapia.jpg?fit=900%2C588&ssl=1&resize=350%2C200","width":350,"height":200,"srcset":"https:\/\/i0.wp.com\/larevistadigital.com.ar\/blog\/wp-content\/uploads\/en-terapia.jpg?fit=900%2C588&ssl=1&resize=350%2C200 1x, https:\/\/i0.wp.com\/larevistadigital.com.ar\/blog\/wp-content\/uploads\/en-terapia.jpg?fit=900%2C588&ssl=1&resize=525%2C300 1.5x, https:\/\/i0.wp.com\/larevistadigital.com.ar\/blog\/wp-content\/uploads\/en-terapia.jpg?fit=900%2C588&ssl=1&resize=700%2C400 2x"},"classes":[]},{"id":19258,"url":"https:\/\/larevistadigital.com.ar\/blog\/tacticas-y-estrategias-de-turismo-en-chascomus\/","url_meta":{"origin":19641,"position":2},"title":"T\u00c1CTICAS Y ESTRATEGIAS DE TURISMO EN CH\u00c1SCOM\u00daS","author":"Alejandro Sosa Ruda","date":"15 marzo, 2021","format":false,"excerpt":"D\u00edas pasados en el bolet\u00edn oficial de la Municipalidad, se informaba que dos concesiones de camping venc\u00edan en abril, y otras dos se volver\u00e1n a licitar, para lo cual el \u00e1rea de Turismo se encuentra en la elaboraci\u00f3n de los pliegos de bases y condiciones para modernizar los servicios ,..\u201dtransformando\u2026","rel":"","context":"En \u00abCHASCOM\u00daS\u00bb","block_context":{"text":"CHASCOM\u00daS","link":"https:\/\/larevistadigital.com.ar\/blog\/category\/chascomus\/"},"img":{"alt_text":"","src":"https:\/\/i0.wp.com\/larevistadigital.com.ar\/blog\/wp-content\/uploads\/auto-decorativo.jpg?fit=1200%2C675&ssl=1&resize=350%2C200","width":350,"height":200,"srcset":"https:\/\/i0.wp.com\/larevistadigital.com.ar\/blog\/wp-content\/uploads\/auto-decorativo.jpg?fit=1200%2C675&ssl=1&resize=350%2C200 1x, https:\/\/i0.wp.com\/larevistadigital.com.ar\/blog\/wp-content\/uploads\/auto-decorativo.jpg?fit=1200%2C675&ssl=1&resize=525%2C300 1.5x, https:\/\/i0.wp.com\/larevistadigital.com.ar\/blog\/wp-content\/uploads\/auto-decorativo.jpg?fit=1200%2C675&ssl=1&resize=700%2C400 2x, https:\/\/i0.wp.com\/larevistadigital.com.ar\/blog\/wp-content\/uploads\/auto-decorativo.jpg?fit=1200%2C675&ssl=1&resize=1050%2C600 3x"},"classes":[]},{"id":25281,"url":"https:\/\/larevistadigital.com.ar\/blog\/el-enacom-autorizo-aumentos-de-hasta-el-95-en-los-servicios-de-telefonia-internet-y-tv\/","url_meta":{"origin":19641,"position":3},"title":"EL ENACOM AUTORIZ\u00d3 AUMENTOS DE HASTA EL 9,5% EN LOS SERVICIOS DE TELEFON\u00cdA, INTERNET Y TV","author":"Alejandro Sosa Ruda","date":"26 abril, 2022","format":false,"excerpt":"Mediante la resoluci\u00f3n 725\/2022 publicada este lunes en el Bolet\u00edn Oficial, el Enacom estableci\u00f3 que las licenciatarias podr\u00e1n aplicar a partir del 1 de mayo un incremento en el valor de los precios minoristas de cualquiera de sus planes en las modalidades pospagas y mixtas de hasta 9,5%, y una\u2026","rel":"","context":"En \u00abINTERES GENERAL\u00bb","block_context":{"text":"INTERES GENERAL","link":"https:\/\/larevistadigital.com.ar\/blog\/category\/interes-general\/"},"img":{"alt_text":"","src":"https:\/\/i0.wp.com\/larevistadigital.com.ar\/blog\/wp-content\/uploads\/20220425154526_telee.jpg?fit=880%2C512&ssl=1&resize=350%2C200","width":350,"height":200,"srcset":"https:\/\/i0.wp.com\/larevistadigital.com.ar\/blog\/wp-content\/uploads\/20220425154526_telee.jpg?fit=880%2C512&ssl=1&resize=350%2C200 1x, https:\/\/i0.wp.com\/larevistadigital.com.ar\/blog\/wp-content\/uploads\/20220425154526_telee.jpg?fit=880%2C512&ssl=1&resize=525%2C300 1.5x, https:\/\/i0.wp.com\/larevistadigital.com.ar\/blog\/wp-content\/uploads\/20220425154526_telee.jpg?fit=880%2C512&ssl=1&resize=700%2C400 2x"},"classes":[]},{"id":2008,"url":"https:\/\/larevistadigital.com.ar\/blog\/vecinos-de-ramallo-piden-que-se-examine-la-potabilidad-del-agua-el-municipio-se-hace-el-desentendido\/","url_meta":{"origin":19641,"position":4},"title":"VECINOS DE RAMALLO PIDEN QUE SE EXAMINE LA POTABILIDAD DEL AGUA. EL MUNICIPIO SE HACE EL DESENTENDIDO","author":"Alejandro Sosa Ruda","date":"15 abril, 2017","format":false,"excerpt":"Los vecinos de la ciudad de Ramallo, perteneciente a la segunda secci\u00f3n electoral, han manifestado su desaz\u00f3n e impotencia, ya que desde hace meses vienen reclamando al municipio que d\u00e9 respuestas con respecto a la potabilidad del agua, pero no han sido escuchados., seg\u00fan informa la agencia de noticias \u201cSecciones\u2026","rel":"","context":"En \u00abDESTACADAS\u00bb","block_context":{"text":"DESTACADAS","link":"https:\/\/larevistadigital.com.ar\/blog\/category\/destacadas\/"},"img":{"alt_text":"","src":"https:\/\/i0.wp.com\/larevistadigital.com.ar\/blog\/wp-content\/uploads\/2017\/04\/bbx_193840059_rama.jpg?fit=1200%2C544&ssl=1&resize=350%2C200","width":350,"height":200,"srcset":"https:\/\/i0.wp.com\/larevistadigital.com.ar\/blog\/wp-content\/uploads\/2017\/04\/bbx_193840059_rama.jpg?fit=1200%2C544&ssl=1&resize=350%2C200 1x, https:\/\/i0.wp.com\/larevistadigital.com.ar\/blog\/wp-content\/uploads\/2017\/04\/bbx_193840059_rama.jpg?fit=1200%2C544&ssl=1&resize=525%2C300 1.5x, https:\/\/i0.wp.com\/larevistadigital.com.ar\/blog\/wp-content\/uploads\/2017\/04\/bbx_193840059_rama.jpg?fit=1200%2C544&ssl=1&resize=700%2C400 2x, https:\/\/i0.wp.com\/larevistadigital.com.ar\/blog\/wp-content\/uploads\/2017\/04\/bbx_193840059_rama.jpg?fit=1200%2C544&ssl=1&resize=1050%2C600 3x"},"classes":[]},{"id":13962,"url":"https:\/\/larevistadigital.com.ar\/blog\/aumento-de-tasas-por-servicios-generales-del-120-vecinos-de-calle-peru-y-comerciantes-del-centro-deberan-pagar-la-contribucion-de-mejoras\/","url_meta":{"origin":19641,"position":5},"title":"\u00bfAUMENTO DE TASAS POR SERVICIOS GENERALES DEL 120%? \u00bfVECINOS DE CALLE PER\u00da, Y COMERCIANTES DEL CENTRO DEBER\u00c1N PAGAR LA \u00abCONTRIBUCI\u00d3N DE MEJORAS\u00bb?","author":"Alejandro Sosa Ruda","date":"3 enero, 2020","format":false,"excerpt":"Ordenanza Fiscal e Impositiva Hoy la tratar\u00e1 la Asamblea de Asamblea de Concejales y Mayores Contribuyentes \u2013 Tambi\u00e9n destaca que el nuevo tributo por conservaci\u00f3n y mejora de la red vial urbana se materializar\u00e1 en el pago de $ 0,32 m\u00e1s por litro de nafta \u2013 Adem\u00e1s resalta que los\u2026","rel":"","context":"En \u00abCHASCOM\u00daS\u00bb","block_context":{"text":"CHASCOM\u00daS","link":"https:\/\/larevistadigital.com.ar\/blog\/category\/chascomus\/"},"img":{"alt_text":"","src":"https:\/\/i0.wp.com\/larevistadigital.com.ar\/blog\/wp-content\/uploads\/2018\/09\/concejo-chascomus.jpg?fit=954%2C768&ssl=1&resize=350%2C200","width":350,"height":200,"srcset":"https:\/\/i0.wp.com\/larevistadigital.com.ar\/blog\/wp-content\/uploads\/2018\/09\/concejo-chascomus.jpg?fit=954%2C768&ssl=1&resize=350%2C200 1x, https:\/\/i0.wp.com\/larevistadigital.com.ar\/blog\/wp-content\/uploads\/2018\/09\/concejo-chascomus.jpg?fit=954%2C768&ssl=1&resize=525%2C300 1.5x, https:\/\/i0.wp.com\/larevistadigital.com.ar\/blog\/wp-content\/uploads\/2018\/09\/concejo-chascomus.jpg?fit=954%2C768&ssl=1&resize=700%2C400 2x"},"classes":[]}],"_links":{"self":[{"href":"https:\/\/larevistadigital.com.ar\/blog\/wp-json\/wp\/v2\/posts\/19641","targetHints":{"allow":["GET"]}}],"collection":[{"href":"https:\/\/larevistadigital.com.ar\/blog\/wp-json\/wp\/v2\/posts"}],"about":[{"href":"https:\/\/larevistadigital.com.ar\/blog\/wp-json\/wp\/v2\/types\/post"}],"author":[{"embeddable":true,"href":"https:\/\/larevistadigital.com.ar\/blog\/wp-json\/wp\/v2\/users\/3"}],"replies":[{"embeddable":true,"href":"https:\/\/larevistadigital.com.ar\/blog\/wp-json\/wp\/v2\/comments?post=19641"}],"version-history":[{"count":1,"href":"https:\/\/larevistadigital.com.ar\/blog\/wp-json\/wp\/v2\/posts\/19641\/revisions"}],"predecessor-version":[{"id":19644,"href":"https:\/\/larevistadigital.com.ar\/blog\/wp-json\/wp\/v2\/posts\/19641\/revisions\/19644"}],"wp:featuredmedia":[{"embeddable":true,"href":"https:\/\/larevistadigital.com.ar\/blog\/wp-json\/wp\/v2\/media\/19642"}],"wp:attachment":[{"href":"https:\/\/larevistadigital.com.ar\/blog\/wp-json\/wp\/v2\/media?parent=19641"}],"wp:term":[{"taxonomy":"category","embeddable":true,"href":"https:\/\/larevistadigital.com.ar\/blog\/wp-json\/wp\/v2\/categories?post=19641"},{"taxonomy":"post_tag","embeddable":true,"href":"https:\/\/larevistadigital.com.ar\/blog\/wp-json\/wp\/v2\/tags?post=19641"}],"curies":[{"name":"wp","href":"https:\/\/api.w.org\/{rel}","templated":true}]}}