{"id":19645,"date":"2021-04-14T15:00:02","date_gmt":"2021-04-14T15:00:02","guid":{"rendered":"https:\/\/larevistadigital.com.ar\/blog\/?p=19645"},"modified":"2021-04-14T15:00:02","modified_gmt":"2021-04-14T15:00:02","slug":"las-medidas-que-se-evaluan-para-tratar-de-poner-freno-a-los-contagios-de-covid","status":"publish","type":"post","link":"https:\/\/larevistadigital.com.ar\/blog\/las-medidas-que-se-evaluan-para-tratar-de-poner-freno-a-los-contagios-de-covid\/","title":{"rendered":"LAS MEDIDAS QUE SE EVAL\u00daAN PARA TRATAR DE PONER FRENO A LOS CONTAGIOS DE COVID"},"content":{"rendered":"<h2>Luego de una reuni\u00f3n que se llev\u00f3 a cabo en el \u00e1mbito del Gobierno, se est\u00e1n analizando medidas a efectos de disminuir el tr\u00e1nsito de personas, y evitar el colapso total de los sistemas de salud.<\/h2>\n<p>Desde fuentes oficiales, se advirti\u00f3 que el gobierno analiz\u00f3 la posibilidad de tomar\u00a0<strong>medidas focalizadas para disminuir los contagios de coronavirus<\/strong>. De hecho se habla de restricciones \u00abfuertes intermitentes y focalizadas\u00bb que se aplicar\u00edan sobre\u00a0<strong>actividades espec\u00edficas no esenciales por un per\u00edodo de tiempo, sin pr\u00f3rrogas<\/strong>. Entre otras cuestiones, se charl\u00f3\u00a0<strong>suspender\u00a0por 15 d\u00edas las actividades recreativas<\/strong>.<\/p>\n<blockquote>\n<h3>Es que\u00a0la Casa Rosada busca una\u00a0<strong>alternativa a la cuarentena estricta\u00a0<\/strong>y por eso intenta acordar\u00a0con los gobernadores\u00a0<strong>cierres intermitentes para ganar tiempo en la campa\u00f1a de vacunaci\u00f3n<\/strong>.<\/h3>\n<\/blockquote>\n<p>Por estas horas se discuten los alcances del anuncio que har\u00eda el Gobierno cerca del fin de semana. Prev\u00e9n que sea una\u00a0<strong>comunicaci\u00f3n clara, en la que se anunciar\u00e1n\u00a0que se impondr\u00e1n restricciones a determinadas actividades<\/strong>\u00a0-recreativas y hasta productivas- por un lapso de tiempo.<\/p>\n<blockquote>\n<h3>Se trata de un<strong>\u00a0modelo similar al que ya se implement\u00f3 en varios pa\u00edses de Europa para contener las consecuencias de la segunda ola<\/strong>.<\/h3>\n<\/blockquote>\n<p>Por otro lado, fuentes oficiales indicaron a\u00a0<em>TN\u00a0<\/em>que el gobierno eval\u00faa el cierre total de actividades recreativas en la regi\u00f3n metropolitana que incluir\u00eda a\u00a0<strong>bares, restaurantes, shopping y hasta las actividades deportivas.\u00a0<\/strong>Y analizan\u00a0restringir a\u00fan m\u00e1s la nocturnidad, ya que\u00a0entienden que debido al cansancio social, gran parte de la gente no respeta las recomendaciones e indicaciones oficiales.<\/p>\n<p>En la reuni\u00f3n en Casa Rosada los funcionarios concluyeron que <em><strong>\u00abesta no es una nueva etapa de la pandemia sino que es una nueva pandemia\u00bb<\/strong><\/em>, que requerir\u00e1\u00a0<strong>aun m\u00e1s medidas que las anunciadas el viernes pasado<\/strong>. Ser\u00e1n <em><strong>\u00abrestricciones focalizadas, temporales y a la vez duras, pero para eso se necesita una mirada muy local\u00bb<\/strong><\/em>, precisaron.<\/p>\n<div class=\"contenedor__publicidad\">\n<div class=\"publicidad P12 \">\n<div id=\"eplAdDivvslider\" class=\"epl_ppp_iniciada\"><\/div>\n<\/div>\n<\/div>\n<div class=\"contenedor__publicidad\">\n<div class=\"publicidad P11 \"><\/div>\n<\/div>\n","protected":false},"excerpt":{"rendered":"<div class=\"mh-excerpt\"><p>Luego de una reuni\u00f3n que se llev\u00f3 a cabo en el \u00e1mbito del Gobierno, se est\u00e1n analizando medidas a efectos de disminuir el tr\u00e1nsito de personas, y evitar el colapso total de los sistemas de <a class=\"mh-excerpt-more\" href=\"https:\/\/larevistadigital.com.ar\/blog\/las-medidas-que-se-evaluan-para-tratar-de-poner-freno-a-los-contagios-de-covid\/\" title=\"LAS MEDIDAS QUE SE EVAL\u00daAN PARA TRATAR DE PONER FRENO A LOS CONTAGIOS DE COVID\">[Leer M\u00e1s]<\/a><\/p>\n<\/div>","protected":false},"author":3,"featured_media":19646,"comment_status":"open","ping_status":"open","sticky":false,"template":"","format":"standard","meta":{"_jetpack_memberships_contains_paid_content":false,"footnotes":"","jetpack_publicize_message":"","jetpack_publicize_feature_enabled":true,"jetpack_social_post_already_shared":true,"jetpack_social_options":{"image_generator_settings":{"template":"highway","default_image_id":0,"font":"","enabled":false},"version":2}},"categories":[50],"tags":[],"class_list":{"0":"post-19645","1":"post","2":"type-post","3":"status-publish","4":"format-standard","5":"has-post-thumbnail","7":"category-interes-general"},"jetpack_publicize_connections":[],"jetpack_featured_media_url":"https:\/\/i0.wp.com\/larevistadigital.com.ar\/blog\/wp-content\/uploads\/obtenerfoto.jpg?fit=1335%2C751&ssl=1","jetpack_sharing_enabled":true,"jetpack_shortlink":"https:\/\/wp.me\/p8qtrQ-56R","jetpack-related-posts":[{"id":20532,"url":"https:\/\/larevistadigital.com.ar\/blog\/nuevas-medidas-chascomus-a-fase-2-te-contamos-cuales-son-las-restricciones\/","url_meta":{"origin":19645,"position":0},"title":"NUEVAS MEDIDAS: CHASCOM\u00daS A FASE 2. TE CONTAMOS CUALES SON LAS RESTRICCIONES","author":"Alejandro Sosa Ruda","date":"29 mayo, 2021","format":false,"excerpt":"Desde el \u00e1rea de Prensa de la Municipalidad de Chascom\u00fas, hicieron llegar a nuestra redacci\u00f3n, una comunicaci\u00f3n donde explica los alcances de las nuevas medidas en raz\u00f3n de haber pasado la ciudad a FASE 2. EL COMUNICADO A partir de los anuncios del gobierno provincial se estableci\u00f3 un sistema de\u2026","rel":"","context":"En \u00abCHASCOM\u00daS\u00bb","block_context":{"text":"CHASCOM\u00daS","link":"https:\/\/larevistadigital.com.ar\/blog\/category\/chascomus\/"},"img":{"alt_text":"","src":"https:\/\/i0.wp.com\/larevistadigital.com.ar\/blog\/wp-content\/uploads\/a-fase-2.jpg?fit=900%2C599&ssl=1&resize=350%2C200","width":350,"height":200,"srcset":"https:\/\/i0.wp.com\/larevistadigital.com.ar\/blog\/wp-content\/uploads\/a-fase-2.jpg?fit=900%2C599&ssl=1&resize=350%2C200 1x, https:\/\/i0.wp.com\/larevistadigital.com.ar\/blog\/wp-content\/uploads\/a-fase-2.jpg?fit=900%2C599&ssl=1&resize=525%2C300 1.5x, https:\/\/i0.wp.com\/larevistadigital.com.ar\/blog\/wp-content\/uploads\/a-fase-2.jpg?fit=900%2C599&ssl=1&resize=700%2C400 2x"},"classes":[]},{"id":20423,"url":"https:\/\/larevistadigital.com.ar\/blog\/las-nuevas-medidas-en-chascomus-hasta-el-30-de-mayo\/","url_meta":{"origin":19645,"position":1},"title":"LAS NUEVAS MEDIDAS EN CHASCOM\u00daS HASTA EL 30 DE MAYO","author":"Alejandro Sosa Ruda","date":"22 mayo, 2021","format":false,"excerpt":"Entrar\u00e1n en vigencia a partir de las 00 horas de este s\u00e1bado 22 hasta el domingo 30 de mayo inclusive en la ciudad de Chascom\u00fas. En el marco del Plan de Contingencia frente a la pandemia del Covid \u2013 19, el gobierno municipal dispuso una serie de medidas adhiriendo a\u2026","rel":"","context":"En \u00abDESTACADAS\u00bb","block_context":{"text":"DESTACADAS","link":"https:\/\/larevistadigital.com.ar\/blog\/category\/destacadas\/"},"img":{"alt_text":"","src":"https:\/\/i0.wp.com\/larevistadigital.com.ar\/blog\/wp-content\/uploads\/WhatsApp-Image-2021-05-21-at-17.39.56-e1621652374673.jpeg?fit=1201%2C852&ssl=1&resize=350%2C200","width":350,"height":200,"srcset":"https:\/\/i0.wp.com\/larevistadigital.com.ar\/blog\/wp-content\/uploads\/WhatsApp-Image-2021-05-21-at-17.39.56-e1621652374673.jpeg?fit=1201%2C852&ssl=1&resize=350%2C200 1x, https:\/\/i0.wp.com\/larevistadigital.com.ar\/blog\/wp-content\/uploads\/WhatsApp-Image-2021-05-21-at-17.39.56-e1621652374673.jpeg?fit=1201%2C852&ssl=1&resize=525%2C300 1.5x, https:\/\/i0.wp.com\/larevistadigital.com.ar\/blog\/wp-content\/uploads\/WhatsApp-Image-2021-05-21-at-17.39.56-e1621652374673.jpeg?fit=1201%2C852&ssl=1&resize=700%2C400 2x, https:\/\/i0.wp.com\/larevistadigital.com.ar\/blog\/wp-content\/uploads\/WhatsApp-Image-2021-05-21-at-17.39.56-e1621652374673.jpeg?fit=1201%2C852&ssl=1&resize=1050%2C600 3x"},"classes":[]},{"id":19666,"url":"https:\/\/larevistadigital.com.ar\/blog\/la-plata-que-se-puede-hacer-y-que-no-con-las-nuevas-restricciones\/","url_meta":{"origin":19645,"position":2},"title":"LA PLATA: QU\u00c9 SE PUEDE HACER Y QU\u00c9 NO, CON LAS NUEVAS RESTRICCIONES","author":"Alejandro Sosa Ruda","date":"15 abril, 2021","format":false,"excerpt":"El Gobierno anunci\u00f3 nuevas medidas para el AMBA en medio de la abrupta suba de contagios. Buscan avanzar con la vacunaci\u00f3n y preservar el sistema sanitario. Luego de un inicio de semana con una explosi\u00f3n de casos diarios de\u00a0coronavirus, el presidente\u00a0Alberto Fern\u00e1ndez\u00a0avanz\u00f3 con medidas m\u00e1s duras para frenar los contagios\u2026","rel":"","context":"En \u00abREGIONALES\u00bb","block_context":{"text":"REGIONALES","link":"https:\/\/larevistadigital.com.ar\/blog\/category\/regionales\/"},"img":{"alt_text":"","src":"https:\/\/i0.wp.com\/larevistadigital.com.ar\/blog\/wp-content\/uploads\/1617114933833.jpg?fit=1200%2C810&ssl=1&resize=350%2C200","width":350,"height":200,"srcset":"https:\/\/i0.wp.com\/larevistadigital.com.ar\/blog\/wp-content\/uploads\/1617114933833.jpg?fit=1200%2C810&ssl=1&resize=350%2C200 1x, https:\/\/i0.wp.com\/larevistadigital.com.ar\/blog\/wp-content\/uploads\/1617114933833.jpg?fit=1200%2C810&ssl=1&resize=525%2C300 1.5x, https:\/\/i0.wp.com\/larevistadigital.com.ar\/blog\/wp-content\/uploads\/1617114933833.jpg?fit=1200%2C810&ssl=1&resize=700%2C400 2x, https:\/\/i0.wp.com\/larevistadigital.com.ar\/blog\/wp-content\/uploads\/1617114933833.jpg?fit=1200%2C810&ssl=1&resize=1050%2C600 3x"},"classes":[]},{"id":17027,"url":"https:\/\/larevistadigital.com.ar\/blog\/castelli-nuevas-medidas-desde-hoy-rige-el-horario-comercial-de-7-a-14-hs\/","url_meta":{"origin":19645,"position":3},"title":"CASTELLI: NUEVAS MEDIDAS. DESDE HOY RIGE EL HORARIO COMERCIAL DE 7 A 14 HS.","author":"Alejandro Sosa Ruda","date":"19 octubre, 2020","format":false,"excerpt":"Debido a que la velocidad de contagios de COVID-19 viene en aumento en Castelli, se defini\u00f3 que durante 14 d\u00edas y a partir del d\u00eda lunes 19, haya nuevas medidas de flexibilizaci\u00f3n y se repongan los controles en los accesos a la ciudad. La medida surge de forma preventiva, para\u2026","rel":"","context":"En \u00abCASTELLI\u00bb","block_context":{"text":"CASTELLI","link":"https:\/\/larevistadigital.com.ar\/blog\/category\/castelli\/"},"img":{"alt_text":"","src":"https:\/\/i0.wp.com\/larevistadigital.com.ar\/blog\/wp-content\/uploads\/121775800_1605779902925039_3770798184185899918_n.jpg?fit=960%2C640&ssl=1&resize=350%2C200","width":350,"height":200,"srcset":"https:\/\/i0.wp.com\/larevistadigital.com.ar\/blog\/wp-content\/uploads\/121775800_1605779902925039_3770798184185899918_n.jpg?fit=960%2C640&ssl=1&resize=350%2C200 1x, https:\/\/i0.wp.com\/larevistadigital.com.ar\/blog\/wp-content\/uploads\/121775800_1605779902925039_3770798184185899918_n.jpg?fit=960%2C640&ssl=1&resize=525%2C300 1.5x, https:\/\/i0.wp.com\/larevistadigital.com.ar\/blog\/wp-content\/uploads\/121775800_1605779902925039_3770798184185899918_n.jpg?fit=960%2C640&ssl=1&resize=700%2C400 2x"},"classes":[]},{"id":23382,"url":"https:\/\/larevistadigital.com.ar\/blog\/chascomus-preocupacion-y-alerta-gremial-bancaria-abre-el-lunes-el-banco-provincia-se-tomaron-las-medidas-adecuadas-para-prevenir-contagios\/","url_meta":{"origin":19645,"position":4},"title":"CHASCOM\u00daS: PREOCUPACI\u00d3N Y ALERTA GREMIAL BANCARIA&#8230;\u00bfABRE EL LUNES EL BANCO PROVINCIA? \u00bfSE TOMARON LAS MEDIDAS ADECUADAS PARA PREVENIR CONTAGIOS?","author":"Alejandro Sosa Ruda","date":"16 enero, 2022","format":false,"excerpt":"CHASCOM\u00daS -\u00a0\u00a0En el marco del agravamiento de la pandemia, y cuando m\u00e1s cuidados y medidas de prevenci\u00f3n se deben tomar, fuentes del Banco Provincia, nos hacen llegar su gran preocupaci\u00f3n no solo por los contagios de covid, sino que adem\u00e1s por la falta de desinfecci\u00f3n que deber\u00eda practicarse en la\u2026","rel":"","context":"En \u00abGREMIALES\u00bb","block_context":{"text":"GREMIALES","link":"https:\/\/larevistadigital.com.ar\/blog\/category\/gremiales\/"},"img":{"alt_text":"","src":"https:\/\/i0.wp.com\/larevistadigital.com.ar\/blog\/wp-content\/uploads\/banco-provincia-chascomus.png?fit=1200%2C646&ssl=1&resize=350%2C200","width":350,"height":200,"srcset":"https:\/\/i0.wp.com\/larevistadigital.com.ar\/blog\/wp-content\/uploads\/banco-provincia-chascomus.png?fit=1200%2C646&ssl=1&resize=350%2C200 1x, https:\/\/i0.wp.com\/larevistadigital.com.ar\/blog\/wp-content\/uploads\/banco-provincia-chascomus.png?fit=1200%2C646&ssl=1&resize=525%2C300 1.5x, https:\/\/i0.wp.com\/larevistadigital.com.ar\/blog\/wp-content\/uploads\/banco-provincia-chascomus.png?fit=1200%2C646&ssl=1&resize=700%2C400 2x, https:\/\/i0.wp.com\/larevistadigital.com.ar\/blog\/wp-content\/uploads\/banco-provincia-chascomus.png?fit=1200%2C646&ssl=1&resize=1050%2C600 3x"},"classes":[]},{"id":19951,"url":"https:\/\/larevistadigital.com.ar\/blog\/alberto-fernandez-se-mantienen-las-medidas-hasta-el-21-de-mayo\/","url_meta":{"origin":19645,"position":5},"title":"ALBERTO FERNANDEZ: \u00abSE MANTIENEN LAS MEDIDAS HASTA EL 21 DE MAYO\u00bb","author":"Alejandro Sosa Ruda","date":"30 abril, 2021","format":false,"excerpt":"El Presidente mantuvo el cierre de las clases presenciales en el AMBA y reforz\u00f3 medidas sanitarias en comercios en casi todo el pa\u00eds; seguir\u00e1 la prohibici\u00f3n de circulaci\u00f3n nocturna, con horarios diferenciados Desde ma\u00f1ana y hasta el 21de mayo regir\u00e1n restricciones dispuestas por el presidente\u00a0Alberto Fern\u00e1ndez\u00a0a partir de otro decreto\u2026","rel":"","context":"En \u00abDESTACADAS\u00bb","block_context":{"text":"DESTACADAS","link":"https:\/\/larevistadigital.com.ar\/blog\/category\/destacadas\/"},"img":{"alt_text":"","src":"https:\/\/i0.wp.com\/larevistadigital.com.ar\/blog\/wp-content\/uploads\/el-gobierno-alberto-fernandez-definira-este-viernes-las-medidas-y-restricciones-que-regiran-las-proximas-dos-semanas-buscando-contener-la-suba-contagios.jpg?fit=1200%2C675&ssl=1&resize=350%2C200","width":350,"height":200,"srcset":"https:\/\/i0.wp.com\/larevistadigital.com.ar\/blog\/wp-content\/uploads\/el-gobierno-alberto-fernandez-definira-este-viernes-las-medidas-y-restricciones-que-regiran-las-proximas-dos-semanas-buscando-contener-la-suba-contagios.jpg?fit=1200%2C675&ssl=1&resize=350%2C200 1x, https:\/\/i0.wp.com\/larevistadigital.com.ar\/blog\/wp-content\/uploads\/el-gobierno-alberto-fernandez-definira-este-viernes-las-medidas-y-restricciones-que-regiran-las-proximas-dos-semanas-buscando-contener-la-suba-contagios.jpg?fit=1200%2C675&ssl=1&resize=525%2C300 1.5x, https:\/\/i0.wp.com\/larevistadigital.com.ar\/blog\/wp-content\/uploads\/el-gobierno-alberto-fernandez-definira-este-viernes-las-medidas-y-restricciones-que-regiran-las-proximas-dos-semanas-buscando-contener-la-suba-contagios.jpg?fit=1200%2C675&ssl=1&resize=700%2C400 2x, https:\/\/i0.wp.com\/larevistadigital.com.ar\/blog\/wp-content\/uploads\/el-gobierno-alberto-fernandez-definira-este-viernes-las-medidas-y-restricciones-que-regiran-las-proximas-dos-semanas-buscando-contener-la-suba-contagios.jpg?fit=1200%2C675&ssl=1&resize=1050%2C600 3x"},"classes":[]}],"_links":{"self":[{"href":"https:\/\/larevistadigital.com.ar\/blog\/wp-json\/wp\/v2\/posts\/19645","targetHints":{"allow":["GET"]}}],"collection":[{"href":"https:\/\/larevistadigital.com.ar\/blog\/wp-json\/wp\/v2\/posts"}],"about":[{"href":"https:\/\/larevistadigital.com.ar\/blog\/wp-json\/wp\/v2\/types\/post"}],"author":[{"embeddable":true,"href":"https:\/\/larevistadigital.com.ar\/blog\/wp-json\/wp\/v2\/users\/3"}],"replies":[{"embeddable":true,"href":"https:\/\/larevistadigital.com.ar\/blog\/wp-json\/wp\/v2\/comments?post=19645"}],"version-history":[{"count":1,"href":"https:\/\/larevistadigital.com.ar\/blog\/wp-json\/wp\/v2\/posts\/19645\/revisions"}],"predecessor-version":[{"id":19647,"href":"https:\/\/larevistadigital.com.ar\/blog\/wp-json\/wp\/v2\/posts\/19645\/revisions\/19647"}],"wp:featuredmedia":[{"embeddable":true,"href":"https:\/\/larevistadigital.com.ar\/blog\/wp-json\/wp\/v2\/media\/19646"}],"wp:attachment":[{"href":"https:\/\/larevistadigital.com.ar\/blog\/wp-json\/wp\/v2\/media?parent=19645"}],"wp:term":[{"taxonomy":"category","embeddable":true,"href":"https:\/\/larevistadigital.com.ar\/blog\/wp-json\/wp\/v2\/categories?post=19645"},{"taxonomy":"post_tag","embeddable":true,"href":"https:\/\/larevistadigital.com.ar\/blog\/wp-json\/wp\/v2\/tags?post=19645"}],"curies":[{"name":"wp","href":"https:\/\/api.w.org\/{rel}","templated":true}]}}